{"id":1092,"date":"2015-04-24T02:00:00","date_gmt":"2015-04-23T22:00:00","guid":{"rendered":"http:\/\/lemotdujour.fr\/?p=1092"},"modified":"2021-04-25T19:46:33","modified_gmt":"2021-04-25T17:46:33","slug":"vendredi-24-avril-2015","status":"publish","type":"post","link":"https:\/\/lemotdujour.fr\/?p=1092","title":{"rendered":"Vendredi 24 avril 2015"},"content":{"rendered":"<div class=\"mdjTexte\">\u00ab For those who aren&rsquo;t aware, there was a genocide that did take place against the Armenian people. \u00bb<br \/>\n\u00ab\u00a0Pour ceux qui ne sont pas au courant, il y a eu un G\u00e9nocide qui s\u2019est d\u00e9roul\u00e9 contre le peuple arm\u00e9nien. \u00bb<\/div>\n<div class=\"mdjAuteur\">S\u00e9nateur Barack Obama en 2007<\/div>\n<p><span style=\"color: #777777; font-family: Arial;\">Les arm\u00e9niens du Monde comm\u00e9morent le g\u00e9nocide de leur peuple ce 24 avril, car le 24 avril 1915 le ministre de l&rsquo;int\u00e9rieur Talaat Pacha du gouvernement Jeunes-Turcs donne l&rsquo;ordre de l&rsquo;arrestation des intellectuels arm\u00e9niens. L&rsquo;op\u00e9ration d\u00e9bute \u00e0 20 heures \u00e0 Constantinople. Dans la nuit du 24 au 25 avril 1915, 235 \u00e0 270 intellectuels arm\u00e9niens sont alors arr\u00eat\u00e9s, en particulier des eccl\u00e9siastiques, des m\u00e9decins, des \u00e9diteurs, des journalistes, des avocats, des enseignants, des artistes et des hommes politiques dont des d\u00e9put\u00e9s au parlement ottoman.<br \/>\n<\/span><\/p>\n<p><span style=\"color: #777777; font-family: Arial;\">Le mot du jour est un propos qu&rsquo;a tenu le S\u00e9nateur Barack Obama en 2007, le S\u00e9nateur pas le Pr\u00e9sident. Car bien qu&rsquo;il s&rsquo;y soit engag\u00e9 lors de sa campagne pr\u00e9sidentielle, Barack Obama n&rsquo;a pas fait reconna\u00eetre le g\u00e9nocide par les Etats Unis. Il est all\u00e9 en visite officielle en Turquie, sans dire un mot de ce sujet.<br \/>\n<\/span><\/p>\n<p><span style=\"color: #777777; font-family: Arial;\">Lors d&rsquo;un rendez-vous hebdomadaire du <a href=\"http:\/\/pourlajustice.over-blog.com\/article-6406351.html\"><span style=\"color: blue; text-decoration: underline;\">\u00ab\u00a0Breakfast briefing\u00a0\u00bb<\/span><\/a> organis\u00e9 par les S\u00e9nateurs de l&rsquo;Illinois, l&rsquo;Armenian National Committee of America (Comit\u00e9 de D\u00e9fense de la Cause Arm\u00e9nienne aux Etats-Unis) est intervenu pour interroger le S\u00e9nateur Barack Obama, sur la question du G\u00e9nocide Arm\u00e9nien. Une intervenante a demand\u00e9 s&rsquo;il allait s&rsquo;engager \u00e0 d\u00e9fendre la r\u00e9solution reconnaissant le G\u00e9nocide Arm\u00e9nien (S. Res. 106). A cette question le S\u00e9nateur Obama a r\u00e9pondu\u00a0:<br \/>\n<\/span><\/p>\n<p style=\"margin-left: 28pt;\"><span style=\"color: #c00000; font-family: Arial;\">\u00ab\u00a0Pour ceux qui ne sont pas au courant, il y a eu un G\u00e9nocide qui s&rsquo;est d\u00e9roul\u00e9 contre le peuple arm\u00e9nien. C&rsquo;est l&rsquo;une de ces situations o\u00f9 l&rsquo;on a vu un d\u00e9ni constant d&rsquo;une part du gouvernement turc ainsi que d&rsquo;autres, c&rsquo;est ce qui a eu lieu. C&rsquo;est devenu un sujet diplomatique douloureux\u2026\u00a0\u00bb.<br \/>\n<\/span><\/p>\n<p><img decoding=\"async\" class=\"alignleft\" src=\"https:\/\/lemotdujour.fr\/wp-content\/uploads\/2021\/04\/042521_1739_Lundiavril21.png\" alt=\"\" align=\"left\" \/><span style=\"color: #777777; font-family: Arial;\">La vid\u00e9o est l\u00e0 : <a href=\"https:\/\/www.youtube.com\/watch?v=JwR83GZjwdo\"><span style=\"color: blue; text-decoration: underline;\">&lt;Obama parle du g\u00e9nocide arm\u00e9nien&gt;<\/span><\/a><br \/>\n<\/span><\/p>\n<p><span style=\"color: #777777; font-family: Arial;\">Mais les Etats-Unis ne veulent pas f\u00e2cher la Turquie et restent donc tr\u00e8s prudent.<br \/>\n<\/span><\/p>\n<p><span style=\"color: #777777; font-family: Arial;\">Nous restons dans le d\u00e9ni, le n\u00e9gationnisme du g\u00e9nocide par la Turquie.<br \/>\n<\/span><\/p>\n<p><span style=\"color: #777777; font-family: Arial;\">Mais pourquoi ?<br \/>\n<\/span><\/p>\n<p><span style=\"color: #777777; font-family: Arial;\">Ces massacres ont \u00e9t\u00e9 perp\u00e9tr\u00e9s par le gouvernement jeune-turc qui a \u00e9t\u00e9 renvers\u00e9 par Mustapha Kemal. La Turquie K\u00e9maliste pourrait donc reconna\u00eetre ce crime commis par d&rsquo;autres. Les allemands parlent du crime des nazis et non du crime des allemands. Les turcs pourraient tenter cette m\u00eame dissociation entre les jeunes turcs et la Turquie d&rsquo;aujourd&rsquo;hui.<br \/>\n<\/span><\/p>\n<p><span style=\"color: #777777; font-family: Arial;\">Remarquons qu&rsquo;en ce moment ce n&rsquo;est plus le parti cr\u00e9\u00e9 par Atat\u00fcrk qui est au pouvoir mais le parti religieux d&rsquo;Erdogan qui a pris le pouvoir contre le parti des Kemalistes.<br \/>\n<\/span><\/p>\n<p><span style=\"color: #777777; font-family: Arial;\">Mais rien n&rsquo;y fait, sur ce plan il y a continuit\u00e9, la Turquie continue \u00e0 nier, parlant de massacre, d&rsquo;initiatives individuelles. L&rsquo;objectif dans cette th\u00e8se n&rsquo;\u00e9tait pas l&rsquo;\u00e9limination du peuple arm\u00e9nien, mais simplement son \u00e9loignement des zones de combat qui se trouvaient en territoire arm\u00e9nien, parce que des arm\u00e9niens auraient trahi l&#8217;empire Ottoman et se seraient alli\u00e9s aux Russes. La d\u00e9portation \u00e9tait donc un acte de s\u00e9curit\u00e9 nationale.<br \/>\n<\/span><\/p>\n<p><span style=\"color: #777777; font-family: Arial;\">Cette th\u00e8se est balay\u00e9e par des ordres qui ont \u00e9t\u00e9 \u00e9crits par des membres du gouvernement, d\u00e9mentie par des t\u00e9moignages notamment d&rsquo;allemands alli\u00e9s des ottomans rapportant des propos de leurs interlocuteurs. En outre, la trahison des arm\u00e9niens en 1915 est aussi un mensonge<br \/>\n<\/span><\/p>\n<p><span style=\"color: #777777; font-family: Arial;\">Les jeunes turcs comme plus tard les k\u00e9malistes \u00e9taient des nationalistes turcs. Ils voulaient d&rsquo;abord \u00e0 l&rsquo;int\u00e9rieur de l&#8217;empire ottoman puis, apr\u00e8s son effondrement dans l&rsquo;Etat turc, cr\u00e9er une nation turque pure et nettoy\u00e9e des peuples chr\u00e9tiens de l&#8217;empire qui ne rentraient pas dans ce projet. Car si on parle du g\u00e9nocide arm\u00e9nien, il y eut d&rsquo;autres massacres de chr\u00e9tiens \u00e0 cette p\u00e9riode \u00e0 l&rsquo;int\u00e9rieur de l&#8217;empire ottoman, notamment les chr\u00e9tiens syriaques. <strong>L&#8217;empire ottoman comptait 20% de chr\u00e9tiens<\/strong>, aujourd&rsquo;hui selon wikipedia <strong>il y a 0,4 % de chr\u00e9tiens dans l&rsquo;Etat turc<\/strong>.<br \/>\n<\/span><\/p>\n<p><span style=\"color: #777777; font-family: Arial;\">Les kurdes n&rsquo;\u00e9taient pas non plus turcs, mais ils \u00e9taient musulmans et ont beaucoup particip\u00e9 aux massacres des arm\u00e9niens. Par la suite Atat\u00fcrk a voulu en faire des turcs cela n&rsquo;a pas fonctionn\u00e9. Aujourd&rsquo;hui encore les kurdes de Turquie sont en lutte contre l&rsquo;Etat.<br \/>\n<\/span><\/p>\n<p><span style=\"color: #777777; font-family: Arial;\">Un Etat nation turc, voil\u00e0 ce qu&rsquo;Atat\u00fcrk et les jeunes turcs partageaient.<br \/>\n<\/span><\/p>\n<p><span style=\"color: #777777; font-family: Arial;\">Le trait\u00e9 de S\u00e8vres du 10 ao\u00fbt 1920 qui met fin \u00e0 l&#8217;empire Ottoman, \u00e9voque les massacres arm\u00e9niens et des r\u00e9parations.<br \/>\n<\/span><\/p>\n<p><span style=\"color: #777777; font-family: Arial;\">Mais si l&#8217;empire Ottoman a perdu la guerre, la Turquie de Mustapha Kemal va la gagner contre les grecs et les alli\u00e9s fatigu\u00e9s laisseront faire. Atat\u00fcrk ne reconna\u00eetra jamais le trait\u00e9 de S\u00e8vres et obtiendra le Trait\u00e9 de Lausanne en 1923, beaucoup plus avantageux. Dans ce trait\u00e9 il n&rsquo;est plus question des arm\u00e9niens et de leur massacre.<br \/>\n<\/span><\/p>\n<p><span style=\"color: #777777; font-family: Arial;\">Quand des arm\u00e9niens survivants voudront revenir en Anatolie o\u00f9 ils vivaient depuis des si\u00e8cles, la Turquie K\u00e9maliste refusera de leur d\u00e9livrer un passeport turc : ils ne font pas partie de la nation turque et l&rsquo;Etat nation choisit qui sont ses ressortissants.<br \/>\n<\/span><\/p>\n<p><span style=\"color: #777777; font-family: Arial;\">Si Atat\u00fcrk n&rsquo;a pas \u00e9t\u00e9 \u00e0 l&rsquo;origine du g\u00e9nocide, celui-ci a bien aid\u00e9 ses objectifs nationalistes. Reconna\u00eetre le g\u00e9nocide serait aussi mettre en cause la structure m\u00eame de l&rsquo;Etat nation turc, sans parler des r\u00e9parations que cela pourrait entrainer et l&rsquo;abandon d&rsquo;une fiction car il y avait d&rsquo;autres peuples en Anatolie que le peuple turc.<br \/>\n<\/span><\/p>\n<p><span style=\"color: #777777; font-family: Arial;\">Je suis beaucoup plus savant sur ce sujet depuis que j&rsquo;ai \u00e9cout\u00e9 <a href=\"http:\/\/www.franceculture.fr\/blog-au-fil-des-ondes-2015-04-13-centenaire-du-genocide-armenien\"><span style=\"color: blue; text-decoration: underline;\">les 4 \u00e9missions de la Fabrique de l&rsquo;Histoire de France Culture consacr\u00e9 \u00e0 ce fait historique<\/span><\/a><br \/>\n<\/span><\/p>\n<p><span style=\"color: #777777; font-family: Arial;\">Il y a aussi ce site remarquable consacr\u00e9 enti\u00e8rement \u00e0 ce sujet : <a href=\"http:\/\/www.imprescriptible.fr\/\"><span style=\"color: blue; text-decoration: underline;\">http:\/\/www.imprescriptible.fr\/<\/span><\/a><br \/>\n<\/span><\/p>\n<p><a href=\"http:\/\/www.tdg.ch\/monde\/allemagne-coresponsable-genocide-armenien\/story\/18017445\"><span style=\"color: blue; font-family: Arial; text-decoration: underline;\">Hier soir, jeudi 23 avril, l&rsquo;Allemagne alli\u00e9e de l&#8217;empire Ottoman, par la voix de son pr\u00e9sident Joachim Gauck, a reconnu\u00a0 pour la premi\u00e8re fois le \u00abg\u00e9nocide\u00bb arm\u00e9nien, soulignant la \u00abcoresponsabilit\u00e9\u00bb allemande dans ce crime. Il ne reste plus qu&rsquo;au principal responsable de faire la m\u00eame chose.<\/span><\/a><span style=\"color: #777777; font-family: Arial;\"><br \/>\n<\/span><\/p>\n<p><span style=\"color: #777777; font-family: Arial;\">Devant cette horreur, cette fracture de notre humanit\u00e9, il reste une bonne nouvelle : le g\u00e9nocide a \u00e9chou\u00e9 : le peuple arm\u00e9nien, la culture arm\u00e9nienne ont surv\u00e9cu et ont essaim\u00e9 dans le monde.<br \/>\n<\/span><\/p>\n<p><span style=\"color: #c00000; font-family: Arial;\">&lt;483&gt;<\/span><\/p>\n","protected":false},"excerpt":{"rendered":"<p>\u00ab For those who aren&rsquo;t aware, there was a genocide that did take place against the Armenian people. \u00bb \u00ab\u00a0Pour ceux qui ne sont pas au courant, il y a eu un G\u00e9nocide qui s\u2019est d\u00e9roul\u00e9 contre le peuple arm\u00e9nien.<\/p>\n","protected":false},"author":1,"featured_media":0,"comment_status":"closed","ping_status":"closed","sticky":false,"template":"","format":"standard","meta":{"footnotes":""},"categories":[1],"tags":[156,65,157],"class_list":["post-1092","post","type-post","status-publish","format-standard","hentry","category-motdujour","tag-armenien","tag-etats-unis","tag-genocide"],"_links":{"self":[{"href":"https:\/\/lemotdujour.fr\/index.php?rest_route=\/wp\/v2\/posts\/1092","targetHints":{"allow":["GET"]}}],"collection":[{"href":"https:\/\/lemotdujour.fr\/index.php?rest_route=\/wp\/v2\/posts"}],"about":[{"href":"https:\/\/lemotdujour.fr\/index.php?rest_route=\/wp\/v2\/types\/post"}],"author":[{"embeddable":true,"href":"https:\/\/lemotdujour.fr\/index.php?rest_route=\/wp\/v2\/users\/1"}],"replies":[{"embeddable":true,"href":"https:\/\/lemotdujour.fr\/index.php?rest_route=%2Fwp%2Fv2%2Fcomments&post=1092"}],"version-history":[{"count":2,"href":"https:\/\/lemotdujour.fr\/index.php?rest_route=\/wp\/v2\/posts\/1092\/revisions"}],"predecessor-version":[{"id":11143,"href":"https:\/\/lemotdujour.fr\/index.php?rest_route=\/wp\/v2\/posts\/1092\/revisions\/11143"}],"wp:attachment":[{"href":"https:\/\/lemotdujour.fr\/index.php?rest_route=%2Fwp%2Fv2%2Fmedia&parent=1092"}],"wp:term":[{"taxonomy":"category","embeddable":true,"href":"https:\/\/lemotdujour.fr\/index.php?rest_route=%2Fwp%2Fv2%2Fcategories&post=1092"},{"taxonomy":"post_tag","embeddable":true,"href":"https:\/\/lemotdujour.fr\/index.php?rest_route=%2Fwp%2Fv2%2Ftags&post=1092"}],"curies":[{"name":"wp","href":"https:\/\/api.w.org\/{rel}","templated":true}]}}