{"id":10913,"date":"2021-03-23T00:17:11","date_gmt":"2021-03-22T23:17:11","guid":{"rendered":"http:\/\/lemotdujour.fr\/?p=10913"},"modified":"2021-03-23T00:25:20","modified_gmt":"2021-03-22T23:25:20","slug":"mardi-23-mars-2021","status":"publish","type":"post","link":"https:\/\/lemotdujour.fr\/?p=10913","title":{"rendered":"Mardi 23 mars 2021"},"content":{"rendered":"<div class=\"mdjTexte\">\u00abLa Commune de 1871 plonge ses racines dans la guerre franco-prussienne.\u00bb<\/div>\n<div class=\"mdjAuteur\">Robert Baker<\/div>\n<p><span style=\"color: #777777; font-family: Arial;\">La Commune fut une guerre civile entre fran\u00e7ais sous l&rsquo;\u0153il satisfait des prussiens.<br \/>\n<\/span><\/p>\n<p><span style=\"color: #777777; font-family: Arial;\">La France a connu de nombreuses guerres civiles, des guerres de religion, la guerre entre les nobles et les bourgeois de la r\u00e9volution fran\u00e7aise et plus r\u00e9cemment la guerre civile entre r\u00e9sistants et collaborateurs.<br \/>\n<\/span><\/p>\n<p><span style=\"color: #777777; font-family: Arial;\">La Commune dans l&rsquo;imaginaire de la Gauche, issue du r\u00e9cit marxiste de cette insurrection, consid\u00e8re que ce fut avant tout une guerre de classes. La commune \u00e9tant la premi\u00e8re tentative de r\u00e9volution communiste.<br \/>\n<\/span><\/p>\n<p><img loading=\"lazy\" decoding=\"async\" class=\" wp-image-10915 alignleft\" src=\"https:\/\/lemotdujour.fr\/wp-content\/uploads\/2021\/03\/0-0-Couverture.png\" alt=\"\" width=\"415\" height=\"585\" srcset=\"https:\/\/lemotdujour.fr\/wp-content\/uploads\/2021\/03\/0-0-Couverture.png 577w, https:\/\/lemotdujour.fr\/wp-content\/uploads\/2021\/03\/0-0-Couverture-213x300.png 213w\" sizes=\"auto, (max-width: 415px) 100vw, 415px\" \/><span style=\"color: #777777; font-family: Arial;\">Mais les choses n&rsquo;ont pas \u00e9t\u00e9 aussi simple.<br \/>\n<\/span><\/p>\n<p><span style=\"color: #777777; font-family: Arial;\">C&rsquo;est tout un processus, issu de la d\u00e9faite de la guerre de 1870 qui va conduire \u00e0 cette d\u00e9chirure.<br \/>\n<\/span><\/p>\n<p><span style=\"color: #777777; font-family: Arial;\">Dans la revue \u00ab\u00a0<strong>L&rsquo;Histoire\u00a0<\/strong>\u00bb de janvier 2021, enti\u00e8rement consacr\u00e9e \u00e0 la Commune de Paris, l&rsquo;historien <strong>Robert Baker<\/strong> essaie de r\u00e9pondre \u00e0 la question \u00ab\u00a0<strong>Pourquoi Paris se soul\u00e8ve le 18 mars 1871\u00a0?<\/strong>\u00a0\u00bb<br \/>\n<\/span><\/p>\n<p><span style=\"color: #777777; font-family: Arial;\">Il explique d&rsquo;abord que<br \/>\n<\/span><\/p>\n<p style=\"margin-left: 28pt;\"><span style=\"color: #c00000; font-family: Arial;\">\u00ab\u00a0<strong>La Commune de 1871 plonge ses racines dans la guerre franco-prussienne.<\/strong> Le 4 septembre 1870, apprenant la d\u00e9faite deux jours plus t\u00f4t de Napol\u00e9on III \u00e0 Sedan, le peuple de Paris envahit le Palais-Bourbon, proclame la r\u00e9publique et donne naissance \u00e0 un gouvernement de la D\u00e9fense nationale destin\u00e9 \u00e0 poursuivre la guerre. Mais les Prussiens sont bient\u00f4t aux portes de Paris, ville fortifi\u00e9e, entour\u00e9e de remparts depuis les ann\u00e9es 1840. Le blocus de la capitale commence le 19 septembre 1870. D\u00e8s ce \u00ab si\u00e8ge de Paris \u00bb prend forme l&rsquo;id\u00e9e d&rsquo;une \u00ab Commune \u00bb. En effet, tandis que le 7 octobre Gambetta, ministre de l&rsquo;Int\u00e9rieur, quitte Paris en ballon pour Tours afin d&rsquo;y organiser la d\u00e9fense du territoire, le gouvernement provisoire, pr\u00e9sid\u00e9 par le gouverneur militaire de Paris, le g\u00e9n\u00e9ral Trochu, et dirig\u00e9 par les trois \u00ab Jules \u00bb, Favre, Ferry et Simon, avec Ernest Picard, s&rsquo;attire une critique de plus en plus violente de la part des porte-parole des milieux populaires, qui lui reprochent son inertie et sa mod\u00e9ration. A c\u00f4t\u00e9 de l&rsquo;arm\u00e9e r\u00e9guli\u00e8re et de la garde mobile, la principale force de Paris r\u00e9side dans la Garde nationale, soit environ 200 000 hommes en armes, recrut\u00e9s et organis\u00e9s par quartier, \u00e9lisant ses chefs. Depuis ao\u00fbt 1870, ils appartiennent \u00e0 toutes les classes sociales, et veulent en d\u00e9coudre.\u00a0\u00bb<br \/>\n<\/span><\/p>\n<p><span style=\"color: #777777; font-family: Arial;\">Mais les autorit\u00e9s et notamment le g\u00e9n\u00e9ral Trochu n&rsquo;autorisent pas la \u00ab sortie en masse \u00bb et la \u00ab guerre \u00e0 outrance \u00bb r\u00e9clam\u00e9s par le peuple de Paris.<br \/>\n<\/span><\/p>\n<p><span style=\"color: #777777; font-family: Arial;\">Elles ont certainement raison, la puissance de l&rsquo;arm\u00e9e prussienne et de ses alli\u00e9s ne pouvaient que conduire \u00e0 une d\u00e9route de cette arm\u00e9e, certes de patriotes, mais amateurs.<br \/>\n<\/span><\/p>\n<p><span style=\"color: #777777; font-family: Arial;\">Ainsi, l<strong>e germe du conflit n&rsquo;est pas un combat social, mais le refus de la d\u00e9faite de la nation.<\/strong><br \/>\n<\/span><\/p>\n<p><span style=\"color: #777777; font-family: Arial;\">Apr\u00e8s l&rsquo;annonce de de la capitulation du mar\u00e9chal Bazaine \u00e0 Metz, les parisiens les plus engag\u00e9s vont prendre d&rsquo;assaut l&rsquo;H\u00f4tel de Ville, o\u00f9 si\u00e8ge le gouvernement, le 31 octobre 1870. D\u00e9j\u00e0 l&rsquo;intention est de constituer une Commune avec pour objectif de vaincre l&rsquo;ennemi.<br \/>\n<\/span><\/p>\n<p><span style=\"color: #777777; font-family: Arial;\">Ils ne r\u00e9ussiront pas, car il reste \u00e0 ce moment suffisamment de gardes nationaux \u00ab l\u00e9gitimistes \u00bb pour d\u00e9fendre et d\u00e9livrer le gouvernement.<br \/>\n<\/span><\/p>\n<p><span style=\"color: #777777; font-family: Arial;\">Un nouvel acc\u00e8s de fi\u00e8vre survient <strong>le 22 janvier 1871,<\/strong> quand ces r\u00e9fractaires apprennent que le ministre des Affaires \u00e9trang\u00e8res Jules Favre est all\u00e9 \u00e0 Versailles n\u00e9gocier, au nom du gouvernement provisoire, un armistice avec le chancelier allemand Bismarck.<br \/>\n<\/span><\/p>\n<p><a href=\"https:\/\/fr.wikipedia.org\/wiki\/Unification_allemande\"><img loading=\"lazy\" decoding=\"async\" class=\"alignleft\" src=\"https:\/\/lemotdujour.fr\/wp-content\/uploads\/2021\/03\/032221_2311_Mardi23mars2.jpg\" alt=\"\" width=\"555\" height=\"411\" align=\"left\" border=\"0\" \/><\/a><span style=\"color: #777777; font-family: Arial;\">Bismarck s&rsquo;est, en effet, install\u00e9 \u00e0 Versailles parce que c&rsquo;est dans la galerie des glaces du ch\u00e2teau de Versailles que le chancelier de l&rsquo;Unit\u00e9 allemande va proclamer la cr\u00e9ation du second empire allemand <strong>le 18 janvier 1871<\/strong>.<br \/>\n<\/span><\/p>\n<p><span style=\"color: #777777; font-family: Arial;\">Ce soul\u00e8vement qui aboutira \u00e0 des morts a encore pour objectif d&rsquo;\u00e9viter la capitulation.<br \/>\n<\/span><\/p>\n<p><span style=\"color: #777777; font-family: Arial;\">Nouvelle d\u00e9faite, le 28 janvier 1871 l&rsquo;armistice est sign\u00e9 : Paris capitule.<br \/>\n<\/span><\/p>\n<p><span style=\"color: #777777; font-family: Arial;\">Robert Baker pr\u00e9cise\u00a0:<br \/>\n<\/span><\/p>\n<p style=\"margin-left: 28pt;\"><span style=\"color: #c00000; font-family: Arial;\">\u00ab\u00a0Les forts sont livr\u00e9s \u00e0 l&rsquo;ennemi ; l&rsquo;arm\u00e9e doit donner ses armes, \u00e0 l&rsquo;exception d&rsquo;une dizaine de milliers de soldats destin\u00e9s \u00e0 assurer la police dans la capitale. Toutefois cet accord n&rsquo;allait pas jusqu&rsquo;au d\u00e9sarmement de la Garde nationale. Celle-ci ne d\u00e9pose pas ses fusils et, surtout, les canons dont elle s&rsquo;est dot\u00e9e, une bonne part par souscription, restent entre ses mains. Le 1er mars, avant l&rsquo;arriv\u00e9e des Prussiens, les gardes nationaux mettent ces canons en s\u00fbret\u00e9. [\u2026] Tandis que l&rsquo;indignation populaire est \u00e0 son comble, on assiste alors \u00e0 une nouvelle \u00e9migration qui suit celle d&rsquo;avant le si\u00e8ge : 150 000 personnes environ, appartenant aux classes ais\u00e9es, quittent la capitale. L&rsquo;\u00e9volution sociologique de Paris va s&rsquo;en ressentir au b\u00e9n\u00e9fice des partisans de la Commune.\u00a0\u00bb<br \/>\n<\/span><\/p>\n<p><span style=\"color: #777777; font-family: Arial;\">La r\u00e9volte reste, \u00e0 ce stade, un refus de la d\u00e9faite. En revanche, la fuite en deux \u00e9pisodes avant le si\u00e8ge puis au d\u00e9but des troubles suivant l&rsquo;armistice, de la bourgeoisie parisienne va modifier l&rsquo;\u00e9quilibre politique du peuple de Paris en le portant vers la gauche.<br \/>\n<\/span><\/p>\n<p><span style=\"color: #777777; font-family: Arial;\">Probablement qu&rsquo;il y aura \u00e0 partir de ce moment un ressentiment du peuple populaire parisien \u00e0 l&rsquo;\u00e9gard des \u00ab\u00a0riches\u00a0\u00bb qui acceptent la d\u00e9faite.<br \/>\n<\/span><\/p>\n<p><span style=\"color: #777777; font-family: Arial;\">Cependant, il faut savoir que les historiens nous donnent l&rsquo;assurance que la France ne pouvait plus gagner la guerre en janvier 1871, surtout qu&rsquo;elle n&rsquo;arrivait \u00e0 mobiliser aucun alli\u00e9 contre la Prusse.<br \/>\n<\/span><\/p>\n<p><span style=\"color: #777777; font-family: Arial;\">Hier, il \u00e9tait question de la comm\u00e9moration \u00e9ventuelle de Napol\u00e9on Ier. En plus du d\u00e9sastre dans lequel il a men\u00e9 la France \u00e0 cause des multiples guerres qu&rsquo;il a engag\u00e9es et finalement perdues, il a aussi contribu\u00e9 \u00e0 asseoir chez les autres nations europ\u00e9ennes, l&rsquo;image d&rsquo;une France arrogante et guerri\u00e8re qu&rsquo;il n&rsquo;y avait aucune raison \u00e0 soutenir.<br \/>\n<\/span><\/p>\n<p><span style=\"color: #777777; font-family: Arial;\">Bismarck a alors exig\u00e9, pour pouvoir discuter de la paix avec un gouvernement l\u00e9gitime, que des \u00e9lections aient lieu.<br \/>\n<\/span><\/p>\n<p><span style=\"color: #777777; font-family: Arial;\">Ce fut le cas, le 8 f\u00e9vrier 1871, avec comme r\u00e9sultat la victoire tr\u00e8s nette des monarchistes. <\/span><span style=\"color: #777777; font-family: Arial;\">Mais Paris est profond\u00e9ment r\u00e9publicain\u00a0: la ville a \u00e9lu 36 r\u00e9publicains, dont Louis Blanc et Victor Hugo.<br \/>\n<\/span><\/p>\n<p><span style=\"color: #777777; font-family: Arial;\">Ce Paris r\u00e9publicain craint une restauration.<br \/>\n<\/span><\/p>\n<p><span style=\"color: #777777; font-family: Arial;\">L&rsquo;assembl\u00e9e, elle, se r\u00e9unit \u00e0 Bordeaux et Adolphe Thiers devient, \u00e0 73 ans, le 16 f\u00e9vrier, \u00ab chef de l&rsquo;ex\u00e9cutif \u00bb.<br \/>\n<\/span><\/p>\n<p><span style=\"color: #777777; font-family: Arial;\">Robert Baker \u00e9crit :<br \/>\n<\/span><\/p>\n<p style=\"margin-left: 28pt;\"><span style=\"color: #c00000; font-family: Arial;\">\u00ab\u00a0L&rsquo;Assembl\u00e9e de Bordeaux, aux mains des monarchistes, des r\u00e9actionnaires, de ceux qu&rsquo;on appellera avec m\u00e9pris les \u00ab ruraux \u00bb, loin de rendre hommage \u00e0 la r\u00e9sistance h\u00e9ro\u00efque des Parisiens, manifeste d&#8217;embl\u00e9e sa d\u00e9testation de la ville patriote et r\u00e9volutionnaire.\u00a0\u00bb<br \/>\n<\/span><\/p>\n<p><span style=\"color: #777777; font-family: Arial;\">Paris va s&rsquo;organiser dans l&rsquo;hostilit\u00e9 contre le gouvernement Thiers.<br \/>\n<\/span><\/p>\n<p><span style=\"color: #777777; font-family: Arial;\">Une premi\u00e8re organisation a \u00e9t\u00e9 constitu\u00e9e le 4 septembre 1870 par une majorit\u00e9 de militants de l&rsquo;Internationale des travailleurs fond\u00e9e \u00e0 Londres en 1864.<br \/>\n<\/span><\/p>\n<p><span style=\"color: #777777; font-family: Arial;\">Une seconde fut constitu\u00e9e apr\u00e8s l&rsquo;armistice\u00a0: <strong>le Comit\u00e9 central de la Garde nationale<\/strong>.<br \/>\n<\/span><\/p>\n<p><span style=\"color: #777777; font-family: Arial;\">Robert Baker \u00e9crit\u00a0:<br \/>\n<\/span><\/p>\n<p style=\"margin-left: 28pt;\"><span style=\"color: #c00000; font-family: Arial;\">\u00ab\u00a0La Garde nationale se politisa fortement apr\u00e8s l&rsquo;armistice. Sa composition sociale avait sensiblement \u00e9volu\u00e9 avec le d\u00e9part, avant et apr\u00e8s le si\u00e8ge, des citoyens ais\u00e9s et amis de l&rsquo;ordre. [\u2026] Le 15 f\u00e9vrier 1871, [\u2026] les d\u00e9l\u00e9gu\u00e9s de la Garde nationale issus de 18 arrondissements \u00e9lisent un Comit\u00e9 central de la f\u00e9d\u00e9ration de la Garde nationale, dont la premi\u00e8re intention est d&#8217;emp\u00eacher toute tentative de d\u00e9sarmement par le gouvernement de Thiers. Dans les jours suivants, les canons acquis par la Garde nationale sont transf\u00e9r\u00e9s \u00e0 Montmartre et place des Vosges\u00a0\u00bb<br \/>\n<\/span><\/p>\n<p><span style=\"color: #777777; font-family: Arial;\">Le terme de f\u00e9d\u00e9ration donnera naissance au nom de \u00ab\u00a0<strong>f\u00e9d\u00e9r\u00e9s\u00a0<\/strong>\u00bb. Le mur du cimeti\u00e8re du p\u00e8re Lachaise devant lequel seront fusill\u00e9s des communards porte d\u00e9sormais le nom du\u00a0<strong>\u00ab\u00a0mur des f\u00e9d\u00e9r\u00e9s<\/strong>\u00a0\u00bb.<br \/>\n<\/span><\/p>\n<p><span style=\"color: #777777; font-family: Arial;\">Et dans ce climat de d\u00e9faite que le gouvernement de Thiers assume et que les parisiens rejettent, la tension va augmenter en raison d&rsquo;un certain nombre de d\u00e9cisions gouvernementales : J&rsquo;en cite quelques-unes :<br \/>\n<\/span><\/p>\n<ul>\n<li><span style=\"color: #777777; font-family: Arial;\">Le 15 f\u00e9vrier, la solde journali\u00e8re des gardes nationaux (1,50 franc) est remise en question. Pour la toucher, il faudra faire la preuve de son indigence. Pour beaucoup c&rsquo;est une abolition qui les prive de leurs seules ressources.<br \/>\n<\/span><\/li>\n<li><span style=\"color: #777777; font-family: Arial;\">Le 7 mars, le r\u00e9gime normal du Mont-de-Pi\u00e9t\u00e9 est r\u00e9tabli, au d\u00e9triment des d\u00e9munis qui avaient b\u00e9n\u00e9fici\u00e9 pendant le si\u00e8ge d&rsquo;un moratoire prot\u00e9geant leurs objets d\u00e9pos\u00e9s.<br \/>\n<\/span><\/li>\n<li><span style=\"color: #777777; font-family: Arial;\">Le 10 mars, l&rsquo;Assembl\u00e9e prend la d\u00e9cision de transf\u00e9rer le si\u00e8ge du gouvernement \u00e0 Versailles, \u00e0 une quinzaine de kilom\u00e8tres au sud-ouest de Paris. Paris n&rsquo;est plus la capitale.<br \/>\n<\/span><\/li>\n<li><span style=\"color: #777777; font-family: Arial;\">Le 13 mars, l&rsquo;Assembl\u00e9e d\u00e9cide la reprise du paiement des effets de commerce, la fin du moratoire des dettes commerciales qui va causer des faillites en cha\u00eene. On estime \u00e0 150 000 le nombre des constats de faillite entre le 13 et le 17 mars.<br \/>\n<\/span><\/li>\n<\/ul>\n<p><span style=\"color: #777777; font-family: Arial;\">Robert Baker analyse\u00a0:<br \/>\n<\/span><\/p>\n<p style=\"margin-left: 28pt;\"><span style=\"color: #c00000; font-family: Arial;\">\u00ab\u00a0Du m\u00eame coup, l&rsquo;opposition \u00e0 l&rsquo;Assembl\u00e9e et au gouvernement de Thiers n&rsquo;est plus le monopole des rangs populaires ; c&rsquo;est la petite et la moyenne bourgeoisie qui sont touch\u00e9es dans leurs moyens d&rsquo;existence. Les r\u00e9volutionnaires, jusque-l\u00e0 minoritaires, vont pouvoir compter sur une majorit\u00e9 de Parisiens des diff\u00e9rentes classes sociales, exc\u00e9d\u00e9s par les d\u00e9cisions prises \u00e0 Bordeaux, apr\u00e8s avoir \u00e9t\u00e9 indign\u00e9s par la capitulation.\u00a0\u00bb<br \/>\n<\/span><\/p>\n<p><span style=\"color: #777777; font-family: Arial;\">C&rsquo;est donc une r\u00e9volte qui ne va pas toucher que les masses populaires mais aussi des commer\u00e7ants, des employ\u00e9s, des instituteurs.<br \/>\n<\/span><\/p>\n<p><span style=\"color: #777777; font-family: Arial;\">Et \u2026<br \/>\n<\/span><\/p>\n<p style=\"margin-left: 28pt;\"><span style=\"color: #c00000; font-family: Arial;\">\u00ab\u00a0Dans la nuit du 17 au 18 mars, les troupes de l&rsquo;arm\u00e9e r\u00e9guli\u00e8re command\u00e9es par le g\u00e9n\u00e9ral Vinoy tentent de reprendre les canons, rang\u00e9s en plusieurs endroits, principalement \u00e0 Montmartre. Mais l&rsquo;op\u00e9ration, mal pr\u00e9par\u00e9e, tra\u00eene en longueur : faire descendre une centaine de canons de la butte Montmartre n&rsquo;est pas une mince affaire. A l&rsquo;aube, le samedi 18 mars, quand Paris s&rsquo;\u00e9veille, les canons n&rsquo;ont pu \u00eatre \u00e9vacu\u00e9s, faute d&rsquo;attelages suffisants. De proche en proche, une v\u00e9ritable journ\u00e9e insurrectionnelle commence, les tambours des f\u00e9d\u00e9r\u00e9s battent le rappel, on entoure les soldats, on leur offre des vivres, on les couve. Le g\u00e9n\u00e9ral Lecomte, qui commande les soldats du 88e de ligne, ordonne de faire feu ; les soldats refusent d&rsquo;obtemp\u00e9rer.\u00a0\u00bb<br \/>\n<\/span><\/p>\n<p><span style=\"color: #777777; font-family: Arial;\">Et c&rsquo;est ainsi que la Commune et la guerre civile d\u00e9marrent.<br \/>\n<\/span><\/p>\n<p><span style=\"color: #777777; font-family: Arial;\">Clemenceau qui est maire de Montmartre et d\u00e9put\u00e9 de Paris va tenter une m\u00e9diation et essayer d&rsquo;apaiser le conflit, mais \u00e9chouera. Mais on comprend bien que tout au long de ce processus qui va mener \u00e0 la guerre civile, la premi\u00e8re raison du conflit se trouve dans la d\u00e9faite militaire. Les revendications sociales n&rsquo;appara\u00eetront que dans un second temps.<br \/>\n<\/span><\/p>\n<p><span style=\"color: #800000;\">&lt;1540&gt;<\/span><\/p>\n","protected":false},"excerpt":{"rendered":"<p>\u00abLa Commune de 1871 plonge ses racines dans la guerre franco-prussienne.\u00bb Robert Baker La Commune fut une guerre civile entre fran\u00e7ais sous l&rsquo;\u0153il satisfait des prussiens. La France a connu de nombreuses guerres civiles, des guerres de religion, la guerre<\/p>\n","protected":false},"author":1,"featured_media":0,"comment_status":"open","ping_status":"closed","sticky":false,"template":"","format":"standard","meta":{"footnotes":""},"categories":[1],"tags":[15,17,133],"class_list":["post-10913","post","type-post","status-publish","format-standard","hentry","category-motdujour","tag-france","tag-histoire","tag-revolution"],"_links":{"self":[{"href":"https:\/\/lemotdujour.fr\/index.php?rest_route=\/wp\/v2\/posts\/10913","targetHints":{"allow":["GET"]}}],"collection":[{"href":"https:\/\/lemotdujour.fr\/index.php?rest_route=\/wp\/v2\/posts"}],"about":[{"href":"https:\/\/lemotdujour.fr\/index.php?rest_route=\/wp\/v2\/types\/post"}],"author":[{"embeddable":true,"href":"https:\/\/lemotdujour.fr\/index.php?rest_route=\/wp\/v2\/users\/1"}],"replies":[{"embeddable":true,"href":"https:\/\/lemotdujour.fr\/index.php?rest_route=%2Fwp%2Fv2%2Fcomments&post=10913"}],"version-history":[{"count":5,"href":"https:\/\/lemotdujour.fr\/index.php?rest_route=\/wp\/v2\/posts\/10913\/revisions"}],"predecessor-version":[{"id":10920,"href":"https:\/\/lemotdujour.fr\/index.php?rest_route=\/wp\/v2\/posts\/10913\/revisions\/10920"}],"wp:attachment":[{"href":"https:\/\/lemotdujour.fr\/index.php?rest_route=%2Fwp%2Fv2%2Fmedia&parent=10913"}],"wp:term":[{"taxonomy":"category","embeddable":true,"href":"https:\/\/lemotdujour.fr\/index.php?rest_route=%2Fwp%2Fv2%2Fcategories&post=10913"},{"taxonomy":"post_tag","embeddable":true,"href":"https:\/\/lemotdujour.fr\/index.php?rest_route=%2Fwp%2Fv2%2Ftags&post=10913"}],"curies":[{"name":"wp","href":"https:\/\/api.w.org\/{rel}","templated":true}]}}