{"id":10901,"date":"2021-03-22T03:18:00","date_gmt":"2021-03-22T02:18:00","guid":{"rendered":"http:\/\/lemotdujour.fr\/?p=10901"},"modified":"2021-04-28T00:07:44","modified_gmt":"2021-04-27T22:07:44","slug":"lundi-22-mars-2021","status":"publish","type":"post","link":"https:\/\/lemotdujour.fr\/?p=10901","title":{"rendered":"Lundi 22 mars 2021"},"content":{"rendered":"<div class=\"mdjTexte\">\u00ab&nbsp;Oui [il faut comm\u00e9morer] Napol\u00e9on, Non la commune&nbsp;\u00bb<\/div>\n<div class=\"mdjAuteur\">Pierre Nora<\/div>\n<p><span style=\"color: #777777; font-family: Arial;\"><strong>Le 18 mars 1871<\/strong>, la population parisienne et les gardes nationaux refus\u00e8rent de rendre les canons, achet\u00e9s avec l&rsquo;argent d&rsquo;une souscription publique, au gouvernement de la France dirig\u00e9 par Adolphe Thiers, retranch\u00e9 \u00e0 Versailles, et qui avait sign\u00e9 un armistice avec la Prusse et ses alli\u00e9s allemands reconnaissant la d\u00e9faite de la France, le 26 janvier 1871. Ce premier \u00e9pisode sanglant constitue le d\u00e9but de cette p\u00e9riode insurrectionnelle qu&rsquo;on appela : \u00ab <strong>La Commune<\/strong>&nbsp;\u00bb.<br \/>\n<\/span><\/p>\n<p><span style=\"color: #777777; font-family: Arial;\"><strong>La commune<\/strong> dura 72 jours, et s&rsquo;acheva par la \u00ab Semaine sanglante \u00bb du 21 au 28 mai 1871, pendant laquelle l&rsquo;arm\u00e9e du gouvernement de Versailles, sous le regard bienveillant des troupes prussiennes qui encerclaient toujours Paris suite \u00e0 un si\u00e8ge qui d\u00e9buta en septembre 1870, reprirent Paris, barricade apr\u00e8s barricade, en fusillant et massacrant massivement les \u00ab communards \u00bb<br \/>\n<\/span><\/p>\n<p><span style=\"color: #777777; font-family: Arial;\"><strong>C&rsquo;\u00e9tait il y a 150 ans<\/strong>.<br \/>\n<\/span><\/p>\n<p><span style=\"color: #777777; font-family: Arial;\"><strong>Le 5 mai 1821<\/strong>, \u00ab \u00e0 17 heures et 49 minutes \u00bb, Napol\u00e9on Ier meurt \u00e0 l&rsquo;\u00e2ge de 51 ans, sur l&rsquo;\u00eele de Saint H\u00e9l\u00e8ne lors de son exil qui a fait suite \u00e0 sa d\u00e9faite militaire \u00e0 Waterloo.<br \/>\n<\/span><\/p>\n<p><span style=\"color: #777777; font-family: Arial;\"><strong>C&rsquo;\u00e9tait il y a 200 ans<\/strong>.<br \/>\n<\/span><\/p>\n<p><span style=\"color: #777777; font-family: Arial;\">Dans la France contemporaine qui s&rsquo;est fait une sp\u00e9cialit\u00e9 des comm\u00e9morations, ces deux anniversaires posent des probl\u00e8mes au gouvernement actuel. Et pour une fois la COVID 19 ne joue pas un r\u00f4le pr\u00e9pond\u00e9rant dans ces difficult\u00e9s.<br \/>\n<\/span><\/p>\n<p><span style=\"color: #777777; font-family: Arial;\"><strong>Pierre Nora,<\/strong> est un historien fran\u00e7ais important, membre de l&rsquo;Acad\u00e9mie fran\u00e7aise, connu pour ses travaux sur la composante m\u00e9morielle de l&rsquo;Histoire.<br \/>\n<\/span><\/p>\n<p><span style=\"color: #777777; font-family: Arial;\">Parmi ses \u0153uvres on cite souvent l&rsquo;ouvrage collectif qu&rsquo;il a dirig\u00e9&nbsp;: \u00ab&nbsp;<span style=\"color: #0000ff;\"><a style=\"color: #0000ff;\" href=\"http:\/\/www.gallimard.fr\/Catalogue\/GALLIMARD\/Quarto\/Les-Lieux-de-memoire\"><strong>Les Lieux de m\u00e9moire<\/strong><\/a><\/span> \u00bb, Gallimard<br \/>\n<\/span><\/p>\n<p><span style=\"color: #777777; font-family: Arial;\">Il \u00e9tait donc assez rationnel de poser, \u00e0 ce sp\u00e9cialiste des M\u00e9moires fran\u00e7aises, la question de ces deux comm\u00e9morations potentielles.<br \/>\n<\/span><\/p>\n<p><span style=\"color: #777777; font-family: Arial;\">Ce sont L\u00e9a Salam\u00e9 et Nicolas Demorand qui, sur France Inter, se sont charg\u00e9s de lui poser cette question lors du &lt;<span style=\"color: #0000ff;\"><a style=\"color: #0000ff;\" href=\"https:\/\/www.franceinter.fr\/emissions\/l-invite-de-8h20-le-grand-entretien\/l-invite-de-8h20-le-grand-entretien-04-mars-2021\">Grand entretien du 4 mars 2021<\/a><\/span>&gt;.<br \/>\n<\/span><\/p>\n<p><span style=\"color: #777777; font-family: Arial;\">Il s&rsquo;\u00e9tait visiblement pr\u00e9pare \u00e0 la question puisqu&rsquo;il a r\u00e9pondu imm\u00e9diatement qu&rsquo;il fallait comm\u00e9morer Napol\u00e9on mais pas la Commune.<br \/>\n<\/span><\/p>\n<p><span style=\"color: #777777; font-family: Arial;\">Il estime que \u00ab&nbsp;<span style=\"color: #c00000;\">La pol\u00e9mique est ridicule<span style=\"color: #777777;\"> \u00bb&nbsp;: autour de Napol\u00e9on.<br \/>\n<\/span><\/span><\/span><\/p>\n<p style=\"margin-left: 28pt;\"><span style=\"color: #c00000; font-family: Arial;\">\u00ab&nbsp;[Napol\u00e9on] a une dimension tellement historique, qui a eu sur l&rsquo;Europe une cons\u00e9quence si positive, il a apport\u00e9 la r\u00e9volution dans les pays qu&rsquo;il a conquis, il a cr\u00e9\u00e9 les institutions sous lesquelles nous vivons encore \u00e0 beaucoup d&rsquo;\u00e9gard, [\u2026] c&rsquo;est le personnage de l&rsquo;imaginaire romantique fran\u00e7ais incarn\u00e9. \u00bb.<br \/>\n<\/span><\/p>\n<p><span style=\"color: #777777; font-family: Arial;\">Il reconnait cependant qu&rsquo;il a une face sombre et notamment qu&rsquo;il a eu tort \u00e0 partir de 1806 de lancer la France dans la guerre.<br \/>\n<\/span><\/p>\n<p><span style=\"color: #777777; font-family: Arial;\">Et donc il dit non \u00e0 la comm\u00e9moration de la commune :<br \/>\n<\/span><\/p>\n<p style=\"margin-left: 28pt;\"><span style=\"color: #c00000; font-family: Arial;\">\u00ab&nbsp;Parce qu&rsquo;elle n&rsquo;a pas apport\u00e9 grand-chose&nbsp;\u00bb.<br \/>\n<\/span><\/p>\n<p><span style=\"color: #777777; font-family: Arial;\">Et il ajoute qu&rsquo;elle a perdu sa port\u00e9e subversive quand Georges Pompidou est venu s&rsquo;incliner devant le mur des f\u00e9d\u00e9r\u00e9s en 1971&nbsp;:<br \/>\n<\/span><\/p>\n<p style=\"margin-left: 28pt;\"><span style=\"color: #c00000; font-family: Arial;\">\u00ab&nbsp;Le fond\u00e9 de pouvoir de la banque Rotschild qui venait mettre pied \u00e0 terre devant les bords de la Commune \u00e7a voulait dire que la m\u00e9moire ouvri\u00e8re \u00e9tait morte dans son inspiration r\u00e9volutionnaire, elle ne faisait plus peur.&nbsp;\u00bb<br \/>\n<\/span><\/p>\n<p><span style=\"color: #777777; font-family: Arial;\">Bref, pour Pierre Nora, la commune n&rsquo;a pas \u00e0 \u00eatre comm\u00e9mor\u00e9 parce qu&rsquo;elle fait partie des vaincus de l&rsquo;Histoire.<br \/>\n<\/span><\/p>\n<p><span style=\"color: #777777; font-family: Arial;\">Cependant, nous devons quand m\u00eame constater que Napol\u00e9on, malgr\u00e9 son prestige et les <a href=\"https:\/\/www.napoleon.org\/jeunes-historiens\/napodoc\/le-tombeau-de-napoleon-aux-invalides\/\"><span style=\"color: #0000ff;\">5 cercueils<\/span><\/a> qui entourent son corps sous le d\u00f4me des Invalides, fait aussi partie des vaincus de l&rsquo;Histoire.<br \/>\n<\/span><\/p>\n<p><span style=\"color: #777777; font-family: Arial;\">Il reste, en effet, l&rsquo;imaginaire romantique. <\/span><span style=\"color: #777777; font-family: Arial;\">Mais il ne fait pas partie de ces souverains qui ont rendu leur pays plus fort \u00e0 la fin de leur r\u00e8gne qu&rsquo;il ne l&rsquo;\u00e9tait \u00e0 leur d\u00e9but.<br \/>\n<\/span><\/p>\n<p><span style=\"color: #777777; font-family: Arial;\">J&rsquo;avais \u00e9voqu\u00e9 la position que Lionel Jospin d\u00e9veloppait, \u00e0 son propos, dans son livre de 2014 lors du mot du jour du &lt;<span style=\"color: #0000ff;\"><a style=\"color: #0000ff;\" href=\"https:\/\/lemotdujour.fr\/?p=670\">15 avril 2014<\/a><\/span>&gt; et qui portait pour exergue cette phrase de l&rsquo;ancien premier ministre :<br \/>\n<\/span><\/p>\n<p style=\"margin-left: 28pt;\"><span style=\"color: #c00000; font-family: Arial;\">\u00ab [Je suis] Intrigu\u00e9 par le contraste entre le bilan de Napol\u00e9on, d\u00e9sastreux et la gloire qui s&rsquo;attache \u00e0 son nom avec cette r\u00e9currence de la tentation bonapartiste en France. \u00bb<br \/>\n<\/span><\/p>\n<p><span style=\"color: #777777; font-family: Arial;\">Je n&rsquo;ai pas le pouvoir de d\u00e9cider des anniversaires qui doivent \u00eatre comm\u00e9mor\u00e9s et de ceux qui n&rsquo;ont pas cette vocation.<br \/>\n<\/span><\/p>\n<p><span style=\"color: #777777; font-family: Arial;\">Mais dans les jours qui viennent, je vais parler de la \u00ab&nbsp;<strong>Commune<\/strong>\u00bb parce que je pense que cet \u00e9pisode de l&rsquo;Histoire de France m\u00e9rite qu&rsquo;on s&rsquo;y arr\u00eate un peu pour l&rsquo;\u00e9vocation des \u00e9v\u00e8nements mais aussi pour la trace et l&rsquo;imaginaire que ces 71 jours ont provoqu\u00e9.<br \/>\n<\/span><\/p>\n<p><a href=\"https:\/\/www.youtube.com\/watch?v=rtK76S0_tHE\"><img loading=\"lazy\" decoding=\"async\" class=\"alignleft\" src=\"https:\/\/lemotdujour.fr\/wp-content\/uploads\/2021\/03\/032121_2218_Lundi22mars1.jpg\" alt=\"\" width=\"491\" height=\"466\" border=\"0\" align=\"left\"><\/a><span style=\"color: #777777; font-family: Arial;\">En attendant vous pouvez voir un remarquable film documentaire r\u00e9alis\u00e9 par Rapha\u00ebl Meyssan qui raconte cette histoire autour de gravures d&rsquo;\u00e9poque.<br \/>\n<\/span><\/p>\n<p><span style=\"color: #777777; font-family: Arial;\">Ce film a \u00e9t\u00e9 diffus\u00e9 sur ARTE .<br \/>\n<\/span><\/p>\n<p><span style=\"color: #777777; font-family: Arial;\">Il a pour titre &lt;<a href=\"https:\/\/www.youtube.com\/watch?v=rtK76S0_tHE\"><span style=\"color: #0000ff;\">Les damn\u00e9s de la Commune<\/span><\/a>&gt;.<br \/>\n<\/span><\/p>\n<p><span style=\"color: #777777; font-family: Arial;\">Raphael Meyssan d&rsquo;abord \u00e9crit un roman graphique ayant le m\u00eame titre &lt;<span style=\"color: #0000ff;\"><a style=\"color: #0000ff;\" href=\"http:\/\/www.meyssan.com\/Les-Damnes-de-la-Commune-Raphael-Meyssan\">Les damn\u00e9s de la commune en 3 tomes<\/a><\/span>&gt;<br \/>\n<\/span><\/p>\n<p><span style=\"color: #777777; font-family: Arial;\">Je n&rsquo;ai pas lu ces livres mais regard\u00e9 avec beaucoup d&rsquo;int\u00e9r\u00eat le r\u00e9sultat film\u00e9 de cette d\u00e9marche.<br \/>\n<\/span><\/p>\n<p><span style=\"color: #777777; font-family: Arial;\">ARTE pr\u00e9sente cette r\u00e9alisation de la mani\u00e8re suivante&nbsp;;<br \/>\n<\/span><\/p>\n<p style=\"margin-left: 28pt;\"><span style=\"color: #c00000; font-family: Arial;\">\u00ab&nbsp;Rapha\u00ebl Meyssan a adapt\u00e9 les trois tomes de son roman graphique \u00e9ponyme, pour lequel il avait collect\u00e9 des centaines de gravures dans les journaux et les livres de l&rsquo;\u00e9poque.<br \/>\nDe cette patiente qu\u00eate d&rsquo;archives \u2212 huit ans de recherches \u2212, le graphiste et r\u00e9alisateur tire un film unique, \u00e0 l&rsquo;esth\u00e9tique et au dispositif \u00e9tonnants.<br \/>\nLa cam\u00e9ra plonge au c\u0153ur de ces dessins magnifiques, \u00e9mouvants et subtilement anim\u00e9s, puis zoome, scrute et caresse pour restituer cette tragique \u00e9pop\u00e9e dans le moindre de ses d\u00e9tails en une fresque prodigieuse.<br \/>\n\u00c0 mi-chemin entre Les mis\u00e9rables de Victor Hugo et les bandes dessin\u00e9es documentaires de Joe Sacco, Rapha\u00ebl Meyssan compose, en incluant le r\u00e9cit de Victorine, une jeune r\u00e9volt\u00e9e, une narration limpide qui parvient, \u00e0 destination de tous les publics, \u00e0 rendre fluide le chaos de la Commune. &nbsp;\u00bb.<br \/>\n<\/span><\/p>\n<p><span style=\"color: maroon; font-family: Arial;\">&lt;1539&gt;<\/span><\/p>\n","protected":false},"excerpt":{"rendered":"<p>\u00ab&nbsp;Oui [il faut comm\u00e9morer] Napol\u00e9on, Non la commune&nbsp;\u00bb Pierre Nora Le 18 mars 1871, la population parisienne et les gardes nationaux refus\u00e8rent de rendre les canons, achet\u00e9s avec l&rsquo;argent d&rsquo;une souscription publique, au gouvernement de la France dirig\u00e9 par Adolphe<\/p>\n","protected":false},"author":1,"featured_media":0,"comment_status":"open","ping_status":"closed","sticky":false,"template":"","format":"standard","meta":{"footnotes":""},"categories":[1],"tags":[158,15,17],"class_list":["post-10901","post","type-post","status-publish","format-standard","hentry","category-motdujour","tag-communisme","tag-france","tag-histoire"],"_links":{"self":[{"href":"https:\/\/lemotdujour.fr\/index.php?rest_route=\/wp\/v2\/posts\/10901","targetHints":{"allow":["GET"]}}],"collection":[{"href":"https:\/\/lemotdujour.fr\/index.php?rest_route=\/wp\/v2\/posts"}],"about":[{"href":"https:\/\/lemotdujour.fr\/index.php?rest_route=\/wp\/v2\/types\/post"}],"author":[{"embeddable":true,"href":"https:\/\/lemotdujour.fr\/index.php?rest_route=\/wp\/v2\/users\/1"}],"replies":[{"embeddable":true,"href":"https:\/\/lemotdujour.fr\/index.php?rest_route=%2Fwp%2Fv2%2Fcomments&post=10901"}],"version-history":[{"count":7,"href":"https:\/\/lemotdujour.fr\/index.php?rest_route=\/wp\/v2\/posts\/10901\/revisions"}],"predecessor-version":[{"id":11170,"href":"https:\/\/lemotdujour.fr\/index.php?rest_route=\/wp\/v2\/posts\/10901\/revisions\/11170"}],"wp:attachment":[{"href":"https:\/\/lemotdujour.fr\/index.php?rest_route=%2Fwp%2Fv2%2Fmedia&parent=10901"}],"wp:term":[{"taxonomy":"category","embeddable":true,"href":"https:\/\/lemotdujour.fr\/index.php?rest_route=%2Fwp%2Fv2%2Fcategories&post=10901"},{"taxonomy":"post_tag","embeddable":true,"href":"https:\/\/lemotdujour.fr\/index.php?rest_route=%2Fwp%2Fv2%2Ftags&post=10901"}],"curies":[{"name":"wp","href":"https:\/\/api.w.org\/{rel}","templated":true}]}}