{"id":10881,"date":"2021-03-08T02:10:00","date_gmt":"2021-03-08T01:10:00","guid":{"rendered":"http:\/\/lemotdujour.fr\/?p=10881"},"modified":"2021-03-07T22:14:00","modified_gmt":"2021-03-07T21:14:00","slug":"lundi-8-mars-2021","status":"publish","type":"post","link":"https:\/\/lemotdujour.fr\/?p=10881","title":{"rendered":"Lundi 8 mars 2021"},"content":{"rendered":"<div class=\"mdjTexte\">\u00ab Pause (\u00abDes concerts de l&rsquo;Orchestre National de Lyon)\u00bb<\/div>\n<div class=\"mdjAuteur\">Un jour sans mot du jour nouveau<\/div>\n<p><span style=\"color: #777777;\"><span style=\"font-family: Arial;\">Le mot du jour est en pause pendant 2 semaines. Il sera de retour le 22 mars.<\/span><\/span><\/p>\n<p><span style=\"color: #777777;\"><span style=\"font-family: Arial;\"><img loading=\"lazy\" decoding=\"async\" class=\" wp-image-10883 alignleft\" src=\"https:\/\/lemotdujour.fr\/wp-content\/uploads\/2021\/03\/chaton-piano-2.jpg\" alt=\"\" width=\"378\" height=\"282\" srcset=\"https:\/\/lemotdujour.fr\/wp-content\/uploads\/2021\/03\/chaton-piano-2.jpg 1892w, https:\/\/lemotdujour.fr\/wp-content\/uploads\/2021\/03\/chaton-piano-2-300x224.jpg 300w, https:\/\/lemotdujour.fr\/wp-content\/uploads\/2021\/03\/chaton-piano-2-1024x764.jpg 1024w, https:\/\/lemotdujour.fr\/wp-content\/uploads\/2021\/03\/chaton-piano-2-768x573.jpg 768w, https:\/\/lemotdujour.fr\/wp-content\/uploads\/2021\/03\/chaton-piano-2-1536x1146.jpg 1536w\" sizes=\"auto, (max-width: 378px) 100vw, 378px\" \/>En attentant, je partage plusieurs vid\u00e9os, dans lesquelles l&rsquo;Orchestre National de Lyon avec son chef Nikolaj Szeps-Znaider interpr\u00e8tent merveilleusement plusieurs \u0153uvres : <\/span><\/span><\/p>\n<p><span style=\"color: #777777;\"><span style=\"font-family: Arial;\"><span style=\"color: #0000ff;\"><a href=\"https:\/\/www.youtube.com\/watch?v=FT-Ggz5wVFw&amp;t=738s\"><span style=\"color: #0000ff;\">&lt;La 4\u00e8me symphonie de Gustav Mahler&gt;<\/span><\/a> <\/span><\/span><\/span><\/p>\n<p><span style=\"color: #0000ff;\"><span style=\"font-family: Arial;\"><a style=\"color: #0000ff;\" href=\"https:\/\/www.youtube.com\/watch?v=WmZbwMPviKY\">&lt;La 3\u00e8me Symphonie de Beethoven&gt; <\/a><\/span><\/span><\/p>\n<p><span style=\"color: #777777;\"><span style=\"font-family: Arial;\"><span style=\"color: #0000ff;\"><a style=\"color: #0000ff;\" href=\"https:\/\/lemotdujour.fr\/?p=4708\">&lt;<\/a>Des lieder du Knabenwunderhorn de Gustav Mahler<a style=\"color: #0000ff;\" href=\"https:\/\/lemotdujour.fr\/?p=4708\"><span style=\"color: #0000ff;\">&gt;<\/span> <\/a><\/span><\/span><\/span><\/p>\n<p><span style=\"color: #800000;\">&lt;mot du jour sans num\u00e9ro&gt;<\/span><\/p>\n\n\n<p><\/p>\n","protected":false},"excerpt":{"rendered":"<p>\u00ab Pause (\u00abDes concerts de l&rsquo;Orchestre National de Lyon)\u00bb Un jour sans mot du jour nouveau Le mot du jour est en pause pendant 2 semaines. Il sera de retour le 22 mars. En attentant, je partage plusieurs vid\u00e9os, dans<\/p>\n","protected":false},"author":1,"featured_media":0,"comment_status":"open","ping_status":"closed","sticky":false,"template":"","format":"standard","meta":{"footnotes":""},"categories":[1],"tags":[96],"class_list":["post-10881","post","type-post","status-publish","format-standard","hentry","category-motdujour","tag-pause"],"_links":{"self":[{"href":"https:\/\/lemotdujour.fr\/index.php?rest_route=\/wp\/v2\/posts\/10881","targetHints":{"allow":["GET"]}}],"collection":[{"href":"https:\/\/lemotdujour.fr\/index.php?rest_route=\/wp\/v2\/posts"}],"about":[{"href":"https:\/\/lemotdujour.fr\/index.php?rest_route=\/wp\/v2\/types\/post"}],"author":[{"embeddable":true,"href":"https:\/\/lemotdujour.fr\/index.php?rest_route=\/wp\/v2\/users\/1"}],"replies":[{"embeddable":true,"href":"https:\/\/lemotdujour.fr\/index.php?rest_route=%2Fwp%2Fv2%2Fcomments&post=10881"}],"version-history":[{"count":4,"href":"https:\/\/lemotdujour.fr\/index.php?rest_route=\/wp\/v2\/posts\/10881\/revisions"}],"predecessor-version":[{"id":10986,"href":"https:\/\/lemotdujour.fr\/index.php?rest_route=\/wp\/v2\/posts\/10881\/revisions\/10986"}],"wp:attachment":[{"href":"https:\/\/lemotdujour.fr\/index.php?rest_route=%2Fwp%2Fv2%2Fmedia&parent=10881"}],"wp:term":[{"taxonomy":"category","embeddable":true,"href":"https:\/\/lemotdujour.fr\/index.php?rest_route=%2Fwp%2Fv2%2Fcategories&post=10881"},{"taxonomy":"post_tag","embeddable":true,"href":"https:\/\/lemotdujour.fr\/index.php?rest_route=%2Fwp%2Fv2%2Ftags&post=10881"}],"curies":[{"name":"wp","href":"https:\/\/api.w.org\/{rel}","templated":true}]}}