{"id":10849,"date":"2021-03-05T00:08:00","date_gmt":"2021-03-04T23:08:00","guid":{"rendered":"http:\/\/lemotdujour.fr\/?p=10849"},"modified":"2023-10-02T23:34:08","modified_gmt":"2023-10-02T21:34:08","slug":"vendredi-5-mars-2021","status":"publish","type":"post","link":"https:\/\/lemotdujour.fr\/?p=10849","title":{"rendered":"Vendredi 5 mars 2021"},"content":{"rendered":"<div class=\"mdjTexte\">\u00ab Ne recherchez pas les r\u00e9compenses, l&rsquo;argent ou la gloire. Faites de votre mieux et soyez satisfaits. Dans cette soci\u00e9t\u00e9 de l&rsquo;apparence, ce n&rsquo;est pas votre look qui doit compter, mais bien la valeur que vous g\u00e9n\u00e9rez. \u00bb<\/div>\n<div class=\"mdjAuteur\">Katalin Kariko, chercheuse conseillant des jeunes chercheuses et chercheurs<\/div>\n<p><span style=\"color: #777777; font-family: Arial;\">Aujourd&rsquo;hui je vais parler d&rsquo;une femme scientifique assez extraordinaire. Elle poss\u00e8de bien s\u00fbr l&rsquo;intelligence qui lui permet l&rsquo;efficacit\u00e9, mais aussi la pers\u00e9v\u00e9rance qui lui a permis de poursuivre sa route malgr\u00e9 l&rsquo;indiff\u00e9rence, quelquefois l&rsquo;hostilit\u00e9 et aussi la trahison. Maintenant, au bout de la r\u00e9ussite et du succ\u00e8s elle exprime des valeurs que je trouve convaincantes.<\/span><\/p>\n<p><span style=\"color: #777777; font-family: Arial;\">Mais pour raconter cette histoire et en comprendre certains aspects,\u00a0 il faut revenir un peu dans le pass\u00e9<br \/>\n<\/span><br \/>\n<span style=\"color: #777777; font-family: Arial;\"><img loading=\"lazy\" decoding=\"async\" class=\"size-full wp-image-10841 alignleft\" src=\"https:\/\/lemotdujour.fr\/wp-content\/uploads\/2021\/03\/adn.gif\" alt=\"\" width=\"181\" height=\"313\" \/>Au d\u00e9part, il y a eu la d\u00e9couverte de l&rsquo;ADN. Il existe encore des livres ou des sites qui \u00e9crivent sans sourciller que l&rsquo;ADN a \u00e9t\u00e9 d\u00e9couverte par le biochimiste am\u00e9ricain <strong>James Watson<\/strong> et le biologiste britannique <strong>Francis Crick<\/strong>. C&rsquo;est une affirmation triplement fausse.<br \/>\n<\/span><\/p>\n<p><span style=\"color: #777777; font-family: Arial;\"><span style=\"text-decoration: underline;\">Premi\u00e8rement<\/span> parce que on parlait d&rsquo;ADN avant eux et que de tr\u00e8s nombreux scientifiques ont travaill\u00e9 sur ce sujet avant que ces deux scientifiques publient leur article c\u00e9l\u00e8bre, en 1953, dans la revue Nature.<br \/>\n<\/span><\/p>\n<p><span style=\"color: #777777; font-family: Arial;\">&lt;<span style=\"color: #0000ff;\"><a style=\"color: #0000ff;\" href=\"https:\/\/fr.wikipedia.org\/wiki\/Acide_d%C3%A9soxyribonucl%C3%A9ique\">Wikipedia<\/a><\/span>&gt; cite avant 1953\u00a0:<br \/>\n<\/span><\/p>\n<p style=\"margin-left: 28pt;\"><span style=\"color: #c00000; font-family: Arial;\">\u00ab\u00a0 L&rsquo;ADN a \u00e9t\u00e9 isol\u00e9 pour la premi\u00e8re fois <strong>en 1869<\/strong> par le biologiste suisse <strong>Friedrich Miescher<\/strong> sous la forme d&rsquo;une substance riche en phosphore.\u00bb<br \/>\n<\/span><\/p>\n<p><span style=\"color: #777777; font-family: Arial;\">Et on apprend aussi qu&rsquo;<strong>en 1878<\/strong>, le biochimiste allemand <strong>Albrecht Kossel<\/strong> isola un des composants essentiels\u00a0: \u00ab\u00a0 les acides nucl\u00e9ique\u00a0\u00bb. <strong>En 1919<\/strong>, le biologiste am\u00e9ricain <strong>Phoebus Levene<\/strong> sugg\u00e9ra que l&rsquo;ADN consistait en une cha\u00eene de nucl\u00e9otides unis les uns aux autres. <strong>En 1937<\/strong>, le physicien et biologiste mol\u00e9culaire britannique <strong>William Astbury<\/strong> montra gr\u00e2ce aux rayons X que l&rsquo;ADN poss\u00e8de une structure ordonn\u00e9e. Et probablement qu&rsquo;il y en eut encore beaucoup d&rsquo;autres qui particip\u00e8rent \u00e0 cette d\u00e9couverte majeure de l&rsquo;organisation de la vie.<br \/>\n<\/span><\/p>\n<p><span style=\"color: #777777; font-family: Arial;\">Donc ils ne furent pas les premiers.<br \/>\n<\/span><\/p>\n<p><span style=\"color: #777777; font-family: Arial;\"><span style=\"text-decoration: underline;\">Deuxi\u00e8mement<\/span>, l&rsquo;article de 1953 ne relate pas la d\u00e9couverte de l&rsquo;ADN mais la description de sa structure en double h\u00e9lice.<br \/>\n<\/span><\/p>\n<p><span style=\"color: #777777; font-family: Arial;\">Et <span style=\"text-decoration: underline;\">troisi\u00e8mement<\/span>, ce n&rsquo;est m\u00eame pas eux qui d\u00e9couvrirent la structure en double h\u00e9lice.<br \/>\n<\/span><\/p>\n<p><span style=\"color: #777777; font-family: Arial;\"><img loading=\"lazy\" decoding=\"async\" class=\"wp-image-10859 alignright\" src=\"https:\/\/lemotdujour.fr\/wp-content\/uploads\/2021\/03\/Rosalind_Franklin.jpg\" alt=\"\" width=\"287\" height=\"352\" srcset=\"https:\/\/lemotdujour.fr\/wp-content\/uploads\/2021\/03\/Rosalind_Franklin.jpg 487w, https:\/\/lemotdujour.fr\/wp-content\/uploads\/2021\/03\/Rosalind_Franklin-244x300.jpg 244w\" sizes=\"auto, (max-width: 287px) 100vw, 287px\" \/> Ce fut une femme avec d&rsquo;autres collaborateurs qui peut \u00eatre cr\u00e9dit\u00e9e de cette d\u00e9couverte : <strong>Rosalind Franklin. <\/strong>Je cite encore Wikipedia\u00a0:<br \/>\n<\/span><\/p>\n<p style=\"margin-left: 28pt;\"><span style=\"color: #c00000; font-family: Arial;\">\u00ab\u00a0En mai 1952, l&rsquo;\u00e9tudiant britannique Raymond Gosling, qui travaillait sous la direction de Rosalind Franklin dans l&rsquo;\u00e9quipe de John Randall, prit un clich\u00e9 de diffraction aux rayons X (le clich\u00e9 51181) d&rsquo;un cristal d&rsquo;ADN fortement hydrat\u00e9. Ce clich\u00e9 fut partag\u00e9 avec Crick et Watson \u00e0 l&rsquo;insu de Franklin et fut d\u00e9terminant dans l&rsquo;\u00e9tablissement de la structure correcte de l&rsquo;ADN. Franklin avait par ailleurs indiqu\u00e9 aux deux chercheurs que l&rsquo;ossature phosphor\u00e9e de la structure devait \u00eatre \u00e0 l&rsquo;ext\u00e9rieur de celle-ci, et non pr\u00e8s de l&rsquo;axe central comme on le pensait alors. Elle avait de surcro\u00eet identifi\u00e9 le groupe d&rsquo;espace des cristaux d&rsquo;ADN, qui permit \u00e0 Crick de d\u00e9terminer que les deux brins d&rsquo;ADN sont antiparall\u00e8les. .[<br \/>\n<\/span><\/p>\n<p style=\"margin-left: 28pt;\"><span style=\"color: #c00000; font-family: Arial;\">Rosalind Franklin mourut en 1958 d&rsquo;un cancer et ne re\u00e7ut donc pas le prix Nobel de physiologie ou m\u00e9decine d\u00e9cern\u00e9 en 1962, \u00ab pour leurs d\u00e9couvertes relatives \u00e0 la structure mol\u00e9culaire des acides nucl\u00e9iques et leur importance pour le transfert de l&rsquo;information g\u00e9n\u00e9tique dans la mati\u00e8re vivante \u00bb, \u00e0 Francis Crick, James Watson et Maurice Wilkin, qui n&rsquo;eurent pas un mot pour cr\u00e9diter Franklin de ses travaux ; le fait qu&rsquo;elle n&rsquo;ait pas \u00e9t\u00e9 associ\u00e9e \u00e0 ce prix Nobel continue de faire d\u00e9bat.\u00a0\u00bb<br \/>\n<\/span><\/p>\n<p><span style=\"color: #777777;\"><span style=\"font-family: Arial;\">J&rsquo;avais d\u00e9j\u00e0 \u00e9voqu\u00e9 cette histoire, le destin de Rosalind Franklin morte \u00e0 37 ans, d&rsquo;un cancer de l&rsquo;ovaire, probablement li\u00e9 \u00e0 la surexposition aux radiations lors de ses recherches lors d&rsquo;un mot du jour de 2018\u00a0: <\/span><span style=\"color: navy;\"><span style=\"font-family: Verdana;\"><strong>\u00ab\u00a0<span style=\"color: #0000ff;\"><a style=\"color: #0000ff;\" href=\"https:\/\/lemotdujour.fr\/?p=4564\">Ni vues ni connues<\/a><\/span><\/strong><span style=\"color: #0000ff;\">\u00a0<\/span><strong>\u00bb<\/strong><\/span><span style=\"color: #777777; font-family: Arial;\"><br \/>\n<\/span><\/span><\/span><\/p>\n<p><span style=\"color: #777777; font-family: Arial;\">ADN signifie <strong>A<\/strong>cide <strong>D<\/strong>\u00e9soxyribo<strong>N<\/strong>ucl\u00e9ique, et constitue la mol\u00e9cule support de l&rsquo;information g\u00e9n\u00e9tique h\u00e9r\u00e9ditaire.<br \/>\n<\/span><\/p>\n<p><span style=\"color: #777777; font-family: Arial;\">Et les biologistes ont alors poursuivi ce plan de recherche extraordinaire d\u00e9cortiquer totalement le g\u00e9nome humain, c&rsquo;est-\u00e0-dire la s\u00e9quence de g\u00e8ne qui se trouve sur la macromol\u00e9cule d&rsquo;ADN et qui est reproduit \u00e0 l&rsquo;identique pour chaque individu dans chacune de ses cellules.<br \/>\n<\/span><\/p>\n<p><span style=\"color: #777777; font-family: Arial;\">Et c&rsquo;est ainsi que fut lanc\u00e9 <span style=\"color: #0000ff;\"><a style=\"color: #0000ff;\" href=\"https:\/\/fr.wikipedia.org\/wiki\/Projet_g%C3%A9nome_humain\">le projet g\u00e9nome humain<\/a><\/span> (en anglais, Human Genome Project ou HGP) fin 1988 pour \u00e9tablir le s\u00e9quen\u00e7age complet de l&rsquo;ADN du g\u00e9nome humain. Ce projet s&rsquo;acheva en 2004.<br \/>\n<\/span><\/p>\n<p><span style=\"color: #777777; font-family: Arial;\">Le g\u00e9nome humain \u00e9tait connu dans son int\u00e9gralit\u00e9.<br \/>\n<\/span><\/p>\n<p><span style=\"color: #777777; font-family: Arial;\">Et les scientifiques qui savaient \u00e0 quoi servait chaque g\u00e8ne et savaient modifier un g\u00e8ne ont cru que en travaillant sur l&rsquo;ADN ils pourront gu\u00e9rir de tr\u00e8s nombreuses maladies.<br \/>\n<\/span><\/p>\n<p><span style=\"color: #777777; font-family: Arial;\">Tous allaient dans ce sens, sauf quelques-uns comme <strong>Katalin Kariko<\/strong>, la femme qui est au centre de ce mot du jour..<br \/>\n<\/span><\/p>\n<p><img loading=\"lazy\" decoding=\"async\" class=\"alignleft\" src=\"https:\/\/lemotdujour.fr\/wp-content\/uploads\/2021\/03\/030421_2335_Lundifvrier1-1.jpg\" alt=\"\" width=\"305\" height=\"406\" align=\"left\" \/><span style=\"color: #777777; font-family: Arial;\">J&rsquo;ai achet\u00e9 et lu avec beaucoup d&rsquo;int\u00e9r\u00eat le magazine \u00ab\u00a0<strong>Le Point<\/strong>\u00a0\u00bb du 28 janvier 2021\u00a0: \u00ab\u00a0<strong>Comment l&rsquo;ARN va changer nos vies<\/strong>\u00a0\u00bb<br \/>\n<\/span><\/p>\n<p><span style=\"color: #777777; font-family: Arial;\">Ce num\u00e9ro essaie d&rsquo;expliquer de mani\u00e8re assez savante ce que fait ce qu&rsquo;est l&rsquo;ARN.<br \/>\n<\/span><\/p>\n<p><span style=\"color: #777777; font-family: Arial;\">Mon propos n&rsquo;est pas d&rsquo;expliquer l&rsquo;aspect technique de ces d\u00e9couvertes mais plut\u00f4t de m&rsquo;int\u00e9resser au destin de cette formidable hongroise.<br \/>\n<\/span><\/p>\n<p><span style=\"color: #777777; font-family: Arial;\">Et aussi de m&rsquo;interroger de mani\u00e8re assez philosophique sur cet aveuglement de ces scientifiques qui pensaient qu&rsquo;en ayant d\u00e9crypter le g\u00e9nome humain et en ayant la possibilit\u00e9 de le modifier gr\u00e2ce aux \u00ab\u00a0ciseaux g\u00e9n\u00e9tiques\u00a0\u00bb, dont le petit nom est \u00ab\u00a0<strong>CRISPR associated protein 9<\/strong>\u00a0\u00bb abr\u00e9g\u00e9 en &lt;<span style=\"color: #0000ff;\"><a style=\"color: #0000ff;\" href=\"https:\/\/fr.wikipedia.org\/wiki\/Cas9\">Cas9<\/a><\/span>&gt; et qui est une prot\u00e9ine qui poss\u00e8de la capacit\u00e9 \u00e0 couper l&rsquo;ADN, ils avaient fait le plus grand pas vers \u2026 vers quoi d&rsquo;ailleurs\u00a0? Probablement vers \u00ab\u00a0homo deus\u00a0\u00bb pour reprendre le concept de Yuval Noah Harari.<br \/>\n<\/span><\/p>\n<p><span style=\"color: #777777; font-family: Arial;\">Je me souviens encore de cette parole d\u00e9sabus\u00e9e d&rsquo;une scientifique le matin, \u00e0 France Inter, qui a dit \u00ab\u00a0Finalement on n&rsquo;a pas beaucoup avanc\u00e9\u00a0\u00bb<br \/>\n<\/span><\/p>\n<p><span style=\"color: #777777; font-family: Arial;\">Je me permets une petite explication personnelle.<br \/>\n<\/span><\/p>\n<p><span style=\"color: #777777; font-family: Arial;\">Dans l&rsquo;esprit hi\u00e9rarchis\u00e9 d&rsquo;homo sapiens, cet inventeur du Dieu tout puissant, trouver l&rsquo;\u00e9l\u00e9ment central autour duquel toutes les caract\u00e9ristiques humaines sont d\u00e9finies devaient permettre de tout ma\u00eetriser. Comme dans un ordinateur ma\u00eetriser le code.<br \/>\n<\/span><\/p>\n<p><span style=\"color: #777777; font-family: Arial;\">Mais visiblement cela ne marche pas comme cela. Car il y a \u00e9norm\u00e9ment d&rsquo;interactions entre les g\u00e8nes et m\u00eame au-del\u00e0 avec l&rsquo;environnement qui explique le fonctionnement de l&rsquo;\u00eatre humain. Les scientifiques explorent une autre discipline qui a pour nom \u00ab\u00a0<span style=\"color: #0000ff;\"><a style=\"color: #0000ff;\" href=\"https:\/\/fr.wikipedia.org\/wiki\/%C3%89pig%C3%A9n%C3%A9tique\">L&rsquo;\u00e9pig\u00e9n\u00e9tique<\/a><\/span>\u00a0\u00bb.<br \/>\n<\/span><\/p>\n<p><span style=\"color: #777777; font-family: Arial;\">C&rsquo;est en fait que notre syst\u00e8me humain n&rsquo;est pas tr\u00e8s hi\u00e9rarchique, mais plut\u00f4t transversale.<br \/>\n<\/span><\/p>\n<p><span style=\"color: #777777; font-family: Arial;\">Et l&rsquo;<strong>a<\/strong>cide <strong>r<\/strong>ibo<strong>n<\/strong>ucl\u00e9ique (ARN) qui est tr\u00e8s proche chimiquement de l&rsquo;ADN et si je comprends bien une copie d&rsquo;une partie de l&rsquo;ADN intervient pour cr\u00e9er de l&rsquo;interaction \u00e0 l&rsquo;int\u00e9rieur de notre corps.<br \/>\n<\/span><\/p>\n<p><span style=\"color: #777777; font-family: Arial;\">Il existe plusieurs types d&rsquo;ARN mais celui sur lequel a travaill\u00e9 Katalin Karibo est l&rsquo;ARN messager, abr\u00e9g\u00e9 en ARNm.<br \/>\n<\/span><\/p>\n<p><span style=\"color: #777777; font-family: Arial;\">Mais comme je l&rsquo;ai annonc\u00e9 et aussi pour ne pas me retrouver au-del\u00e0 de mon seuil de comp\u00e9tence, je n&rsquo;entrerai pas davantage dans les d\u00e9tails techniques.<br \/>\n<\/span><\/p>\n<p><span style=\"color: #777777; font-family: Arial;\">Certaines explications se trouvent dans le Point du 28 janvier 2021.<br \/>\n<\/span><\/p>\n<p><span style=\"color: #777777; font-family: Arial;\">Pour lire ce num\u00e9ro du Point il faut l&rsquo;avoir achet\u00e9 en version papier comme moi ou \u00eatre abonn\u00e9 \u00e0 la version en ligne.<br \/>\n<\/span><\/p>\n<p><span style=\"color: #777777; font-family: Arial;\">Mais sur cette page une vid\u00e9o qui explique en moins de 5 minutes le lien entre l&rsquo;ADN et l&rsquo;ARN\u00a0: &lt;<a href=\"https:\/\/www.lepoint.fr\/sciences-nature\/comment-l-arn-va-changer-nos-vies-27-01-2021-2411573_1924.php\">I<span style=\"color: #0000ff;\">l y a beaucoup de fantasmes autour du vaccin contre la COVID<\/span><\/a><span style=\"color: #0000ff;\">&gt;<\/span><br \/>\n<\/span><\/p>\n<p><span style=\"color: #777777; font-family: Arial;\"><strong>Bruno Pitard<\/strong> directeur de recherche au CNRS ose cette histoire que je comprends\u00a0:<br \/>\n<\/span><\/p>\n<p style=\"margin-left: 28pt;\"><span style=\"color: #c00000; font-family: Arial;\">\u00ab\u00a0Vous prenez un bon vieux livre en papier, lui c&rsquo;est l&rsquo;ADN, et puis vous lisez un chapitre \u00e0 voix haute. Les paroles qui sortent de votre bouche, c&rsquo;est l&rsquo;ARN messager. Si quelqu&rsquo;un entend vos paroles, il re\u00e7oit le message, mais une fois entendues, ces paroles disparaissent et en aucun cas les paroles prononc\u00e9es ne changeront le texte de votre livre en papier.\u00a0\u00bb<br \/>\n<\/span><\/p>\n<p><span style=\"color: #777777; font-family: Arial;\">Cet autre article du Point d\u00e9crit de mani\u00e8re assez compr\u00e9hensible\u00a0: \u00ab<a href=\"https:\/\/www.lepoint.fr\/sante\/kine\/demorand-pourquoi-le-vaccin-a-arn-est-une-veritable-revolution-23-11-2020-2402193_2467.php\"><span style=\"color: #0000ff;\">Pourquoi le vaccin \u00e0 ARN est une v\u00e9ritable r\u00e9volution<\/span><\/a><span style=\"color: #0000ff;\">\u00a0<\/span>\u00bb par rapport aux autres techniques vaccinales et son processus de fonctionnement.<br \/>\n<\/span><\/p>\n<p><span style=\"color: #777777; font-family: Arial;\">Mais revenons \u00e0 Katalin Karibo qui ne veut pas travailler sur l&rsquo;ADN et pr\u00e9f\u00e8re l&rsquo;ARN. Elle trouvait dangereux de travailler directement sur le code g\u00e9n\u00e9tique<br \/>\n<\/span><\/p>\n<p><span style=\"color: #777777; font-family: Arial;\">Un article de &lt;<span style=\"color: #0000ff;\"><a style=\"color: #0000ff;\" href=\"https:\/\/www.nouvelobs.com\/coronavirus-de-wuhan\/20201217.OBS37695\/katalin-kariko-la-scientifique-sans-laquelle-il-n-y-aurait-pas-eu-de-vaccins-a-arn-messager.html\">l&rsquo;Obs<\/a><\/span>&gt;Publi\u00e9 le 17 d\u00e9cembre 2020 pr\u00e9cise\u00a0:<br \/>\n<\/span><\/p>\n<p style=\"margin-left: 28pt;\"><span style=\"color: #c00000; font-family: Arial;\">\u00ab\u00a0A la fin des ann\u00e9es 1980, la communaut\u00e9 scientifique n&rsquo;avait d&rsquo;yeux que pour l&rsquo;ADN, qu&rsquo;on voyait potentiellement capable de transformer les cellules et, de l\u00e0, soigner des pathologies comme le cancer ou la mucoviscidose.<br \/>\n<\/span><\/p>\n<p style=\"margin-left: 28pt;\"><span style=\"color: #c00000; font-family: Arial;\">Katalin Kariko, elle, s&rsquo;int\u00e9ressait \u00e0 l&rsquo;ARN messager, l&rsquo;imaginant fournir aux cellules un \u00ab mode d&#8217;emploi \u00bb leur permettant ensuite de fabriquer elles-m\u00eames les prot\u00e9ines th\u00e9rapeutiques. Une solution permettant d&rsquo;\u00e9viter de modifier le g\u00e9nome des cellules, au risque d&rsquo;introduire des modifications g\u00e9n\u00e9tiques incontr\u00f4lables.\u00a0\u00bb<br \/>\n<\/span><\/p>\n<p><span style=\"color: #777777; font-family: Arial;\">Elle est chercheuse dans un laboratoire de recherche, en Hongrie communiste. Elle a une vie confortable mais les moyens dont elle dispose pour poursuivre ses recherches sur l&rsquo;ARN sont trop limit\u00e9s.<br \/>\n<\/span><\/p>\n<p><span style=\"color: #777777; font-family: Arial;\">Dans son entretien au Point elle d\u00e9clare<br \/>\n<\/span><\/p>\n<p style=\"margin-left: 28pt;\"><span style=\"color: #c00000; font-family: Arial;\">\u00ab\u00a0Quitter la Hongrie en 1985 a \u00e9t\u00e9 une d\u00e9cision difficile, j&rsquo;adorais mon labo.\u00a0\u00bb<br \/>\n<\/span><\/p>\n<p><span style=\"color: #777777; font-family: Arial;\">Elle a voulu venir en France, on ne comprend pas bien pourquoi cela n&rsquo;a pas eu lieu.<br \/>\n<\/span><\/p>\n<p style=\"margin-left: 28pt;\"><span style=\"color: #c00000; font-family: Arial;\">\u00ab\u00a0J&rsquo;ai \u00e9t\u00e9 candidate \u00e0 un poste en France, \u00e0 Montpellier, au sein du laboratoire de Bernard Lebleu, mais il \u00e9tait encore tr\u00e8s difficile, \u00e0 l&rsquo;\u00e9poque d&rsquo;acc\u00e9der \u00e0 des centres de recherche d&rsquo;Europe de l&rsquo;Ouest depuis la Hongrie\u00a0\u00bb<br \/>\n<\/span><\/p>\n<p><span style=\"color: #777777; font-family: Arial;\">Et quand les journalistes posent cette question disruptive\u00a0: \u00ab\u00a0Que pensez-vous du paysage de la biotech en France\u00a0?\u00a0\u00bb, sa r\u00e9ponse est douloureuse pour nous les fran\u00e7ais\u00a0:<br \/>\n<\/span><\/p>\n<p style=\"margin-left: 28pt;\"><span style=\"color: #c00000; font-family: Arial;\">\u00ab\u00a0La France, c&rsquo;est un beau pays pour les vacances d&rsquo;\u00e9t\u00e9. Mais essayez donc de comprendre pourquoi les fran\u00e7ais ont d\u00fb venir ici, aux Etats-Unis\u00a0? Pourquoi St\u00e9phane Bancel, le PDG de Moderna, ne dirige pas une entreprise fran\u00e7aise en France pour mettre au point les vaccins\u00a0? Pourquoi il n&rsquo;y a plus de soci\u00e9t\u00e9s comme BioTech en France\u00a0? Je pense que c&rsquo;est \u00e0 cause du financement. [Aux Etats-Unis] avec le capital-risque on donne davantage aux petites entreprises. C&rsquo;est sans doute une question de culture, qui n&rsquo;existe peut-\u00eatre pas en Europe. Ici, les gens investissent plus dans les biotechnologies, parfois dans 30 entreprises diff\u00e9rentes, et si une r\u00e9ussit, tant mieux. Quand une piste m\u00e9rite d&rsquo;\u00eatre explor\u00e9e, on poursuit.\u00a0\u00bb<br \/>\n<\/span><\/p>\n<p><img loading=\"lazy\" decoding=\"async\" class=\"alignright\" src=\"https:\/\/lemotdujour.fr\/wp-content\/uploads\/2021\/03\/030421_2335_Lundifvrier2-1.jpg\" alt=\"\" width=\"371\" height=\"252\" align=\"left\" \/><span style=\"color: #777777; font-family: Arial;\">Elle est donc partie avec sa famille aux Etats-Unis, \u00e0 Philadelphie. Et elle a pris un \u00e9norme risque\u00a0:<br \/>\n<\/span><\/p>\n<p style=\"margin-left: 28pt;\"><span style=\"color: #c00000; font-family: Arial;\">\u00ab\u00a0En Hongrie nous avions un nouvel appartement confortable, j&rsquo;avais ma propre machine \u00e0 laver, \u00e0 Philadelphie je lavais mon linge la nuit dans un sous-sol. Mais j&rsquo;\u00e9tais convaincue que la situation allait s&rsquo;am\u00e9liorer que tout \u00e9tait possible. Si j\u00a0\u00bb\u00e9tais rest\u00e9e en Hongrie, je serais devenue cynique, aigrie, m\u00e9diocre.\u00a0\u00bb<br \/>\n<\/span><\/p>\n<p><span style=\"color: #777777; font-family: Arial;\">Mais aux Etats-Unis elle se heurte au scepticisme par rapport \u00e0 ses recherches sur l&rsquo;ARN, dans un monde scientifique qui ne jure que par l&rsquo;ADN<br \/>\n<\/span><\/p>\n<p><span style=\"color: #777777; font-family: Arial;\">Le Point raconte\u00a0:<br \/>\n<\/span><\/p>\n<p style=\"margin-left: 28pt;\"><span style=\"color: #c00000; font-family: Arial;\">\u00ab\u00a0A l&rsquo;universit\u00e9 Temple, \u00e0 Philadelphie, o\u00f9 elle atterrit, elle passe vite d&rsquo;une p\u00e9riode de gr\u00e2ce au placard. Cinq ans plus tard, elle rejoint l&rsquo;universit\u00e9 de Pennsylvanie. A l&rsquo;\u00e9poque, la mode est \u00e0 l&rsquo;ADN. Jugeant trop dangereuse sa manipulation, elle pr\u00e9f\u00e8re pers\u00e9v\u00e9rer dans ses recherches sur L&rsquo;ARN en demandant une bourse d\u00e9di\u00e9e. R\u00e9sultat, elle est r\u00e9trograd\u00e9e au rang de simple chercheuse. Une nouvelle fois :direction placard.\u00a0\u00bb<br \/>\n<\/span><\/p>\n<p><span style=\"color: #777777; font-family: Arial;\">Mais elle continuera sans se d\u00e9courager. Elle rencontrera Drew Weissman avec qui elle collaborera beaucoup.<br \/>\n<\/span><\/p>\n<p><span style=\"color: #777777; font-family: Arial;\">Ce sera un chemin compliqu\u00e9 pav\u00e9 d&#8217;embuches.<br \/>\n<\/span><\/p>\n<p><span style=\"color: #777777; font-family: Arial;\">Dans ma langue de b\u00e9otien, je dirai l&rsquo;ARN ne se laisse pas apprivoiser facilement, il faut l&rsquo;isoler, agir sur lui et enfin ma\u00eetriser les effets induis.<br \/>\n<\/span><\/p>\n<p><span style=\"color: #777777; font-family: Arial;\">L&rsquo;article de &lt;<span style=\"color: #0000ff;\"><a style=\"color: #0000ff;\" href=\"https:\/\/www.nouvelobs.com\/coronavirus-de-wuhan\/20201217.OBS37695\/katalin-kariko-la-scientifique-sans-laquelle-il-n-y-aurait-pas-eu-de-vaccins-a-arn-messager.html\">l&rsquo;Obs<\/a><\/span>&gt;, d\u00e9j\u00e0 cit\u00e9, pr\u00e9cise\u00a0:<br \/>\n<\/span><\/p>\n<p style=\"margin-left: 28pt;\"><span style=\"color: #c00000; font-family: Arial;\">Mais l&rsquo;ARN messager n&rsquo;\u00e9tait pas non plus d\u00e9nu\u00e9 de probl\u00e8mes : il suscitait de vives r\u00e9actions inflammatoires, \u00e9tant consid\u00e9r\u00e9 comme un intrus par le syst\u00e8me immunitaire.<br \/>\n<\/span><\/p>\n<p style=\"margin-left: 28pt;\"><span style=\"color: #c00000; font-family: Arial;\">Avec son partenaire de recherche, le m\u00e9decin immunologiste Drew Weissman, Katalin Kariko parvient progressivement \u00e0 introduire de mini-modifications dans la structure de l&rsquo;ARN, le rendant plus acceptable par le syst\u00e8me immunitaire. Leur d\u00e9couverte, publi\u00e9e en 2005, marque les esprits, extirpant \u2013 un peu \u2013 Katalin Kariko de l&rsquo;anonymat.<br \/>\n<\/span><\/p>\n<p style=\"margin-left: 28pt;\"><span style=\"color: #c00000; font-family: Arial;\">Puis, ils franchissent un nouveau palier, en r\u00e9ussissant \u00e0 placer leur pr\u00e9cieux ARN dans des \u00ab nanoparticules lipidiques \u00bb, un enrobage qui leur \u00e9vite de se d\u00e9grader trop vite et facilite leur entr\u00e9e dans les cellules. Leurs r\u00e9sultats sont rendus publics en 2015.\u00a0\u00bb<br \/>\n<\/span><\/p>\n<p><span style=\"color: #777777; font-family: Arial;\">Elle travaille tr\u00e8s dur et n&rsquo;est pas \u00e0 l&rsquo;abri de man\u0153uvres \u00e0 la limite de l&rsquo;honn\u00eatet\u00e9\u00a0: Apr\u00e8s avoir publi\u00e9 avec Drew Weissman, dans le cadre de l&rsquo;Universit\u00e9 de Pennsylvanie, un article fondamental sur l&rsquo;ARN, l&rsquo;universit\u00e9 de Pennsylvanie a d\u00e9pos\u00e9 un brevet li\u00e9 \u00e0 l&rsquo;invention des deux chercheurs et a n\u00e9goci\u00e9 la vente de ce brevet avec une autre soci\u00e9t\u00e9\u00a0:<br \/>\n<\/span><\/p>\n<p style=\"margin-left: 28pt;\"><span style=\"color: #c00000; font-family: Arial;\">\u00ab\u00a0Nous \u00e9tions furieux. [La soci\u00e9t\u00e9 acheteuse] a m\u00eame cherch\u00e9 \u00e0 nous vendre une sous licence de ce brevet\u00a0! Habituellement on confie la licence d&rsquo;un brevet \u00e0 ses inventeurs. Apr\u00e8s tout, nous en savions plus sur l&rsquo;ARN messager (ARNm) que n&rsquo;importe qui d&rsquo;autre et nous \u00e9tions susceptibles d&rsquo;en tirer le maximum, mais l&rsquo;universit\u00e9 n&rsquo;\u00e9tait pas de cet avis\u00a0\u00bb<br \/>\n<\/span><\/p>\n<p><span style=\"color: #777777; font-family: Arial;\">Et bien s\u00fbr elle raconte aussi les humiliations, la sous valorisation syst\u00e9matique elle \u00e9tait \u00e9trang\u00e8re, venant d&rsquo;un pays communiste et \u2026une femme. L&rsquo;Obs raconte\u00a0:<br \/>\n<\/span><\/p>\n<p style=\"margin-left: 28pt;\"><span style=\"color: #c00000; font-family: Arial;\">\u00ab\u00a0La biochimiste se garde de tout triomphalisme mais conserve une pointe d&rsquo;amertume en se rem\u00e9morant les moments o\u00f9 elle s&rsquo;est sentie sous-estim\u00e9e : une femme n\u00e9e \u00e0 l&rsquo;\u00e9tranger dans un univers masculin o\u00f9, \u00e0 la fin de certaines conf\u00e9rences d&rsquo;experts, on lui demandait : \u00ab O\u00f9 est votre superviseur ? \u00bb.<br \/>\n<\/span><\/p>\n<p style=\"margin-left: 28pt;\"><span style=\"color: #c00000; font-family: Arial;\">\u00ab\u00a0\u00ab Ils pensaient toujours : \u00ab\u00a0cette femme avec un accent, il doit y avoir quelqu&rsquo;un derri\u00e8re, quelqu&rsquo;un de plus intelligent.\u00a0\u00bb \u00bb\u00a0\u00bb<br \/>\n<\/span><\/p>\n<p><span style=\"color: #777777; font-family: Arial;\">Et finalement elle int\u00e9grera la start up allemande <strong>BioNtech<\/strong> en 2013. Cette petite entreprise innovante a \u00e9t\u00e9 cr\u00e9\u00e9e en 2008, par un couple de scientifiques d&rsquo;origine turque : <a href=\"https:\/\/fr.wikipedia.org\/wiki\/U%C4%9Fur_%C5%9Eahin\"><strong><span style=\"color: #0000ff;\">U\u011fur \u015eahin<\/span><\/strong><\/a> , professeur d&rsquo;oncologie \u00e0 la 3e clinique m\u00e9dicale de l&rsquo;universit\u00e9 Johannes-Gutenberg de Mayence et son \u00e9pouse <span style=\"color: #0000ff;\"><a style=\"color: #0000ff;\" href=\"https:\/\/fr.wikipedia.org\/wiki\/%C3%96zlem_T%C3%BCreci\"><strong>\u00d6zlem T\u00fcreci<\/strong><\/a><\/span> m\u00e9decin, chercheuse en immunologie.<br \/>\n<\/span><\/p>\n<p><span style=\"color: #777777; font-family: Arial;\">C&rsquo;est cette petite soci\u00e9t\u00e9 qui a mis au point le vaccin Pfizer-BioNTech, Pfizer \u00e9tant simplement le financeur.<br \/>\n<\/span><\/p>\n<p><span style=\"color: #777777; font-family: Arial;\"><strong>Bruno Pitard<\/strong> directeur de recherche au CNRS fait ce constat dans \u00ab\u00a0le Point\u00a0\u00bb\u00a0:<br \/>\n<\/span><\/p>\n<p style=\"margin-left: 28pt;\"><span style=\"color: #c00000; font-family: Arial;\">\u00ab\u00a0C&rsquo;\u00e9tait trop innovant pour les grands groupes\u00a0; la preuve ce sont les biotechs qui ont continu\u00e9\u00a0\u00bb<br \/>\n<\/span><\/p>\n<p><span style=\"color: #777777; font-family: Arial;\">Et nous arrivons \u00e0 la conclusion de l&rsquo;article du Point qui est le c\u0153ur de ce que j&rsquo;ai envie de partager aujourd&rsquo;hui\u00a0:<br \/>\n<\/span><\/p>\n<p style=\"margin-left: 28pt;\"><span style=\"color: #c00000; font-family: Arial;\"><em>Avec plus de financements, de nouvelles d\u00e9couvertes pourraient-elles \u00eatre r\u00e9alis\u00e9es pour soigner d&rsquo;autres maladies gr\u00e2ce \u00e0 l&rsquo;ARNm<br \/>\n<\/em><\/span><\/p>\n<p style=\"margin-left: 28pt;\"><span style=\"color: #c00000; font-family: Arial;\">C&rsquo;est un sujet auquel j&rsquo;ai souvent r\u00e9fl\u00e9chi et je peux vous dire que ce n&rsquo;est pas qu&rsquo;une question d&rsquo;argent. Si les scientifiques pouvaient mettre de c\u00f4t\u00e9 leur ego, partager leurs informations, nous pourrions nous attaquer \u00e0 d&rsquo;autres maladies. Le syst\u00e8me n&rsquo;est pas optimal. Les sp\u00e9cialistes ne partagent pas car ils sont en comp\u00e9tition. Les trois soci\u00e9t\u00e9s que sont CureVac, BioNTech et Moderna organisent depuis 2013 des \u00e9changes acad\u00e9miques au sujet de l&rsquo;ARNm auxquels j&rsquo;ai particip\u00e9. Nous avons partag\u00e9 de nombreuses donn\u00e9es avec des japonais, des cor\u00e9ens et des chinois. Mais il est extr\u00eamement difficile de coordonner les recherches et de convaincre l&rsquo;ensemble des acteurs que la coop\u00e9ration est la meilleure des strat\u00e9gies.\u00a0\u00bb<br \/>\n<\/span><\/p>\n<p><span style=\"color: #777777; font-family: Arial;\">Nous en revenons \u00e0 l&rsquo;exemple du professeur et de son exp\u00e9rience avec les ballons qui montraient que la coop\u00e9ration \u00e9tait le meilleur syst\u00e8me. Mais ce n&rsquo;est pas celui qui est impos\u00e9 par le march\u00e9.<br \/>\n<\/span><\/p>\n<p><span style=\"color: #777777; font-family: Arial;\">Et Katalin Kariko ajoute\u00a0:<br \/>\n<\/span><\/p>\n<p style=\"margin-left: 28pt;\"><span style=\"color: #c00000; font-family: Arial;\">\u00ab\u00a0Il est urgent d&rsquo;investir dans la recherche-fondamentale et appliqu\u00e9e-et de faire en sorte que les enfants aient envie de devenir chercheurs. Il y a tant de choses \u00e0 d\u00e9couvrir\u00a0\u00bb<br \/>\n<\/span><\/p>\n<p><img loading=\"lazy\" decoding=\"async\" class=\" wp-image-10962 alignleft\" src=\"https:\/\/lemotdujour.fr\/wp-content\/uploads\/2021\/03\/Katalin-Kariko2.jpg\" alt=\"\" width=\"473\" height=\"276\" srcset=\"https:\/\/lemotdujour.fr\/wp-content\/uploads\/2021\/03\/Katalin-Kariko2.jpg 600w, https:\/\/lemotdujour.fr\/wp-content\/uploads\/2021\/03\/Katalin-Kariko2-300x175.jpg 300w\" sizes=\"auto, (max-width: 473px) 100vw, 473px\" \/><span style=\"color: #777777; font-family: Arial;\">Et elle \u00e9voque aussi le livre qui l&rsquo;a le plus inspir\u00e9e\u00a0:<br \/>\n<\/span><\/p>\n<p style=\"margin-left: 28pt;\"><span style=\"color: #c00000; font-family: Arial;\">\u00ab\u00a0Le livre qui m&rsquo;a le plus marqu\u00e9e alors que j&rsquo;\u00e9tais au lyc\u00e9e est \u00ab\u00a0<strong>le stress de la vie<\/strong>\u00a0\u00bb du hongrois Hans Selye. Il est le premier \u00e0 avoir appliqu\u00e9 le terme \u00ab\u00a0stress\u00a0\u00bb au corps humain, alors qu&rsquo;il \u00e9tait employ\u00e9 essentiellement en physique. Sa th\u00e9orie\u00a0? Les gens g\u00e2chent du temps et leur vie avec des regrets. Si j&rsquo;ai pers\u00e9v\u00e9r\u00e9 sur l&rsquo;ARN alors que personne n&rsquo;y croyait, c&rsquo;est parce que je n&rsquo;ai pas attendu qu&rsquo;on me tape sur l&rsquo;\u00e9paule pour me dire \u00ab\u00a0Katie, tu fais du bon boulot\u00a0!\u00a0\u00bb. Je savais ce que je faisais \u00e9tait bien.\u00a0\u00bb<br \/>\n<\/span><\/p>\n<p><span style=\"color: #777777; font-family: Arial;\">Et voici le conseil qu&rsquo;elle donne aux jeunes chercheurs\u00a0:<br \/>\n<\/span><\/p>\n<p style=\"margin-left: 28pt;\"><span style=\"color: #c00000; font-family: Arial;\">\u00ab\u00a0Ne recherchez pas les r\u00e9compenses, l&rsquo;argent ou la gloire. Faites de votre mieux et soyez satisfaits. Dans cette soci\u00e9t\u00e9 de l&rsquo;apparence, ce n&rsquo;est pas votre look qui doit compter, mais bien la valeur que vous g\u00e9n\u00e9rez. La gloire imm\u00e9diate n&rsquo;a pas d&rsquo;importance. Parfois, on travaille pendant des mois, des ann\u00e9es avant d&rsquo;obtenir un r\u00e9sultat. S&rsquo;il n&rsquo;y avait pas eu cette pand\u00e9mie, personne ne saurait qui je suis \u2013 et cela m&rsquo;irait tr\u00e8s bien.\u00a0\u00bb<br \/>\n<\/span><\/p>\n<p><span style=\"color: #777777; font-family: Arial;\">Jamais elle n&rsquo;abandonnera la recherche. :<br \/>\n<\/span><\/p>\n<p style=\"margin-left: 28pt;\"><span style=\"color: #c00000; font-family: Arial;\">\u00ab Aujourd&rsquo;hui, j&rsquo;ai assez d&rsquo;argent pour pouvoir me permettre de ne rien faire, de trainer chez moi. Pourtant, je n&rsquo;ai jamais arr\u00eat\u00e9 de travailler ! J&rsquo;ai toujours un objectif, un nouveau projet qui me motive. Je pense encore pouvoir apporter ma pierre \u00e0 des \u00e9difices de recherche. Un jour, je m&rsquo;effondrerai au milieu de mes recherches .. \u00bb<br \/>\n<\/span><\/p>\n<p><span style=\"color: #777777; font-family: Arial;\">Ainsi parle <strong>Katalin Kariko.<\/strong><\/span><\/p>\n<p><span style=\"color: #777777; font-family: Arial;\">Beaucoup pense qu&rsquo;elle aura le Prix Nobel. <\/span><span style=\"color: #777777; font-family: Arial;\">Celui dont <strong>Rosalind Franklin<\/strong> fut priv\u00e9.<br \/>\n<\/span><\/p>\n<p><span style=\"color: maroon; font-family: Arial;\">&lt;1538&gt;<br \/>\n<\/span><\/p>\n<p><em><span style=\"color: #008000;\"><span style=\"font-family: Arial;\">Je vais prendre quelques jours de cong\u00e9 du t\u00e9l\u00e9travail et des mots du jour.<br \/>\n<\/span><span style=\"font-family: Arial;\">Le prochain mot du jour devrait \u00eatre publi\u00e9 le 22 mars.<\/span><\/span><\/em><\/p>\n","protected":false},"excerpt":{"rendered":"<p>\u00ab Ne recherchez pas les r\u00e9compenses, l&rsquo;argent ou la gloire. Faites de votre mieux et soyez satisfaits. Dans cette soci\u00e9t\u00e9 de l&rsquo;apparence, ce n&rsquo;est pas votre look qui doit compter, mais bien la valeur que vous g\u00e9n\u00e9rez. \u00bb Katalin Kariko,<\/p>\n","protected":false},"author":1,"featured_media":0,"comment_status":"open","ping_status":"closed","sticky":false,"template":"","format":"standard","meta":{"footnotes":""},"categories":[1],"tags":[65,126,35],"class_list":["post-10849","post","type-post","status-publish","format-standard","hentry","category-motdujour","tag-etats-unis","tag-pandemie","tag-sciences"],"_links":{"self":[{"href":"https:\/\/lemotdujour.fr\/index.php?rest_route=\/wp\/v2\/posts\/10849","targetHints":{"allow":["GET"]}}],"collection":[{"href":"https:\/\/lemotdujour.fr\/index.php?rest_route=\/wp\/v2\/posts"}],"about":[{"href":"https:\/\/lemotdujour.fr\/index.php?rest_route=\/wp\/v2\/types\/post"}],"author":[{"embeddable":true,"href":"https:\/\/lemotdujour.fr\/index.php?rest_route=\/wp\/v2\/users\/1"}],"replies":[{"embeddable":true,"href":"https:\/\/lemotdujour.fr\/index.php?rest_route=%2Fwp%2Fv2%2Fcomments&post=10849"}],"version-history":[{"count":12,"href":"https:\/\/lemotdujour.fr\/index.php?rest_route=\/wp\/v2\/posts\/10849\/revisions"}],"predecessor-version":[{"id":14935,"href":"https:\/\/lemotdujour.fr\/index.php?rest_route=\/wp\/v2\/posts\/10849\/revisions\/14935"}],"wp:attachment":[{"href":"https:\/\/lemotdujour.fr\/index.php?rest_route=%2Fwp%2Fv2%2Fmedia&parent=10849"}],"wp:term":[{"taxonomy":"category","embeddable":true,"href":"https:\/\/lemotdujour.fr\/index.php?rest_route=%2Fwp%2Fv2%2Fcategories&post=10849"},{"taxonomy":"post_tag","embeddable":true,"href":"https:\/\/lemotdujour.fr\/index.php?rest_route=%2Fwp%2Fv2%2Ftags&post=10849"}],"curies":[{"name":"wp","href":"https:\/\/api.w.org\/{rel}","templated":true}]}}