{"id":1084,"date":"2015-04-20T02:00:00","date_gmt":"2015-04-19T22:00:00","guid":{"rendered":"http:\/\/lemotdujour.fr\/?p=1084"},"modified":"2017-05-08T13:25:25","modified_gmt":"2017-05-08T11:25:25","slug":"lundi-20-avril-2015","status":"publish","type":"post","link":"https:\/\/lemotdujour.fr\/?p=1084","title":{"rendered":"Lundi 20 avril 2015"},"content":{"rendered":"<div class=\"mdjDate\">Lundi 20 avril 2015<\/div>\n<div class=\"mdjTexte\">\u00ab Comme tu as de grandes oreilles, grand-m\u00e8re\u00a0! <br \/>C\u2019est pour mieux t\u2019entendre. \u00bb<\/div>\n<div class=\"mdjAuteur\">Charles Perrault<br \/>Le petit chaperon rouge, dialogue avec le loup<\/div>\n<div class=\"mdjComplements\">Que dire sur la loi sur le renseignement actuellement en d\u00e9bat \u00e0 l&rsquo;assembl\u00e9e nationale ?<\/div>\n<div class=\"mdjComplements\">Une chose est positive, cette loi est largement d\u00e9battue sur l&rsquo;espace m\u00e9diatique.<\/div>\n<div class=\"mdjComplements\">Une chose est s\u00fbre, nous sommes menac\u00e9s par des groupes hostiles dont un des moyens utilis\u00e9s pour porter leur message, est de tuer des fran\u00e7ais comme vous et moi. Et si nous appartenons \u00e0 la communaut\u00e9 juive la menace est encore augment\u00e9e.<\/div>\n<div class=\"mdjComplements\">Il faut donc que nous nous prot\u00e9gions.<\/div>\n<div class=\"mdjComplements\">Vous avez la parole de la d\u00e9fense de la loi<strong> <\/strong>Jean-Jacques Urvoas, d\u00e9put\u00e9 PS du Finist\u00e8re, Pr\u00e9sident de la commission des lois de l&rsquo;Assembl\u00e9e nationale et rapporteur du projet de loi sur le renseignement &gt; <a href=\"http:\/\/www.franceinter.fr\/emission-le-79-jean-jacques-urvoas-la-menace-ne-vient-pas-des-services\">http:\/\/www.franceinter.fr\/emission-le-79-jean-jacques-urvoas-la-menace-ne-vient-pas-des-services<\/a>. Je crois qu&rsquo;on peut r\u00e9sumer son propos par l&rsquo;affirmation que\u00a0 la loi va encadrer des pratiques qui existent d\u00e9j\u00e0 et donc apporter plus de transparence dans ce domaine d\u00e9licat des \u00e9coutes des gens.<\/div>\n<div class=\"mdjComplements\">Et puis la parole de l&rsquo;accusation avec la voix d&rsquo;Edwy Plenel &gt; <a href=\"http:\/\/www.franceculture.fr\/emission-le-monde-selon-edwy-plenel-les-dangers-de-la-loi-sur-le-renseignement-2015-04-16\">http:\/\/www.franceculture.fr\/emission-le-monde-selon-edwy-plenel-les-dangers-de-la-loi-sur-le-renseignement-2015-04-16<\/a><\/div>\n<div class=\"mdjComplements\">Enfin, des points de vue contradictoires dans les matins de France Culture &gt; <a href=\"http:\/\/www.franceculture.fr\/emission-les-matins-projet-de-loi-sur-le-renseignement-une-prevention-liberticide-2015-04-15\">http:\/\/www.franceculture.fr\/emission-les-matins-projet-de-loi-sur-le-renseignement-une-prevention-liberticide-2015-04-15<\/a><\/div>\n<div class=\"mdjComplements\">Je vais vous donner mon \u00e9clairage en 3 points :<\/div>\n<div class=\"mdjComplements\"><strong>1\u00b0<\/strong> D&rsquo;abord par un propos venu du XVIII\u00e8me si\u00e8cle o\u00f9 en Occident le combat pour la libert\u00e9 n&rsquo;\u00e9tait pas acquis : Benjamin Franklin, l&rsquo;un des P\u00e8res fondateurs des \u00c9tats-Unis (1706-1790), l&rsquo;a dit en une phrase : \u00ab Un peuple pr\u00eat \u00e0 sacrifier un peu de libert\u00e9 pour un peu de s\u00e9curit\u00e9 ne m\u00e9rite ni l&rsquo;une ni l&rsquo;autre, et finit par perdre les deux.<strong> <\/strong>\u00bb. (<em>Edgar Morin a cit\u00e9 ce mot dans cette traduction, j&rsquo;ai lu des contestations qui rapportent que le propos exact en anglais serait\u00a0 : \u00ab Those who would give up essential Liberty, to purchase a little temporary Safety, deserve neither Liberty nor Safety<\/em><strong><em> <\/em><\/strong><em>\u00bb et dont la traduction serait plut\u00f4t \u00abCeux qui donnerait une libert\u00e9 essentielle, pour acheter un peu de s\u00e9curit\u00e9 temporaire ne m\u00e9ritent ni la libert\u00e9 ni la s\u00e9curit\u00e9<\/em><strong> <\/strong>\u00bb.<em> <\/em>)<\/div>\n<div class=\"mdjComplements\"><strong>2\u00b0 <\/strong>Quand on se replonge dans les faits historiques, qu&rsquo;observe-t-on ? Les plus grands crimes, les plus atroces, les plus massifs, les plus grandes oppressions, menaces contre la libert\u00e9 et la s\u00e9curit\u00e9 ont \u00e9t\u00e9 commis par des Etats et les tyrans qui s&rsquo;\u00e9taient empar\u00e9s du pouvoir politique au sein de ces Etats. La m\u00e9daille d&rsquo;or ne peut \u00eatre obtenu par des individus m\u00eame Jack l&rsquo;\u00e9ventreur, ni par des groupes mafieux m\u00eame Al Capone, ni par des groupes terroristes que ce soit la bande \u00e0 Baader, les Brigades Rouges, Action Directe ou m\u00eame les FARCs de Colombie pour des r\u00e9f\u00e9rences qui nous parlent, mais aussi <a href=\"http:\/\/ledroitcriminel.free.fr\/le_phenomene_criminel\/les_agissements_criminels\/secte_assassins.htm\">&lt;La secte des assassins qui avait fait du meurtre un moyen normal pour d\u00e9fendre ses th\u00e8ses&gt;_<\/a>pour un exemple plus ancien, plus durable dans son existence et dont les victimes furent plus nombreuses. <\/div>\n<div class=\"mdjComplements\">Est-il n\u00e9cessaire de vous rappeler certains crimes d&rsquo;Etat : l&rsquo;Allemagne nazie, l&rsquo;URSS Stalinienne, la Chine mao\u00efste et encore actuelle, l&#8217;empire ottoman des jeunes turcs, le Cambodge de Pol pot, le Rwanda des extr\u00e9mistes hutus, l&rsquo;Ouganda d&rsquo;Idi Amin Dada et aussi la France de P\u00e9tain etc&#8230;<\/div>\n<div class=\"mdjComplements\">Quand on a cette exp\u00e9rience, il n&rsquo;y a qu&rsquo;une r\u00e9ponse possible : le contr\u00f4le ind\u00e9pendant des agissements de l&rsquo;Etat, les contres pouvoirs et les sanctions dissuasives contre ceux qui peuvent d\u00e9cider de telles mesures de surveillance.<\/div>\n<div class=\"mdjComplements\">A ce niveau, le compte n&rsquo;y est pas. Ainsi le juge sp\u00e9cialiste du terrorisme Marc Tr\u00e9vidic d\u00e9clare : \u00ab\u00a0Ces pouvoirs exorbitants se feront sans contr\u00f4le judiciaire [&#8230;]. Ne mentons pas aux Fran\u00e7ais en pr\u00e9sentant ce projet comme une loi antiterroriste. Il ouvre la voie \u00e0 la g\u00e9n\u00e9ralisation de m\u00e9thodes intrusives, hors du contr\u00f4le des juges judiciaires, pourtant garants des libert\u00e9s individuelles dans notre pays.\u00a0\u00bb\u00a0 &gt;<a href=\"http:\/\/www.lexpress.fr\/actualite\/projet-de-loi-sur-le-renseignement-les-reserves-du-juge-antiterroriste-marc-trevidic_1662838.html\">http:\/\/www.lexpress.fr\/actualite\/projet-de-loi-sur-le-renseignement-les-reserves-du-juge-antiterroriste-marc-trevidic_1662838.html<\/a><\/div>\n<div class=\"mdjComplements\">Jean-Jacques Urvoas r\u00e9pond : oui mais il y a contr\u00f4le par des juges administratifs. Mes \u00e9tudes de Droits m&rsquo;ont appris que le juge administratif, encore une particularit\u00e9 fran\u00e7aise, a su sanctionner avec fermet\u00e9 et ind\u00e9pendance des actes des autorit\u00e9s administratives. Mais nous parlons ici d&rsquo;autre chose : de d\u00e9cisions restreignant les libert\u00e9s prises ou couvertes par le Ministre de l&rsquo;Int\u00e9rieur, le Premier Ministre ou le Pr\u00e9sident de la R\u00e9publique et cela change tout.<\/div>\n<div class=\"mdjComplements\">Par ailleurs, dans un avis adopt\u00e9 \u00e0 l&rsquo;unanimit\u00e9 en Assembl\u00e9e pl\u00e9ni\u00e8re jeudi 16 avril, la Commission nationale consultative des droits de l&rsquo;homme (CNCDH) s&rsquo;alarme de la \u00ab surveillance de masse \u00bb permise par le projet de loi relatif au renseignement dont le vote final est pr\u00e9vu en urgence le 5 mai. Elle juge qu&rsquo;en l&rsquo;\u00e9tat, le projet est \u00ab susceptible de porter une atteinte grave \u00e0 l&rsquo;article 8 \u00bb de la Convention europ\u00e9enne des droits de l&rsquo;homme qui affirme \u00ab le droit au respect de la vie priv\u00e9e et familiale \u00bb. <a href=\"http:\/\/blogs.mediapart.fr\/edition\/libres-enfants-du-numerique\/article\/170415\/loi-renseignement-la-cncdh-salarme-dune-surveillance-de-masse\">Mediapart publie l&rsquo;int\u00e9gralit\u00e9 de cet avis\u00a0 qui appelle le gouvernement et les parlementaires \u00e0 \u00ab renforcer la garantie des libert\u00e9s publiques et des droits fondamentaux \u00bb.<\/a><\/div>\n<div class=\"mdjComplements\">Parce qu&rsquo;en effet cette loi pr\u00e9voit des \u00e9coutes de mani\u00e8re beaucoup plus large que les seuls faits de terrorisme.<\/div>\n<div class=\"mdjComplements\"><strong>3\u00b0<\/strong> Les pratiques en France<\/div>\n<div class=\"mdjComplements\">D&rsquo;abord un propos priv\u00e9 rapport\u00e9 par Olivier Duhamel dans cette excellente \u00e9mission d&rsquo;Europe 1<a href=\"http:\/\/www.europe1.fr\/mediacenter\/emissions\/mediapolis\/sons\/mediapolis-17-04-15-2431369\"> &lt;Mediapolis du 18 avril 2015&gt; <\/a>Bruno Lemaire a dit \u00ab\u00a0J&rsquo;ai \u00e9t\u00e9 directeur du Cabinet d&rsquo;un Premier Ministre. Je sais comment c&rsquo;est. Je peux vous dire qu&rsquo;avec cette loi, on \u00e9coute qui on veut, quand on veut, comme on veut\u00a0\u00bb. Vous trouverez cette phrase aux alentours de la 8\u00e8me minute de l&rsquo;enregistrement<\/div>\n<div class=\"mdjComplements\">Ensuite, je voudrais vous rappeler un exemple et un extrait vid\u00e9o qui dit tout de la France, du comportement politique et de la quasi absence de contre-pouvoirs en France.<\/div>\n<div class=\"mdjComplements\">Fran\u00e7ois Mitterrand avait une vie priv\u00e9e compliqu\u00e9e, comme a priori tous nos Chefs d&rsquo;Etat. Il avait une fille dont la m\u00e8re n&rsquo;\u00e9tait pas son \u00e9pouse. Il pensait que ce fait ne devait pas \u00eatre r\u00e9v\u00e9l\u00e9 aux fran\u00e7ais. Les journalistes de l&rsquo;\u00e9poque ont d&rsquo;ailleurs respect\u00e9 ce secret. Mais cela ne suffisait pas, le monarque r\u00e9publicain a ordonn\u00e9 qu&rsquo;on mette sur \u00e9coute un assez grand nombre de personnes.<\/div>\n<div class=\"mdjComplements\">Il a donc utilis\u00e9 les pouvoirs exorbitants de la R\u00e9publique pour des motifs strictement personnels et priv\u00e9s.<\/div>\n<div class=\"mdjComplements\">Je suis fonctionnaire des Imp\u00f4ts, si je vais consulter le dossier fiscal d&rsquo;un contribuable que je n&rsquo;ai pas vocation \u00e0 contr\u00f4ler, je suis sanctionn\u00e9. Si j&rsquo;utilise les moyens exorbitants que me donne la Loi pour r\u00e9aliser mon travail de contr\u00f4le pour des motifs priv\u00e9s, pour obtenir des avantages priv\u00e9s, dans le cadre par exemple d&rsquo;un divorce ou d&rsquo;un conflit priv\u00e9, je suis r\u00e9voqu\u00e9. Et c&rsquo;est normal.<\/div>\n<div class=\"mdjComplements\">Fran\u00e7ois Mitterrand aurait d\u00fb faire l\u2019objet d\u2019une proc\u00e9dure de r\u00e9vocation. Il n&rsquo;est pas possible d&rsquo;accepter que le Pr\u00e9sident utilise les outils destin\u00e9s \u00e0 d\u00e9fendre la s\u00e9curit\u00e9 nationale ou de pr\u00e9venir des crimes pour des motifs de convenance personnelle.<\/div>\n<div class=\"mdjComplements\">Il n&rsquo;existait pas de proc\u00e9dure pour ce faire \u00e0 l&rsquo;\u00e9poque, puisqu&rsquo;\u00e0 l&rsquo;\u00e9poque il ne pouvait \u00eatre mis en cause qu&rsquo;en cas de Haute Trahison.<\/div>\n<div class=\"mdjComplements\">Depuis la r\u00e9forme constitutionnelle du 23 f\u00e9vrier 2007, la r\u00e9daction de l&rsquo;article 68 de la Constitution dispose d\u00e9sormais : \u00ab\u00a0Le Pr\u00e9sident de la R\u00e9publique ne peut \u00eatre destitu\u00e9 qu&rsquo;en cas de manquement \u00e0 ses devoirs manifestement incompatible avec l&rsquo;exercice de son mandat.<strong> <\/strong>\u00bb<\/div>\n<div class=\"mdjComplements\">Enfin, malgr\u00e9 cet article pensez-vous vraiment qu&rsquo;un Pr\u00e9sident fran\u00e7ais\u00a0 qui agirait comme Mitterrand serait mis en cause ?<\/div>\n<div class=\"mdjComplements\">La vid\u00e9o que je vous annon\u00e7ais est une archive de L&rsquo;INA o\u00f9 des journalistes belges, parce qu&rsquo;il n&rsquo;y a pas de journaliste fran\u00e7ais qui ont os\u00e9 !, posaient des questions sur les \u00e9coutes dont on sait aujourd&rsquo;hui qu&rsquo;ils ont bien eu lieu.<\/div>\n<div class=\"mdjComplements\">D&rsquo;abord il nie \u00ab\u00a0Il n&rsquo;y a pas de syst\u00e8me d&rsquo;\u00e9coute, on n&rsquo;\u00e9coute rien ici.\u00a0\u00bb<\/div>\n<div class=\"mdjComplements\">Puis, il essaye de d\u00e9nigrer les questions, en essayant de faire passer l&rsquo;id\u00e9e que ce sont des questions futiles et relevant du journalisme de basse intelligence.<\/div>\n<div class=\"mdjComplements\">Au bout d&rsquo;une quatri\u00e8me question, il perd patience et finit \u00ab\u00a0notre conversation est termin\u00e9\u00a0\u00bb &lt;<a href=\"https:\/\/www.youtube.com\/watch?v=8KRLlkNNWvs\">https:\/\/www.youtube.com\/watch?v=8KRLlkNNWvs<\/a>&gt;<\/div>\n<div class=\"mdjComplements\">A tout prendre, je pr\u00e9f\u00e8re encore les Etats-Unis o\u00f9 le pr\u00e9sident Clinton a d\u00fb r\u00e9pondre de mani\u00e8re humble et modeste \u00e0 un Procureur qui l&rsquo;accusait d&rsquo;avoir menti sur une affaire sexuelle, parce que l\u00e0-bas il y a des contre-pouvoirs et que l\u00e0-bas, Clinton risquait vraiment d&rsquo;\u00eatre d\u00e9mis par la proc\u00e9dure d&rsquo;impeachment.<\/div>\n<div class=\"mdjComplements\">Malgr\u00e9 ses exc\u00e8s, je d\u00e9fends Jean-Marc-Bourdin qui est un vrai journaliste qui pousse ses invit\u00e9s dans les vrais retranchements et notamment Jean-Jacques Urvoas. Il rappelle aussi que les \u00e9coutes pr\u00e9vues ne sont pas limit\u00e9es aux seuls soup\u00e7ons de terrorisme. Plusieurs \u00e9changes tr\u00e8s savoureux mettent le d\u00e9put\u00e9 en grande difficult\u00e9 : Bourdin : \u00ab\u00a0Donc quand une manifestation s&rsquo;annoncera, vous allez mettre tous les organisateurs sous \u00e9coute ?\u00a0\u00bb Urvoas \u00ab\u00a0Bien s\u00fbr que non !\u00a0\u00bb Bourdin \u00ab\u00a0Ah bon ?\u00a0\u00bb.<\/div>\n<div class=\"mdjComplements\">Et pour le barrage de Sivens \u00ab\u00a0Vous allez bien mettre les participants sur \u00e9coute ?\u00a0\u00bb \u00ab\u00a0Urvoas \u00ab\u00a0mais non\u00a0\u00bb. Bourdin \u00ab\u00a0Ah bon ?\u00a0\u00bb \u00ab <a href=\"http:\/\/www.bfmtv.com\/mediaplayer\/video\/jean-jacques-urvoas-face-a-jean-jacques-bourdin-en-direct-498119.html&quot; \\t &quot;_blank\">http:\/\/www.bfmtv.com\/mediaplayer\/video\/jean-jacques-urvoas-face-a-jean-jacques-bourdin-en-direct-498119.html<\/a><\/div>\n<div class=\"mdjComplements\">Il faut donc tout un autre cadre juridique et un vrai contr\u00f4le avec des sanctions, non seulement des autorit\u00e9s administratives mais aussi des plus hautes autorit\u00e9s politiques de l&rsquo;Etat pour que ces restrictions \u00e0 la Libert\u00e9 puissent \u00eatre acceptables et ma\u00eetris\u00e9es.<\/div>\n","protected":false},"excerpt":{"rendered":"<p>Lundi 20 avril 2015 \u00ab Comme tu as de grandes oreilles, grand-m\u00e8re\u00a0! C\u2019est pour mieux t\u2019entendre. \u00bb Charles PerraultLe petit chaperon rouge, dialogue avec le loup Que dire sur la loi sur le renseignement actuellement en d\u00e9bat \u00e0 l&rsquo;assembl\u00e9e nationale<\/p>\n","protected":false},"author":1,"featured_media":0,"comment_status":"closed","ping_status":"closed","sticky":false,"template":"","format":"standard","meta":{"footnotes":""},"categories":[1],"tags":[],"class_list":["post-1084","post","type-post","status-publish","format-standard","hentry","category-motdujour"],"_links":{"self":[{"href":"https:\/\/lemotdujour.fr\/index.php?rest_route=\/wp\/v2\/posts\/1084","targetHints":{"allow":["GET"]}}],"collection":[{"href":"https:\/\/lemotdujour.fr\/index.php?rest_route=\/wp\/v2\/posts"}],"about":[{"href":"https:\/\/lemotdujour.fr\/index.php?rest_route=\/wp\/v2\/types\/post"}],"author":[{"embeddable":true,"href":"https:\/\/lemotdujour.fr\/index.php?rest_route=\/wp\/v2\/users\/1"}],"replies":[{"embeddable":true,"href":"https:\/\/lemotdujour.fr\/index.php?rest_route=%2Fwp%2Fv2%2Fcomments&post=1084"}],"version-history":[{"count":1,"href":"https:\/\/lemotdujour.fr\/index.php?rest_route=\/wp\/v2\/posts\/1084\/revisions"}],"predecessor-version":[{"id":1085,"href":"https:\/\/lemotdujour.fr\/index.php?rest_route=\/wp\/v2\/posts\/1084\/revisions\/1085"}],"wp:attachment":[{"href":"https:\/\/lemotdujour.fr\/index.php?rest_route=%2Fwp%2Fv2%2Fmedia&parent=1084"}],"wp:term":[{"taxonomy":"category","embeddable":true,"href":"https:\/\/lemotdujour.fr\/index.php?rest_route=%2Fwp%2Fv2%2Fcategories&post=1084"},{"taxonomy":"post_tag","embeddable":true,"href":"https:\/\/lemotdujour.fr\/index.php?rest_route=%2Fwp%2Fv2%2Ftags&post=1084"}],"curies":[{"name":"wp","href":"https:\/\/api.w.org\/{rel}","templated":true}]}}