{"id":10831,"date":"2021-03-04T00:15:00","date_gmt":"2021-03-03T23:15:00","guid":{"rendered":"http:\/\/lemotdujour.fr\/?p=10831"},"modified":"2021-03-04T15:10:48","modified_gmt":"2021-03-04T14:10:48","slug":"jeudi-4-mars-2021","status":"publish","type":"post","link":"https:\/\/lemotdujour.fr\/?p=10831","title":{"rendered":"Jeudi 4 mars 2021"},"content":{"rendered":"<div class=\"mdjTexte\">\u00ab Chaque intelligence individuelle na\u00eet de la coop\u00e9ration de milliards de neurones, chaque intelligence collective na\u00eet de la coop\u00e9ration de nombreux individus. \u00bb<\/div>\n<div class=\"mdjAuteur\">Edgar Morin<\/div>\n<p><span style=\"color: #777777; font-family: Arial;\">Pour ne rien cacher, l\u2019\u00e9criture quotidienne du mot du jour n\u2019est pas facilit\u00e9e par le t\u00e9l\u00e9travail que je pratique, bien au contraire. <\/span><\/p>\n<p><span style=\"color: #777777; font-family: Arial;\">Cela devient m\u00eame parfois tr\u00e8s compliqu\u00e9 pour le finaliser \u00e0 une heure raisonnable. <\/span><\/p>\n<p><span style=\"color: #777777; font-family: Arial;\">Aujourd\u2019hui, je me suis lanc\u00e9 dans une r\u00e9daction d\u2019un mot du jour que je ne suis pas en mesure de terminer pour demain matin. Alors, j\u2019ai pens\u00e9 partager une histoire que m\u2019a relat\u00e9 Annie, il y a quelques semaines. J\u2019ai aussi trouv\u00e9 cette m\u00eame histoire sur plusieurs r\u00e9seaux sociaux. Elle est tr\u00e8s simple et me semble pleine d\u2019enseignement.<\/span><\/p>\n<p><span style=\"color: #777777; font-family: Arial;\"><img loading=\"lazy\" decoding=\"async\" class=\"wp-image-10833 alignleft\" src=\"https:\/\/lemotdujour.fr\/wp-content\/uploads\/2021\/03\/030321_2215_Jeudi4mars21.png\" alt=\"\" width=\"426\" height=\"283\" srcset=\"https:\/\/lemotdujour.fr\/wp-content\/uploads\/2021\/03\/030321_2215_Jeudi4mars21.png 512w, https:\/\/lemotdujour.fr\/wp-content\/uploads\/2021\/03\/030321_2215_Jeudi4mars21-300x199.png 300w\" sizes=\"auto, (max-width: 426px) 100vw, 426px\" \/>Un jour un professeur a amen\u00e9 des ballons \u00e0 l\u2019\u00e9cole. Et, il a demand\u00e9 aux enfants de les gonfler puis que chacun \u00e9crive son nom sur un ballon.<\/span><\/p>\n<p><span style=\"color: #777777; font-family: Arial;\">Ensuite, il les a m\u00e9lang\u00e9s et jet\u00e9s au hasard dans le corridor. Apr\u00e8s, le professeur leur a donn\u00e9 comme mission de trouver le ballon sur lequel leur nom \u00e9tait \u00e9crit et leur a accord\u00e9 cinq minutes. <\/span><\/p>\n<p><span style=\"color: #777777; font-family: Arial;\">Les enfants qui \u00e9taient tr\u00e8s nombreux allaient dans tous les sens, manipulaient les ballons les uns apr\u00e8s les autres. Au bout de cinq minutes quasi personne n\u2019avait trouv\u00e9 son ballon. <\/span><\/p>\n<p><span style=\"color: #777777; font-family: Arial;\">Alors, le professeur a r\u00e9it\u00e9r\u00e9 la m\u00eame exp\u00e9rience : jeter au hasard tous les ballons dans le corridor. Mais il a donn\u00e9 une autre consigne : chacun devait simplement prendre le ballon le plus proche qu\u2019il trouvait puis le donner \u00e0 la personne dont le nom y \u00e9tait \u00e9crit. En moins de deux minutes, tous les enfants avaient r\u00e9cup\u00e9r\u00e9 leur ballon.<\/span><\/p>\n<p><span style=\"color: #777777; font-family: Arial;\">Que nous dit cette histoire ? <\/span><\/p>\n<p><span style=\"color: #777777; font-family: Arial;\">Probablement que la coop\u00e9ration est plus efficace que la comp\u00e9tition. <\/span><\/p>\n<p><span style=\"color: #777777; font-family: Arial;\">Alors il faut trouver un exergue. Heureusement Edgar Morin tweete des paroles de sagesse. Ainsi le 8 d\u00e9cembre 2020, il a \u00e9crit :<\/span><\/p>\n<p style=\"margin-left: 28pt;\"><span style=\"color: #c00000; font-family: Arial;\">\u00ab Chaque intelligence individuelle na\u00eet de la coop\u00e9ration de milliards de neurones, chaque intelligence collective na\u00eet de la coop\u00e9ration de nombreux individus. \u00bb <\/span><\/p>\n<p><img loading=\"lazy\" decoding=\"async\" class=\"alignnone size-full wp-image-10834\" src=\"https:\/\/lemotdujour.fr\/wp-content\/uploads\/2021\/03\/030321_2215_Jeudi4mars22.png\" alt=\"\" width=\"818\" height=\"358\" srcset=\"https:\/\/lemotdujour.fr\/wp-content\/uploads\/2021\/03\/030321_2215_Jeudi4mars22.png 818w, https:\/\/lemotdujour.fr\/wp-content\/uploads\/2021\/03\/030321_2215_Jeudi4mars22-300x131.png 300w, https:\/\/lemotdujour.fr\/wp-content\/uploads\/2021\/03\/030321_2215_Jeudi4mars22-768x336.png 768w\" sizes=\"auto, (max-width: 818px) 100vw, 818px\" \/><\/p>\n<p><span style=\"color: #777777; font-family: Arial;\">Une petite histoire\u2026<\/span><br \/>\n<span style=\"color: #800000;\">&lt;1537&gt;<\/span><\/p>\n","protected":false},"excerpt":{"rendered":"<p>\u00ab Chaque intelligence individuelle na\u00eet de la coop\u00e9ration de milliards de neurones, chaque intelligence collective na\u00eet de la coop\u00e9ration de nombreux individus. \u00bb Edgar Morin Pour ne rien cacher, l\u2019\u00e9criture quotidienne du mot du jour n\u2019est pas facilit\u00e9e par le<\/p>\n","protected":false},"author":1,"featured_media":0,"comment_status":"open","ping_status":"closed","sticky":false,"template":"","format":"standard","meta":{"footnotes":""},"categories":[1],"tags":[197,6],"class_list":["post-10831","post","type-post","status-publish","format-standard","hentry","category-motdujour","tag-cooperation","tag-philosophie"],"_links":{"self":[{"href":"https:\/\/lemotdujour.fr\/index.php?rest_route=\/wp\/v2\/posts\/10831","targetHints":{"allow":["GET"]}}],"collection":[{"href":"https:\/\/lemotdujour.fr\/index.php?rest_route=\/wp\/v2\/posts"}],"about":[{"href":"https:\/\/lemotdujour.fr\/index.php?rest_route=\/wp\/v2\/types\/post"}],"author":[{"embeddable":true,"href":"https:\/\/lemotdujour.fr\/index.php?rest_route=\/wp\/v2\/users\/1"}],"replies":[{"embeddable":true,"href":"https:\/\/lemotdujour.fr\/index.php?rest_route=%2Fwp%2Fv2%2Fcomments&post=10831"}],"version-history":[{"count":7,"href":"https:\/\/lemotdujour.fr\/index.php?rest_route=\/wp\/v2\/posts\/10831\/revisions"}],"predecessor-version":[{"id":10853,"href":"https:\/\/lemotdujour.fr\/index.php?rest_route=\/wp\/v2\/posts\/10831\/revisions\/10853"}],"wp:attachment":[{"href":"https:\/\/lemotdujour.fr\/index.php?rest_route=%2Fwp%2Fv2%2Fmedia&parent=10831"}],"wp:term":[{"taxonomy":"category","embeddable":true,"href":"https:\/\/lemotdujour.fr\/index.php?rest_route=%2Fwp%2Fv2%2Fcategories&post=10831"},{"taxonomy":"post_tag","embeddable":true,"href":"https:\/\/lemotdujour.fr\/index.php?rest_route=%2Fwp%2Fv2%2Ftags&post=10831"}],"curies":[{"name":"wp","href":"https:\/\/api.w.org\/{rel}","templated":true}]}}