{"id":1082,"date":"2015-04-17T02:00:00","date_gmt":"2015-04-16T22:00:00","guid":{"rendered":"http:\/\/lemotdujour.fr\/?p=1082"},"modified":"2024-05-13T00:08:31","modified_gmt":"2024-05-12T22:08:31","slug":"vendredi-17-avril-2015","status":"publish","type":"post","link":"https:\/\/lemotdujour.fr\/?p=1082","title":{"rendered":"Vendredi 17 avril 2015"},"content":{"rendered":"<div class=\"mdjDate\">Vendredi 17 avril 2015<\/div>\n<div class=\"mdjTexte\">\u00ab Que les idiots disent des idioties, c&rsquo;est comme les pommiers qui produisent des pommes, c&rsquo;est dans la nature.<br \/>\nLe probl\u00e8me, c&rsquo;est qu&rsquo;il y ait des lecteurs pour les prendre au s\u00e9rieux. \u00bb<\/div>\n<div class=\"mdjAuteur\">Simon Leys<\/div>\n<p><span style=\"color: #777777; font-family: arial;\"><strong>Simon Leys<\/strong>, nom de plume de Pierre Ryckmans, est un \u00e9crivain belge, n\u00e9 en 1935 et <a href=\"http:\/\/larepubliquedeslivres.com\/pour-saluer-pierre-ryckmans-et-simon-leys\/\"><span style=\"color: #0000ff;\">mort le 11 ao\u00fbt 2014 en Australie<\/span><\/a><span style=\"color: #0000ff;\">.<\/span><\/span><\/p>\n<p><span style=\"color: #777777; font-family: arial;\">Sa grande \u0153uvre fut de d\u00e9noncer la Chine mao\u00efste, son grand combat fut celui contre les intellectuels mao\u00efstes qui \u00e9taient tr\u00e8s nombreux \u00e0 l&rsquo;\u00e9poque et qui ont tent\u00e9 par tous les moyens de le d\u00e9nigrer.<\/span><\/p>\n<p><span style=\"color: #777777; font-family: arial;\"><a href=\"http:\/\/www.lepoint.fr\/video\/video-pierre-ryckmans-dit-simon-leys-est-mort-11-08-2014-1852974_738.php\"><span style=\"color: #0000ff;\">Il a eu cette phrase, mot du jour d\u2019aujourd\u2019hui, dans une \u00e9mission Apostrophes de Bernard Pivot de 1983 <\/span><\/a>o\u00f9 il dit que le plus grave ce n&rsquo;est pas que des gens qui ont le pouvoir m\u00e9diatique ou litt\u00e9raire,\u00a0 \u00e9nonce des contre-v\u00e9rit\u00e9s mais le plus grave c&rsquo;est qu&rsquo;il existe de nombreuses personnes qui les croient et consid\u00e8rent que c&rsquo;est la v\u00e9rit\u00e9.<\/span><\/p>\n<p><span style=\"color: #777777; font-family: arial;\"><img loading=\"lazy\" decoding=\"async\" class=\"size-full wp-image-15605 alignleft\" src=\"https:\/\/lemotdujour.fr\/wp-content\/uploads\/2015\/04\/Simon-Leys.jpg\" alt=\"\" width=\"300\" height=\"332\" srcset=\"https:\/\/lemotdujour.fr\/wp-content\/uploads\/2015\/04\/Simon-Leys.jpg 300w, https:\/\/lemotdujour.fr\/wp-content\/uploads\/2015\/04\/Simon-Leys-271x300.jpg 271w\" sizes=\"auto, (max-width: 300px) 100vw, 300px\" \/>En 1971, sous le pseudonyme de Simon Leys, il publia un essai, <strong>\u00abLes Habits neufs du pr\u00e9sident Mao<\/strong>\u00bb, d\u00e9nonciation de la R\u00e9volution culturelle chinoise. Il sera imm\u00e9diatement la cible d&rsquo;une grande partie des intellectuels parisiens dont beaucoup \u00e9taient mao\u00efstes.Il sera attaqu\u00e9\u00a0 par la revue \u00abTel Quel\u00bb dont Philippe Sollers est un des principaux animateurs et \u00e9galement le journal \u00abLe Monde\u00bb.<\/span><\/p>\n<p><span style=\"color: #777777; font-family: arial;\">A l&rsquo;\u00e9poque, il \u00e9tait assez isol\u00e9, soutenu cependant par des intellectuels comme <strong>Jean-Fran\u00e7ois Revel et Ren\u00e9 \u00c9tiemble.<\/strong> <\/span><\/p>\n<p><span style=\"color: #777777; font-family: arial;\">Ils \u00e9taient peu nombreux \u00e0 avoir raison devant la cohorte de ceux qui consid\u00e9raient la Chine de Mao comme un eldorado de la pens\u00e9e et de l&rsquo;accomplissement humain.Sartre, Foucault, Barthes, Kristeva \u00e9taient dans le camp des idiots.<\/span><\/p>\n<p><span style=\"color: #777777; font-family: arial;\">J&rsquo;ai choisi cette phrase comme mot du jour, parce que nous sommes le 17 avril 2015 et qu&rsquo;<strong>il y a 40 ans : le 17 avril 1975, alli\u00e9s de la Chine, les Khmers rouges entraient dans Phnom Penh.<\/strong><a href=\"http:\/\/www.lexpress.fr\/culture\/livre\/l-aveuglement-des-intellectuels-face-au-genocide-khmer-rouge_1069522.html\"><span style=\"color: #0000ff;\">&lt;Et vous lirez dans cet article de 2012 de l&rsquo;Express le m\u00eame aveuglement d&rsquo;intellectuels, souvent les m\u00eames mao\u00efstes, face aux -crimes des khmers rouges&gt;<\/span><\/a><\/span><\/p>\n<p><span style=\"color: #777777; font-family: arial;\">Les estimations des victimes varient entre 740 000 et 2 200 000 morts sur une population d&rsquo;un peu moins de 8 000 000 habitants.Vous lirez les noms de ces intellectuels qui ont dit des idioties : Noam Chomsky, Jean Lacouture, Verg\u00e9s, Serge July et bien d&rsquo;autres.<\/span><\/p>\n<p><span style=\"color: #777777; font-family: arial;\">Le Monde et la plupart des organes de presse, y compris Le Nouvel Observateur seront du mauvais c\u00f4t\u00e9.<\/span><\/p>\n<p><span style=\"color: #777777; font-family: arial;\">La Une de Lib\u00e9ration, le 17 avril 1975 s&rsquo;intitule<a href=\"http:\/\/cambodge.blogs.liberation.fr\/2009\/10\/15\/libe-les-maos-et-les-khmers-rouges\/\"> <span style=\"color: #0000ff;\"><em>\u00ab<\/em><\/span><span style=\"color: #0000ff;\">Le drapeau de la r\u00e9sistance flotte sur Phnom Penh\u00bb<\/span><br \/>\n<\/a><a href=\"http:\/\/cambodge.blogs.liberation.fr\/2009\/10\/15\/libe-les-maos-et-les-khmers-rouges\/\"><span style=\"color: #777777; font-family: arial;\">et quelques jours apr\u00e8s <em>\u00ab<\/em><\/span><\/a><a href=\"http:\/\/cambodge.blogs.liberation.fr\/2009\/10\/15\/libe-les-maos-et-les-khmers-rouges\/\"><span style=\"color: #0000ff;\">7 jours de f\u00eate pour une lib\u00e9ration<\/span><\/a><a href=\"http:\/\/cambodge.blogs.liberation.fr\/2009\/10\/15\/libe-les-maos-et-les-khmers-rouges\/\">.\u00bb<\/a><\/span><\/p>\n<p><span style=\"color: #777777; font-family: arial;\">Simon Leys, avait raison \u00e0 l&rsquo;\u00e9poque contre beaucoup.<\/span><\/p>\n<p><span style=\"color: #777777; font-family: arial;\">La question qu&rsquo;il est l\u00e9gitime de se poser : quelles sont les idioties d&rsquo;aujourd&rsquo;hui ? et qui sont les Simon Leys ?<\/span><\/p>\n<p><span style=\"color: #777777; font-family: arial;\">Les idiots devraient \u00eatre plus faciles \u00e0 reconna\u00eetre : on les voit souvent et ils parlent avec l&rsquo;assurance de la v\u00e9rit\u00e9 r\u00e9v\u00e9l\u00e9e.<\/span><\/p>\n<p><span style=\"color: #800000;\">&lt;478&gt;<\/span><\/p>\n","protected":false},"excerpt":{"rendered":"<p>Vendredi 17 avril 2015 \u00ab Que les idiots disent des idioties, c&rsquo;est comme les pommiers qui produisent des pommes, c&rsquo;est dans la nature. Le probl\u00e8me, c&rsquo;est qu&rsquo;il y ait des lecteurs pour les prendre au s\u00e9rieux. \u00bb Simon Leys Simon<\/p>\n","protected":false},"author":1,"featured_media":0,"comment_status":"closed","ping_status":"closed","sticky":false,"template":"","format":"standard","meta":{"footnotes":""},"categories":[1],"tags":[70,158,15],"class_list":["post-1082","post","type-post","status-publish","format-standard","hentry","category-motdujour","tag-chine","tag-communisme","tag-france"],"_links":{"self":[{"href":"https:\/\/lemotdujour.fr\/index.php?rest_route=\/wp\/v2\/posts\/1082","targetHints":{"allow":["GET"]}}],"collection":[{"href":"https:\/\/lemotdujour.fr\/index.php?rest_route=\/wp\/v2\/posts"}],"about":[{"href":"https:\/\/lemotdujour.fr\/index.php?rest_route=\/wp\/v2\/types\/post"}],"author":[{"embeddable":true,"href":"https:\/\/lemotdujour.fr\/index.php?rest_route=\/wp\/v2\/users\/1"}],"replies":[{"embeddable":true,"href":"https:\/\/lemotdujour.fr\/index.php?rest_route=%2Fwp%2Fv2%2Fcomments&post=1082"}],"version-history":[{"count":4,"href":"https:\/\/lemotdujour.fr\/index.php?rest_route=\/wp\/v2\/posts\/1082\/revisions"}],"predecessor-version":[{"id":15607,"href":"https:\/\/lemotdujour.fr\/index.php?rest_route=\/wp\/v2\/posts\/1082\/revisions\/15607"}],"wp:attachment":[{"href":"https:\/\/lemotdujour.fr\/index.php?rest_route=%2Fwp%2Fv2%2Fmedia&parent=1082"}],"wp:term":[{"taxonomy":"category","embeddable":true,"href":"https:\/\/lemotdujour.fr\/index.php?rest_route=%2Fwp%2Fv2%2Fcategories&post=1082"},{"taxonomy":"post_tag","embeddable":true,"href":"https:\/\/lemotdujour.fr\/index.php?rest_route=%2Fwp%2Fv2%2Ftags&post=1082"}],"curies":[{"name":"wp","href":"https:\/\/api.w.org\/{rel}","templated":true}]}}