{"id":10816,"date":"2021-03-02T00:21:50","date_gmt":"2021-03-01T23:21:50","guid":{"rendered":"http:\/\/lemotdujour.fr\/?p=10816"},"modified":"2021-03-02T00:21:51","modified_gmt":"2021-03-01T23:21:51","slug":"mardi-2-mars-2021","status":"publish","type":"post","link":"https:\/\/lemotdujour.fr\/?p=10816","title":{"rendered":"Mardi 2 mars 2021"},"content":{"rendered":"<div class=\"mdjTexte\">\u00ab\u00a0Mais je pense que si les vaccins \u00e9taient d\u00e9j\u00e0 des biens publics mondiaux, il n&rsquo;y aurait toujours pas de vaccin.\u00a0\u00bb<\/div>\n<div class=\"mdjAuteur\">Hubert Vedrine<\/div>\n<p><span style=\"color: #777777; font-family: Arial;\">Aujourd&rsquo;hui, je voudrais partager les \u00e9changes tr\u00e8s int\u00e9ressants qu&rsquo;ont tenu les invit\u00e9s d&rsquo;Emilie Aubry dans son \u00e9mission <strong>\u00abl&rsquo;Esprit Public\u00bb,<\/strong> sur la situation sanitaire, les vaccins et la question de nos libert\u00e9s et des contraintes que nous acceptons ou que nous accepterons pour vivre dans un monde qui nous para\u00eetra plus acceptable\u00a0 : &lt;<a href=\"https:\/\/www.franceculture.fr\/emissions\/lesprit-public\/en-finir-avec-le-virus-un-choix-politique\"><span style=\"color: #0000ff;\">En finir avec le virus : un choix politique ?<\/span><\/a> &gt;. Cette partie de l&rsquo;\u00e9mission a dur\u00e9 30 minutes.<br \/>\n<\/span><\/p>\n<p><span style=\"color: #777777; font-family: Arial;\">Les invit\u00e9s \u00e9taient Hubert V\u00e9drine, Sylvie Kauffmann, Dominique Reyni\u00e9 et Aur\u00e9lie Filippetti.<br \/>\n<\/span><\/p>\n<p><span style=\"color: #777777; font-family: Arial;\">Beaucoup de questions ont \u00e9t\u00e9 abord\u00e9es notamment les difficult\u00e9s des campagnes de vaccination et la comparaison des performances entre les diff\u00e9rents \u00c9tats, ainsi que l&rsquo;in\u00e9galit\u00e9 plan\u00e9taire devant la vaccination.<br \/>\n<\/span><\/p>\n<p><span style=\"color: #777777; font-family: Arial;\">Deux points de vue m&rsquo;ont particuli\u00e8rement interpell\u00e9\u00a0:<br \/>\n<\/span><\/p>\n<ul>\n<li><span style=\"color: #777777; font-family: Arial;\">Le premier port\u00e9 par Hubert V\u00e9drine sur la prouesse d&rsquo;avoir \u00e9t\u00e9 capable de d\u00e9couvrir des vaccins en quelques mois et l&rsquo;organisation qui a permis cela.<br \/>\n<\/span><\/li>\n<li><span style=\"color: #777777; font-family: Arial;\">Le second point concerne nos libert\u00e9s et a \u00e9t\u00e9 avanc\u00e9 par Dominique Reyni\u00e9.<br \/>\n<\/span><\/li>\n<\/ul>\n<p><span style=\"color: #777777; font-family: Arial;\">Dans un cas comme dans l&rsquo;autre, il s&rsquo;agit d&rsquo;un questionnement, non d&rsquo;une quelconque v\u00e9rit\u00e9 qui serait r\u00e9v\u00e9l\u00e9e.<br \/>\n<\/span><\/p>\n<p><span style=\"color: #777777; font-family: Arial;\">La question de l&rsquo;\u00e9chec de l&rsquo;institut Pasteur a \u00e9t\u00e9 \u00e9voqu\u00e9e et Hubert V\u00e9drine a encha\u00een\u00e9 ainsi\u00a0:<br \/>\n<\/span><\/p>\n<p style=\"margin-left: 28pt;\"><span style=\"color: #c00000; font-family: Arial;\">\u00ab\u00a0L&rsquo;\u00e9chec de Pasteur \u00e9voque quelque chose qui m&rsquo;am\u00e8ne \u00e0 douter de l&rsquo;objectif de bien public mondial pour les vaccins que beaucoup \u00e9voque.<br \/>\n<\/span><span style=\"color: #c00000; font-family: Arial;\">Cet objectif, je ne peux pas le contester, c&rsquo;est une tr\u00e8s noble aspiration, tr\u00e8s justifi\u00e9e sur un plan humanitaire et plan\u00e9taire.<br \/>\n<\/span><\/p>\n<p style=\"margin-left: 28pt;\"><span style=\"color: #c00000; font-family: Arial;\">Mais je pense que si les vaccins \u00e9taient d\u00e9j\u00e0 des biens publics mondiaux, il n&rsquo;y aurait toujours pas de vaccin.<br \/>\n<\/span><span style=\"color: #c00000; font-family: Arial;\">Si c&rsquo;\u00e9tait un bien public mondial, je ne sais pas qui aurait financ\u00e9 la recherche, je ne sais pas qui aurait d\u00e9cid\u00e9, je ne sais pas qui aurait produit et qui aurait distribu\u00e9.<br \/>\n<\/span><span style=\"color: #c00000; font-family: Arial;\">C&rsquo;est la comp\u00e9tition capitalistique, c&rsquo;est l&rsquo;excitation de l&rsquo;investissement et il faut le reconna\u00eetre la d\u00e9cision \u00e9norme de Trump en mati\u00e8re de financement de recherche.\u00a0\u00bb<br \/>\n<\/span><\/p>\n<p><span style=\"color: #777777; font-family: Arial;\">Ce questionnement \u00e9videmment heurte ma zone de confort qui croit en la capacit\u00e9 de coop\u00e9rer des humains et de se d\u00e9vouer pour les causes humanitaires.<br \/>\n<\/span><\/p>\n<p><span style=\"color: #777777; font-family: Arial;\">Mon exp\u00e9rience de presque 40 ans de fonctionnaire de l\u2019\u00c9tat fran\u00e7ais me conduit cependant \u00e0 reconna\u00eetre que l&rsquo;administration et la force publique ont beaucoup de mal avec l&rsquo;innovation.<br \/>\n<\/span><\/p>\n<p><span style=\"color: #777777; font-family: Arial;\">Quand il s&rsquo;agit de r\u00e9aliser des proc\u00e9dures connues et des pratiques qui existent d\u00e9j\u00e0, la bureaucratie est capable d&rsquo;efficacit\u00e9 et de se mobiliser.<br \/>\n<\/span><\/p>\n<p><span style=\"color: #777777; font-family: Arial;\">Mais ce qui s&rsquo;est pass\u00e9 l\u00e0 est tout autre.<br \/>\n<\/span><\/p>\n<p><span style=\"color: #777777; font-family: Arial;\">D&rsquo;ailleurs le premier vaccin, n&rsquo;a pas b\u00e9n\u00e9fici\u00e9 de l&rsquo;apport d&rsquo;argent public dans la phase de recherche et de r\u00e9alisation\u00a0:<br \/>\n<\/span><\/p>\n<p><span style=\"color: #777777; font-family: Arial;\">Sur ce &lt;<span style=\"color: #0000ff;\"><a style=\"color: #0000ff;\" href=\"https:\/\/www.lci.fr\/sante\/covid-19-le-vaccin-de-pfizer-et-biontech-a-t-il-ete-developpe-avec-des-fonds-publics-comme-le-pretend-alexis-corbiere-2169516.html\">site<\/a><\/span>&gt; on lit<br \/>\n<\/span><\/p>\n<p style=\"margin-left: 28pt;\"><span style=\"color: #c00000; font-family: Arial;\">\u00ab\u00a0 Entre autres exemples, on y trouve la trace des financements accord\u00e9s \u00e0 Johnson &amp; Johnson en mars. Puis \u00e0 Moderna en avril ou encore les 1,2 milliard de dollars accord\u00e9s \u00e0 AstraZeneca. Mais aucune trace de Pfizer. Jusqu&rsquo;au 22 juillet. Date \u00e0 laquelle cette entreprise a bel et bien nou\u00e9 un accord avec les Etats-Unis. Non pas pour la recherche et le d\u00e9veloppement du vaccin mais uniquement pour sa distribution. \u00ab\u00a0Le gouvernement am\u00e9ricain a pass\u00e9 une commande initiale de 100 millions de doses pour 1,95 milliard de dollars et pourrait acqu\u00e9rir jusqu&rsquo;\u00e0 500 millions de doses additionnelles\u00a0\u00bb<br \/>\n<\/span><\/p>\n<p><span style=\"color: #777777; font-family: Arial;\">C&rsquo;est une entreprise capitalistique qui a lanc\u00e9 sa puissance de financement vers une entreprise innovante en qui elle avait confiance\u00a0:<br \/>\n<\/span><\/p>\n<p style=\"margin-left: 28pt;\"><span style=\"color: #c00000; font-family: Arial;\">\u00ab C&rsquo;est cette entreprise qui a pari\u00e9 sur le laboratoire allemand BioNtech. Et qui l&rsquo;a financ\u00e9. \u00ab\u00a0En gros, je leur ai ouvert mon carnet de ch\u00e8que pour qu&rsquo;ils ne puissent se soucier que des d\u00e9fis scientifiques, et de rien d&rsquo;autre\u00a0\u00bb avait ainsi expliqu\u00e9 le PDG de l&rsquo;entreprise, Albert Bourla. Interrog\u00e9 en septembre dernier par CBS, il pr\u00e9cisait qu&rsquo;il voulait par cette m\u00e9thode \u00ab\u00a0lib\u00e9rer\u00a0\u00bb ses chercheurs \u00ab\u00a0de toute bureaucratie\u00a0\u00bb. Tout en gardant sa soci\u00e9t\u00e9 \u00ab\u00a0hors de la politique\u00a0\u00bb.<br \/>\n<\/span><\/p>\n<p style=\"margin-left: 28pt;\"><span style=\"color: #c00000; font-family: Arial;\">Pfizer a inject\u00e9 lui-m\u00eame des sommes astronomiques dans le projet port\u00e9 par BioNTech. Le laboratoire \u00ab\u00a0recevra un paiement initial de 185 millions de dollars, dont environ 113 millions de dollars en prise de participation, et pourra par la suite recevoir des paiements d&rsquo;\u00e9tape, jusqu&rsquo;\u00e0 563 millions de dollars, soit un montant total potentiel de 748 millions de dollars\u00a0\u00bb, faisait savoir l&rsquo;entreprise dans un communiqu\u00e9. Car c&rsquo;est ce laboratoire allemand qui poss\u00e8de la technologie novatrice de l&rsquo;ARN messager (ARNm). Celle qui pr\u00e9sente notamment l&rsquo;avantage de pouvoir \u00eatre d\u00e9velopp\u00e9e rapidement, sans croissance cellulaire, et qui est au c\u0153ur du fonctionnement de ce candidat vaccin contre le Covid-19. On est bien dans un partenariat port\u00e9 par des int\u00e9r\u00eats priv\u00e9s. Qui ont d&rsquo;ailleurs permis au couple \u00e0 la t\u00eate de cette PME d&rsquo;environ 1.500 employ\u00e9s de faire leur entr\u00e9e dans le classement des 100 Allemands les plus riches.<br \/>\n<\/span><\/p>\n<p style=\"margin-left: 28pt;\"><span style=\"color: #c00000; font-family: Arial;\">La recherche de ce nouveau vaccin prometteur a donc essentiellement \u00e9t\u00e9 pay\u00e9e par son partenaire am\u00e9ricain, qui collabore avec BioNTech sur les vaccins contre la grippe depuis 20108. L&rsquo;Allemagne a toutefois elle aussi mis la main au porte-monnaie. Mais assez tardivement. Berlin a d\u00e9bloqu\u00e9 une aide totale de 375 millions d&rsquo;euros pour ce groupe le 15 septembre dernier, apr\u00e8s que celui-ci avait sollicit\u00e9 le gouvernement en juillet afin d&rsquo;acc\u00e9l\u00e9rer les capacit\u00e9s de fabrication et le d\u00e9veloppement du vaccin sur le march\u00e9 national.\u00a0\u00bb<br \/>\n<\/span><\/p>\n<p><span style=\"color: #777777; font-family: Arial;\">Une administration publique a beaucoup de mal \u00e0 l\u00e2cher autant d&rsquo;argent en se fondant uniquement sur une question de confiance et de pari.<br \/>\n<\/span><\/p>\n<p><span style=\"color: #777777; font-family: Arial;\">Ce que ces entreprises ont \u00e9t\u00e9 capables de faire est unique dans l&rsquo;histoire de l&rsquo;humanit\u00e9. Jamais on n&rsquo;a su mettre au point un vaccin avec un tel taux de r\u00e9ussite en si peu de temps.<br \/>\n<\/span><\/p>\n<p><span style=\"color: #777777; font-family: Arial;\">Mais pour ce faire il a fallu un financement gigantesque. \u00c9videmment il y a eu une part consid\u00e9rable de financement public mais qui a suivi des financements priv\u00e9s. Et l&rsquo;ensemble de l&rsquo;\u00e9laboration des vaccins a \u00e9t\u00e9 \u00e0 l&rsquo;initiative de partenaires priv\u00e9s, r\u00e9actifs, extr\u00eamement agiles.<br \/>\n<\/span><\/p>\n<p><span style=\"color: #777777; font-family: Arial;\">Le journal &lt;<a href=\"https:\/\/www.lesechos.fr\/industrie-services\/pharmacie-sante\/covid-5-chiffres-fous-sur-le-financement-des-vaccins-1269170\"><span style=\"color: #0000ff;\">Les Echos<\/span><\/a>&gt; donne un peu plus de pr\u00e9cisions sur le sujet du financement.<br \/>\n<\/span><\/p>\n<p><span style=\"color: #777777; font-family: Arial;\">La bureaucratie ne permet pas cette r\u00e9activit\u00e9. Or l&rsquo;administration publique n&rsquo;a pas su inventer, jusqu&rsquo;\u00e0 pr\u00e9sent, un autre mode d&rsquo;organisation que la bureaucratie<br \/>\n<\/span><\/p>\n<p><span style=\"color: #777777; font-family: Arial;\">C&rsquo;est pourquoi j&rsquo;ai peur que Hubert V\u00e9drine ait raison.<br \/>\n<\/span><\/p>\n<p><span style=\"color: #777777; font-family: Arial;\">Le second point concerne notre demande d&rsquo;efficacit\u00e9 et notre capacit\u00e9 \u00e0 accepter des contraintes de plus en plus fortes sur nos libert\u00e9s pour retrouver des marges de man\u0153uvre qui tourne beaucoup autour de la consommation m\u00eame si dans nos propos ce sont le plus souvent des objectifs plus nobles que nous d\u00e9signons.<br \/>\n<\/span><\/p>\n<p><span style=\"color: #777777; font-family: Arial;\">Dominique Reyni\u00e9 a tenu ce discours\u00a0:<br \/>\n<\/span><\/p>\n<p style=\"margin-left: 28pt;\"><span style=\"color: #c00000; font-family: Arial;\">\u00ab\u00a0La question de l&rsquo;efficacit\u00e9 se pose<br \/>\n<\/span><\/p>\n<p style=\"margin-left: 28pt;\"><span style=\"color: #c00000; font-family: Arial;\">La crise est plan\u00e9taire et globale. Cela peut \u00eatre tr\u00e8s long et ce temps-l\u00e0 est un temps de mutation des syst\u00e8mes d\u00e9mocratiques. Il fait de nos d\u00e9mocraties des r\u00e9gimes un peu plus autoritaires qu&rsquo;ils ne l&rsquo;\u00e9taient\u00a0\u00bb. [\u2026]<br \/>\n<\/span><\/p>\n<p style=\"margin-left: 28pt;\"><span style=\"color: #c00000; font-family: Arial;\">La Chine se pose en mod\u00e8le, avec un pouvoir plus contraignant et un contr\u00f4le beaucoup plus fort sur le comportement de ses administr\u00e9s.<br \/>\n<\/span><\/p>\n<p style=\"margin-left: 28pt;\"><span style=\"color: #c00000; font-family: Arial;\">A quoi sommes-nous pr\u00eat pour revenir \u00e0 la vie d&rsquo;avant\u00a0?\u00a0\u00bb<br \/>\n<\/span><\/p>\n<p><span style=\"color: #777777; font-family: Arial;\">Et Dominique Reyni\u00e9 pointe le doigt sur ce que cela signifie pour beaucoup : une vie de consommateur, non une vie de citoyen. C&rsquo;est une grande diff\u00e9rence :<br \/>\n<\/span><\/p>\n<p style=\"margin-left: 28pt;\"><span style=\"color: #c00000; font-family: Arial;\">\u00ab\u00a0Et nous comme nous sommes tous pris dans ces confinements et couvre-feu.<br \/>\n<\/span><span style=\"color: #c00000; font-family: Arial;\">Dans une situation comme la n\u00f4tre aujourd&rsquo;hui, on est en train de r\u00e9viser, chacune mentalement peut s&rsquo;observer \u00e0 le faire, \u00e0 la baisse nos exigences de libert\u00e9.<br \/>\n<\/span><span style=\"color: #c00000; font-family: Arial;\">On veut des marges pas forc\u00e9ment des libert\u00e9s.<br \/>\n<\/span><\/p>\n<p style=\"margin-left: 28pt;\"><span style=\"color: #c00000; font-family: Arial;\">Le risque qu&rsquo;on se r\u00e9solve \u00e0 dire qu&rsquo;avec nos grandes libert\u00e9s, on ne va pas y arriver alors choisissons un r\u00e9gime politique dans lequel on aura plus de marge mais moins de libert\u00e9 substantielle.<br \/>\n<\/span><\/p>\n<p style=\"margin-left: 28pt;\"><span style=\"color: #c00000; font-family: Arial;\">On acceptera de pr\u00e9senter son carnet de vaccination, \u00ab\u00a0son QR code\u00a0\u00bb pour aller au concert, on va consommer, on va se balader, on ira au restaurant, on ira en vacances, au moins on aura cette libert\u00e9-l\u00e0, qui n&rsquo;est pas une libert\u00e9 substantielle.<br \/>\n<\/span><span style=\"color: #c00000; font-family: Arial;\">C&rsquo;est ce que les chinois offrent \u00e0 leurs administr\u00e9s.<br \/>\n<\/span><span style=\"color: #c00000; font-family: Arial;\">La libert\u00e9 politique, la vraie libert\u00e9 on nous demandera d&rsquo;en faire le deuil, pour b\u00e9n\u00e9ficier de cette libert\u00e9 de consommateur.\u00a0\u00bb<br \/>\n<\/span><\/p>\n<p><span style=\"color: #777777; font-family: Arial;\">Et Sylvie Kaufmann ajouta :<br \/>\n<\/span><\/p>\n<p style=\"margin-left: 28pt;\"><span style=\"color: #c00000; font-family: Arial;\">\u00ab\u00a0Je me souviens que c&rsquo;est une question que nous avions abord\u00e9 il y a quelques mois, la question des QR code.<br \/>\n<\/span><span style=\"color: #c00000; font-family: Arial;\">Et \u00c9milie vous m&rsquo;aviez demand\u00e9 alors :\u00a0 est qu&rsquo;on va faire comme les chinois, montrer notre QR code pour aller au restaurant ?<br \/>\n<\/span><\/p>\n<p style=\"margin-left: 28pt;\"><span style=\"color: #c00000; font-family: Arial;\">Moi j&rsquo;ai dit non, bien s\u00fbr parce qu&rsquo;on ne va pas faire comme les chinois.<br \/>\n<\/span><\/p>\n<p style=\"margin-left: 28pt;\"><span style=\"color: #c00000; font-family: Arial;\">Et puis quelques mois plus tard, on s&rsquo;aper\u00e7oit qu&rsquo;on en d\u00e9bat s\u00e9rieusement et cela devient une hypoth\u00e8se plus que plausible.\u00a0\u00bb<br \/>\n<\/span><\/p>\n<p><span style=\"color: #777777; font-family: Arial;\">Pour celles et ceux qui ignoreraient d&rsquo;o\u00f9 sort cette id\u00e9e de QR code, vous trouverez des explications dans ces articles de journaux\u00a0: \u00ab\u00a0<strong>Le Monde<\/strong>\u00a0\u00bb &lt;<a href=\"https:\/\/www.lemonde.fr\/pixels\/article\/2021\/01\/19\/tousanticovid-vers-des-qr-codes-dans-certains-lieux-publics-a-risque_6066804_4408996.html\"><span style=\"color: #0000ff;\">TousAntiCovid : vers des QR codes dans certains lieux publics \u00e0 risque<\/span><\/a>&gt;, \u00ab\u00a0<strong>L&rsquo;ind\u00e9pendant<\/strong>\u00a0\u00bb &lt;<a href=\"https:\/\/www.lindependant.fr\/2021\/02\/18\/covid-19-vers-un-qr-code-pour-aller-au-restaurant-9380449.php\"><span style=\"color: #0000ff;\">Vers un QR code pour aller au restaurant ?<\/span><\/a>&gt;<br \/>\n<\/span><\/p>\n<p><span style=\"color: #777777; font-family: Arial;\">Des questions d\u00e9rangeantes mais n\u00e9cessaire pour avancer dans la compr\u00e9hension de ce qui se passe.<br \/>\n<\/span><\/p>\n<p><span style=\"color: #777777; font-family: Arial;\">Je vous invite \u00e0 \u00e9couter cette \u00e9mission\u00a0: &lt;<a href=\"https:\/\/www.franceculture.fr\/emissions\/lesprit-public\/en-finir-avec-le-virus-un-choix-politique\"><span style=\"color: #0000ff;\">En finir avec le virus : un choix politique ?<\/span><\/a>&gt;<br \/>\n<\/span><\/p>\n<p><span style=\"color: maroon; font-family: Arial;\">&lt;<span style=\"color: #c00000;\">1535&gt;<\/span><\/span><\/p>\n","protected":false},"excerpt":{"rendered":"<p>\u00ab\u00a0Mais je pense que si les vaccins \u00e9taient d\u00e9j\u00e0 des biens publics mondiaux, il n&rsquo;y aurait toujours pas de vaccin.\u00a0\u00bb Hubert Vedrine Aujourd&rsquo;hui, je voudrais partager les \u00e9changes tr\u00e8s int\u00e9ressants qu&rsquo;ont tenu les invit\u00e9s d&rsquo;Emilie Aubry dans son \u00e9mission \u00abl&rsquo;Esprit<\/p>\n","protected":false},"author":1,"featured_media":0,"comment_status":"open","ping_status":"closed","sticky":false,"template":"","format":"standard","meta":{"footnotes":""},"categories":[1],"tags":[10,126,3,35],"class_list":["post-10816","post","type-post","status-publish","format-standard","hentry","category-motdujour","tag-economie","tag-pandemie","tag-politique","tag-sciences"],"_links":{"self":[{"href":"https:\/\/lemotdujour.fr\/index.php?rest_route=\/wp\/v2\/posts\/10816","targetHints":{"allow":["GET"]}}],"collection":[{"href":"https:\/\/lemotdujour.fr\/index.php?rest_route=\/wp\/v2\/posts"}],"about":[{"href":"https:\/\/lemotdujour.fr\/index.php?rest_route=\/wp\/v2\/types\/post"}],"author":[{"embeddable":true,"href":"https:\/\/lemotdujour.fr\/index.php?rest_route=\/wp\/v2\/users\/1"}],"replies":[{"embeddable":true,"href":"https:\/\/lemotdujour.fr\/index.php?rest_route=%2Fwp%2Fv2%2Fcomments&post=10816"}],"version-history":[{"count":2,"href":"https:\/\/lemotdujour.fr\/index.php?rest_route=\/wp\/v2\/posts\/10816\/revisions"}],"predecessor-version":[{"id":10818,"href":"https:\/\/lemotdujour.fr\/index.php?rest_route=\/wp\/v2\/posts\/10816\/revisions\/10818"}],"wp:attachment":[{"href":"https:\/\/lemotdujour.fr\/index.php?rest_route=%2Fwp%2Fv2%2Fmedia&parent=10816"}],"wp:term":[{"taxonomy":"category","embeddable":true,"href":"https:\/\/lemotdujour.fr\/index.php?rest_route=%2Fwp%2Fv2%2Fcategories&post=10816"},{"taxonomy":"post_tag","embeddable":true,"href":"https:\/\/lemotdujour.fr\/index.php?rest_route=%2Fwp%2Fv2%2Ftags&post=10816"}],"curies":[{"name":"wp","href":"https:\/\/api.w.org\/{rel}","templated":true}]}}