{"id":1080,"date":"2015-04-16T02:00:00","date_gmt":"2015-04-15T22:00:00","guid":{"rendered":"http:\/\/lemotdujour.fr\/?p=1080"},"modified":"2020-12-01T10:19:33","modified_gmt":"2020-12-01T09:19:33","slug":"jeudi-16-avril-2015","status":"publish","type":"post","link":"https:\/\/lemotdujour.fr\/?p=1080","title":{"rendered":"Jeudi 16 avril 2015"},"content":{"rendered":"<div class=\"mdjDate\">Jeudi 16 avril 2015<\/div>\n<div class=\"mdjTexte\">\u00ab La culture du bien-\u00eatre nous rend insensibles aux cris d\u2019autrui [et] aboutit \u00e0 une globalisation de l\u2019indiff\u00e9rence. \u00bb<\/div>\n<div class=\"mdjAuteur\">Pape Fran\u00e7ois<\/div>\n<div class=\"mdjComplements\">Le Monde du 15 avril 2015 annonce que \u00ab 400 migrants auraient disparu dans le naufrage d\u2019une embarcation de fortune, dimanche 12 avril, aux dires des 150 survivants, d\u00e9barqu\u00e9s mardi matin en Italie et interrog\u00e9s par l\u2019Organisation internationale pour les migrations (OIM) et l\u2019ONG Save the Children. Sur l\u2019\u00e9chelle de l\u2019horreur, cet accident se situerait donc au-dessus des 366 noy\u00e9s de Lampedusa, [d&rsquo;octobre 2013] qui \u00e9tait \u00e0 ce jour la plus grande trag\u00e9die de la M\u00e9diterran\u00e9e en ce d\u00e9but de XXIe si\u00e8cle.<\/div>\n<div class=\"mdjComplements\">Depuis ce week-end, et l\u2019am\u00e9lioration des conditions m\u00e9t\u00e9orologiques, les passages entre la Libye ou la Tunisie et les c\u00f4tes italiennes se multiplient. Le week-end a \u00e9t\u00e9 tr\u00e8s charg\u00e9, puisque les garde-c\u00f4tes italiens auraient port\u00e9 secours \u00e0 42 bateaux charg\u00e9s au total de plus de 6 500 migrants dimanche et lundi. Lundi, ils annon\u00e7aient avoir sauv\u00e9 144 personnes et r\u00e9cup\u00e9r\u00e9 neuf corps apr\u00e8s le naufrage de l\u2019une des embarcations. Les informations sont encore insuffisantes pour comprendre si ces neuf corps sont une partie des 400 noy\u00e9s ou sont issus d\u2019un autre accident. [&#8230;] Si le naufrage de ce week-end se confirme, ce sont 900 personnes qui auront p\u00e9ri sur cette route la plus meurtri\u00e8re du monde en deux mois et demi, selon les comptages de l\u2019OIM. A la m\u00eame \u00e9poque en 2014, 47 migrants y avaient perdu la vie. La fin de l\u2019op\u00e9ration \u00ab Mare Nostrum \u00bb \u2013 un vaste programme de sauvetage pris en charge par les Italiens \u2013 et son remplacement par une patrouille de surveillance europ\u00e9enne des fronti\u00e8res, qui n\u2019a pas mission premi\u00e8re de sauver mais de surveiller, expliquent en partie cette h\u00e9catombe.\u00bb<\/div>\n<div class=\"mdjComplements\"><a href=\"http:\/\/www.lefigaro.fr\/international\/2015\/04\/14\/01003-20150414ARTFIG00427-environ-400-migrants-auraient-peri-dans-un-naufrage-en-mediterranee.php\">&lt; En outre des passeurs venus de Lybie ont ouvert le feu sur les gardes c\u00f4tes pour r\u00e9cup\u00e9rer un bateau servant pour leurs trafics&gt;<\/a><\/div>\n<div class=\"mdjComplements\">Depuis l&rsquo;an 2000, plus de 22.000 migrants ont perdu leur vie en M\u00e9diterran\u00e9e.<\/div>\n<div class=\"mdjComplements\">La M\u00e9diterran\u00e9e est devenue \u00abla route la plus mortelle du monde\u00bb en 2014, avec au moins 3.419 migrants qui ont perdu la vie en tentant de la traverser en qu\u00eate d\u2019un avenir meilleur, a annonc\u00e9 mercredi l\u2019agence des Nations Unies en charge des r\u00e9fugi\u00e9s. En 2014, ce sont plus de 207 000 migrants qui ont tent\u00e9 de traverser la M\u00e9diterran\u00e9e, un chiffre presque trois fois plus \u00e9lev\u00e9 que le pr\u00e9c\u00e9dent record de 2011 lorsque 70 000 migrants avaient fui leur pays lors du printemps arabe.<\/div>\n<div class=\"mdjComplements\"><a href=\"http:\/\/www.liberation.fr\/monde\/2014\/12\/10\/pres-de-3-500-migrants-sont-morts-en-mediterranee-cette-annee_1160617\">&lt;La plupart de ces migrants arriv\u00e9s en Italie cette ann\u00e9e sont Syriens (60 051), leur pays est ravag\u00e9 par une guerre civile depuis plus de trois ans et demi, et Erythr\u00e9ens (34 561) qui fuient leur pays pour \u00e9chapper \u00e0 la r\u00e9pression brutale du pouvoir, au service militaire \u00e0 vie, et au travail forc\u00e9, non r\u00e9mun\u00e9r\u00e9 et \u00e0 dur\u00e9e illimit\u00e9e.&gt;<\/a><\/div>\n<div class=\"mdjComplements\">Le pape Fran\u00e7ois qui a du mal avec<a href=\"http:\/\/www.lexpress.fr\/actualite\/societe\/religion\/le-pape-refuse-un-ambassadeur-gay-au-vatican_1669722.html\"> &lt;la libert\u00e9 sexuelle&gt; <\/a>et aussi avec <a href=\"http:\/\/www.leparisien.fr\/charlie-hebdo\/charlie-hebdo-on-ne-peut-insulter-la-foi-des-autres-declare-le-pape-francois-15-01-2015-4449369.php\">&lt;la libert\u00e9 d&rsquo;expression&gt;,<\/a> trouve les mots qui touchent quand il s&rsquo;agit de parler de la mis\u00e8re et de l&rsquo;attitude de nos pays riches devant la pression des opprim\u00e9s et des pauvres qui sont pr\u00eats \u00e0 mourir pour d\u00e9barquer sur nos c\u00f4tes europ\u00e9ennes.<\/div>\n<div class=\"mdjComplements\">Il \u00e9tait all\u00e9 en juillet 2013 \u00e0 Lampedusa et avait tenu ce discours : \u00ab\u00a0 La culture du bien-\u00eatre nous rend insensibles aux cris d\u2019autrui [et] aboutit \u00e0 une globalisation de l\u2019indiff\u00e9rence. [&#8230;] Nos fr\u00e8res et s\u0153urs cherchaient \u00e0 sortir de situations difficiles pour trouver un endroit meilleur pour eux et leur famille mais ils ont trouv\u00e9 la mort [&#8230;] Qui est responsable du sang de ces fr\u00e8res et s\u0153urs ? [&#8230;] nous avons perdu le sens de la responsabilit\u00e9 fraternelle. \u00bb<\/div>\n<div class=\"mdjComplements\"><a href=\"http:\/\/www.liberation.fr\/monde\/2013\/07\/08\/a-lampedusa-le-pape-denonce-la-globalisation-de-l-indifference_916740\">&lt;Vous trouverez un article de Lib\u00e9ration qui parle de ce discours&gt;<\/a><\/div>\n<div><span style=\"color: #800000;\">&lt;477&gt;<\/span><\/div>\n","protected":false},"excerpt":{"rendered":"<p>Jeudi 16 avril 2015 \u00ab La culture du bien-\u00eatre nous rend insensibles aux cris d\u2019autrui [et] aboutit \u00e0 une globalisation de l\u2019indiff\u00e9rence. \u00bb Pape Fran\u00e7ois Le Monde du 15 avril 2015 annonce que \u00ab 400 migrants auraient disparu dans le<\/p>\n","protected":false},"author":1,"featured_media":0,"comment_status":"closed","ping_status":"closed","sticky":false,"template":"","format":"standard","meta":{"footnotes":""},"categories":[1],"tags":[54,30,173],"class_list":["post-1080","post","type-post","status-publish","format-standard","hentry","category-motdujour","tag-humanisme","tag-migration","tag-mondialisation"],"_links":{"self":[{"href":"https:\/\/lemotdujour.fr\/index.php?rest_route=\/wp\/v2\/posts\/1080","targetHints":{"allow":["GET"]}}],"collection":[{"href":"https:\/\/lemotdujour.fr\/index.php?rest_route=\/wp\/v2\/posts"}],"about":[{"href":"https:\/\/lemotdujour.fr\/index.php?rest_route=\/wp\/v2\/types\/post"}],"author":[{"embeddable":true,"href":"https:\/\/lemotdujour.fr\/index.php?rest_route=\/wp\/v2\/users\/1"}],"replies":[{"embeddable":true,"href":"https:\/\/lemotdujour.fr\/index.php?rest_route=%2Fwp%2Fv2%2Fcomments&post=1080"}],"version-history":[{"count":2,"href":"https:\/\/lemotdujour.fr\/index.php?rest_route=\/wp\/v2\/posts\/1080\/revisions"}],"predecessor-version":[{"id":10278,"href":"https:\/\/lemotdujour.fr\/index.php?rest_route=\/wp\/v2\/posts\/1080\/revisions\/10278"}],"wp:attachment":[{"href":"https:\/\/lemotdujour.fr\/index.php?rest_route=%2Fwp%2Fv2%2Fmedia&parent=1080"}],"wp:term":[{"taxonomy":"category","embeddable":true,"href":"https:\/\/lemotdujour.fr\/index.php?rest_route=%2Fwp%2Fv2%2Fcategories&post=1080"},{"taxonomy":"post_tag","embeddable":true,"href":"https:\/\/lemotdujour.fr\/index.php?rest_route=%2Fwp%2Fv2%2Ftags&post=1080"}],"curies":[{"name":"wp","href":"https:\/\/api.w.org\/{rel}","templated":true}]}}