{"id":10795,"date":"2021-02-26T00:04:00","date_gmt":"2021-02-25T23:04:00","guid":{"rendered":"http:\/\/lemotdujour.fr\/?p=10795"},"modified":"2021-02-26T00:07:12","modified_gmt":"2021-02-25T23:07:12","slug":"vendredi-26-fevrier-2021","status":"publish","type":"post","link":"https:\/\/lemotdujour.fr\/?p=10795","title":{"rendered":"Vendredi 26 f\u00e9vrier 2021"},"content":{"rendered":"<div class=\"mdjTexte\">\u00ab\u00a0Le pansement Schubert\u00a0\u00bb<\/div>\n<div class=\"mdjAuteur\">Claire Oppert<\/div>\n<p><span style=\"color: #777777; font-family: Arial;\">Avril 2012. Paris. Un EHPAD\u00a0:<br \/>\n<\/span><\/p>\n<p style=\"margin-left: 28pt;\"><span style=\"color: #c00000; font-family: Arial;\">\u00ab Une femme hurle et se d\u00e9bat.<br \/>\nDeux infirmi\u00e8res s&rsquo;agitent autour d&rsquo;elle, la maintenant fermement pour l&#8217;emp\u00eacher de tomber de son fauteuil, tout en parant ses attaques. Elles doivent absolument refaire le pansement de Mme Kessler. La plaie de son bras droit est purulente. (&#8230;)<br \/>\nJe ne sais pas ce qui me pousse \u00e0 m&rsquo;arr\u00eater devant elle.<br \/>\nJe ne prononce pas une parole.<br \/>\nJe m&rsquo;assieds et lui joue au violoncelle le th\u00e8me de l&rsquo;andante du Trio op. 100 de Schubert.<br \/>\nLes cris cessent, le calme revient.\u00bb<br \/>\n<\/span><\/p>\n<p><span style=\"color: #777777; font-family: Arial;\">C&rsquo;est l&rsquo;exp\u00e9rience que raconte la violoncelliste <strong>Claire Oppert<\/strong>, musicienne et art-th\u00e9rapeute. <\/span><span style=\"color: #777777; font-family: Arial;\">Face \u00e0 ce soulagement, l&rsquo;une des infirmi\u00e8res dit \u00e0 la violoncelliste et musicoth\u00e9rapeute :<br \/>\n<\/span><\/p>\n<p style=\"margin-left: 28pt;\"><span style=\"color: #c00000; font-family: Arial;\">\u00ab Il faut absolument revenir pour \u00ab\u00a0<strong>le pansement Schubert<\/strong>\u00a0\u00bb \u00bb.<br \/>\n<\/span><\/p>\n<p><span style=\"color: #777777; font-family: Arial;\">C&rsquo;est ainsi que l&rsquo;expression est n\u00e9e. Depuis, \u00ab <strong>le Pansement Schubert<\/strong> \u00bb est devenue une \u00e9tude clinique, exp\u00e9riment\u00e9e sur les patients d\u00e9ments et sur les personnes en soins palliatifs. Le protocole exp\u00e9rimental men\u00e9 sur plusieurs mois, 120 soins r\u00e9alis\u00e9s en compagnie de l&rsquo;instrument. A la cl\u00e9, une r\u00e9elle diminution de la douleur physique, un apaisement de l&rsquo;angoisse et pour tous ces hommes et femmes en souffrance, le sentiment de tutoyer de nouveau la vie.<br \/>\n<\/span><\/p>\n<p><a href=\"http:\/\/www.denoel.fr\/Catalogue\/DENOEL\/Romans-francais\/Le-pansement-Schubert\"><img loading=\"lazy\" decoding=\"async\" class=\"alignleft\" src=\"https:\/\/lemotdujour.fr\/wp-content\/uploads\/2021\/02\/022521_2244_Vendredi26f1.jpg\" alt=\"\" width=\"281\" height=\"412\" align=\"left\" border=\"0\" \/><\/a><span style=\"color: #777777; font-family: Arial;\">\u00ab\u00a0<strong>Le pansement Schubert<\/strong>\u00a0\u00bb, c&rsquo;est aussi le titre que Claire Oppert a donn\u00e9 \u00e0 son livre qui a \u00e9t\u00e9 publi\u00e9 en f\u00e9vrier 2020 et dans lequel elle raconte ses rencontres, ses r\u00e9flexions sur l&rsquo;art qui l&rsquo;ont men\u00e9e \u00e0 d\u00e9couvrir un rem\u00e8de innovant contre la douleur physique et la souffrance morale : la musique.<br \/>\n<\/span><\/p>\n<p><span style=\"color: #777777; font-family: Arial;\">C&rsquo;\u00e9tait le 24 d\u00e9cembre lors de l&rsquo;\u00e9mission de la Grande Table d&rsquo;Olivia Gesbert\u00a0: <span style=\"color: #0000ff;\">&lt;<a style=\"color: #0000ff;\" href=\"https:\/\/www.franceculture.fr\/emissions\/la-grande-table-culture\/claire-oppert-cordes-sensibles\">Claire Oppert, cordes sensibles<\/a>&gt;<\/span> que j&rsquo;ai entendu pour la premi\u00e8re fois parler de cette femme \u00e9tonnante qui est violoncelliste, concertiste et membre de l&rsquo;\u00e9quipe th\u00e9rapeutique de l&rsquo;h\u00f4pital Rives de Seine dans les Hauts-de-Seine.<br \/>\n<\/span><\/p>\n<p><span style=\"color: #777777; font-family: Arial;\">Olivia Gesbert la pr\u00e9sente ainsi\u00a0:<br \/>\n<\/span><\/p>\n<p style=\"margin-left: 28pt;\"><span style=\"color: #c00000; font-family: Arial;\">\u00ab\u00a0Apaiser la souffrance et offrir un moment de gr\u00e2ce, c&rsquo;est la mission que la violoncelliste Claire Oppert se donne depuis 20 ans. De retour de Moscou o\u00f9 elle fait ses classes au conservatoire de Tchaikovsky, Claire Oppert n&#8217;emprunte pas la voie toute trac\u00e9e d&rsquo;une soliste classique. Loin d&rsquo;une carri\u00e8re en musique de chambre, l&rsquo;intuition guide la soliste vers les h\u00f4pitaux. Aupr\u00e8s des jeunes autistes d&rsquo;abord, apr\u00e8s la rencontre d\u00e9cisive <strong>avec le docteur en psychologie clinique, \u00e9crivain et clown Howard Buten<\/strong>, auteur de \u00ab\u00a0 J&rsquo;avais cinq ans quand je m&rsquo;ai tu\u00e9\u00a0\u00bb, c\u00e9l\u00e8bre r\u00e9cit sur l&rsquo;enfance. Aux c\u00f4t\u00e9s de ces enfants priv\u00e9s de parole, Claire Oppert d\u00e9couvre que l&rsquo;instrument permet de nouer un dialogue par la voix du violoncelle. C&rsquo;est que l&rsquo;instrument produit une sonorit\u00e9 au plus proche de la voix humaine, quelque chose qui r\u00e9sonne profond\u00e9ment en l&rsquo;humain. \u00a0\u00bb<br \/>\n<\/span><\/p>\n<p><span style=\"color: #777777; font-family: Arial;\">Dans l&rsquo;\u00e9mission elle raconte sa rencontre et sa collaboration avec <strong>Howard Buten<\/strong> aupr\u00e8s d&rsquo;enfants autistes. Elle dit\u00a0:<br \/>\n<\/span><\/p>\n<p style=\"margin-left: 28pt;\"><span style=\"color: #c00000; font-family: Arial;\">\u00ab\u00a0Le violoncelle est une voix qui me permet de communiquer. Je ne suis pas une \u00a0\u00bb sauveuse \u00a0\u00bb mais j&rsquo;ai la chance de pouvoir passer des moments inou\u00efs gr\u00e2ce au violoncelle et pour citer Howard Buten, pouvoir \u00eatre \u00e0 la hauteur des autistes, se rendre suffisamment int\u00e9ressant et trouver des moyens pour susciter leur attention\u00a0\u00bb<br \/>\n<\/span><\/p>\n<p><span style=\"color: #777777; font-family: Arial;\">Howard Buten va lui demander de ne pas ouvrir de livre sur ce sujet pour privil\u00e9gier l&rsquo;approche intuitive.<br \/>\n<\/span><\/p>\n<p><span style=\"color: #777777; font-family: Arial;\">Elle raconte comment un enfant autiste d\u00e9truit son violoncelle d&rsquo;un coup de poing, en pleine cinqui\u00e8me suite de Bach, avant de la regarder pour la premi\u00e8re fois dans les yeux. Ce premier regard est une \u00e9tape dans l&rsquo;\u00e9volution de cet enfant malade, au prix d&rsquo;un instrument.<br \/>\n<\/span><\/p>\n<p><span style=\"color: #777777; font-family: Arial;\"><img loading=\"lazy\" decoding=\"async\" class=\" wp-image-10798 alignright\" src=\"https:\/\/lemotdujour.fr\/wp-content\/uploads\/2021\/02\/022521_2244_Vendredi26f2.jpg\" alt=\"\" width=\"433\" height=\"289\" srcset=\"https:\/\/lemotdujour.fr\/wp-content\/uploads\/2021\/02\/022521_2244_Vendredi26f2.jpg 590w, https:\/\/lemotdujour.fr\/wp-content\/uploads\/2021\/02\/022521_2244_Vendredi26f2-300x200.jpg 300w\" sizes=\"auto, (max-width: 433px) 100vw, 433px\" \/>Apr\u00e8s les enfants autistes, elle va \u00e0 la rencontre des malades et des patients en fin de vie, dans les unit\u00e9s de soin palliatifs.<br \/>\n<\/span><\/p>\n<p><span style=\"color: #777777; font-family: Arial;\">Elle dit\u00a0:<br \/>\n<\/span><\/p>\n<p style=\"margin-left: 28pt;\"><span style=\"color: #c00000; font-family: Arial;\">\u00ab\u00a0Je pense qu&rsquo;il y a un lien fondamental entre l&rsquo;art et le soin. C&rsquo;\u00e9tait mon grand id\u00e9al, depuis l&rsquo;enfance, entre ma m\u00e8re artiste et mon p\u00e8re m\u00e9decin. J&rsquo;ai toujours souhait\u00e9 r\u00e9concilier, d&rsquo;unir le monde de l&rsquo;art et du soin [\u2026]<br \/>\n<\/span><\/p>\n<p style=\"margin-left: 28pt;\"><span style=\"color: #c00000; font-family: Arial;\">La musique est le canal d&rsquo;une communication nouvelle et subtile. Il y a un enchantement dans le monde sonore, dans la beaut\u00e9 de la musique qui entre-ouvre les c\u0153urs. C&rsquo;est une forme de miracle dans le sens merveilleux [\u2026]. Je suis l\u00e0 comme une accompagnante, j&rsquo;aide \u00e0 cr\u00e9er un \u00ab\u00a0kairos\u00a0\u00bb, un moment opportun pour tenter de donner le plus de sens possible, jusqu&rsquo;au bout. [\u2026] Le pansement Schubert n&rsquo;\u00e9limine pas toutes les douleurs, c&rsquo;est un compl\u00e9ment dans une \u00e9quipe pluridisciplinaire qui s&rsquo;adresse dans l&rsquo;\u00eatre \u00e0 la personne non malade, la personne vivante non touch\u00e9e par la pathologie. C&rsquo;est tr\u00e8s lumineux, car la musicienne th\u00e9rapeute comme on dit s&rsquo;adresse \u00e0 une partie de l&rsquo;\u00eatre qui n&rsquo;est pas malade, et ce, depuis les d\u00e9buts de l&rsquo;humanit\u00e9.\u00a0\u00bb<br \/>\n<\/span><\/p>\n<p><span style=\"color: #777777; font-family: Arial;\">Elle fut aussi invit\u00e9e par <strong>Elisabeth Quin<\/strong> dans son \u00e9mission 28 Minutes sur Arte &lt;<a href=\"https:\/\/www.youtube.com\/watch?v=LvXFpNiJCJg\"><span style=\"color: #0000ff;\">La musique adoucit les maux<\/span><\/a>&gt;. Il faut absolument regarder cette \u00e9mission.<br \/>\n<\/span><\/p>\n<p><span style=\"color: #777777; font-family: Arial;\">Et le dimanche 31 janvier 2021, elle a particip\u00e9 \u00e0 l&rsquo;\u00e9mission\u00a0: \u00ab\u00a0<a href=\"https:\/\/www.franceinter.fr\/emissions\/une-journee-particuliere\/une-journee-particuliere-31-janvier-2021\"><span style=\"color: #0000ff;\">Une journ\u00e9e particuli\u00e8re<\/span>\u00a0<\/a>\u00bb de Zo\u00e9 Varier.<br \/>\n<\/span><\/p>\n<p><span style=\"color: #777777; font-family: Arial;\">France 2 lui a consacr\u00e9 un reportage\u00a0: &lt;<a href=\"https:\/\/www.youtube.com\/watch?v=1Mk1iqw5xZc\"><span style=\"color: #0000ff;\">Musique apaiser les souffrances<\/span><\/a>&gt;<br \/>\n<\/span><\/p>\n<p><span style=\"color: #777777; font-family: Arial;\">Le Monde lui a aussi consacr\u00e9 un article en novembre 2020 &lt;<span style=\"color: #0000ff;\"><a style=\"color: #0000ff;\" href=\"https:\/\/www.lemonde.fr\/sciences\/article\/2020\/11\/15\/avec-le-pansement-schubert-la-violoncelliste-claire-oppert-au-diapason-des-patients-en-fin-de-vie_6059825_1650684.html\">La violoncelliste Claire Oppert au diapason des patients<\/a><\/span>&gt;<br \/>\n<\/span><\/p>\n<p><span style=\"color: #777777; font-family: Arial;\"> On y apprend que dans le service de soins palliatifs de l&rsquo;h\u00f4pital Rives-de-Seine, \u00e0 Puteaux, quand Claire Oppert pousse une \u00e0 une les portes des chambres elle n&rsquo;a pas la moindre id\u00e9e de ce qu&rsquo;elle y jouera ni de l&rsquo;accueil qui lui sera r\u00e9serv\u00e9\u00a0:<br \/>\n<\/span><\/p>\n<p style=\"margin-left: 28pt;\"><span style=\"color: #c00000; font-family: Arial;\">\u00ab Bonjour monsieur. Vous voyez, un violoncelle vient vous rendre visite. Est-ce que cela vous dirait un petit morceau ? \u00bb La voix est douce, la robe longue vaporeuse, comme la chevelure. Claire Oppert a l&rsquo;air de la f\u00e9e qui dote le nouveau-n\u00e9 de dons musicaux en effleurant de l&rsquo;archet son berceau. Elle \u00e9volue au ralenti, comme pour se mettre au diapason des malades. Dose son jeu, afin que nul son ne les agresse. Adapte son rythme \u00e0 leur respiration pour la soutenir, pour dialoguer.<br \/>\n<\/span><\/p>\n<p style=\"margin-left: 28pt;\"><span style=\"color: #c00000; font-family: Arial;\">Chambre 61, la moustache blanche de Georges, 98 ans, fr\u00e9tille lorsque la musicienne appara\u00eet. Qu&rsquo;est-ce qui lui ferait plaisir ? \u00ab Ce que vous voulez, du moment que c&rsquo;est beau ! \u00bb, s&rsquo;enthousiasme d\u00e9j\u00e0 le patient en liquette bleue d&rsquo;h\u00f4pital, cal\u00e9 par un gros oreiller. Va pour un extrait de L&rsquo;Adagio d&rsquo;Albinoni, puis de l&rsquo;Ave Maria de Gounod. La musique emplit la pi\u00e8ce. Les bo\u00eetes de m\u00e9dicaments, le pichet en plastique, le fauteuil de faux cuir qu&rsquo;occupe un fils anxieux, tout s&rsquo;efface dans l&rsquo;intensit\u00e9 du moment. Georges, qui se meurt d&rsquo;un cancer de la thyro\u00efde, savoure. Il ferme les yeux, renverse sa t\u00eate sur l&rsquo;oreiller, pleure et sourit en m\u00eame temps. Lorsque le silence revient, il joint les mains. \u00ab Bravo, c&rsquo;est majestueux ! Vous exprimez des sentiments, je vous envie. Vous m&rsquo;avez mis de la joie dans le c\u0153ur. Merci, merci, merci. Transmettez cette joie aux autres aussi. \u00bb\u00a0\u00bb<br \/>\n<\/span><\/p>\n<p><span style=\"color: #777777; font-family: Arial;\"><img loading=\"lazy\" decoding=\"async\" class=\" wp-image-10800 alignright\" src=\"https:\/\/lemotdujour.fr\/wp-content\/uploads\/2021\/02\/claire-oppert-2.png\" alt=\"\" width=\"396\" height=\"267\" srcset=\"https:\/\/lemotdujour.fr\/wp-content\/uploads\/2021\/02\/claire-oppert-2.png 473w, https:\/\/lemotdujour.fr\/wp-content\/uploads\/2021\/02\/claire-oppert-2-300x202.png 300w\" sizes=\"auto, (max-width: 396px) 100vw, 396px\" \/>Et je cite un autre extrait de cet article\u00a0:<br \/>\n<\/span><\/p>\n<p style=\"margin-left: 28pt;\"><span style=\"color: #c00000; font-family: Arial;\">\u00ab\u00a0R\u00e9cemment, elle s&rsquo;est lanc\u00e9e dans une nouvelle \u00e9tude sur la musique lors du dernier souffle du patient. \u00ab Quand on est tr\u00e8s malade, pour mourir, m\u00eame si le corps est tr\u00e8s ab\u00eem\u00e9, il faut un l\u00e2cher-prise, sait le docteur Gomas. Le malade d\u00e9c\u00e8de \u00e0 un moment qu&rsquo;il choisit, pour \u00e9pargner ses proches. Difficile d&rsquo;imaginer que la musique n&rsquo;ait pas un impact sur ce l\u00e2cher-prise\u2026<br \/>\n<\/span><\/p>\n<p style=\"margin-left: 28pt;\"><span style=\"color: #c00000; font-family: Arial;\">Chambre 62, une tr\u00e8s vieille dame aux longs cheveux blancs, tortur\u00e9e par la maladie d&rsquo;Alzheimer et le cancer, s&rsquo;apaise, sur l&rsquo;air des Feuilles mortes. Souffle ralenti, elle s&rsquo;endort. Claire Oppert s&rsquo;esquive. Imm\u00e9diatement elle note, pour transmission \u00e0 ses coll\u00e8gues, l&rsquo;effet de la composition de Joseph Kosma sur la patiente. Un antalgique puissant.\u00a0\u00bb<br \/>\n<\/span><\/p>\n<p><span style=\"color: #777777; font-family: Arial;\">J&rsquo;ai enfin trouv\u00e9 cet article sur un site sp\u00e9cialis\u00e9 et \u00e0 destination des infirmiers :<span style=\"color: #0000ff;\"> <a style=\"color: #0000ff;\" href=\"https:\/\/www.infirmiers.com\/les-grands-dossiers\/les-grands-dossiers\/musique-vivante-permet-malade-soin-douloureux-rejoindre-noyau-identitaire-profond-sain-vivifiant.html\">\u00ab La musique vivante permet \u00e0 la personne malade, au cours du soin douloureux, de rejoindre un noyau identitaire, profond, sain et vivifiant \u00bb<\/a><\/span><br \/>\n<\/span><\/p>\n<p><span style=\"color: #777777; font-family: Arial;\">Encore un article plein de douceur et d&rsquo;\u00e9loge pour cette \u00e9tonnante violoncelliste qui raconte dans l&rsquo;article du monde que ses \u00e9tudes au conservatoire Tcha\u00efkovski de Moscou n&rsquo;ont pas \u00e9t\u00e9 simples\u00a0:<br \/>\n<\/span><\/p>\n<p style=\"margin-left: 28pt;\"><span style=\"color: #c00000; font-family: Arial;\"> \u00ab J&rsquo;y ai connu l&rsquo;humiliation, la violence, la peur, dit-elle. Comme p\u00e9dagogue, je me suis construite \u00e0 rebours. \u00bb<br \/>\n<\/span><\/p>\n<p><span style=\"color: #777777; font-family: Arial;\">Et elle ne joue pas que de la musique classique pour les malades. Elle est tr\u00e8s \u00e9clectique et interpr\u00e8te aussi du Brel et du Piaf, du Johnny, des tangos et valses musette, du rap et m\u00eame du m\u00e9tal.<br \/>\n<\/span><\/p>\n<p><span style=\"color: #777777; font-family: Arial;\">Je terminerai par cet &lt;<span style=\"color: #0000ff;\"><a style=\"color: #0000ff;\" href=\"https:\/\/www.youtube.com\/watch?v=IFNwKT0pgqI\">extrait de l&rsquo;andante du second trio de Schubert<\/a><\/span>&gt; qu&rsquo;elle interpr\u00e8te et qui est le morceau \u00e0 l&rsquo;origine du \u00ab\u00a0<strong>pansement Schubert<\/strong>\u00a0\u00bb<br \/>\n<\/span><\/p>\n<p><span style=\"color: maroon; font-family: Arial;\">&lt;<span style=\"color: #c00000;\">1533&gt;<\/span><\/span><\/p>\n","protected":false},"excerpt":{"rendered":"<p>\u00ab\u00a0Le pansement Schubert\u00a0\u00bb Claire Oppert Avril 2012. Paris. Un EHPAD\u00a0: \u00ab Une femme hurle et se d\u00e9bat. Deux infirmi\u00e8res s&rsquo;agitent autour d&rsquo;elle, la maintenant fermement pour l&#8217;emp\u00eacher de tomber de son fauteuil, tout en parant ses attaques. Elles doivent absolument<\/p>\n","protected":false},"author":1,"featured_media":0,"comment_status":"open","ping_status":"closed","sticky":false,"template":"","format":"standard","meta":{"footnotes":""},"categories":[1],"tags":[54,132,20],"class_list":["post-10795","post","type-post","status-publish","format-standard","hentry","category-motdujour","tag-humanisme","tag-medecine","tag-musique"],"_links":{"self":[{"href":"https:\/\/lemotdujour.fr\/index.php?rest_route=\/wp\/v2\/posts\/10795","targetHints":{"allow":["GET"]}}],"collection":[{"href":"https:\/\/lemotdujour.fr\/index.php?rest_route=\/wp\/v2\/posts"}],"about":[{"href":"https:\/\/lemotdujour.fr\/index.php?rest_route=\/wp\/v2\/types\/post"}],"author":[{"embeddable":true,"href":"https:\/\/lemotdujour.fr\/index.php?rest_route=\/wp\/v2\/users\/1"}],"replies":[{"embeddable":true,"href":"https:\/\/lemotdujour.fr\/index.php?rest_route=%2Fwp%2Fv2%2Fcomments&post=10795"}],"version-history":[{"count":7,"href":"https:\/\/lemotdujour.fr\/index.php?rest_route=\/wp\/v2\/posts\/10795\/revisions"}],"predecessor-version":[{"id":10805,"href":"https:\/\/lemotdujour.fr\/index.php?rest_route=\/wp\/v2\/posts\/10795\/revisions\/10805"}],"wp:attachment":[{"href":"https:\/\/lemotdujour.fr\/index.php?rest_route=%2Fwp%2Fv2%2Fmedia&parent=10795"}],"wp:term":[{"taxonomy":"category","embeddable":true,"href":"https:\/\/lemotdujour.fr\/index.php?rest_route=%2Fwp%2Fv2%2Fcategories&post=10795"},{"taxonomy":"post_tag","embeddable":true,"href":"https:\/\/lemotdujour.fr\/index.php?rest_route=%2Fwp%2Fv2%2Ftags&post=10795"}],"curies":[{"name":"wp","href":"https:\/\/api.w.org\/{rel}","templated":true}]}}