{"id":10780,"date":"2021-02-25T00:50:13","date_gmt":"2021-02-24T23:50:13","guid":{"rendered":"http:\/\/lemotdujour.fr\/?p=10780"},"modified":"2021-02-25T11:16:09","modified_gmt":"2021-02-25T10:16:09","slug":"jeudi-25-fevrier-2021","status":"publish","type":"post","link":"https:\/\/lemotdujour.fr\/?p=10780","title":{"rendered":"Jeudi 25 f\u00e9vrier 2021"},"content":{"rendered":"<div class=\"mdjTexte\">\u00ab\u00a0Avant, nous allions \u00e0 l&rsquo;auditorium de Lyon\u00a0\u00bb<\/div>\n<div class=\"mdjAuteur\">Lieu de nombreuses \u00e9motions et dans lequel a eu lieu les victoires de la musique<\/div>\n<p><span style=\"color: #777777; font-family: Arial;\">Avant, le matin, je sortais de chez moi et je me rendais \u00e0 mon bureau qui se trouvait dans le quartier de la Part-Dieu.<br \/>\n<\/span><\/p>\n<p><span style=\"color: #777777; font-family: Arial;\">Et de ce lieu de travail que j&rsquo;ai quitt\u00e9 il y a presque 1 an, j&rsquo;avais une vue plongeante sur l&rsquo;auditorium Maurice Ravel&#8230;<br \/>\n<\/span><\/p>\n<p><img loading=\"lazy\" decoding=\"async\" class=\"alignleft\" src=\"https:\/\/lemotdujour.fr\/wp-content\/uploads\/2021\/02\/022421_2345_Jeudi25fvri1.jpg\" alt=\"\" width=\"475\" height=\"268\" align=\"left\" \/><span style=\"color: #777777; font-family: Arial;\">Mais c&rsquo;\u00e9tait avant.<br \/>\n<\/span><\/p>\n<p><span style=\"color: #777777; font-family: Arial;\">Avant, je ne voyais pas que ce b\u00e2timent de l&rsquo;ext\u00e9rieur.<br \/>\n<\/span><\/p>\n<p><span style=\"color: #777777; font-family: Arial;\">Avec Annie, nous nous rendions tr\u00e8s souvent dans ce b\u00e2timent, pour entendre des concerts avec des musiciens qui jouaient sur sc\u00e8ne.<br \/>\n<\/span><\/p>\n<p><span style=\"color: #777777; font-family: Arial;\">L&rsquo;\u00e9motion, la beaut\u00e9, les vibrations nous les vivions ensemble avec beaucoup d&rsquo;autres, plus de 2100 places sont disponibles dans ce lieu.<br \/>\n<\/span><\/p>\n<p><span style=\"color: #777777; font-family: Arial;\">Souvent, la salle \u00e9tait tr\u00e8s remplie.<br \/>\n<\/span><\/p>\n<p><span style=\"color: #777777; font-family: Arial;\">Quelques mots du jour ont c\u00e9l\u00e9br\u00e9 des concerts que nous y avons v\u00e9cu.<br \/>\n<\/span><\/p>\n<ul>\n<li><span style=\"color: #0000ff;\"><span style=\"font-family: Arial;\">\u00ab<\/span><span style=\"font-family: Arial;\"><a style=\"color: #0000ff;\" href=\"https:\/\/lemotdujour.fr\/?p=7551\">R\u00e9aliste, indestructible et r\u00e9volutionnaire dans un monde uniform\u00e9ment fade et m\u00e9canis\u00e9<\/a><\/span><\/span><span style=\"color: #777777; font-family: Arial;\"><a href=\"https:\/\/lemotdujour.fr\/?p=7551\">\u00bb<\/a> \u00e9voquait un concert de Martha Argerich le 8 d\u00e9cembre 2019, avant donc.<br \/>\n<\/span><\/li>\n<li><a href=\"https:\/\/lemotdujour.fr\/?p=6700\"><span style=\"font-family: Arial;\"><span style=\"color: #0000ff;\">\u00ab\u00a0La 10\u00e8me symphonie\u00a0\u00bb<\/span><\/span><\/a><span style=\"color: #777777; font-family: Arial;\"> de Dimitri Chostakovich, apr\u00e8s un concert dirig\u00e9 par le tout jeune chef Klaus M\u00e4kel\u00e4 dont je disais \u00e0 mon ami Bertrand qu&rsquo;il en entendra parler. Depuis il a \u00e9t\u00e9 nomm\u00e9 directeur musical de l&rsquo;Orchestre de Paris<br \/>\n<\/span><\/li>\n<li><span style=\"color: #777777; font-family: Arial;\">\u00ab<span style=\"color: #0000ff;\"> <a style=\"color: #0000ff;\" href=\"https:\/\/lemotdujour.fr\/?p=5849\">Grigory Sokolov<\/a> <\/span>\u00bb apr\u00e8s un concert de cet extraordinaire pianiste en novembre 2018<br \/>\n<\/span><\/li>\n<li><a href=\"https:\/\/lemotdujour.fr\/?p=4060\"><span style=\"font-family: Arial;\"><span style=\"color: #0000ff;\">\u00ab\u00a0Faire de la musique ensemble\u00a0\u00bb<\/span><\/span><\/a><span style=\"color: #777777; font-family: Arial;\"> apr\u00e8s une semaine de janvier 2018 o\u00f9 j&rsquo;y \u00e9tais all\u00e9 3 fois.<br \/>\n<\/span><\/li>\n<li><span style=\"color: #777777; font-family: Arial;\">\u00ab\u00a0<a href=\"https:\/\/lemotdujour.fr\/?p=1853\"><span style=\"color: #0000ff;\">Vous avez la chance d&rsquo;exercer un m\u00e9tier dont le but est de cr\u00e9er la beaut\u00e9\u00a0<\/span><\/a>\u00bb o\u00f9 je relatais une lettre de remerciements que j&rsquo;avais \u00e9crite aux musiciens de l&rsquo;orchestre apr\u00e8s un concert sublime d&rsquo;avril 2017.<br \/>\n<\/span><\/li>\n<li><a href=\"https:\/\/lemotdujour.fr\/?p=1514\"><span style=\"font-family: Arial;\"><span style=\"color: #0000ff;\">\u00ab La symphonie Path\u00e9tique \u00bb<\/span><\/span><\/a><span style=\"color: #777777; font-family: Arial;\"> apr\u00e8s un concert de novembre 2016 dans laquelle cette symphonie avait \u00e9t\u00e9 jou\u00e9e.<br \/>\n<\/span><\/li>\n<li><span style=\"color: #777777; font-family: Arial;\"><span style=\"color: #0000ff;\">\u00ab<a style=\"color: #0000ff;\" href=\"https:\/\/lemotdujour.fr\/?p=1234\">Alle Menschen werden Br\u00fcder<\/a>\u2026<\/span>\u00a0\u00bb apr\u00e8s une interpr\u00e9tation de la 9<sup>\u00e8me<\/sup> de Beethoven en septembre 2015.<br \/>\n<\/span><\/li>\n<\/ul>\n<p><span style=\"color: #777777; font-family: Arial;\">Mais c&rsquo;\u00e9tait avant.<br \/>\n<\/span><\/p>\n<p><span style=\"color: #777777; font-family: Arial;\">Alors quand Laurent qui continue \u00e0 aller au lieu de travail, o\u00f9 j&rsquo;allais avant, m&rsquo;a expliqu\u00e9, qu&rsquo;il voyait que c&rsquo;\u00e9tait l&rsquo;effervescence devant l&rsquo;auditorium et qu&rsquo;avec le mat\u00e9riel qu&rsquo;il voyait d\u00e9barquer pour organiser et filmer les victoires de la musique classique, il fallait absolument que je regarde France3, hier soir.<br \/>\n<\/span><\/p>\n<p><span style=\"color: #777777; font-family: Arial;\">J&rsquo;ai donc regard\u00e9.<br \/>\n<\/span><\/p>\n<p><img decoding=\"async\" src=\"https:\/\/lemotdujour.fr\/wp-content\/uploads\/2021\/02\/022421_2345_Jeudi25fvri2.png\" alt=\"\" \/><span style=\"color: #777777; font-family: Arial;\">C&rsquo;\u00e9tait tr\u00e8s bien.<br \/>\n<\/span><\/p>\n<p><span style=\"color: #777777; font-family: Arial;\">Mais ce n&rsquo;est pas la m\u00eame chose que d&rsquo;\u00eatre dans la salle et de partager la musique, de la vivre ensemble dans un m\u00eame lieu.<br \/>\n<\/span><\/p>\n<p><span style=\"color: #777777; font-family: Arial;\">Ce lieu, cet auditorium qui a \u00e9t\u00e9 inaugur\u00e9 en 1975 et qui a eu pour nom \u00ab\u00a0<strong>Maurice Ravel<\/strong>\u00a0\u00bb, parce que Ravel \u00e9tait n\u00e9 en 1875, soit cent avant.<br \/>\n<\/span><\/p>\n<p><span style=\"color: #777777; font-family: Arial;\">Mais si pour les m\u00e9lomanes cette p\u00e9riode de disette est lourde et d\u00e9sesp\u00e9rante, comme pour les amateurs de cin\u00e9ma \u00e0 cause de l&rsquo;absence de cin\u00e9ma ou pour les amateurs de th\u00e9\u00e2tre, que dire de l&rsquo;\u00e9preuve que subissent les artistes, tous les acteurs de spectacles vivants qui ne peuvent plus exercer leur art\u00a0?<br \/>\n<\/span><\/p>\n<p><span style=\"color: #777777; font-family: Arial;\">Que dire des artistes culinaires qui nous accueillaient, avant, dans des restaurants dans lesquels nous pouvions nous asseoir et attendre qu&rsquo;on vienne nous apporter le repas que nous avions choisi\u00a0?<br \/>\n<\/span><\/p>\n<p><span style=\"color: #777777; font-family: Arial;\">Alors, je suis tr\u00e8s partisan que le monde d&rsquo;apr\u00e8s soit am\u00e9lior\u00e9 par rapport \u00e0 celui d&rsquo;avant.<br \/>\n<\/span><\/p>\n<p><span style=\"color: #777777; font-family: Arial;\">Mais il y a quand m\u00eame des choses que nous d\u00e9sirons retrouver comme avant : aller au concert, au cin\u00e9ma, au th\u00e9\u00e2tre, au restaurant. <\/span><\/p>\n<p><span style=\"color: #777777; font-family: Arial;\">Vous pouvez trouver des extraits de ce spectacle sur Internet. <\/span><\/p>\n<p><span style=\"color: #777777; font-family: Arial;\">Ainsi cet &lt;<a href=\"https:\/\/www.youtube.com\/watch?v=QRYiHEcTdwg\"><span style=\"color: #0000ff;\">hommage \u00e0 Ennio Morricone<\/span><\/a>&gt; d\u00e9c\u00e9d\u00e9 le 6 juillet 2020. <\/span><\/p>\n<p><span style=\"color: #777777; font-family: Arial;\">Le percussionniste <strong>Aur\u00e9lien Gignoux<\/strong> a \u00e9t\u00e9 distingu\u00e9. Je vous invite \u00e0 regarder &lt;<a href=\"https:\/\/www.youtube.com\/watch?v=rXfUy_M9u2E&amp;list=PLoDV0kw1rFnjMmTAZpv7A7-KT6Paae4hn&amp;index=3\"><span style=\"color: #0000ff;\">Cette interpr\u00e9tation de Ravel<\/span><\/a>&gt; sur Marimba mise en ligne par France Musique. Cela r\u00e9volutionnera peut \u00eatre votre perception de ce que peut faire un percussionniste.<br \/>\n<\/span><\/p>\n<p><span style=\"color: maroon; font-family: Arial;\">&lt;<span style=\"color: #c00000;\">1532&gt;<span style=\"color: #777777;\"><br \/>\n<\/span><\/span><\/span><\/p>\n","protected":false},"excerpt":{"rendered":"<p>\u00ab\u00a0Avant, nous allions \u00e0 l&rsquo;auditorium de Lyon\u00a0\u00bb Lieu de nombreuses \u00e9motions et dans lequel a eu lieu les victoires de la musique Avant, le matin, je sortais de chez moi et je me rendais \u00e0 mon bureau qui se trouvait<\/p>\n","protected":false},"author":1,"featured_media":0,"comment_status":"open","ping_status":"closed","sticky":false,"template":"","format":"standard","meta":{"footnotes":""},"categories":[1],"tags":[45,20,126],"class_list":["post-10780","post","type-post","status-publish","format-standard","hentry","category-motdujour","tag-lyon","tag-musique","tag-pandemie"],"_links":{"self":[{"href":"https:\/\/lemotdujour.fr\/index.php?rest_route=\/wp\/v2\/posts\/10780","targetHints":{"allow":["GET"]}}],"collection":[{"href":"https:\/\/lemotdujour.fr\/index.php?rest_route=\/wp\/v2\/posts"}],"about":[{"href":"https:\/\/lemotdujour.fr\/index.php?rest_route=\/wp\/v2\/types\/post"}],"author":[{"embeddable":true,"href":"https:\/\/lemotdujour.fr\/index.php?rest_route=\/wp\/v2\/users\/1"}],"replies":[{"embeddable":true,"href":"https:\/\/lemotdujour.fr\/index.php?rest_route=%2Fwp%2Fv2%2Fcomments&post=10780"}],"version-history":[{"count":9,"href":"https:\/\/lemotdujour.fr\/index.php?rest_route=\/wp\/v2\/posts\/10780\/revisions"}],"predecessor-version":[{"id":10791,"href":"https:\/\/lemotdujour.fr\/index.php?rest_route=\/wp\/v2\/posts\/10780\/revisions\/10791"}],"wp:attachment":[{"href":"https:\/\/lemotdujour.fr\/index.php?rest_route=%2Fwp%2Fv2%2Fmedia&parent=10780"}],"wp:term":[{"taxonomy":"category","embeddable":true,"href":"https:\/\/lemotdujour.fr\/index.php?rest_route=%2Fwp%2Fv2%2Fcategories&post=10780"},{"taxonomy":"post_tag","embeddable":true,"href":"https:\/\/lemotdujour.fr\/index.php?rest_route=%2Fwp%2Fv2%2Ftags&post=10780"}],"curies":[{"name":"wp","href":"https:\/\/api.w.org\/{rel}","templated":true}]}}