{"id":1076,"date":"2015-04-14T02:00:00","date_gmt":"2015-04-13T22:00:00","guid":{"rendered":"http:\/\/lemotdujour.fr\/?p=1076"},"modified":"2017-05-08T13:25:21","modified_gmt":"2017-05-08T11:25:21","slug":"mardi-14-avril-2015","status":"publish","type":"post","link":"https:\/\/lemotdujour.fr\/?p=1076","title":{"rendered":"Mardi 14 avril 2015"},"content":{"rendered":"<div class=\"mdjDate\">Mardi 14 avril 2015<\/div>\n<div class=\"mdjTexte\">\u00ab S&rsquo;il y a une chose dont j&rsquo;ai horreur, c&rsquo;est qu&rsquo;on parle d&rsquo;assistanat.\u00bb<\/div>\n<div class=\"mdjAuteur\">Louis Gallois.<\/div>\n<div class=\"mdjComplements\">Louis Gallois \u00e9tait l&rsquo;invit\u00e9 du 7\/9 de France Inter du 13 avril.<\/div>\n<div class=\"mdjComplements\">Vers la fin de l&rsquo;\u00e9mission, il a dit :<\/div>\n<div class=\"mdjCiter\">\u00ab S&rsquo;il y a une chose dont j&rsquo;ai horreur, c&rsquo;est qu&rsquo;on parle d&rsquo;assistanat.<\/div>\n<div class=\"mdjCiter\">C&rsquo;est extr\u00eamement blessant pour les gens.<\/div>\n<div class=\"mdjCiter\">Parce qu&rsquo;il y a quelques personnes qui profitent d&rsquo;un syst\u00e8me, on fait de la masse des pauvres des profiteurs.<\/div>\n<div class=\"mdjCiter\">Mais ce ne sont pas eux les profiteurs ! Eux, ils veulent s&rsquo;en sortir.<\/div>\n<div class=\"mdjCiter\">Il faut aller \u00e0 leur contact pour le voir.<\/div>\n<div class=\"mdjCiter\">Bien s\u00fbr qu&rsquo;on trouve des fraudeurs.<\/div>\n<div class=\"mdjCiter\">Combien cela co\u00fbte au pays ? 1 ou 2 milliards.<\/div>\n<div class=\"mdjCiter\">La fraude fiscale c&rsquo;est de 60 \u00e0 80 milliards d&rsquo;euros.<\/div>\n<div class=\"mdjCiter\">La fraude au march\u00e9 noir, c&rsquo;est 20 milliards d&rsquo;euros.<\/div>\n<div class=\"mdjCiter\">Alors qu&rsquo;on s&rsquo;attaque aux vrais probl\u00e8mes !\u00bb<\/div>\n<div class=\"mdjComplements\"><a href=\"http:\/\/www.franceinter.fr\/emission-le-79-louis-gallois-on-veut-parfois-faire-des-pauvres-des-profiteurs-je-ne-le-supporte-pas\">&lt;Il fallait que ce soit dit, c&rsquo;est ici&gt;<\/a><\/div>\n<div class=\"mdjComplements\">Louis Gallois, ancien patron d&rsquo;EADS, producteur du rapport Gallois et un des grands patrons fran\u00e7ais, il est aussi depuis 2002, Pr\u00e9sident de la F\u00e9d\u00e9ration nationale des associations d&rsquo;accueil et de r\u00e9insertion sociale.<\/div>\n","protected":false},"excerpt":{"rendered":"<p>Mardi 14 avril 2015 \u00ab S&rsquo;il y a une chose dont j&rsquo;ai horreur, c&rsquo;est qu&rsquo;on parle d&rsquo;assistanat.\u00bb Louis Gallois. Louis Gallois \u00e9tait l&rsquo;invit\u00e9 du 7\/9 de France Inter du 13 avril. Vers la fin de l&rsquo;\u00e9mission, il a dit :<\/p>\n","protected":false},"author":1,"featured_media":0,"comment_status":"closed","ping_status":"closed","sticky":false,"template":"","format":"standard","meta":{"footnotes":""},"categories":[1],"tags":[],"class_list":["post-1076","post","type-post","status-publish","format-standard","hentry","category-motdujour"],"_links":{"self":[{"href":"https:\/\/lemotdujour.fr\/index.php?rest_route=\/wp\/v2\/posts\/1076","targetHints":{"allow":["GET"]}}],"collection":[{"href":"https:\/\/lemotdujour.fr\/index.php?rest_route=\/wp\/v2\/posts"}],"about":[{"href":"https:\/\/lemotdujour.fr\/index.php?rest_route=\/wp\/v2\/types\/post"}],"author":[{"embeddable":true,"href":"https:\/\/lemotdujour.fr\/index.php?rest_route=\/wp\/v2\/users\/1"}],"replies":[{"embeddable":true,"href":"https:\/\/lemotdujour.fr\/index.php?rest_route=%2Fwp%2Fv2%2Fcomments&post=1076"}],"version-history":[{"count":1,"href":"https:\/\/lemotdujour.fr\/index.php?rest_route=\/wp\/v2\/posts\/1076\/revisions"}],"predecessor-version":[{"id":1077,"href":"https:\/\/lemotdujour.fr\/index.php?rest_route=\/wp\/v2\/posts\/1076\/revisions\/1077"}],"wp:attachment":[{"href":"https:\/\/lemotdujour.fr\/index.php?rest_route=%2Fwp%2Fv2%2Fmedia&parent=1076"}],"wp:term":[{"taxonomy":"category","embeddable":true,"href":"https:\/\/lemotdujour.fr\/index.php?rest_route=%2Fwp%2Fv2%2Fcategories&post=1076"},{"taxonomy":"post_tag","embeddable":true,"href":"https:\/\/lemotdujour.fr\/index.php?rest_route=%2Fwp%2Fv2%2Ftags&post=1076"}],"curies":[{"name":"wp","href":"https:\/\/api.w.org\/{rel}","templated":true}]}}