{"id":10752,"date":"2021-02-19T02:54:00","date_gmt":"2021-02-19T01:54:00","guid":{"rendered":"http:\/\/lemotdujour.fr\/?p=10752"},"modified":"2024-02-25T15:47:06","modified_gmt":"2024-02-25T14:47:06","slug":"vendredi-19-fevrier-2021","status":"publish","type":"post","link":"https:\/\/lemotdujour.fr\/?p=10752","title":{"rendered":"Vendredi 19 f\u00e9vrier 2021"},"content":{"rendered":"<div class=\"mdjTexte\">\u00ab Il y avait le jour, il y avait la nuit, il y avait l&rsquo;inceste..\u00bb<\/div>\n<div class=\"mdjAuteur\">Mathilde Brasilier<\/div>\n<p><span style=\"color: #777777; font-family: Arial;\">Quand on se penche sur ce crime et qu&rsquo;on ouvre les oreilles et les yeux, on est submerg\u00e9 par les t\u00e9moignages. <\/span><span style=\"color: #777777; font-family: Arial;\">Leur nombre, les drames, la souffrance.<br \/>\n<\/span><\/p>\n<p><span style=\"color: #777777; font-family: Arial;\">Non, il n&rsquo;y a pas d&rsquo;inceste heureux pour les enfants.<br \/>\n<\/span><\/p>\n<p><span style=\"color: #777777; font-family: Arial;\">Le milieu familial qui devrait \u00eatre celui de la protection, du refuge peut devenir celui du mal absolu. <\/span><span style=\"color: #777777; font-family: Arial;\">Fran\u00e7oise Dolto disait qu&rsquo;on se retrouvait alors comme<br \/>\n<\/span><\/p>\n<p style=\"margin-left: 28pt;\"><span style=\"color: #c00000; font-family: Arial;\">\u00ab un \u0153uf qui a perdu sa coquille \u00bb<br \/>\n<\/span><\/p>\n<p><span style=\"color: #777777; font-family: Arial;\">Ce crime est perp\u00e9tr\u00e9 \u00e0 &lt;<span style=\"color: #0000ff;\"><a style=\"color: #0000ff;\" href=\"https:\/\/www.lemonde.fr\/societe\/article\/2020\/11\/23\/l-inceste-un-crime-encore-trop-banal_6060796_3224.html\">96%<\/a><\/span>&gt; par des hommes, le genre m\u00e2le d&rsquo;homo sapiens.<br \/>\n<\/span><\/p>\n<p><img loading=\"lazy\" decoding=\"async\" class=\"alignright\" src=\"https:\/\/lemotdujour.fr\/wp-content\/uploads\/2021\/02\/021821_2154_Vendredi19f1.jpg\" alt=\"\" width=\"296\" height=\"423\" align=\"left\" \/><span style=\"color: #777777; font-family: Arial;\"><strong>Mathilde Brasilier<\/strong> quand elle a pu enfin parler, c&rsquo;\u00e9tait trop tard pour porter plainte.<br \/>\n<\/span><\/p>\n<p><span style=\"color: #777777; font-family: Arial;\">Elle a \u00e9crit un livre \u00ab<span style=\"color: #0000ff;\">\u00a0<a style=\"color: #0000ff;\" href=\"https:\/\/www.decitre.fr\/livres\/il-y-avait-le-jour-il-y-avait-la-nuit-il-y-avait-l-inceste-9782362527531.html\"><strong>Il y avait le jour, il y avait la nuit, il y avait l&rsquo;inceste<\/strong><\/a>.<\/span>\u00a0\u00bb paru en ao\u00fbt 2019.<br \/>\n<\/span><\/p>\n<p><span style=\"color: #777777; font-family: Arial;\">Elle raconte simplement l&rsquo;histoire dans &lt;<span style=\"color: #0000ff;\"><a style=\"color: #0000ff;\" href=\"https:\/\/www.francedimanche.fr\/temoignages\/mathilde-brasilier-j-ai-ete-abusee-par-mon-pere-pendant-l-enfance\">France dimanche<\/a><\/span>&gt;<br \/>\n<\/span><\/p>\n<p style=\"margin-left: 28pt;\"><span style=\"color: #c00000; font-family: Arial;\">\u00abDe mon p\u00e8re, j&rsquo;entendais souvent\u202f: \u00ab\u00a0C&rsquo;est un homme brillant, il a eu le prix de Rome\u00a0\u00bb [d\u00e9cern\u00e9 \u00e0 la suite d&rsquo;un concours dans diff\u00e9rentes disciplines\u202f: architecture, peinture, sculpture, gravure et musique, ndlr].<br \/>\n<\/span><\/p>\n<p style=\"margin-left: 28pt;\"><span style=\"color: #c00000; font-family: Arial;\">Il \u00e9tait un architecte de renom.<br \/>\n<\/span><\/p>\n<p style=\"margin-left: 28pt;\"><span style=\"color: #c00000; font-family: Arial;\">Ma m\u00e8re \u00e9tait sculptrice. Elle repr\u00e9sentait l&rsquo;image de la bourgeoisie, et lui, de l&rsquo;aristocratie. Elle poss\u00e9dait de l&rsquo;argent, lui, l&rsquo;intelligence et la culture. Et nous habitions Saint-Germain-des-Pr\u00e9s.<br \/>\n<\/span><\/p>\n<p style=\"margin-left: 28pt;\"><span style=\"color: #c00000; font-family: Arial;\">Enfant, je ressentais l&rsquo;aura de mon p\u00e8re. Il \u00e9tait souvent absent la semaine \u00e0 cause de ses cours aux Beaux-Arts et de ses nombreux voyages.<br \/>\n<\/span><\/p>\n<p style=\"margin-left: 28pt;\"><span style=\"color: #c00000; font-family: Arial;\">Le week-end, il s&rsquo;occupait de mon fr\u00e8re Fabien et de moi. Il nous emmenait voir des expositions, visiter des monuments historiques, la culture constituant une valeur \u00e9ducative tr\u00e8s importante pour lui.<br \/>\n<\/span><\/p>\n<p style=\"margin-left: 28pt;\"><span style=\"color: #c00000; font-family: Arial;\">Les premiers abus ont d\u00e9but\u00e9 lorsque j&rsquo;avais 5\u202fans.<br \/>\n<\/span><\/p>\n<p style=\"margin-left: 28pt;\"><span style=\"color: #c00000; font-family: Arial;\">Souvent, ils avaient lieu dans l&rsquo;agence d&rsquo;architecture de notre p\u00e8re, situ\u00e9e \u00e0 une rue de l&rsquo;appartement familial.<br \/>\n<\/span><\/p>\n<p style=\"margin-left: 28pt;\"><span style=\"color: #c00000; font-family: Arial;\">Au d\u00e9part, cet endroit \u00e9tait un superbe terrain de jeu pour nous, car c&rsquo;\u00e9tait un ancien th\u00e9\u00e2tre sur deux niveaux avec un sous-sol, dans lequel nous construisions des cabanes.<br \/>\n<\/span><\/p>\n<p style=\"margin-left: 28pt;\"><span style=\"color: #c00000; font-family: Arial;\">Mais c&rsquo;\u00e9tait aussi un pi\u00e8ge\u2026<br \/>\n<\/span><\/p>\n<p style=\"margin-left: 28pt;\"><span style=\"color: #c00000; font-family: Arial;\">Lorsqu&rsquo;il fermait la trappe phonique du sous-sol, plus personne ne pouvait nous entendre.<br \/>\n<\/span><\/p>\n<p style=\"margin-left: 28pt;\"><span style=\"color: #c00000; font-family: Arial;\">Son visage changeait. Son regard devenait terrifiant, il se muait en pr\u00e9dateur.<br \/>\n<\/span><\/p>\n<p style=\"margin-left: 28pt;\"><span style=\"color: #c00000; font-family: Arial;\">\u00c7a se passait aussi dans ma chambre, la nuit. C&rsquo;est \u00e0 ce moment-l\u00e0 que j&rsquo;ai d\u00e9velopp\u00e9 une insomnie chronique. Alors il utilisait de l&rsquo;\u00e9ther pour nous endormir et mieux accomplir son forfait.<br \/>\n<\/span><\/p>\n<p style=\"margin-left: 28pt;\"><span style=\"color: #c00000; font-family: Arial;\">Pour se justifier, il nous disait qu&rsquo;il nous aimait plus que les autres parents. Et il nous avait choisis parce qu&rsquo;on \u00e9tait mieux que les autres enfants.<br \/>\n<\/span><\/p>\n<p style=\"margin-left: 28pt;\"><span style=\"color: #c00000; font-family: Arial;\">Comme si c&rsquo;\u00e9tait une chance.<br \/>\n<\/span><\/p>\n<p style=\"margin-left: 28pt;\"><span style=\"color: #c00000; font-family: Arial;\">Durant cinq ans, j&rsquo;ai essay\u00e9 d&rsquo;attirer l&rsquo;attention, notamment de notre m\u00e9decin de famille, \u00e0 travers mes troubles du sommeil. Mais il a r\u00e9gl\u00e9 le probl\u00e8me en me prescrivant des injections de Valium.<br \/>\n<\/span><\/p>\n<p style=\"margin-left: 28pt;\"><span style=\"color: #c00000; font-family: Arial;\">A l&rsquo;\u00e9poque, dans les ann\u00e9es\u202f70, on parlait peu d&rsquo;inceste, et encore moins au sujet des familles bourgeoises, bien sous tout rapport.<br \/>\n<\/span><\/p>\n<p style=\"margin-left: 28pt;\"><span style=\"color: #c00000; font-family: Arial;\">A l&rsquo;\u00e2ge de 10 ans, les abus ont cess\u00e9 apr\u00e8s un s\u00e9jour \u00e0 la montagne, durant lequel mon fr\u00e8re et moi avons r\u00e9ussi \u00e0 lui \u00e9chapper.<br \/>\n<\/span><\/p>\n<p style=\"margin-left: 28pt;\"><span style=\"color: #c00000; font-family: Arial;\">Apr\u00e8s \u00e7a, il a fait une d\u00e9pression et a \u00e9t\u00e9 intern\u00e9. Il n&rsquo;a plus jamais recommenc\u00e9.<br \/>\n<\/span><\/p>\n<p style=\"margin-left: 28pt;\"><span style=\"color: #c00000; font-family: Arial;\">Et moi, j&rsquo;ai oubli\u00e9\u2026 pour un temps.<br \/>\n<\/span><\/p>\n<p style=\"margin-left: 28pt;\"><span style=\"color: #c00000; font-family: Arial;\">Le 6\u202fmars 1985, Fabien, mon fr\u00e8re, mon alter ego, s&rsquo;est suicid\u00e9. Il s&rsquo;est jet\u00e9 du haut de Beaubourg. Il avait 24\u202fans.<br \/>\n<\/span><\/p>\n<p style=\"margin-left: 28pt;\"><span style=\"color: #c00000; font-family: Arial;\">C&rsquo;\u00e9tait un acte fort et r\u00e9fl\u00e9chi, car lui, h\u00e9las, n&rsquo;avait pas oubli\u00e9 ce que nous avions v\u00e9cu. Mais il ne me l&rsquo;a jamais rappel\u00e9, pour ne pas me faire souffrir.<br \/>\n<\/span><\/p>\n<p style=\"margin-left: 28pt;\"><span style=\"color: #c00000; font-family: Arial;\">Ma famille a pr\u00e9tendu qu&rsquo;il s&rsquo;agissait d&rsquo;un accident, qu&rsquo;il aurait \u00e9t\u00e9 pouss\u00e9 par quelqu&rsquo;un. Un suicide, \u00e7a faisait tache dans notre milieu social. Il n&rsquo;y a donc pas eu de c\u00e9r\u00e9monie ni de pierre tombale.<br \/>\n<\/span><\/p>\n<p style=\"margin-left: 28pt;\"><span style=\"color: #c00000; font-family: Arial;\">J&rsquo;ai compris son mal-\u00eatre quinze ans plus tard, apr\u00e8s une s\u00e9ance chez une th\u00e9rapeute. J&rsquo;avais consult\u00e9 Catherine Dolto pour un retard de langage que pr\u00e9sentait mon fils, et elle m&rsquo;a propos\u00e9 de me suivre \u00e9galement.<br \/>\n<\/span><\/p>\n<p style=\"margin-left: 28pt;\"><span style=\"color: #c00000; font-family: Arial;\">Un jour, \u00e0 40\u202fans, la bo\u00eete de Pandore s&rsquo;est ouverte, et tout m&rsquo;est revenu en m\u00e9moire, comme l&rsquo;a aussi d\u00e9crit et v\u00e9cu Flavie Flament.<br \/>\n<\/span><\/p>\n<p style=\"margin-left: 28pt;\"><span style=\"color: #c00000; font-family: Arial;\">Toutes les sc\u00e8nes d&rsquo;agression me sont apparues comme des photos. A ce moment-l\u00e0, j&rsquo;\u00e9tais dans le m\u00e9tro, les portes se sont ferm\u00e9es, et j&rsquo;ai \u00e9prouv\u00e9 une tr\u00e8s grosse angoisse.<br \/>\n<\/span><\/p>\n<p style=\"margin-left: 28pt;\"><span style=\"color: #c00000; font-family: Arial;\">Quand j&rsquo;en ai parl\u00e9 \u00e0 ma m\u00e8re, j&rsquo;ai r\u00e9alis\u00e9 qu&rsquo;elle \u00e9tait elle-m\u00eame sous emprise. Elle n&rsquo;a pas su. Elle \u00e9tait probablement dans le d\u00e9ni.<br \/>\n<\/span><\/p>\n<p style=\"margin-left: 28pt;\"><span style=\"color: #c00000; font-family: Arial;\">En 2005, j&rsquo;ai eu mon p\u00e8re au t\u00e9l\u00e9phone. On a beaucoup parl\u00e9, et il a reconnu ce qu&rsquo;il avait fait, il ressentait de la culpabilit\u00e9.<br \/>\n<\/span><\/p>\n<p style=\"margin-left: 28pt;\"><span style=\"color: #c00000; font-family: Arial;\">Il s&rsquo;est suicid\u00e9 le lendemain\u2026<br \/>\n<\/span><\/p>\n<p style=\"margin-left: 28pt;\"><span style=\"color: #c00000; font-family: Arial;\">J&rsquo;aimerais aujourd&rsquo;hui que les crimes sexuels sur enfant (en de\u00e7\u00e0 de 15\u202fans) soient imprescriptibles, puisque l&rsquo;amn\u00e9sie traumatique va \u00eatre inscrite dans le Code p\u00e9nal.<br \/>\n<\/span><\/p>\n<p style=\"margin-left: 28pt;\"><span style=\"color: #c00000; font-family: Arial;\">C&rsquo;est une n\u00e9cessit\u00e9 pour les victimes.\u2009\u00bb<br \/>\n<\/span><\/p>\n<p><span style=\"color: #777777; font-family: Arial;\">Il faut aussi regarder ce documentaire de France T\u00e9l\u00e9vision dans lequel elle intervient parmi d&rsquo;autres\u00a0: &lt;<a href=\"https:\/\/www.youtube.com\/watch?v=IUYpWJ5B_j8\"><strong><span style=\"color: #0000ff;\">Enfance Abus\u00e9e<\/span><\/strong><\/a>&gt;<br \/>\n<\/span><\/p>\n<p><span style=\"color: #777777; font-family: Arial;\">C&rsquo;est bouleversant.<br \/>\n<\/span><\/p>\n<p><span style=\"color: #777777; font-family: Arial;\">Le plus souvent le crime s&rsquo;enfonce dans le d\u00e9ni et m\u00eame les m\u00e8res consentent \u00e0 l&#8217;emprise et se taisent.<br \/>\n<\/span><\/p>\n<p><span style=\"color: #777777; font-family: Arial;\">Les familles fr\u00e9quemment prot\u00e8gent l&rsquo;agresseur et rejette la victime qui parle.<br \/>\n<\/span><\/p>\n<p><span style=\"color: #777777; font-family: Arial;\">C&rsquo;est inacceptable. Il faut que cela cesse.<br \/>\n<\/span><\/p>\n<p><span style=\"color: #777777; font-family: Arial;\">Mathilde Brasilier s&rsquo;exprime aussi sur ce &lt;<span style=\"color: #0000ff;\"><a style=\"color: #0000ff;\" href=\"https:\/\/blogs.mediapart.fr\/edition\/aux-lecteurs-et-lectrices-emancipe-es\/article\/191119\/entretien-avec-mathilde-brasilier-pour-son-livre-le-jour-la-nu\">blog de mediapart<\/a><\/span>&gt;<br \/>\n<\/span><\/p>\n<p><span style=\"color: maroon; font-family: Arial;\">&lt;1528<span style=\"color: #777777;\"> &gt;<\/span><\/span><\/p>\n","protected":false},"excerpt":{"rendered":"<p>\u00ab Il y avait le jour, il y avait la nuit, il y avait l&rsquo;inceste..\u00bb Mathilde Brasilier Quand on se penche sur ce crime et qu&rsquo;on ouvre les oreilles et les yeux, on est submerg\u00e9 par les t\u00e9moignages. Leur nombre,<\/p>\n","protected":false},"author":1,"featured_media":0,"comment_status":"open","ping_status":"closed","sticky":false,"template":"","format":"standard","meta":{"footnotes":""},"categories":[1],"tags":[16,52,228],"class_list":["post-10752","post","type-post","status-publish","format-standard","hentry","category-motdujour","tag-droit","tag-enfance","tag-inceste"],"_links":{"self":[{"href":"https:\/\/lemotdujour.fr\/index.php?rest_route=\/wp\/v2\/posts\/10752","targetHints":{"allow":["GET"]}}],"collection":[{"href":"https:\/\/lemotdujour.fr\/index.php?rest_route=\/wp\/v2\/posts"}],"about":[{"href":"https:\/\/lemotdujour.fr\/index.php?rest_route=\/wp\/v2\/types\/post"}],"author":[{"embeddable":true,"href":"https:\/\/lemotdujour.fr\/index.php?rest_route=\/wp\/v2\/users\/1"}],"replies":[{"embeddable":true,"href":"https:\/\/lemotdujour.fr\/index.php?rest_route=%2Fwp%2Fv2%2Fcomments&post=10752"}],"version-history":[{"count":2,"href":"https:\/\/lemotdujour.fr\/index.php?rest_route=\/wp\/v2\/posts\/10752\/revisions"}],"predecessor-version":[{"id":10754,"href":"https:\/\/lemotdujour.fr\/index.php?rest_route=\/wp\/v2\/posts\/10752\/revisions\/10754"}],"wp:attachment":[{"href":"https:\/\/lemotdujour.fr\/index.php?rest_route=%2Fwp%2Fv2%2Fmedia&parent=10752"}],"wp:term":[{"taxonomy":"category","embeddable":true,"href":"https:\/\/lemotdujour.fr\/index.php?rest_route=%2Fwp%2Fv2%2Fcategories&post=10752"},{"taxonomy":"post_tag","embeddable":true,"href":"https:\/\/lemotdujour.fr\/index.php?rest_route=%2Fwp%2Fv2%2Ftags&post=10752"}],"curies":[{"name":"wp","href":"https:\/\/api.w.org\/{rel}","templated":true}]}}