{"id":10743,"date":"2021-02-18T00:58:56","date_gmt":"2021-02-17T23:58:56","guid":{"rendered":"http:\/\/lemotdujour.fr\/?p=10743"},"modified":"2024-02-25T15:46:24","modified_gmt":"2024-02-25T14:46:24","slug":"jeudi-18-fevrier-2021","status":"publish","type":"post","link":"https:\/\/lemotdujour.fr\/?p=10743","title":{"rendered":"Jeudi 18 f\u00e9vrier 2021"},"content":{"rendered":"<div class=\"mdjTexte\">\u00ab Je pense qu&rsquo;entre un parent et un enfant, il n&rsquo;y a pas d&rsquo;inceste heureux.\u00bb<\/div>\n<div class=\"mdjAuteur\">Eva Thomas pendant l&rsquo;\u00e9mission les dossiers de l&rsquo;Ecran du 2 septembre 1986<\/div>\n<p><span style=\"color: #777777; font-family: Arial;\">Le 2 septembre 1986, L&rsquo;\u00e9mission de France 2, \u00ab\u00a0<a href=\"https:\/\/fr.wikipedia.org\/wiki\/Les_Dossiers_de_l%27%C3%A9cran\"><span style=\"color: #0000ff;\">Les dossiers de l&rsquo;\u00e9cran<\/span>\u00a0<\/a>\u00bb d\u00e9cide de parler de l&rsquo;inceste en France. C&rsquo;est une premi\u00e8re.<br \/>\n<\/span><\/p>\n<p><span style=\"color: #777777; font-family: Arial;\">L&rsquo;INA a pris la d\u00e9cision pertinente de remettre en ligne cette \u00e9mission. Vous la trouverez derri\u00e8re ce lien &lt;<a href=\"https:\/\/www.youtube.com\/watch?v=RUk1m7ArV1k\"><span style=\"color: #0000ff;\">1986 : Le tabou de l&rsquo;inceste &#8211; Archive INA<\/span><\/a>&gt;<br \/>\n<\/span><\/p>\n<p><span style=\"color: #777777; font-family: Arial;\">Le d\u00e9but est remarquable et saisissant.<br \/>\n<\/span><\/p>\n<p><span style=\"color: #777777; font-family: Arial;\"><img loading=\"lazy\" decoding=\"async\" class=\"size-full wp-image-10740 alignleft\" src=\"https:\/\/lemotdujour.fr\/wp-content\/uploads\/2021\/02\/021721_2352_Jeudi18fvri1.jpg\" alt=\"\" width=\"228\" height=\"370\" srcset=\"https:\/\/lemotdujour.fr\/wp-content\/uploads\/2021\/02\/021721_2352_Jeudi18fvri1.jpg 228w, https:\/\/lemotdujour.fr\/wp-content\/uploads\/2021\/02\/021721_2352_Jeudi18fvri1-185x300.jpg 185w\" sizes=\"auto, (max-width: 228px) 100vw, 228px\" \/>Trois femmes victimes apportent leurs t\u00e9moignages : deux de mani\u00e8re anonyme et une Eva Thomas, l&rsquo;auteur du livre paru en 1986 : \u00ab\u00a0<a href=\"https:\/\/livre.fnac.com\/a1097355\/Eva-Thomas-Le-viol-du-silence\"><span style=\"color: #0000ff;\">Le viol du silence<\/span>\u00a0<\/a>\u00bb \u00e0 visage d\u00e9couvert.<br \/>\n<\/span><\/p>\n<p><span style=\"color: #777777; font-family: Arial;\">La premi\u00e8re femme qui t\u00e9moigne est la m\u00e8re d&rsquo;une fille qui a d\u00e9nonc\u00e9 son mari \u00e0 la gendarmerie d\u00e8s qu&rsquo;elle a su qu&rsquo;il avait viol\u00e9 une de leurs filles. Ce mari a \u00e9t\u00e9 en d\u00e9tention provisoire, mais la proc\u00e9dure judiciaire s&rsquo;est achev\u00e9e par un non lieu. Elle explique qu&rsquo;apr\u00e8s cela, sa fille et elle-m\u00eame ont \u00e9t\u00e9 ostracis\u00e9es par leurs voisins comme par leur belle famille. Les voisins qui lui ont parl\u00e9, lui ont reproch\u00e9 d&rsquo;avoir d\u00e9nonc\u00e9 son mari \u00e0 la justice. Ils expliquaient qu&rsquo;ils auraient compris qu&rsquo;elle divorce, mais que l&rsquo;affaire reste discr\u00e8te.<br \/>\n<\/span><\/p>\n<p><span style=\"color: #777777; font-family: Arial;\">Il ne fallait pas salir la famille et la justice ne savait pas condamner\u00a0!<br \/>\n<\/span><span style=\"color: #777777; font-family: Arial;\">C&rsquo;est ainsi qu&rsquo;on r\u00e9agissait en 1986\u00a0!<br \/>\n<\/span><span style=\"color: #777777; font-family: Arial;\">J&rsquo;esp\u00e8re que nous n&rsquo;en sommes plus l\u00e0.<br \/>\n<\/span><\/p>\n<p><span style=\"color: #777777; font-family: Arial;\">A cette \u00e9poque cette femme devait tout porter, puisqu&rsquo;il lui a fallu trouver un emploi, car elle \u00e9tait femme au foyer et en outre elle \u00e9tait rejet\u00e9e par la soci\u00e9t\u00e9, car on l&rsquo;accusait d&rsquo;avoir caus\u00e9 un trouble. Alors que nous \u00e9tions en pr\u00e9sence d&rsquo;un criminel et d&rsquo;un crime. Enfin, \u00e0 l&rsquo;\u00e9poque ce n&rsquo;\u00e9tait pas aussi clair, l&rsquo;avocate qui avait \u00e9t\u00e9 invit\u00e9e sur le plateau rapportait que la plupart des affaires se traitait devant la justice correctionnelle qui juge des d\u00e9lits et qu&rsquo;elle n&rsquo;avait plaid\u00e9 qu&rsquo;une affaire aux Assises qui est le tribunal des crimes.<br \/>\n<\/span><\/p>\n<p><span style=\"color: #777777; font-family: Arial;\">Nous sommes l\u00e0 en pr\u00e9sence <span style=\"font-size: 11pt;\">d&rsquo;\u00ab\u00a0<strong>un syst\u00e8me d&rsquo;impunit\u00e9 des agresseurs<\/strong>\u00a0\u00bb comme le r\u00e9v\u00e9lait le magistrat <strong>\u00c9douard Durand <\/strong>que je citais dans le mot du jour de ce lundi.<br \/>\n<\/span><\/span><\/p>\n<p><span style=\"color: #777777; font-family: Arial;\">La seconde femme anonyme a racont\u00e9 une autre histoire, mais avec la m\u00eame cons\u00e9quence qui a \u00e9t\u00e9 que ce fut elle qui a \u00e9t\u00e9 condamn\u00e9e par sa famille. Elle avait \u00e9t\u00e9 viol\u00e9e par son fr\u00e8re. Les parents avaient recueilli l&rsquo;enfant et s&rsquo;\u00e9tait empress\u00e9 de trouver un mari pour leur fille qui reconnut l&rsquo;enfant. Le fr\u00e8re continuait \u00e0 \u00eatre re\u00e7u comme un prince dans sa famille, alors que la fille \u00e9tait le \u00ab\u00a0mouton noir\u00a0\u00bb.<br \/>\n<\/span><\/p>\n<p><span style=\"color: #777777; font-family: Arial;\">On jugeait la fille, l&rsquo;enfant coupable d&rsquo;avoir provoqu\u00e9 la libido du gar\u00e7on.<br \/>\n<\/span><span style=\"color: #777777; font-family: Arial;\">C&rsquo;est ce qu&rsquo;on appelle la culture du viol.<br \/>\n<\/span><span style=\"color: #777777; font-family: Arial;\">Une inversion perverse de la responsabilit\u00e9.<br \/>\n<\/span><\/p>\n<p><span style=\"color: #777777; font-family: Arial;\">Puis ce fut Eva Thomas qui t\u00e9moigna avec beaucoup de dignit\u00e9 et de sensibilit\u00e9 du viol subi vers 15 ans par son p\u00e8re. Elle dit :<br \/>\n<\/span><\/p>\n<p style=\"margin-left: 28pt;\"><span style=\"color: #c00000; font-family: Arial;\">\u00ab\u00a0J&rsquo;ai choisi de t\u00e9moigner \u00e0 visage d\u00e9couvert parce que j&rsquo;aimerais sortir de la honte.\u00a0\u00bb<br \/>\n<\/span><\/p>\n<p><span style=\"color: #777777; font-family: Arial;\">Elle raconta que c&rsquo;est par l&rsquo;\u00e9criture qu&rsquo;elle arriva \u00e0 se lib\u00e9rer, \u00e0 pardonner et \u00e0 retrouver une relation apais\u00e9e avec ses parents et son p\u00e8re.<br \/>\n<\/span><\/p>\n<p><span style=\"color: #777777; font-family: Arial;\"><img loading=\"lazy\" decoding=\"async\" class=\" wp-image-10741 alignleft\" src=\"https:\/\/lemotdujour.fr\/wp-content\/uploads\/2021\/02\/021721_2352_Jeudi18fvri2.png\" alt=\"\" width=\"413\" height=\"288\" srcset=\"https:\/\/lemotdujour.fr\/wp-content\/uploads\/2021\/02\/021721_2352_Jeudi18fvri2.png 371w, https:\/\/lemotdujour.fr\/wp-content\/uploads\/2021\/02\/021721_2352_Jeudi18fvri2-300x209.png 300w\" sizes=\"auto, (max-width: 413px) 100vw, 413px\" \/>Contrairement aux deux autres victimes, son p\u00e8re lui demanda pardon et reconnut le mal qu&rsquo;il lui avait fait.<br \/>\n<\/span><\/p>\n<p><span style=\"color: #777777; font-family: Arial;\">Elle raconta aussi sa sid\u00e9ration et son incompr\u00e9hension devant l&rsquo;acte qu&rsquo;elle avait subi. Elle ne comprenait pas, n&rsquo;avait pas de mots au moment o\u00f9 cela s&rsquo;est pass\u00e9 pour dire la chose. Et elle n&rsquo;osait pas alors le dire \u00e0 sa m\u00e8re, elle vivait dans la crainte que le fait de le dire, tuerait sa m\u00e8re.<br \/>\n<\/span><\/p>\n<p><span style=\"color: #777777; font-family: Arial;\">Et elle s&rsquo;est sentie coupable, coupable de ne pas avoir cri\u00e9, ne pas s&rsquo;\u00eatre d\u00e9battu.<br \/>\n<\/span><\/p>\n<p><span style=\"color: #777777; font-family: Arial;\">Elle a ajout\u00e9 cependant que depuis qu&rsquo;elle avait approfondi ce sujet, elle se rendait compte que tous les enfants ont dit la m\u00eame chose\u00a0: la surprise et l&rsquo;incr\u00e9dulit\u00e9 les paralysaient.<br \/>\n<\/span><\/p>\n<p><span style=\"color: #777777; font-family: Arial;\">Elle a cr\u00e9\u00e9 \u00e0 l&rsquo;automne 1985, \u00e0 Grenoble, une association\u00a0: \u00ab\u00a0<a href=\"https:\/\/www.sos-inceste-violences-sexuelles.fr\/\"><span style=\"color: #0000ff;\">SOS inceste<\/span>\u00a0<\/a>\u00bb.<br \/>\n<\/span><\/p>\n<p><span style=\"color: #777777; font-family: Arial;\">Dans la suite de l&rsquo;\u00e9mission, plusieurs sp\u00e9cialistes sont intervenus<br \/>\n<\/span><\/p>\n<p><span style=\"color: #777777; font-family: Arial;\">Lumineux, quand l&rsquo;ethno-psychanalyste <strong>Tobie Nathan<\/strong> explique le tabou de l&rsquo;inceste, sa transgression et le mythe qui y est rattach\u00e9.<br \/>\n<\/span><\/p>\n<p><span style=\"color: #777777; font-family: Arial;\">Pr\u00e9cis et rigoureux, quand le juge Bernard Leroy donne des chiffres et expliquent les limites de la justice sur les affaires d&rsquo;inceste qui sont port\u00e9es aupr\u00e8s d&rsquo;elle.<br \/>\n<\/span><\/p>\n<p><span style=\"color: #777777; font-family: Arial;\">Vindicative, lorsque l&rsquo;avocate associ\u00e9e de Gis\u00e8le Halimi, Ma\u00eetre Dominique Locquet se r\u00e9volte contre le laxisme de la justice sur ces affaires dans les ann\u00e9es 80.<br \/>\n<\/span><\/p>\n<p><span style=\"color: #777777; font-family: Arial;\">Et puis il y eut des m\u00e9decins dont le docteur Gilbert Tordjman qui ont tenu des propos hallucinants, in\u00e9coutables avec notre sensibilit\u00e9 d&rsquo;aujourd&rsquo;hui.\u00a0; C&rsquo;\u00e9taient des hommes \u00e9videmment.<br \/>\n<\/span><\/p>\n<p><span style=\"color: #777777; font-family: Arial;\">Ils tentaient d&rsquo;expliquer ou plut\u00f4t ils affirmaient du haut de leur science qu&rsquo;il y avait plusieurs types d&rsquo;inceste : le brutal, le violent condamnable et puis une autre forme d&rsquo;inceste, d&rsquo;amour, d&rsquo;\u00e9changes, d&rsquo;initiation\u2026 Ou encore expliquant que des relations inabouties entre les parents conduisaient le p\u00e8re \u00e0 aller chercher du c\u00f4t\u00e9 de la fille. Des fadaises, s&rsquo;il ne s&rsquo;agissait de monstruosit\u00e9s\u2026<br \/>\n<\/span><\/p>\n<p><span style=\"color: #777777; font-family: Arial;\">Et puis des t\u00e9l\u00e9spectateurs ont appel\u00e9 pour dire qu&rsquo;ils vivaient une relation incestueuse \u00e9panouie et heureuse des deux c\u00f4t\u00e9s. On entend\u00a0: \u00ab\u00a0Je suis amoureux de ma fille adoptive. Pourquoi semez-vous la zizanie dans les familles\u00a0\u00bb. Un autre assume aimer caresser sa fille de 10 ans. Un troisi\u00e8me t\u00e9moigne qu&rsquo;il a des relations quotidiennes avec sa fille de 13 ans.<br \/>\n<\/span><\/p>\n<p><span style=\"color: #777777; font-family: Arial;\">Eva Thomas apr\u00e8s avoir secou\u00e9 plusieurs fois la t\u00eate, digne, \u00e9mue, les yeux un peu rougis a alors dit simplement.<br \/>\n<\/span><\/p>\n<p style=\"margin-left: 28pt;\"><span style=\"color: #c00000; font-family: Arial;\"> \u00ab\u00a0Je pense qu&rsquo;entre un parent et un enfant, il n&rsquo;y a pas d&rsquo;inceste heureux\u00a0\u00bb<br \/>\n<\/span><\/p>\n<p><span style=\"color: #777777; font-family: Arial;\">Et elle ajout\u00e9, au moins pour l&rsquo;enfant, il n&rsquo;y a pas d&rsquo;inceste heureux.<br \/>\n<\/span><\/p>\n<p><span style=\"color: #777777; font-family: Arial;\">C&rsquo;\u00e9tait un autre temps.<br \/>\n<\/span><span style=\"color: #777777; font-family: Arial;\">C&rsquo;est de l\u00e0 que nous venons.<br \/>\n<\/span><\/p>\n<p><span style=\"color: #777777; font-family: Arial;\">Eva Thomas a \u00e9crit un autre livre, publi\u00e9 en 1992, \u00ab\u00a0<a href=\"https:\/\/www.decitre.fr\/livres\/le-sang-des-mots-9782220054537.html\"><span style=\"color: #0000ff;\">le sang des mots<\/span>\u00a0<\/a>\u00bb.<br \/>\n<\/span><\/p>\n<p><span style=\"color: #777777; font-family: Arial;\"><img loading=\"lazy\" decoding=\"async\" class=\" wp-image-10745 alignleft\" src=\"https:\/\/lemotdujour.fr\/wp-content\/uploads\/2021\/02\/Eva-Thomas-le-sang.jpg\" alt=\"\" width=\"229\" height=\"363\" srcset=\"https:\/\/lemotdujour.fr\/wp-content\/uploads\/2021\/02\/Eva-Thomas-le-sang.jpg 315w, https:\/\/lemotdujour.fr\/wp-content\/uploads\/2021\/02\/Eva-Thomas-le-sang-189x300.jpg 189w\" sizes=\"auto, (max-width: 229px) 100vw, 229px\" \/>Elle l&rsquo;a \u00e9crit sur le choc d&rsquo;une victime d&rsquo;inceste qui a \u00e9t\u00e9 condamn\u00e9e par la justice, parce qu&rsquo;elle avait rendu public l&rsquo;inceste alors que les faits \u00e9taient prescrits. Elle a \u00e9t\u00e9 condamn\u00e9e pour diffamation. La justice n&rsquo;a pas contest\u00e9 l&rsquo;inceste, mais interdit d&rsquo;en parler. Le criminel ne pouvait plus \u00eatre jug\u00e9, il fallait m\u00eame emp\u00eacher qu&rsquo;il f\u00fbt emb\u00eat\u00e9 par des souvenirs d\u00e9plaisants.<br \/>\n<\/span><span style=\"color: #777777; font-family: Arial;\">C&rsquo;est une d\u00e9cision de justice de 1989.<br \/>\n<\/span><span style=\"color: #777777; font-family: Arial;\">Quelle honte\u00a0!<br \/>\n<\/span><\/p>\n<p><span style=\"color: #777777; font-family: Arial;\">Plus r\u00e9cemment, en 2017, l&rsquo;Obs a interview\u00e9 Eva Thomas, \u00e0 l&rsquo;\u00e2ge de 75 ans : &lt;<a href=\"https:\/\/www.nouvelobs.com\/rue89\/nos-vies-intimes\/20171012.OBS5937\/eva-thomas-celle-qui-en-1986-a-brise-le-silence-sur-l-inceste.html\"><span style=\"color: #0000ff;\">Eva Thomas : celle qui en 1986 a bris\u00e9 le silence sur l&rsquo;inceste<\/span><\/a>&gt;<br \/>\n<\/span><\/p>\n<p><span style=\"color: #777777; font-family: Arial;\">L&rsquo;obs rappelle combien son t\u00e9moignage fut retentissant et constitue une des \u00e9tapes qui a fait bouger les lignes.<br \/>\n<\/span><\/p>\n<p><span style=\"color: #777777; font-family: Arial;\">A 75 ans elle avoue<br \/>\n<\/span><\/p>\n<p style=\"margin-left: 28pt;\"><span style=\"color: #c00000; font-family: Arial;\">\u00ab\u00a0J&rsquo;avais l&rsquo;impression de me jeter dans le vide\u00a0\u00bb<br \/>\n<\/span><\/p>\n<p><span style=\"color: #777777; font-family: Arial;\">Elle explique qu&rsquo;elle voulait \u00e0 tout prix rompre le silence, s&rsquo;attaquer \u00e0 \u00ab\u00a0<span style=\"color: #c00000;\">l&rsquo;attitude hypocrite et l\u00e2che de la soci\u00e9t\u00e9 face \u00e0 l&rsquo;inceste<span style=\"color: #777777;\">\u00a0\u00bb.<br \/>\n<\/span><\/span><\/span><\/p>\n<p><span style=\"color: #777777; font-family: Arial;\"><strong>Anne-Claude Ambroise-Rendu<\/strong>, auteure de \u00ab\u00a0<a href=\"https:\/\/livre.fnac.com\/a6726415\/Anne-Claude-Ambroise-Rendu-Histoire-de-la-pedophilie\"><span style=\"color: #0000ff;\">Histoire de la p\u00e9dophilie<\/span>\u00a0<\/a>\u00bb (\u00e9d. Fayard, 2014) explique\u00a0:<br \/>\n<\/span><\/p>\n<p style=\"margin-left: 28pt;\"><span style=\"color: #c00000; font-family: Arial;\">\u00ab\u00a0La t\u00e9l\u00e9vision, comme m\u00e9dia de masse, a \u00e9t\u00e9 un puissant vecteur de ce changement soci\u00e9tal. Il a permis de voir et d&rsquo;entendre ces victimes. Il offre la possibilit\u00e9 de l&#8217;empathie, de l&rsquo;\u00e9motion et de l&rsquo;identification. A ce moment, le visage d&rsquo;Eva Thomas, en plan serr\u00e9 sur Antenne 2, se suffit \u00e0 lui-m\u00eame.\u00a0\u00bb<br \/>\n<\/span><\/p>\n<p><span style=\"color: #777777; font-family: Arial;\">Elle parle de sa solitude, de l&rsquo;incompr\u00e9hension manifest\u00e9e par les m\u00e9decins dont certains lui ont m\u00eame r\u00e9torqu\u00e9 qu&rsquo;il n&rsquo;y avait rien de grave \u00e0 coucher avec son p\u00e8re.<br \/>\n<\/span><\/p>\n<p><span style=\"color: #777777; font-family: Arial;\">Elle reconnait que le fait que sont p\u00e8re reconnut sur le tard son acte d\u00e9testable l&rsquo;a aid\u00e9\u00a0:<br \/>\n<\/span><\/p>\n<p style=\"margin-left: 28pt;\"><span style=\"color: #c00000; font-family: Arial;\">\u00ab\u00a0Son ancien compagnon, le p\u00e8re de sa fille unique, a \u00e9t\u00e9 le premier homme aupr\u00e8s de qui elle s&rsquo;est confi\u00e9e. C&rsquo;est lui qui l&rsquo;a convaincue d&rsquo;\u00e9crire une lettre \u00e0 son p\u00e8re. Alors qu&rsquo;elle entamait l&rsquo;\u00e9criture de son livre, ce dernier a reconnu les faits et lui a demand\u00e9 pardon \u2013 \u00ab\u00a0une chance incroyable\u00a0\u00bb, pr\u00e9cise-t-elle. Il a lu son livre, aussi.<br \/>\n<\/span><\/p>\n<p style=\"margin-left: 28pt;\"><span style=\"color: #c00000; font-family: Arial;\">Il m&rsquo;a dit que jamais il n&rsquo;avait imagin\u00e9 que \u00e7a provoquerait de tels d\u00e9g\u00e2ts sur ma vie.\u00a0\u00bb<br \/>\n<\/span><\/p>\n<p><span style=\"color: #777777; font-family: Arial;\">Elle raconte que de nombreuses femmes lui ont \u00e9crit pour la remercier d&rsquo;avoir ouvert la voie. Ces multiples \u00e9changes lui ont \u00e9galement permis de comprendre l&rsquo;ampleur consid\u00e9rable de ce d\u00e9sastre.<br \/>\n<\/span><\/p>\n<p><span style=\"color: #777777; font-family: Arial;\">Dans son village natal, il y avait deux camps ceux qui trouvaient qu&rsquo;elle \u00e9tait une h\u00e9ro\u00efne et les autres qui trouvaient que c&rsquo;\u00e9tait un scandale : \u00ab\u00a0on n&rsquo;attaque jamais ses parents.\u00a0\u00bb.<br \/>\n<\/span><\/p>\n<p><span style=\"color: #777777; font-family: Arial;\">Elle raconte alors son parcours dans son association et d&rsquo;autres interventions\u00a0:<br \/>\n<\/span><\/p>\n<p style=\"margin-left: 28pt;\"><span style=\"color: #c00000; font-family: Arial;\">\u00ab\u00a0La lib\u00e9ration de la parole qui \u00e9clate dans les ann\u00e9es 1980 est euphorisante. [\u2026] \u00c7a a \u00e9t\u00e9 une esp\u00e8ce de jubilation collective dans les groupes de parole. [\u2026] C&rsquo;\u00e9tait joyeux, au point de d\u00e9sar\u00e7onner un journaliste venu en reportage dans le local associatif. . [\u2026] On se vivait comme des guerri\u00e8res, des combattantes. [\u2026] C&rsquo;\u00e9tait extraordinaire de voir \u00e0 quel point on \u00e9tait heureuses de se retrouver face \u00e0 quelqu&rsquo;un qui nous comprenait puisqu&rsquo;on avait v\u00e9cu les m\u00eames trajets, on \u00e9tait pass\u00e9es par les m\u00eames chemins.<br \/>\n<\/span><\/p>\n<p style=\"margin-left: 28pt;\"><span style=\"color: #c00000; font-family: Arial;\">C&rsquo;\u00e9tait tr\u00e8s rassurant quand on en parlait ensemble parce que tout \u00e0 coup, \u00e0 force d&rsquo;entendre les m\u00eames mots, les m\u00eames phrases, les m\u00eames itin\u00e9raires, la fa\u00e7on dont on s&rsquo;\u00e9tait battues chacune de notre c\u00f4t\u00e9, il y avait une forme de normalit\u00e9 qui ressortait.<br \/>\n<\/span><\/p>\n<p style=\"margin-left: 28pt;\"><span style=\"color: #c00000; font-family: Arial;\">Nous, qui nous \u00e9tions fait jeter avec l&rsquo;id\u00e9e qu&rsquo;on \u00e9tait un peu folles, hyst\u00e9riques, r\u00e9alisions qu&rsquo;on avait eu des r\u00e9flexes normaux, en r\u00e9action \u00e0 un traumatisme.\u00a0\u00bb<br \/>\n<\/span><\/p>\n<p><span style=\"color: #777777; font-family: Arial;\"><img loading=\"lazy\" decoding=\"async\" class=\"wp-image-10742 alignleft\" src=\"https:\/\/lemotdujour.fr\/wp-content\/uploads\/2021\/02\/021721_2352_Jeudi18fvri3.jpg\" alt=\"\" width=\"458\" height=\"222\" srcset=\"https:\/\/lemotdujour.fr\/wp-content\/uploads\/2021\/02\/021721_2352_Jeudi18fvri3.jpg 612w, https:\/\/lemotdujour.fr\/wp-content\/uploads\/2021\/02\/021721_2352_Jeudi18fvri3-300x145.jpg 300w\" sizes=\"auto, (max-width: 458px) 100vw, 458px\" \/>Elle revient aussi sur la relation avec ses parents apr\u00e8s\u00a0:<br \/>\n<\/span><\/p>\n<p style=\"margin-left: 28pt;\"><span style=\"color: #c00000; font-family: Arial;\">\u00ab\u00a0Jusqu&rsquo;\u00e0 leur d\u00e9c\u00e8s, au d\u00e9but des ann\u00e9es 2000, Eva Thomas a entretenu une relation apais\u00e9e avec ses parents, une fois le pardon accept\u00e9.<br \/>\n<\/span><\/p>\n<p style=\"margin-left: 28pt;\"><span style=\"color: #c00000; font-family: Arial;\">A partir du moment o\u00f9 tout \u00e9tait clair, o\u00f9 tout avait \u00e9t\u00e9 dit, je me suis r\u00e9concili\u00e9e avec eux. R\u00e9guli\u00e8rement, je suis all\u00e9e passer des vacances chez eux. J&rsquo;\u00e9tais heureuse d&rsquo;\u00eatre avec mes parents. [\u2026]<br \/>\n<\/span><\/p>\n<p style=\"margin-left: 28pt;\"><span style=\"color: #c00000; font-family: Arial;\">On peut vivre avec cette cicatrice-l\u00e0 comme avec une autre.\u00a0\u00bb<br \/>\n<\/span><\/p>\n<p><span style=\"color: #777777; font-family: Arial;\">On peut parler de r\u00e9silience.<br \/>\n<\/span><span style=\"color: #777777; font-family: Arial;\">Mais combien ce chemin fut difficile.<br \/>\n<\/span><\/p>\n<p><span style=\"color: #777777; font-family: Arial;\">Et si nous sommes en progr\u00e8s, nous ne sommes pas encore au bout de ce combat\u00a0: <strong>\u00ab Une relation sexuelle avec un enfant n&rsquo;est jamais n\u00e9gociable. Jamais, Jamais !\u00bb<br \/>\n<\/strong><\/span><\/p>\n<p><span style=\"color: maroon; font-family: Arial;\">&lt;1527&gt;<\/span><\/p>\n","protected":false},"excerpt":{"rendered":"<p>\u00ab Je pense qu&rsquo;entre un parent et un enfant, il n&rsquo;y a pas d&rsquo;inceste heureux.\u00bb Eva Thomas pendant l&rsquo;\u00e9mission les dossiers de l&rsquo;Ecran du 2 septembre 1986 Le 2 septembre 1986, L&rsquo;\u00e9mission de France 2, \u00ab\u00a0Les dossiers de l&rsquo;\u00e9cran\u00a0\u00bb d\u00e9cide<\/p>\n","protected":false},"author":1,"featured_media":0,"comment_status":"open","ping_status":"closed","sticky":false,"template":"","format":"standard","meta":{"footnotes":""},"categories":[1],"tags":[16,52,228,51],"class_list":["post-10743","post","type-post","status-publish","format-standard","hentry","category-motdujour","tag-droit","tag-enfance","tag-inceste","tag-justice"],"_links":{"self":[{"href":"https:\/\/lemotdujour.fr\/index.php?rest_route=\/wp\/v2\/posts\/10743","targetHints":{"allow":["GET"]}}],"collection":[{"href":"https:\/\/lemotdujour.fr\/index.php?rest_route=\/wp\/v2\/posts"}],"about":[{"href":"https:\/\/lemotdujour.fr\/index.php?rest_route=\/wp\/v2\/types\/post"}],"author":[{"embeddable":true,"href":"https:\/\/lemotdujour.fr\/index.php?rest_route=\/wp\/v2\/users\/1"}],"replies":[{"embeddable":true,"href":"https:\/\/lemotdujour.fr\/index.php?rest_route=%2Fwp%2Fv2%2Fcomments&post=10743"}],"version-history":[{"count":4,"href":"https:\/\/lemotdujour.fr\/index.php?rest_route=\/wp\/v2\/posts\/10743\/revisions"}],"predecessor-version":[{"id":10750,"href":"https:\/\/lemotdujour.fr\/index.php?rest_route=\/wp\/v2\/posts\/10743\/revisions\/10750"}],"wp:attachment":[{"href":"https:\/\/lemotdujour.fr\/index.php?rest_route=%2Fwp%2Fv2%2Fmedia&parent=10743"}],"wp:term":[{"taxonomy":"category","embeddable":true,"href":"https:\/\/lemotdujour.fr\/index.php?rest_route=%2Fwp%2Fv2%2Fcategories&post=10743"},{"taxonomy":"post_tag","embeddable":true,"href":"https:\/\/lemotdujour.fr\/index.php?rest_route=%2Fwp%2Fv2%2Ftags&post=10743"}],"curies":[{"name":"wp","href":"https:\/\/api.w.org\/{rel}","templated":true}]}}