{"id":1074,"date":"2015-04-13T02:00:00","date_gmt":"2015-04-12T22:00:00","guid":{"rendered":"http:\/\/lemotdujour.fr\/?p=1074"},"modified":"2017-05-08T13:25:20","modified_gmt":"2017-05-08T11:25:20","slug":"lundi-13-avril-2015","status":"publish","type":"post","link":"https:\/\/lemotdujour.fr\/?p=1074","title":{"rendered":"Lundi 13 avril 2015"},"content":{"rendered":"<div class=\"mdjDate\">Lundi 13 avril 2015<\/div>\n<div class=\"mdjTexte\">\u00ab Quasi aucun de nous n&rsquo;a envie de faire g\u00e9rer le monde par un syst\u00e8me d\u00e9mocratique\u00bb<\/div>\n<div class=\"mdjAuteur\">Jean Viard<\/div>\n<div class=\"mdjComplements\">Je reviens sur la conf\u00e9rence de Jean Viard o\u00f9 il s&rsquo;interroge sur la d\u00e9mocratie du sommeil, le temps libre et les cons\u00e9quences de ces \u00e9volutions sur la d\u00e9mocratie locale.<\/div>\n<div class=\"mdjComplements\">Mais il a abord\u00e9 un autre point qui m&rsquo;a interpell\u00e9 et que je voudrais partager avec vous.<\/div>\n<div class=\"mdjComplements\">Il fait remarquer que les probl\u00e8mes auxquels sont confront\u00e9s les humains aujourd&rsquo;hui sont de dimension mondiale : contraintes et \u00e9volution \u00e9cologiques, r\u00e9gulation \u00e9conomique et financi\u00e8re, terrorisme, lutte contre les r\u00e9seaux mafieux et tant d&rsquo;autres qui ne connaissent pas les fronti\u00e8res.<\/div>\n<div class=\"mdjComplements\">Cette situation n\u00e9cessite une r\u00e9ponse politique : un gouvernement capable d&rsquo;aborder et de ma\u00eetriser ces probl\u00e9matiques \u00e0 la bonne \u00e9chelle qui est mondiale.<\/div>\n<div class=\"mdjComplements\">Dans notre monde occidental depuis la d\u00e9mocratie grecque puis l&rsquo;\u00e9mergence de la d\u00e9mocratie britannique, am\u00e9ricaine et la r\u00e9volution fran\u00e7aise le consensus qui s&rsquo;est d\u00e9gag\u00e9 est que pour gouverner et administrer, la meilleure des solutions ou la moins mauvaise est la d\u00e9mocratie.<\/div>\n<div class=\"mdjComplements\">Donc pour gouverner le monde, c&rsquo;est \u00e0 dire l&rsquo;\u00e9chelle territoriale d&rsquo;aujourd&rsquo;hui, la r\u00e9ponse est naturellement une d\u00e9mocratie mondiale. C&rsquo;est d&rsquo;ailleurs la th\u00e8se de Jacques Attali.<\/div>\n<div class=\"mdjComplements\">Mais Jean Viard nous pose la question, il l&rsquo;a pos\u00e9 \u00e0 chacun de nous, pas \u00e0 nos gouvernants : est-ce que moi je souhaite une d\u00e9mocratie mondiale ?<\/div>\n<div class=\"mdjComplements\">Moi fran\u00e7ais, avec ma mani\u00e8re de vivre, de penser, ma libert\u00e9 d&rsquo;expression\u00a0 j&rsquo;accepte de d\u00e9pendre d&rsquo;une \u00e9lection ou d&rsquo;un gouvernement mondial dans lequel les fran\u00e7ais comme moi repr\u00e9sente moins de 1% du corps \u00e9lectoral ?<\/div>\n<div class=\"mdjComplements\">Est-ce que les \u00e9tats-uniens accepteraient de se diluer dans un corps \u00e9lectoral mondial ?<\/div>\n<div class=\"mdjComplements\">M\u00eame \u00e0 une \u00e9chelle plus locale, celle de l&rsquo;Union europ\u00e9enne, somme-nous pr\u00eats \u00e0 ce que notre gouvernement soit \u00e9lu par un corps \u00e9lectoral dans lequel nous serions tr\u00e8s minoritaires ?<\/div>\n<div class=\"mdjComplements\">Je crois que la r\u00e9ponse est dans la question.<\/div>\n<div class=\"mdjComplements\">Et c&rsquo;est l\u00e0 que Jean Viard a cette r\u00e9flexion d\u00e9rangeante : \u00abNous sommes tous convaincu que la d\u00e9mocratie est le meilleur mod\u00e8le, mais quasi aucun de nous n&rsquo;a envie de faire g\u00e9rer le monde par un syst\u00e8me d\u00e9mocratique. C&rsquo;est une remise en cause assez fondamentale de la d\u00e9mocratie.<br \/>Jamais j&rsquo;entends r\u00eaver d&rsquo;une d\u00e9mocratie mondiale qui serait centr\u00e9e sur l&rsquo;Asie.\u00bb<\/div>\n<div class=\"mdjComplements\">Voici le lien vers la m\u00eame conf\u00e9rence : <a href=\"https:\/\/www.youtube.com\/watch?v=gLur5UZvGn8\">&lt;Comment r\u00e9former une d\u00e9mocratie du sommeil ? &gt;<\/a><\/div>\n","protected":false},"excerpt":{"rendered":"<p>Lundi 13 avril 2015 \u00ab Quasi aucun de nous n&rsquo;a envie de faire g\u00e9rer le monde par un syst\u00e8me d\u00e9mocratique\u00bb Jean Viard Je reviens sur la conf\u00e9rence de Jean Viard o\u00f9 il s&rsquo;interroge sur la d\u00e9mocratie du sommeil, le temps<\/p>\n","protected":false},"author":1,"featured_media":0,"comment_status":"closed","ping_status":"closed","sticky":false,"template":"","format":"standard","meta":{"footnotes":""},"categories":[1],"tags":[],"class_list":["post-1074","post","type-post","status-publish","format-standard","hentry","category-motdujour"],"_links":{"self":[{"href":"https:\/\/lemotdujour.fr\/index.php?rest_route=\/wp\/v2\/posts\/1074","targetHints":{"allow":["GET"]}}],"collection":[{"href":"https:\/\/lemotdujour.fr\/index.php?rest_route=\/wp\/v2\/posts"}],"about":[{"href":"https:\/\/lemotdujour.fr\/index.php?rest_route=\/wp\/v2\/types\/post"}],"author":[{"embeddable":true,"href":"https:\/\/lemotdujour.fr\/index.php?rest_route=\/wp\/v2\/users\/1"}],"replies":[{"embeddable":true,"href":"https:\/\/lemotdujour.fr\/index.php?rest_route=%2Fwp%2Fv2%2Fcomments&post=1074"}],"version-history":[{"count":1,"href":"https:\/\/lemotdujour.fr\/index.php?rest_route=\/wp\/v2\/posts\/1074\/revisions"}],"predecessor-version":[{"id":1075,"href":"https:\/\/lemotdujour.fr\/index.php?rest_route=\/wp\/v2\/posts\/1074\/revisions\/1075"}],"wp:attachment":[{"href":"https:\/\/lemotdujour.fr\/index.php?rest_route=%2Fwp%2Fv2%2Fmedia&parent=1074"}],"wp:term":[{"taxonomy":"category","embeddable":true,"href":"https:\/\/lemotdujour.fr\/index.php?rest_route=%2Fwp%2Fv2%2Fcategories&post=1074"},{"taxonomy":"post_tag","embeddable":true,"href":"https:\/\/lemotdujour.fr\/index.php?rest_route=%2Fwp%2Fv2%2Ftags&post=1074"}],"curies":[{"name":"wp","href":"https:\/\/api.w.org\/{rel}","templated":true}]}}