{"id":10729,"date":"2021-02-17T03:57:00","date_gmt":"2021-02-17T02:57:00","guid":{"rendered":"http:\/\/lemotdujour.fr\/?p=10729"},"modified":"2021-02-16T22:23:02","modified_gmt":"2021-02-16T21:23:02","slug":"lundi-fevrier-2021-2","status":"publish","type":"post","link":"https:\/\/lemotdujour.fr\/?p=10729","title":{"rendered":"Mercredi 17 f\u00e9vrier 2021"},"content":{"rendered":"<div class=\"mdjTexte\">\u00ab Pause (\u00abL&rsquo;apologie de la p\u00e9dophilie, face noire de Mai-68)\u00bb<\/div>\n<div class=\"mdjAuteur\">Un jour sans mot du jour nouveau<\/div>\n<p><span style=\"color: #777777;\"><span style=\"font-family: Arial;\">J&rsquo;avais consacr\u00e9 une s\u00e9rie de mots du jour \u00e0 mai 68<span style=\"color: #0000ff;\">. <a style=\"color: #0000ff;\" href=\"https:\/\/lemotdujour.fr\/?p=4708\">Le mot du jour du 17 mai 2018 <\/a> <\/span>avait pour exergue&nbsp;: <\/span><span style=\"color: navy; font-family: Verdana;\"><span style=\"color: #333399;\">\u00ab<strong>&nbsp;Mai 1968 et le sexe<\/strong>&nbsp;\u00bb.<\/span><strong><br \/>\n<\/strong><\/span><\/span><\/p>\n<p><span style=\"color: #777777; font-family: Arial;\">Et il \u00e9tait d\u00e9j\u00e0 question de questions proches de celles que j&rsquo;\u00e9voque depuis le d\u00e9but de la semaine. Avant de citer la fin de cet article, je soulignerai qu&rsquo;Olivier Duhamel est un enfant de mai 68. Il avait 18 ans en 1968. <\/span><\/p>\n<p><span style=\"color: #777777; font-family: Arial;\"><em>Voici la fin de cet article :<\/em><br \/>\n<\/span><\/p>\n<p><span style=\"color: #777777; font-family: Arial;\">Mais aujourd&rsquo;hui je vais d\u00e9velopper un autre aspect de cette histoire : la face noire de mai 68.<br \/>\n<\/span><\/p>\n<p><img loading=\"lazy\" decoding=\"async\" class=\"alignleft\" src=\"https:\/\/lemotdujour.fr\/wp-content\/uploads\/2021\/02\/021621_2057_Lundifvrier1.jpg\" alt=\"\" width=\"341\" height=\"455\" align=\"left\"><span style=\"color: #777777; font-family: Arial;\"><br \/>\n<\/span><\/p>\n<p><span style=\"color: #777777; font-family: Arial;\">J&rsquo;ai d\u00e9j\u00e0 \u00e9crit que je n&rsquo;avais pas v\u00e9cu mai 68 et que je n&rsquo;en gardais aucun souvenir personnel. Il y a pourtant un aveuglement que je me reproche et que j&rsquo;ai d\u00e9j\u00e0 d\u00e9velopp\u00e9 dans un mot du jour ancien et dont je parlerai \u00e0 la fin de celui-ci. Et je fais un lien direct entre ce v\u00e9cu et la morale issue de mai 1968.<\/span><\/p>\n<p><span style=\"color: #777777; font-family: Arial;\">L&rsquo;historienne Anne-Claude Ambroise-Rendu, auteur de l&rsquo;<a href=\"https:\/\/www.fayard.fr\/histoire-de-la-pedophilie-9782213672328\">&lt;<span style=\"color: #0000ff;\">Histoire de la p\u00e9dophilie<\/span>&gt;<\/a> lance cette accusation \u00ab&nbsp;<a href=\"https:\/\/www.nouvelobs.com\/societe\/mai-68\/20180406.OBS4756\/l-apologie-de-la-pedophilie-face-noire-de-mai-68.html\"><span style=\"color: blue; text-decoration: underline;\"><strong>L&rsquo;apologie de la p\u00e9dophilie, face noire de Mai-68&nbsp;<\/strong><\/span><\/a>\u00bb&nbsp;:<\/span><\/p>\n<p style=\"margin-left: 28pt;\"><span style=\"color: #c00000; font-family: Arial;\">\u00ab&nbsp;Mai-68 avait appel\u00e9 \u00e0 la lib\u00e9ration des corps. Mais la \u00ab\u00a0r\u00e9volution sexuelle\u00a0\u00bb proprement dite sera l&rsquo;\u0153uvre de la d\u00e9cennie 1970. Le r\u00e9examen incessant, sous un angle r\u00e9solument politique, de la sexualit\u00e9 et du droit qui la gouverne aura pour effet de bousculer les a priori et de faire vaciller le conformisme.<\/span><\/p>\n<p style=\"margin-left: 28pt;\"><span style=\"color: #c00000; font-family: Arial;\">Une partie de la presse se met alors \u00e0 d\u00e9noncer les tabous, explorer les silences de l&rsquo;intimit\u00e9 et interroger les sexualit\u00e9s dites alternatives. Dans le paysage politico-culturel qui se dessine, la notion m\u00eame de d\u00e9viance est ni\u00e9e ; et bient\u00f4t la parole est donn\u00e9e \u00e0 une revendication nouvelle : la p\u00e9dophilie.<\/span><\/p>\n<p style=\"margin-left: 28pt;\"><span style=\"color: #c00000; font-family: Arial;\">A l&rsquo;or\u00e9e des ann\u00e9es 1970, les d\u00e9fenseurs de la p\u00e9dophilie s&rsquo;arriment au militantisme homosexuel et sp\u00e9cialement au Front homosexuel d&rsquo;action r\u00e9volutionnaire (Fhar), fond\u00e9 en 1971, qui combat tout \u00e0 la fois l&rsquo;oppression des homosexuels et appelle \u00e0 la reconnaissance des \u00ab\u00a0sexualit\u00e9s autres\u00a0\u00bb. Ce \u00ab\u00a0cousinage\u00a0\u00bb est favoris\u00e9 par le Code p\u00e9nal et ses dispositions discriminatoires qui punissent les rapports homosexuels en-de\u00e7\u00e0 de 21 ans, tout en permettant les rapports h\u00e9t\u00e9rosexuels d\u00e8s 15 ans. Michel Foucault, qui participe aux travaux de la commission de r\u00e9vision du Code p\u00e9nal, n&rsquo;h\u00e9site pas \u00e0 signer une p\u00e9tition invitant \u00e0 tenir compte du consentement des mineurs. Il r\u00e9fl\u00e9chira m\u00eame \u00e0 la possibilit\u00e9 de supprimer toute infraction sexuelle du Code.<\/span><\/p>\n<p style=\"margin-left: 28pt;\"><span style=\"color: #c00000; font-family: Arial;\">Si le mouvement homosexuel, notamment sous l&rsquo;impulsion des f\u00e9ministes, se d\u00e9solidarise rapidement des voix p\u00e9dophiles, un petit nombre d&rsquo;intellectuels m\u00e9diatis\u00e9s continuent de d\u00e9fendre la \u00ab\u00a0cause\u00a0\u00bb dans les colonnes de \u00ab\u00a0Lib\u00e9ration\u00a0\u00bb, tr\u00e8s en pointe, et, dans une moindre mesure, du Monde. Leur plaidoirie se poursuit autour de trois axes emprunt\u00e9s partiellement au fonds de l&rsquo;antipsychiatrie. Le premier, cher \u00e0 l&rsquo;\u00e9crivain Gabriel Matzneff, invoque l'\u00a0\u00bbamour des enfants\u00a0\u00bb et le r\u00f4le positif que peut jouer une \u00ab\u00a0initiation\u00a0\u00bb sexuelle et intellectuelle dans une \u00e9ducation bien con\u00e7ue.<\/span><\/p>\n<p style=\"margin-left: 28pt;\"><span style=\"color: #c00000; font-family: Arial;\">L&rsquo;\u00e9ros enfant ou adolescent est plac\u00e9 sous les auspices d&rsquo;une esth\u00e9tique et d&rsquo;une \u00e9thique h\u00e9rit\u00e9es de la p\u00e9d\u00e9rastie de la Gr\u00e8ce antique. Le second axe s&rsquo;appuie sur l&rsquo;id\u00e9e d&rsquo;une alt\u00e9rit\u00e9 radicale de l&rsquo;enfant qui reste \u00e0 comprendre et \u00e0 aimer convenablement, loin des figures naturalistes de la doxa. Tel est en substance le propos de \u00ab\u00a0Co-ire. Album syst\u00e9matique de l&rsquo;enfance\u00a0\u00bb, publi\u00e9 en mai 1976 par le philosophe Ren\u00e9 Sch\u00e9rer et le fondateur du Fhar, Guy Hocquenghem. Pour les auteurs, l&rsquo;enfant est celui qui \u00ab\u00a0est fait pour \u00eatre enlev\u00e9 [\u2026], sa petitesse, sa faiblesse, sa joliesse y invitent\u00a0\u00bb, mais aussi celui dont la libert\u00e9 et l&rsquo;autonomie sont impossibles.<\/span><\/p>\n<p style=\"margin-left: 28pt;\"><span style=\"color: #c00000; font-family: Arial;\">Les cat\u00e9gories \u00e0 partir desquelles penser la relation adulte-enfant doivent donc au minimum \u00eatre repens\u00e9es. Le troisi\u00e8me axe de la d\u00e9fense p\u00e9dophile insiste plus directement sur la menace que la sexualit\u00e9 des enfants fait peser sur l&rsquo;institution familiale. Effrayante, elle est castr\u00e9e au prix d&rsquo;un abus de pouvoir scandaleux.<\/span><\/p>\n<p style=\"margin-left: 28pt;\"><span style=\"color: #c00000; font-family: Arial;\">L&rsquo;\u00e9crivain Tony Duvert (prix M\u00e9dicis 1973) met violemment en cause l&rsquo;\u00e9ducation r\u00e9pressive qui brime les d\u00e9sirs et les pulsions des enfants au nom des droits exclusifs de la famille ; il d\u00e9nonce la pr\u00e9\u00e9minence de m\u00e8res castratrices et le \u00ab\u00a0matriarcat qui domine l&rsquo;impub\u00e8re\u00a0\u00bb.&nbsp;\u00bb<\/span><\/p>\n<p><span style=\"color: #777777;\"><span style=\"font-family: Arial;\">Doan Bui journaliste qui a re\u00e7u le prix Albert-Londres 2013 a \u00e9crit dans l&rsquo;Obs&nbsp;: &lt;<span style=\"color: blue;\">&nbsp;<span style=\"color: #0000ff;\"><a style=\"color: #0000ff;\" href=\"https:\/\/www.nouvelobs.com\/societe\/20171206.OBS8794\/pedophilie-liberer-le-plaisir-de-l-enfant-disaient-ils.html\">Lib\u00e9rer le plaisir de l&rsquo;enfant\u00bb, disaient-ils\u2026<\/a><\/span><span style=\"color: #777777;\">&nbsp;&gt;<\/span><\/span><\/span><br \/>\n<\/span><\/p>\n<p style=\"margin-left: 28pt;\"><span style=\"color: #c00000; font-family: Arial;\">\u00ab&nbsp;C&rsquo;\u00e9tait il y a quarante ans, avant que le mot \u00ab\u00a0p\u00e9dophile\u00a0\u00bb ne devienne synonyme de \u00ab\u00a0monstre\u00a0\u00bb. De nombreux intellectuels militaient pour autoriser les rapports sexuels avec les plus jeunes. Alors que le d\u00e9bat sur le consentement des mineurs resurgit, retour sur une folle d\u00e9rive soci\u00e9tale et culturelle.<\/span><\/p>\n<p style=\"margin-left: 28pt;\"><span style=\"color: #c00000; font-family: Arial;\">[\u2026] Si je suis solidaire de Polanski\u2009? S&rsquo;il ne s&rsquo;agit que de relations sexuelles avec mineur, de co\u00eft buccal et de sodomie, bien s\u00fbr\u2009!\u00a0\u00bb C&rsquo;est ainsi que feu Jean-Louis Bory, \u00e9crivain et critique de cin\u00e9ma r\u00e9put\u00e9, r\u00e9pondait au \u00ab\u00a0Quotidien de Paris\u00a0\u00bb en 1977 quand on l&rsquo;interrogeait sur le cin\u00e9aste, accus\u00e9 d&rsquo;avoir viol\u00e9 Samantha, 13 ans. La presse, unanime \u00e0 l&rsquo;\u00e9poque, plaignait Roman Polanski, \u00ab\u00a0victime du puritanisme am\u00e9ricain\u00a0\u00bb, en conspuant les parents et la jeune fille, \u00ab\u00a0tout sauf une oie blanche\u00a0\u00bb.[\u2026]<\/span><\/p>\n<p style=\"margin-left: 28pt;\"><span style=\"color: #c00000; font-family: Arial;\">En 1977, l&rsquo;affaire ne suscite pas l&rsquo;ombre d&rsquo;une controverse en France, y compris chez les f\u00e9ministes. Ni quand le cin\u00e9aste fuit en France, en 1978, ni quand sort \u00ab\u00a0Tess\u00a0\u00bb l&rsquo;ann\u00e9e suivante, acclam\u00e9 par la critique, avec la toute jeune Nastassja Kinski, laquelle avait 15 ans quand elle rencontra le cin\u00e9aste et qu&rsquo;il devint son amant.<\/span><\/p>\n<p style=\"margin-left: 28pt;\"><span style=\"color: #c00000; font-family: Arial;\">Martine Storti, militante f\u00e9ministe, \u00e9tait journaliste \u00e0 \u00ab\u00a0Lib\u00e9ration\u00a0\u00bb dans ces ann\u00e9es-l\u00e0. \u00ab\u00a0C&rsquo;est fou, mais je n&rsquo;ai aucun souvenir de cette affaire, que j&rsquo;ai d\u00e9couverte en 2009, quand Polanski a \u00e9t\u00e9 arr\u00eat\u00e9 en Suisse.\u00a0\u00bb Elle poursuit :<\/span><\/p>\n<p style=\"margin-left: 28pt;\"><span style=\"color: #c00000; font-family: Arial;\">\u00ab&nbsp;A l&rsquo;\u00e9poque, nous, les f\u00e9ministes, \u00e9tions sur d&rsquo;autres combats : la pilule, la criminalisation du viol, pour qu&rsquo;il soit jug\u00e9 aux assises\u2026 L\u00e0-dessus, on se faisait insulter et traiter de r\u00e9acs. &lsquo;Lib\u00e9&rsquo;, c&rsquo;\u00e9tait quand m\u00eame un journal de mecs.&nbsp;\u00bb<\/span><\/p>\n<p style=\"margin-left: 28pt;\"><span style=\"color: #c00000; font-family: Arial;\">Dans ses pages cin\u00e9ma, \u00ab\u00a0Lib\u00e9ration\u00a0\u00bb consacra juste un petit article \u00e0 l&rsquo;affaire : \u00ab\u00a0Au cin\u00e9ma, les enfants sont l\u00e0 pour s\u00e9duire les adultes.\u00a0\u00bb C&rsquo;est la ligne du journal de ces ann\u00e9es-l\u00e0, qui publie des articles titr\u00e9s : \u00ab\u00a0Centre a\u00e9r\u00e9 : je continuerai \u00e0 jouir avec des impub\u00e8res si tel est mon plaisir et si tel est le leur\u00a0\u00bb ; des caricatures pour choquer le bourgeois : \u00ab&nbsp;Apprenons l&rsquo;amour \u00e0 nos enfants&nbsp;\u00bb, avec le dessin d&rsquo;une gamine faisant une fellation \u00e0 un adulte ; ou encore le plaidoyer de Jacques D., incarc\u00e9r\u00e9 pour \u00ab\u00a0attentat \u00e0 la pudeur sur mineur\u00a0\u00bb, expliquant que \u00ab\u00a0l&rsquo;enfant est capable d&rsquo;aimer sexuellement\u00a0\u00bb et qu&rsquo;il a la \u00ab&nbsp;satisfaction d&rsquo;\u00eatre agr\u00e9able \u00e0 celui qui le sodomise&nbsp;\u00bb.<\/span><\/p>\n<p style=\"margin-left: 28pt;\"><span style=\"color: #c00000; font-family: Arial;\">[\u2026] On comprendrait peut-\u00eatre les raisons du culte vou\u00e9 \u00e0 feu David Hamilton. Le photographe (accus\u00e9 depuis de viols sur mineures) est alors une vedette qui vend ses calendriers par millions. Le magazine \u00ab\u00a0Vogue Homme\u00a0\u00bb le sollicite pour un dossier de couverture mettant en sc\u00e8ne des adolescentes peu v\u00eatues, puis r\u00e9cidive en commandant une s\u00e9rie plus \u00ab\u00a0r\u00e9aliste\u00a0\u00bb sur les adolescentes \u00e0 Polanski, d&rsquo;o\u00f9 la fameuse s\u00e9ance avec la jeune Samantha.<\/span><\/p>\n<p style=\"margin-left: 28pt;\"><span style=\"color: #c00000; font-family: Arial;\">[\u2026] Brooke Shields fait la une du magazine \u00ab\u00a0Photo\u00a0\u00bb, elle a 10 ans, est nue, maquill\u00e9e, sort du bain. Deux ans plus tard, elle joue une prostitu\u00e9e dans \u00ab\u00a0la Petite\u00a0\u00bb, de Louis Malle. Irina Ionesco, elle, fait prendre \u00e0 sa fille, Eva, des poses pornographiques, d\u00e8s ses 5 ans. Eva Ionesco l&rsquo;a narr\u00e9 dans un film et dans \u00ab\u00a0Innocence\u00a0\u00bb, magnifique roman autobiographique paru \u00e0 l&rsquo;automne. Elle raconte sa m\u00e8re lui demandant d&rsquo;\u00e9carter les jambes devant l&rsquo;objectif, vendant les clich\u00e9s \u00e0 des clients \u00e9moustill\u00e9s, comme l&rsquo;\u00e9crivain Alain Robbe-Grillet, connu pour son go\u00fbt des fillettes (il \u00e9crivit d&rsquo;ailleurs le texte du premier livre d&rsquo;Hamilton, \u00ab\u00a0R\u00eaves de jeunes filles\u00a0\u00bb). Il offrira un stylo Montblanc \u00e0 Eva pour la convaincre de jouer nue dans son film.&nbsp;\u00bb<\/span><\/p>\n<p><span style=\"color: #777777; font-family: Arial;\">Etc., je vous invite \u00e0 lire l&rsquo;article de Doan Bui, vous lirez aussi des propos de Gabriel Matzneff, de Leo Ferr\u00e9, Aragon, Beauvoir, Barthes, Ponge, Michel Foucault, Guy Hocquenghem, et tant d&rsquo;autres\u2026<\/span><\/p>\n<p><span style=\"color: #777777;\"><span style=\"font-family: Arial;\">Et puis il y a Daniel Cohn-Bendit qui a \u00e9t\u00e9 accus\u00e9 lors d&rsquo;un d\u00e9bat politique par Fran\u00e7ois Bayrou d&rsquo;avoir d\u00e9fendu la p\u00e9dophilie dans un ouvrage ancien. L&rsquo;Obs a publi\u00e9 des <span style=\"color: blue;\">&lt;<span style=\"color: #0000ff;\"><a style=\"color: #0000ff;\" href=\"https:\/\/www.nouvelobs.com\/politique\/europeennes-2009\/20090605.OBS9379\/les-extraits-du-livre-de-daniel-cohn-bendit-qui-font-polemique.html\">Extraits de ce livre<\/a><\/span>&gt;<\/span><\/span><br \/>\n<\/span><\/p>\n<p style=\"margin-left: 28pt;\"><span style=\"color: #c00000; font-family: Arial;\">\u00ab&nbsp;Dans son livre \u00ab\u00a0Le Grand Bazar\u00a0\u00bb, publi\u00e9 en 1975 chez Belfond, Daniel Cohn-Bendit \u00e9voque son activit\u00e9 d&rsquo;\u00e9ducateur dans un jardin d&rsquo;enfants \u00ab\u00a0alternatif\u00a0\u00bb \u00e0 Francfort :<\/span><\/p>\n<p style=\"margin-left: 28pt;\"><span style=\"color: #c00000; font-family: Arial;\">\u00ab\u00a0Il m&rsquo;\u00e9tait arriv\u00e9 plusieurs fois que certains gosses ouvrent ma braguette et commencent \u00e0 me chatouiller. Je r\u00e9agissais de mani\u00e8re diff\u00e9rente selon les circonstances, mais leur d\u00e9sir me posait un probl\u00e8me. Je leur demandais : &lsquo;Pourquoi ne jouez-vous pas ensemble, pourquoi m&rsquo;avez-vous choisi, moi, et pas d&rsquo;autres gosses ?&rsquo; Mais s&rsquo;ils insistaient, je les caressais quand m\u00eame\u00a0\u00bb. \u00ab\u00a0J&rsquo;avais besoin d&rsquo;\u00eatre inconditionnellement accept\u00e9 par eux. Je voulais que les gosses aient envie de moi, et je faisais tout pour qu&rsquo;ils d\u00e9pendent de moi \u00a0\u00bb&nbsp;\u00bb.<\/span><\/p>\n<p><span style=\"color: #777777; font-family: Arial;\">Plus tard, Daniel Cohn-Bendit, a d\u00e9menti tout acte p\u00e9dophile et soutenu que ses \u00e9crits refl\u00e9taient l&rsquo;esprit de l&rsquo;\u00e9poque de \u00ab\u00a0provocation contre le bourgeois\u00a0\u00bb. \u00ab&nbsp;Ce qui est \u00e9crit dans \u00ab&nbsp;Le grand bazar&nbsp;\u00bb n&rsquo;est \u00ab&nbsp;pas une r\u00e9alit\u00e9&nbsp;\u00bb, mais \u00ab&nbsp;un condens\u00e9 de faits observ\u00e9s&nbsp;\u00bb, avait d\u00e9clar\u00e9 Daniel Cohn-Bendit. \u00abJ&rsquo;ai racont\u00e9 \u00e7a par pure provocation, pour \u00e9pater le bourgeois \u00bb (&#8230;) et \u00ab&nbsp;sachant ce que je sais aujourd&rsquo;hui des abus sexuels, j&rsquo;ai des remords d&rsquo;avoir \u00e9crit tout cela&nbsp;\u00bb.<\/span><\/p>\n<p><span style=\"color: #777777;\"><span style=\"font-family: Arial;\">R\u00e9cemment, j&rsquo;ai trouv\u00e9<span style=\"color: blue;\"><br \/>\n<span style=\"color: #0000ff;\"><a style=\"color: #0000ff;\" href=\"https:\/\/www.youtube.com\/watch?time_continue=107&amp;v=cSNie6V2nyw\">cette petite vid\u00e9o<\/a><\/span><span style=\"color: #777777;\">, dans laquelle Daniel Cohn-Bendit est invit\u00e9 par Bernard Pivot dans apostrophes, probablement que l\u00e0 aussi il veut \u00ab\u00e9pater le bourgeois\u00bb, en l&rsquo;occurrence Paul Guth qui est en face de lui et il dit :&nbsp;<span style=\"color: #c00000;\">\u00abLa sexualit\u00e9 d&rsquo;un gosse, c&rsquo;est absolument fantastique, faut \u00eatre honn\u00eate. J&rsquo;ai travaill\u00e9 auparavant avec des gosses qui avaient entre 4 et 6 ans. Quand une petite fille de 5 ans commence \u00e0 vous d\u00e9shabiller, c&rsquo;est fantastique, c&rsquo;est un jeu \u00e9rotico-maniaque&#8230; \u00bb. <span style=\"color: #777777;\">Je ne voudrai pas accabler Daniel Cohn-Bendit qui a bien chang\u00e9 depuis, mais nous pouvons constater qu&rsquo;apr\u00e8s mai 68 on pouvait tenir de tels propos dans des \u00e9missions culturelles de l&rsquo;ORTF&#8230;. <\/span><\/span><\/span><\/span><\/span><br \/>\n<\/span><\/p>\n<p><span style=\"color: #777777;\"><span style=\"font-family: Arial;\">Et j&rsquo;en reviens au mot du jour ancien dans lequel j&rsquo;avais utilis\u00e9 comme exergue ce mot de Raymond Aron, \u00e0 propos du g\u00e9nocide des juifs par les nazis&nbsp;: <a href=\"https:\/\/lemotdujour.fr\/?p=2029\">\u00ab&nbsp;<span style=\"color: blue; text-decoration: underline;\"><strong><span style=\"color: #0000ff; text-decoration: underline;\">Je l&rsquo;ai su, Mais je ne l&rsquo;ai pas cru. Et parce que je ne l&rsquo;ai pas cru, je ne l&rsquo;ai pas su<\/span>.<\/strong><\/span><\/a><span style=\"color: blue;\">&nbsp;<span style=\"color: #777777;\">\u00bb. Dans ce mot du jour j&rsquo;ai racont\u00e9 que je connaissais les responsables<span style=\"color: #0000ff;\"> <a style=\"color: #0000ff;\" href=\"http:\/\/m.leplus.nouvelobs.com\/contribution\/1190424-docu-sur-l-ecole-en-bateau-cette-atroce-affaire-de-pedophilie-doit-nous-faire-reflechir.html?xtref=https%3A%2F%2Fwww.google.fr%2F\"><strong>de l&rsquo;\u00c9cole en bateau<\/strong><\/a><\/span><span style=\"color: blue;\"> <span style=\"color: #777777;\">et que j&rsquo;avais lu le livre qu&rsquo;avait \u00e9crit le fondateur. Dans ce livre, la p\u00e9dophilie \u00e9tait d\u00e9crite mais je n&rsquo;ai pas su la voir et la comprendre parce que l&rsquo;esprit du temps issu de ces exc\u00e8s de mai 68 nous avait aveugl\u00e9s, m&rsquo;avait aveugl\u00e9 et perverti mon sens du jugement.<\/span><\/span><\/span><\/span><\/span><br \/>\n<\/span><\/p>\n<p><span style=\"color: #777777; font-family: Arial;\">Tout ceci ne signifie pas que la lib\u00e9ration des m\u0153urs issue de mai 68 ne doit pas \u00eatre vue de mani\u00e8re positive, mais je trouve l&rsquo;expression \u00ab<strong>&nbsp;La face noire<\/strong>&nbsp;\u00bb pertinente sur ce sujet o\u00f9 la perversion de certains hommes a pu non seulement s&rsquo;exprimer sans tabou mais aussi le faire en le justifiant par des th\u00e9ories de lib\u00e9ration pernicieuses et d\u00e9voy\u00e9es. Car si la p\u00e9dophilie s&rsquo;inscrit dans la nuit des temps, il y eut dans le mouvement de 68 des intellectuels qui exprimaient des th\u00e9ories qui la justifiait et m\u00eame l&rsquo;encourageait.<\/span><\/p>\n<p><span style=\"color: #800000;\">&lt;mot du jour sans num\u00e9ro&gt;<\/span><\/p>\n","protected":false},"excerpt":{"rendered":"<p>\u00ab Pause (\u00abL&rsquo;apologie de la p\u00e9dophilie, face noire de Mai-68)\u00bb Un jour sans mot du jour nouveau J&rsquo;avais consacr\u00e9 une s\u00e9rie de mots du jour \u00e0 mai 68. Le mot du jour du 17 mai 2018 avait pour exergue&nbsp;: \u00ab&nbsp;Mai<\/p>\n","protected":false},"author":1,"featured_media":0,"comment_status":"open","ping_status":"closed","sticky":false,"template":"","format":"standard","meta":{"footnotes":""},"categories":[1],"tags":[96],"class_list":["post-10729","post","type-post","status-publish","format-standard","hentry","category-motdujour","tag-pause"],"_links":{"self":[{"href":"https:\/\/lemotdujour.fr\/index.php?rest_route=\/wp\/v2\/posts\/10729","targetHints":{"allow":["GET"]}}],"collection":[{"href":"https:\/\/lemotdujour.fr\/index.php?rest_route=\/wp\/v2\/posts"}],"about":[{"href":"https:\/\/lemotdujour.fr\/index.php?rest_route=\/wp\/v2\/types\/post"}],"author":[{"embeddable":true,"href":"https:\/\/lemotdujour.fr\/index.php?rest_route=\/wp\/v2\/users\/1"}],"replies":[{"embeddable":true,"href":"https:\/\/lemotdujour.fr\/index.php?rest_route=%2Fwp%2Fv2%2Fcomments&post=10729"}],"version-history":[{"count":6,"href":"https:\/\/lemotdujour.fr\/index.php?rest_route=\/wp\/v2\/posts\/10729\/revisions"}],"predecessor-version":[{"id":10738,"href":"https:\/\/lemotdujour.fr\/index.php?rest_route=\/wp\/v2\/posts\/10729\/revisions\/10738"}],"wp:attachment":[{"href":"https:\/\/lemotdujour.fr\/index.php?rest_route=%2Fwp%2Fv2%2Fmedia&parent=10729"}],"wp:term":[{"taxonomy":"category","embeddable":true,"href":"https:\/\/lemotdujour.fr\/index.php?rest_route=%2Fwp%2Fv2%2Fcategories&post=10729"},{"taxonomy":"post_tag","embeddable":true,"href":"https:\/\/lemotdujour.fr\/index.php?rest_route=%2Fwp%2Fv2%2Ftags&post=10729"}],"curies":[{"name":"wp","href":"https:\/\/api.w.org\/{rel}","templated":true}]}}