{"id":10720,"date":"2021-02-16T00:51:33","date_gmt":"2021-02-15T23:51:33","guid":{"rendered":"http:\/\/lemotdujour.fr\/?p=10720"},"modified":"2024-02-25T15:43:52","modified_gmt":"2024-02-25T14:43:52","slug":"mardi-16-fevrier-2021","status":"publish","type":"post","link":"https:\/\/lemotdujour.fr\/?p=10720","title":{"rendered":"Mardi 16 f\u00e9vrier 2021"},"content":{"rendered":"<div class=\"mdjTexte\">\u00ab On parle beaucoup de \u00ab lib\u00e9ration de la parole \u00bb, mais il s&rsquo;agit surtout d&rsquo;\u00abune histoire d&rsquo;\u00e9coute \u00bb. \u00bb<\/div>\n<div class=\"mdjAuteur\">Genevi\u00e8ve Fraisse<\/div>\n<p><span style=\"color: #777777; font-family: Arial;\">&lt;<span style=\"color: #0000ff;\"><a style=\"color: #0000ff;\" href=\"https:\/\/fr.wikipedia.org\/wiki\/Genevi%C3%A8ve_Fraisse\"><strong>Genevi\u00e8ve Fraisse<\/strong><\/a><\/span>&gt; est philosophe de la pens\u00e9e f\u00e9ministe qui a \u00e9crit de nombreux ouvrages sur les femmes.<br \/>\n<\/span><\/p>\n<p><span style=\"color: #777777; font-family: Arial;\">Elle \u00e9tait, ce lundi, l&rsquo;invit\u00e9e <strong>d&rsquo;Augustin Trapenard<\/strong> dans Boomerang du &lt;<span style=\"color: #0000ff;\"><a style=\"color: #0000ff;\" href=\"https:\/\/www.franceinter.fr\/emissions\/boomerang\/boomerang-15-fevrier-2021\">15 f\u00e9vrier 2021<\/a><\/span>&gt;<br \/>\n<\/span><\/p>\n<p><span style=\"color: #777777; font-family: Arial;\">Augustin Trapenard la pr\u00e9sente ainsi\u00a0:<br \/>\n<\/span><\/p>\n<p style=\"margin-left: 28pt;\"><span style=\"color: #c00000; font-family: Arial;\">\u00ab Philosophe et historienne de la pens\u00e9e f\u00e9ministe, observatrice avis\u00e9e des \u00e9volutions de notre soci\u00e9t\u00e9, elle pointe, interroge et d\u00e9fait les fausses \u00e9vidences depuis plus de quarante ans. [&#8230;]<br \/>\n<\/span><\/p>\n<p style=\"margin-left: 28pt;\"><span style=\"color: #c00000; font-family: Arial;\">Philosophe avant-gardiste, cela fait plus de 40 ans qu&rsquo;elle interroge des sujets qui font aujourd&rsquo;hui irruption dans le d\u00e9bat public. \u00c0 travers son \u00e9tude minutieuse de la diff\u00e9rence entre les sexes, de l&rsquo;\u00e9galit\u00e9 d\u00e9mocratique et des logiques d&rsquo;\u00e9mancipation f\u00e9minine, sa pens\u00e9e subversive et constamment en mouvement nous invite \u00e0 penser le monde autrement.\u00a0\u00bb<br \/>\n<\/span><\/p>\n<p><span style=\"color: #777777; font-family: Arial;\">Hier, j&rsquo;avais parl\u00e9 de la lib\u00e9ration de la parole, mais Genevi\u00e8ve Fraisse dit tr\u00e8s justement que le probl\u00e8me essentiel qui s&rsquo;est pos\u00e9 dans notre humanit\u00e9, n&rsquo;est pas la lib\u00e9ration de la parole, car souvent les enfants ont cherch\u00e9 des adultes pour parler. Non !\u00a0 le probl\u00e8me essentiel est celui de l&rsquo;\u00e9coute, l&rsquo;acceptation d&rsquo;entendre ce que la victime a \u00e0 r\u00e9v\u00e9ler et en tirer toutes les cons\u00e9quences.<br \/>\n<\/span><\/p>\n<p><span style=\"color: #777777; font-family: Arial;\">Elle a dit\u00a0:<br \/>\n<\/span><\/p>\n<p style=\"margin-left: 28pt;\"><span style=\"color: #c00000; font-family: Arial;\">\u00ab Aujourd&rsquo;hui, on a d\u00e9bouch\u00e9 les oreilles. On parle beaucoup de \u00ab lib\u00e9ration de la parole \u00bb, mais il s&rsquo;agit surtout d&rsquo; \u00abune histoire d&rsquo;\u00e9coute \u00bb. \u00bb<br \/>\n<\/span><\/p>\n<p><span style=\"color: #777777; font-family: Arial;\">Il faut regarder l&rsquo;\u00e9mission qui a \u00e9t\u00e9 mise en ligne par l&rsquo;INA\u00a0: <a href=\"https:\/\/www.youtube.com\/watch?v=RUk1m7ArV1k\"><span style=\"color: #0000ff;\">\u00ab\u00a0Dossiers de l&rsquo;\u00e9cran du 2 septembre 1986\u00a0\u00bb<\/span><\/a> dans laquelle la t\u00e9l\u00e9vision avait enfin accept\u00e9 de parler de l&rsquo;inceste et donner la parole \u00e0 trois victimes. C&rsquo;est bouleversant et remarquablement instructif.<br \/>\n<\/span><\/p>\n<p><span style=\"color: #777777; font-family: Arial;\">Et face \u00e0 la parole de ces femmes, il faut aussi entendre certains des invit\u00e9s, des hommes m\u00e9decins qui tiennent des propos ahurissants. Particuli\u00e8rement le docteur Gilbert Tordjman, sexologue qui apparaissait souvent \u00e0 la t\u00e9l\u00e9vision dans les ann\u00e9es 1970. En 2002, il sera accus\u00e9 d&rsquo;abus sexuels sur certaines de ses patientes et mis en examen pour viol. Il ne sera pas jug\u00e9 car il d\u00e9c\u00e9dera d&rsquo;un cancer avant le proc\u00e8s.<br \/>\n<\/span><\/p>\n<p><span style=\"color: #777777; font-family: Arial;\">Mais, je reviendrai sur cette \u00e9mission et notamment j&rsquo;\u00e9voquerai <strong>Eva Thomas<\/strong> qui osa parler de l&rsquo;inceste \u00e0 visage d\u00e9couvert et su dire des paroles pr\u00e9cieuses et\u00a0 justes.<br \/>\n<\/span><\/p>\n<p><span style=\"color: #777777; font-family: Arial;\">Genevi\u00e8ve Fraisse a aussi \u00e9voqu\u00e9 l&rsquo;ambig\u00fcit\u00e9 du mot consentement, dont un des sens est de se soumettre\u00a0: \u00ab\u00a0J&rsquo;y consens.\u00a0\u00bb. Ce consentement peut \u00eatre comme une d\u00e9faite, un renoncement. On peut consentir \u00e0 se rendre.<br \/>\n<\/span><\/p>\n<p><span style=\"color: #777777; font-family: Arial;\">Elle pr\u00e9f\u00e8re un autre mot qui est synonyme de l&rsquo;autre sens de consentement et qui ne pr\u00e9sente pas la m\u00eame ambig\u00fcit\u00e9. Quand on parle de l&rsquo;\u00e9change de consentement. Pour ce sens il existe le mot \u00ab\u00a0accord\u00a0\u00bb.<br \/>\n<\/span><\/p>\n<p><span style=\"color: #777777; font-family: Arial;\">Le mot \u00ab accord \u00bb s&rsquo;entend comme l&rsquo;\u00e9change de consentement de deux \u00e9gaux qui discutent :<br \/>\n<\/span><\/p>\n<p style=\"margin-left: 28pt;\"><span style=\"color: #c00000; font-family: Arial;\">\u00ab\u00a0Le mot \u00ab\u00a0consentement\u00a0\u00bb\u00a0est mauvais. Il porte en lui l&rsquo;ambigu\u00eft\u00e9, car il peut \u00eatre unilat\u00e9ral ! Je pense qu&rsquo;il faudrait lui pr\u00e9f\u00e9rer le mot\u00a0\u00ab\u00a0accord\u00a0\u00bb.\u00a0\u00bb.<br \/>\n<\/span><\/p>\n<p><span style=\"color: maroon; font-family: Arial;\">&lt;1526&gt;<\/span><\/p>\n","protected":false},"excerpt":{"rendered":"<p>\u00ab On parle beaucoup de \u00ab lib\u00e9ration de la parole \u00bb, mais il s&rsquo;agit surtout d&rsquo;\u00abune histoire d&rsquo;\u00e9coute \u00bb. \u00bb Genevi\u00e8ve Fraisse &lt;Genevi\u00e8ve Fraisse&gt; est philosophe de la pens\u00e9e f\u00e9ministe qui a \u00e9crit de nombreux ouvrages sur les femmes. Elle<\/p>\n","protected":false},"author":1,"featured_media":0,"comment_status":"open","ping_status":"closed","sticky":false,"template":"","format":"standard","meta":{"footnotes":""},"categories":[1],"tags":[52,36,228],"class_list":["post-10720","post","type-post","status-publish","format-standard","hentry","category-motdujour","tag-enfance","tag-feminisme","tag-inceste"],"_links":{"self":[{"href":"https:\/\/lemotdujour.fr\/index.php?rest_route=\/wp\/v2\/posts\/10720","targetHints":{"allow":["GET"]}}],"collection":[{"href":"https:\/\/lemotdujour.fr\/index.php?rest_route=\/wp\/v2\/posts"}],"about":[{"href":"https:\/\/lemotdujour.fr\/index.php?rest_route=\/wp\/v2\/types\/post"}],"author":[{"embeddable":true,"href":"https:\/\/lemotdujour.fr\/index.php?rest_route=\/wp\/v2\/users\/1"}],"replies":[{"embeddable":true,"href":"https:\/\/lemotdujour.fr\/index.php?rest_route=%2Fwp%2Fv2%2Fcomments&post=10720"}],"version-history":[{"count":4,"href":"https:\/\/lemotdujour.fr\/index.php?rest_route=\/wp\/v2\/posts\/10720\/revisions"}],"predecessor-version":[{"id":10725,"href":"https:\/\/lemotdujour.fr\/index.php?rest_route=\/wp\/v2\/posts\/10720\/revisions\/10725"}],"wp:attachment":[{"href":"https:\/\/lemotdujour.fr\/index.php?rest_route=%2Fwp%2Fv2%2Fmedia&parent=10720"}],"wp:term":[{"taxonomy":"category","embeddable":true,"href":"https:\/\/lemotdujour.fr\/index.php?rest_route=%2Fwp%2Fv2%2Fcategories&post=10720"},{"taxonomy":"post_tag","embeddable":true,"href":"https:\/\/lemotdujour.fr\/index.php?rest_route=%2Fwp%2Fv2%2Ftags&post=10720"}],"curies":[{"name":"wp","href":"https:\/\/api.w.org\/{rel}","templated":true}]}}