{"id":1072,"date":"2015-04-10T02:00:00","date_gmt":"2015-04-09T22:00:00","guid":{"rendered":"http:\/\/lemotdujour.fr\/?p=1072"},"modified":"2017-05-08T13:25:20","modified_gmt":"2017-05-08T11:25:20","slug":"vendredi-10-avril-2015","status":"publish","type":"post","link":"https:\/\/lemotdujour.fr\/?p=1072","title":{"rendered":"Vendredi 10 avril 2015"},"content":{"rendered":"<div class=\"mdjDate\">Vendredi 10 avril 2015<\/div>\n<div class=\"mdjTexte\">\u00abLa d\u00e9mocratie du sommeil\u00bb<\/div>\n<div class=\"mdjAuteur\">Jean Viard<\/div>\n<div class=\"mdjComplements\">Jean Viard est sociologue, sp\u00e9cialiste de l&rsquo;espace et des \u00ab\u00a0temps sociaux\u00a0\u00bb.<\/div>\n<div class=\"mdjComplements\">Il a beaucoup r\u00e9fl\u00e9chi sur l&rsquo;\u00e9volution de nos soci\u00e9t\u00e9s et sur notre relation avec l&rsquo;espace et le temps.<\/div>\n<div class=\"mdjComplements\">Il a invent\u00e9 ce concept de la d\u00e9mocratie du sommeil.<\/div>\n<div class=\"mdjComplements\">Jusqu&rsquo;\u00e0 r\u00e9cemment tous les humains vivaient au lieu o\u00f9 ils travaillaient.<\/div>\n<div class=\"mdjComplements\">Le temps du travail\u00a0 constituait l&rsquo;essentiel de leur temps de vie. D&rsquo;ailleurs le mot du jour du\u00a0 4 septembre 2014 \u00e9tait d\u00e9j\u00e0 consacr\u00e9 \u00e0 Jean Viard :\u00a0\u00a0 \u00ab\u00a0Nous vivons dans une soci\u00e9t\u00e9 du temps libre \u00bb o\u00f9 nous apprenions qu&rsquo;aujourd\u2019hui, nous vivons en moyenne 700\u00a0000 heures (80 ans) et nous travaillons environ 63\u00a0000 heures. On travaille donc \u00e0 peu pr\u00e8s 10% de notre vie. En 1914, un homme vivait en moyenne 500.000 heures et travaillait 200\u00a0000 heures donc 40% de sa vie. <\/div>\n<div class=\"mdjComplements\">La d\u00e9mocratie du sommeil signifie que les humains votent au lieu o\u00f9 ils dorment et non plus au lieu o\u00f9 ils travaillent. Cette r\u00e9volution est la cons\u00e9quence de plusieurs facteurs, le d\u00e9veloppement de la mobilit\u00e9 et des transports, le prix des logements dans les centres urbains, mais aussi la priorit\u00e9 exprim\u00e9e par les gens pour la qualit\u00e9 de vie et l&rsquo;habitat.<\/div>\n<div class=\"mdjComplements\">C&rsquo;est un v\u00e9ritable d\u00e9fi de la d\u00e9mocratie locale. Car comme le fait remarquer Jean Viard, dans ce cas les citoyens recherchent des lieux attractifs pour la qualit\u00e9 de la vie, la culture, l&rsquo;environnement et leur choix d\u00e9pendent moins du dynamisme \u00e9conomique du territoire. Quelquefois ils font d&rsquo;ailleurs de longs trajets pour aller vers leur lieu de travail, car ils privil\u00e9gient d&rsquo;autres crit\u00e8res pour le lieu o\u00f9 ils vivent. Parall\u00e8lement, l&rsquo;allongement de la vie et la retraite font que les citoyens qui votent peuvent aussi \u00eatre \u00e9loign\u00e9s de pr\u00e9occupations \u00e9conomiques.<\/div>\n<div class=\"mdjComplements\">Ceci a\u00a0 aussi pour cons\u00e9quence que les m\u00e9tropoles qui veulent attirer les emplois ou les comp\u00e9tences doivent penser \u00e0 la qualit\u00e9 de la vie, au plaisir d&rsquo;habiter tel endroit. Les entreprises l&rsquo;ont aussi compris : s&rsquo;ils veulent disposer des meilleures comp\u00e9tences \u00e0 profusion, ils doivent s&rsquo;implanter dans les villes o\u00f9 les gens aiment vivre. Ainsi des agglom\u00e9rations comme Lille et Metz font des efforts consid\u00e9rables pour que leur ville devienne attractive aux talents et aux citoyens.<\/div>\n<div class=\"mdjComplements\">Vous verrez cette conf\u00e9rence o\u00f9 il pose cette question : <a href=\"https:\/\/www.youtube.com\/watch?v=gLur5UZvGn8\">&lt;Comment r\u00e9former une d\u00e9mocratie du sommeil ? &gt;<\/a><\/div>\n<div class=\"mdjComplements\">Vous apprendrez aussi que d\u00e9sormais nous gagnons 6 heures de vie en moyenne par jour, ce qui signifie que si on ram\u00e8ne l&rsquo;augmentation de la dur\u00e9e de vie au jour, chaque jour l\u2019\u00e2ge moyen de d\u00e9c\u00e8s recule de 6 heures.<\/div>\n<div class=\"mdjComplements\">Jean Viard vient de publier, en mars 2015, un nouveau livre dont le titre est d\u00e9j\u00e0 un programme : \u00ab<a href=\"http:\/\/livre.fnac.com\/a7963880\/Jean-Viard-Le-triomphe-d-une-utopieacances,%20loisirs,%20voyages%20:%20la%20r%C3%A9volution%20des%20temps%20libres\">Le triomphe d&rsquo;une utopie, Vacances, loisirs, voyages : la r\u00e9volution des temps libres<\/a>\u00bb<\/div>\n","protected":false},"excerpt":{"rendered":"<p>Vendredi 10 avril 2015 \u00abLa d\u00e9mocratie du sommeil\u00bb Jean Viard Jean Viard est sociologue, sp\u00e9cialiste de l&rsquo;espace et des \u00ab\u00a0temps sociaux\u00a0\u00bb. Il a beaucoup r\u00e9fl\u00e9chi sur l&rsquo;\u00e9volution de nos soci\u00e9t\u00e9s et sur notre relation avec l&rsquo;espace et le temps. Il<\/p>\n","protected":false},"author":1,"featured_media":0,"comment_status":"closed","ping_status":"closed","sticky":false,"template":"","format":"standard","meta":{"footnotes":""},"categories":[1],"tags":[],"class_list":["post-1072","post","type-post","status-publish","format-standard","hentry","category-motdujour"],"_links":{"self":[{"href":"https:\/\/lemotdujour.fr\/index.php?rest_route=\/wp\/v2\/posts\/1072","targetHints":{"allow":["GET"]}}],"collection":[{"href":"https:\/\/lemotdujour.fr\/index.php?rest_route=\/wp\/v2\/posts"}],"about":[{"href":"https:\/\/lemotdujour.fr\/index.php?rest_route=\/wp\/v2\/types\/post"}],"author":[{"embeddable":true,"href":"https:\/\/lemotdujour.fr\/index.php?rest_route=\/wp\/v2\/users\/1"}],"replies":[{"embeddable":true,"href":"https:\/\/lemotdujour.fr\/index.php?rest_route=%2Fwp%2Fv2%2Fcomments&post=1072"}],"version-history":[{"count":1,"href":"https:\/\/lemotdujour.fr\/index.php?rest_route=\/wp\/v2\/posts\/1072\/revisions"}],"predecessor-version":[{"id":1073,"href":"https:\/\/lemotdujour.fr\/index.php?rest_route=\/wp\/v2\/posts\/1072\/revisions\/1073"}],"wp:attachment":[{"href":"https:\/\/lemotdujour.fr\/index.php?rest_route=%2Fwp%2Fv2%2Fmedia&parent=1072"}],"wp:term":[{"taxonomy":"category","embeddable":true,"href":"https:\/\/lemotdujour.fr\/index.php?rest_route=%2Fwp%2Fv2%2Fcategories&post=1072"},{"taxonomy":"post_tag","embeddable":true,"href":"https:\/\/lemotdujour.fr\/index.php?rest_route=%2Fwp%2Fv2%2Ftags&post=1072"}],"curies":[{"name":"wp","href":"https:\/\/api.w.org\/{rel}","templated":true}]}}