{"id":10678,"date":"2021-02-12T00:23:03","date_gmt":"2021-02-11T23:23:03","guid":{"rendered":"http:\/\/lemotdujour.fr\/?p=10678"},"modified":"2021-10-29T11:06:10","modified_gmt":"2021-10-29T09:06:10","slug":"vendredi-12-fevrier-2021","status":"publish","type":"post","link":"https:\/\/lemotdujour.fr\/?p=10678","title":{"rendered":"Vendredi 12 f\u00e9vrier 2021"},"content":{"rendered":"<div class=\"mdjTexte\">\u00ab Beaucoup de gens ne se rendent pas compte du privil\u00e8ge extraordinaire que ce qu&rsquo;est \u00ab\u00a0\u00eatre vivant\u00a0\u00bb car nous n&rsquo;aurons qu&rsquo;une vie, il faut en profiter pour qu&rsquo;elle soit belle pour soi et qu&rsquo;elle soit bonne pour les autres, et utile si possible. \u00bb<\/div>\n<div class=\"mdjAuteur\">Jean-Claude Carri\u00e8re<\/div>\n<p><span style=\"color: #777777; font-family: Arial;\">Quel homme, quelle culture, quel talent\u00a0!<br \/><\/span><\/p>\n<p><span style=\"color: #777777; font-family: Arial;\">Fr\u00e9d\u00e9ric Pommier dans un tweet a \u00e9crit \u00ab\u00a0<span style=\"color: #c00000;\">Dans ma prochaine vie, je voudrais la carri\u00e8re de <strong>Jean-Claude Carri\u00e8re<\/strong>.<span style=\"color: #777777;\">\u00a0\u00bb.<br \/><\/span><\/span><\/span><\/p>\n<p><span style=\"color: #777777; font-family: Arial;\"><img loading=\"lazy\" decoding=\"async\" class=\"wp-image-10684 alignleft\" src=\"https:\/\/lemotdujour.fr\/wp-content\/uploads\/2021\/02\/Jean-Claude-Carriere.jpg\" alt=\"\" width=\"254\" height=\"370\" \/>Je l&rsquo;ai d\u00e9couvert, dans les chroniques matinales de France Inter qu&rsquo;il a tenu seulement pendant quatre mois, entre septembre 2003 et janvier 2004. Il racontait pendant 3 minutes, \u00e0 la fin de la matinale de France Inter, une histoire, une r\u00e9flexion, une chronique historique, enfin quelque chose qui \u00e9tait en relation avec les \u00e9v\u00e9nements du monde qui venaient d&rsquo;\u00eatre analys\u00e9s par les journalistes d&rsquo;information. Il l&rsquo;a conceptualis\u00e9 sous le nom \u00ab <strong>d&rsquo;\u00e0-cot\u00e9<\/strong>\u00a0\u00bb. C&rsquo;\u00e9tait toujours un moment de sagesse et de lumi\u00e8re.<br \/><\/span><\/p>\n<p><span style=\"color: #777777; font-family: Arial;\">Il \u00e9tait \u00e9crivain, sc\u00e9nariste, parolier, metteur en sc\u00e8ne et acteur, mais lui se d\u00e9finissait comme \u00ab\u00a0<strong>un conteur<\/strong> \u00bb. Il poss\u00e9dait aussi la voix chaude et profonde du conteur qui imm\u00e9diatement captivait votre attention.<br \/><\/span><\/p>\n<p><span style=\"color: #777777; font-family: Arial;\">Ces \u00ab\u00a0<strong>\u00e0-c\u00f4t\u00e9<\/strong>\u00a0\u00bb ont fait l&rsquo;objet d&rsquo;un livre.<br \/><\/span><\/p>\n<p><span style=\"color: #777777; font-family: Arial;\">Une fois connu le nom de Jean-Claude Carri\u00e8re, j&rsquo;ai pu constater \u00e0 combien d&rsquo;\u0153uvres exceptionnelles il a particip\u00e9.<br \/><\/span><\/p>\n<p><span style=\"color: #777777; font-family: Arial;\"><a href=\"https:\/\/livre.fnac.com\/a2493390\/Jean-Claude-Carriere-Le-Mahabharata?esl-k=sem-google%7cng%7cc296173252253%7cm%7ckpla374773846456%7cp%7ct%7cdc%7ca58971167745%7cg1575919641&amp;gclid=Cj0KCQiAyJOBBhDCARIsAJG2h5fWMqq4dhpPQJFUjWTa-QrGUHsfkMyu6Q4BPOzdf07XYEvm67-_3gsaArtSEALw_wcB&amp;gclsrc=aw.ds&amp;oref=458c26e2-5f88-90a8-782b-961cea6b9d2d\"><img loading=\"lazy\" decoding=\"async\" class=\" wp-image-10686 alignright\" src=\"https:\/\/lemotdujour.fr\/wp-content\/uploads\/2021\/02\/Le-Mahabharata.jpg\" alt=\"\" width=\"200\" height=\"308\" srcset=\"https:\/\/lemotdujour.fr\/wp-content\/uploads\/2021\/02\/Le-Mahabharata.jpg 400w, https:\/\/lemotdujour.fr\/wp-content\/uploads\/2021\/02\/Le-Mahabharata-195x300.jpg 195w\" sizes=\"auto, (max-width: 200px) 100vw, 200px\" \/><\/a>Annie, m&rsquo;avait racont\u00e9 avec plein d&rsquo;enthousiasme le cycle du \u00ab<strong>Mahabharata<\/strong>\u00bb quelle avait vu au Th\u00e9\u00e2tre du Bouffes du Nord, spectacle de 9 heures. Elle parlait de l&rsquo;\u0153uvre de Peter Brook, c&rsquo;est-\u00e0-dire le metteur en sc\u00e8ne. Mais le sc\u00e9nario avait \u00e9t\u00e9 \u00e9crit par Jean-Claude Carri\u00e8re en se fondant sur des textes de la tradition indienne.<br \/><\/span><\/p>\n<p><span style=\"color: #777777; font-family: Arial;\">&lt;<span style=\"color: #0000ff;\"><a style=\"color: #0000ff;\" href=\"http:\/\/www.slate.fr\/story\/200805\/jean-claude-carriere-disparition-deces-ecrivain-scenariste-films-theatre-traducteur-majuscule-oeuvre\">Slate<\/a><\/span>&gt; \u00e9crit\u00a0:<br \/><\/span><\/p>\n<p style=\"margin-left: 28pt;\"><span style=\"color: #c00000; font-family: Arial;\">\u00ab\u00a0On songe \u00e9videmment \u00e0 l&rsquo;immense cycle du Mahabharata con\u00e7u aux c\u00f4t\u00e9s de Peter Brook en 1985, \u00e0 l&rsquo;intelligence des puissances de la sc\u00e8ne d\u00e9ploy\u00e9es par les deux complices pour magnifier \u00e0 des yeux occidentaux et ignorants l&rsquo;immense saga hindoue.<br \/><\/span><\/p>\n<p style=\"margin-left: 28pt;\"><span style=\"color: #c00000; font-family: Arial;\">\u00c9v\u00e9nement inoubliable, \u00e0 Avignon, au Th\u00e9\u00e2tre des Bouffes du Nord ou en tourn\u00e9e mondiale, pour tous ceux qui l&rsquo;ont connue \u2013et dont t\u00e9moignera \u00e0 nouveau le film r\u00e9alis\u00e9 par Brook \u00e0 nouveau avec l&rsquo;aide de Carri\u00e8re, qui n&rsquo;est pas une captation mais une nouvelle adaptation au sens le plus \u00e9lev\u00e9, du th\u00e9\u00e2tre vers le cin\u00e9ma, par les m\u00eames auteurs\u2013 est un tour de force presqu&rsquo;inimaginable.\u00a0\u00bb<br \/><\/span><\/p>\n<p><span style=\"color: #777777; font-family: Arial;\"><img loading=\"lazy\" decoding=\"async\" class=\"wp-image-10687 alignleft\" src=\"https:\/\/lemotdujour.fr\/wp-content\/uploads\/2021\/02\/Libe-Jean-CLaude-Carriere.jpg\" alt=\"\" width=\"364\" height=\"330\" srcset=\"https:\/\/lemotdujour.fr\/wp-content\/uploads\/2021\/02\/Libe-Jean-CLaude-Carriere.jpg 706w, https:\/\/lemotdujour.fr\/wp-content\/uploads\/2021\/02\/Libe-Jean-CLaude-Carriere-300x272.jpg 300w\" sizes=\"auto, (max-width: 364px) 100vw, 364px\" \/>Et Peter Brook, de 6 ans son ain\u00e9, mais toujours vivant, lui rend hommage dans \u00ab\u00a0<a href=\"https:\/\/www.liberation.fr\/culture\/cinema\/jean-claude-carriere-un-immense-arbre-avec-beaucoup-de-feuilles-qui-ne-faisait-de-lombre-a-personne-20210209_CKLGTZ47IBD67MOYUIT7CCLZLU\/\"><span style=\"color: #0000ff;\">Lib\u00e9ration<\/span><\/a><span style=\"color: #0000ff;\">\u00a0<\/span>\u00bb\u00a0:<br \/><\/span><\/p>\n<p style=\"margin-left: 28pt;\"><span style=\"color: #c00000; font-family: Arial;\">\u00ab Jean-Claude a travaill\u00e9 pendant dix ans \u00e0 l&rsquo;adaptation du Mahabharata, cette longue \u00e9pop\u00e9e en sanskrit. C&rsquo;\u00e9tait comme si la pi\u00e8ce renaissait sans cesse. Pour cela, il fallait voyager, et on est partis partout en Inde, consulter les grands gourous et les peuples, voir les petites pi\u00e8ces qui se jouaient dans la rue, dans les th\u00e9\u00e2tres les plus minables. On traversait des kilom\u00e8tres en taxi, et imm\u00e9diatement, pendant le trajet, Jean-Claude sortait son stylo et un calepin et il \u00e9crivait. Il ne cherchait pas la gloire, mais elle est venue malgr\u00e9 lui. Il a re\u00e7u un oscar [d&rsquo;honneur, en 2014, ndlr], et des hommages extraordinaires. Il \u00e9tait unique, tellement dou\u00e9, et tellement peu soucieux que \u00e7a se sache. Il \u00e9vitait la d\u00e9coration, d\u00e9testait les jolies phrases, l&rsquo;ornement. Et cherchant l&rsquo;essentiel, il l&rsquo;\u00e9tait, lui, essentiel.\u00bb<br \/><\/span><\/p>\n<p><span style=\"color: #777777; font-family: Arial;\">Dans ce m\u00eame article le jeune r\u00e9alisateur, <strong>Louis Garrel<\/strong> avec qui il a fait \u00ab\u00a0L&rsquo;Homme fid\u00e8le\u00a0\u00bb en 2018 le d\u00e9crit ainsi\u00a0: .<br \/><\/span><\/p>\n<p style=\"margin-left: 28pt;\"><span style=\"color: #c00000; font-family: Arial;\">\u00ab\u00a0<strong>Jean-Claude \u00e9tait comme un immense arbre avec beaucoup de feuilles qui ne faisait de l&rsquo;ombre \u00e0 personne<\/strong>. \u00ab Je lui avais demand\u00e9 de relire [un] sc\u00e9nario [\u2026] Il m&rsquo;a donn\u00e9 un premier conseil toujours valable\u2009: \u00ab\u00a0Quand tu as un probl\u00e8me avec deux personnages dans une sc\u00e8ne, rajoutes-en un troisi\u00e8me qui \u00e9coute.\u00a0\u00bb Il avait cet incroyable talent de savoir \u00e9crire ce qui pouvait prendre forme visuellement sur un \u00e9cran. [\u2026] Il me faisait penser \u00e0 cette phrase de Rimbaud : \u00ab\u00a0Le monde est tr\u00e8s grand et plein de contr\u00e9es magnifiques que l&rsquo;existence de mille hommes ne suffirait pas \u00e0 visiter.\u00a0\u00bb Sauf qu&rsquo;il \u00e9tait l&rsquo;inverse, il int\u00e9grait tous les signes du monde. Mais mille personnes n&rsquo;auraient pas suffi \u00e0 l&rsquo;explorer.\u00bb<br \/><\/span><\/p>\n<p><span style=\"color: #777777; font-family: Arial;\"><a href=\"https:\/\/livre.fnac.com\/a4785388\/Jean-Claude-Carriere-La-controverse-de-Valladolid\"><img loading=\"lazy\" decoding=\"async\" class=\"wp-image-10688 alignleft\" src=\"https:\/\/lemotdujour.fr\/wp-content\/uploads\/2021\/02\/La-controverse.jpg\" alt=\"\" width=\"225\" height=\"362\" srcset=\"https:\/\/lemotdujour.fr\/wp-content\/uploads\/2021\/02\/La-controverse.jpg 351w, https:\/\/lemotdujour.fr\/wp-content\/uploads\/2021\/02\/La-controverse-186x300.jpg 186w\" sizes=\"auto, (max-width: 225px) 100vw, 225px\" \/><\/a>Et quand mon fils, Alexis, a travaill\u00e9 un texte en classe qui l&rsquo;avait beaucoup int\u00e9ress\u00e9\u00a0: \u00ab\u00a0<a href=\"https:\/\/fr.wikipedia.org\/wiki\/La_Controverse_de_Valladolid\"><span style=\"color: #0000ff;\">La controverse de Vallalodid<\/span>\u00a0<\/a>\u00bb, c&rsquo;\u00e9tait encore un texte, un roman plus pr\u00e9cis\u00e9ment de Jean-Claude Carri\u00e8re qui narre ce d\u00e9bat historique voulu par Charles Quint et qui s&rsquo;est tenu en 1550 au coll\u00e8ge San Gregorio de Valladolid et qui a oppos\u00e9 le dominicain Bartolom\u00e9 de las Casas, grand d\u00e9fenseur des peuples autochtones d&rsquo;Am\u00e9rique et le th\u00e9ologien Juan Gin\u00e9s de Sep\u00falveda qui d\u00e9fendaient l&rsquo;id\u00e9e que l&rsquo;enseignement chr\u00e9tien n&#8217;emp\u00eachait pas de r\u00e9duire en esclavage les indig\u00e8nes pour le plus grand profit des bons chr\u00e9tiens venus d&rsquo;Europe.<br \/><\/span><\/p>\n<p><span style=\"color: #777777; font-family: Arial;\">Texte passionnant pour regarder en face ce crime qui a \u00e9t\u00e9 commis pendant des si\u00e8cles\u00a0: l&rsquo;esclavage.<br \/><\/span><\/p>\n<p><span style=\"color: #777777; font-family: Arial;\">Dialogue d&rsquo;une grande richesse qui dans un <span style=\"color: #0000ff;\"><a style=\"color: #0000ff;\" href=\"https:\/\/fr.wikipedia.org\/wiki\/La_Controverse_de_Valladolid_(t%C3%A9l%C3%A9film)\">t\u00e9l\u00e9film<\/a><\/span> a oppos\u00e9 <strong>Jean-Pierre Marielle<\/strong> jouant Bartolom\u00e9 de Las Casas et <strong>Jean-Louis Trintignant<\/strong> interpr\u00e9tant son contradicteur sous l&rsquo;arbitrage du l\u00e9gat du Pape jou\u00e9 par <strong>Jean Carmet<\/strong>.<br \/><\/span><\/p>\n<p><span style=\"color: #777777; font-family: Arial;\">Il fut, bien s\u00fbr, le sc\u00e9nariste de <strong>Luis Bunuel<\/strong>, mais aussi de <strong>Jacques Tati<\/strong> \u00ab\u00a0Les Vacances de monsieur Hulot\u00a0\u00bb, de <strong>Louis Malle<\/strong> \u00ab\u00a0Viva Maria !\u00a0\u00bb et \u00ab\u00a0Milou en mai\u00a0\u00bb, <strong>Milos Forman<\/strong> \u00ab\u00a0Les Fant\u00f4mes de Goya\u00a0\u00bb, <strong>Volker Schl\u00f6ndorff<\/strong> \u00ab\u00a0Le Tambour\u00a0\u00bb, <strong>Nagisa \u014cshima<\/strong> \u00ab\u00a0Max mon amour\u00a0\u00bb, <strong>Michael Haneke<\/strong> \u00ab\u00a0Le Ruban blanc\u00a0\u00bb et tant d&rsquo;autres.<br \/><\/span><\/p>\n<p><span style=\"color: #777777; font-family: Arial;\">Il s&rsquo;int\u00e9ressait \u00e0 toutes les cultures, \u00e0 toutes les civilisations. Il s&rsquo;est ainsi \u00e9norm\u00e9ment int\u00e9ress\u00e9 au bouddhisme et a publi\u00e9, en 1994, \u00ab\u00a0<strong>La Force du bouddhisme<\/strong>\u00a0\u00bb sur la base d&rsquo;entretiens avec le dala\u00ef-lama.<br \/><\/span><\/p>\n<p><span style=\"color: #777777; font-family: Arial;\">&lt;<a href=\"https:\/\/www.liberation.fr\/culture\/mort-de-jean-claude-carriere-conteur-de-mille-et-une-vies-20210209_OYVAGXCZLBCPLLBNTJM4XTUTQM\/\"><span style=\"color: #0000ff;\">Lib\u00e9ration raconte<\/span><\/a>&gt; que d\u00e8s ses 5 ans, il avait demand\u00e9 \u00e0 sa m\u00e8re l&rsquo;autorisation de placer un bouddha dans la cr\u00e8che de No\u00ebl parmi les anges, les mages, les bergers, d\u00e9marche que le cur\u00e9 du village, d\u00fbment consult\u00e9, autorisa.<br \/><\/span><\/p>\n<p><a href=\"https:\/\/www.nouvelobs.com\/bibliobs\/20210209.OBS39960\/quand-on-dit-valeur-universelle-je-me-rebiffe-quand-jean-claude-carriere-dialoguait-avec-jean-daniel.html\"><span style=\"font-family: Arial;\"><span style=\"color: #0000ff;\">L&rsquo;obs<\/span><\/span><\/a><span style=\"color: #777777; font-family: Arial;\"> a republi\u00e9 un dialogue de 2010 avec <strong>Jean Daniel<\/strong> dans lequel il exprime cette vision de nos fameuses valeurs universelles\u00a0:<br \/><\/span><\/p>\n<p style=\"margin-left: 28pt;\"><span style=\"color: #c00000; font-family: Arial;\">\u00ab\u00a0Le mot \u00ab valeur \u00bb au sens que nous essayons d&rsquo;utiliser aujourd&rsquo;hui n&rsquo;est pas traduisible dans quatre cinqui\u00e8mes des langues de la plan\u00e8te. On ne peut pas traduire \u00ab valeur \u00bb en sanscrit, en chinois, en japonais, en persan\u2026 Cette notion m\u00eame n&rsquo;existe pas. Peut-on alors parler d&rsquo;universalit\u00e9 \u00e0 propos d&rsquo;un mot qui ne se communique pas \u00e0 d&rsquo;autres pays et \u00e0 d&rsquo;autres peuples ? C&rsquo;est une premi\u00e8re remarque. La seconde est historique. Quand nous, Europ\u00e9ens, parlons de valeurs universelles \u00e0 d&rsquo;autres Europ\u00e9ens, nous faisons imm\u00e9diatement allusion aux droits de l&rsquo;homme et aux valeurs d\u00e9mocratiques et r\u00e9publicaines qui sont n\u00e9es du travail des philosophes du XVIIIe si\u00e8cle et qui ont \u00e9t\u00e9 exprim\u00e9es clairement par les r\u00e9volutionnaires fran\u00e7ais.<br \/><\/span><\/p>\n<p style=\"margin-left: 28pt;\"><span style=\"color: #c00000; font-family: Arial;\">Cette valeur, que nous voudrions universelle, n&rsquo;existe donc que depuis peu de temps et dans peu d&rsquo;endroits. De ce point de vue, les \u00e9lus fran\u00e7ais de la R\u00e9volution se sentaient l\u00e9gitimes pour faire des lois qu&rsquo;ils affirmaient universelles. Pour faire des lois universelles, il faut se r\u00e9f\u00e9rer \u00e0 ces fameuses valeurs, comme si la valeur (laissons de c\u00f4t\u00e9 la valeur marchande et militaire) \u00e9tait la transcendance de la loi. Comme si, avant de faire des lois, des d\u00e9crets et des r\u00e8glements, il fallait se r\u00e9f\u00e9rer \u00e0 des valeurs \u00ab supra-existantes \u00bb et, pour employer un mot d&rsquo;aujourd&rsquo;hui, durables. Ces valeurs, ils les ont affirm\u00e9es dans la \u00ab D\u00e9claration des droits de l&rsquo;homme \u00bb et dans d&rsquo;autres textes avec beaucoup de lucidit\u00e9. Ils les ont voulues si rapidement et brutalement universelles qu&rsquo;ils n&rsquo;ont pas h\u00e9sit\u00e9, dans certains cas, \u00e0 les propager par la force arm\u00e9e.<br \/><\/span><\/p>\n<p style=\"margin-left: 28pt;\"><span style=\"color: #c00000; font-family: Arial;\">[\u2026] Il y a l&rsquo;imp\u00e9rialisme culturel, c&rsquo;est-\u00e0-dire le d\u00e9sir d&rsquo;imposer aux autres des id\u00e9es que nous croyons justes. Si quelqu&rsquo;un me dit qu&rsquo;il ne partage pas les id\u00e9es que je veux lui inculquer et que je les lui impose par la force arm\u00e9e, je d\u00e9clenche une guerre, alors que je tendais \u00e0 l&rsquo;universel. D&rsquo;un autre c\u00f4t\u00e9, pour que des individus \u00e0 l&rsquo;int\u00e9rieur d&rsquo;une soci\u00e9t\u00e9 et des peuples vivent ensemble le plus harmonieusement possible, il faut bien qu&rsquo;ils respectent un certain nombre de valeurs, qui ne sont pas forc\u00e9ment transcendantales et universelles et peuvent \u00eatre relatives. Quand on dit \u00ab valeur universelle \u00bb &#8211; j&rsquo;ai beaucoup travaill\u00e9 sur des cultures lointaines -, je me rebiffe. Je ne vois aucune raison d&rsquo;imposer ma foi ou mon absence de foi \u00e0 tel ou tel peuple tr\u00e8s loin de moi. Mais en m\u00eame temps je me dis : peut-\u00eatre a-t-il quelque chose \u00e0 prendre de moi, et moi de lui. L\u00e0, la notion d&rsquo;universel devient diff\u00e9rente. Elle devient valeur d&rsquo;\u00e9change. Y a-t-il entre les peuples apparemment diff\u00e9rents des exp\u00e9riences, des notions, voire ce que nous appelons (encore un mot intraduisible) des \u00ab concepts \u00bb \u00e0 \u00e9changer ? C&rsquo;est une vraie question.\u00a0\u00bb<br \/><\/span><\/p>\n<p><span style=\"color: #777777; font-family: Arial;\">J&rsquo;avais mentionn\u00e9 Jean-Claude Carri\u00e8re dans le mot du jour &lt;<a href=\"https:\/\/lemotdujour.fr\/?p=1192\"><span style=\"color: #0000ff;\">du 10 Juillet 2015<\/span><\/a>&gt; parce qu&rsquo;il mettait en garde sur la captation du concept de spiritualit\u00e9 par les religions. Car spiritualit\u00e9 signifie \u00ab esprit \u00bb, \u00ab pens\u00e9e \u00bb alors que les religions, le plus souvent, conduisent \u00e0 \u00e9viter de penser pour remplacer la recherche spirituelle par le \u00abdogme\u00bb.<br \/><\/span><\/p>\n<p><span style=\"color: #777777; font-family: Arial;\">J&rsquo;avais aussi parl\u00e9 de son livre \u00ab\u00a0<strong>La Paix<\/strong>\u00a0\u00bb publi\u00e9 en 2016 dans le mot du jour du &lt;<a href=\"https:\/\/lemotdujour.fr\/?p=377\"><span style=\"color: #0000ff;\">9 janvier 2017<\/span><\/a>&gt; et je le citais\u00a0:<br \/><\/span><\/p>\n<p style=\"margin-left: 28pt;\"><span style=\"color: #c00000; font-family: Arial;\"> \u00ab\u00a0<span style=\"font-size: 11pt;\">On n&rsquo;\u00e9crit jamais sur la paix comme s &lsquo;il n&rsquo;y avait rien \u00e0 en dire, tandis que les ouvrages sur la guerre fleurissent de tout c\u00f4t\u00e9.\u00a0\u00bb<br \/><\/span><\/span><\/p>\n<p><span style=\"color: #777777; font-family: Arial;\">La derni\u00e8re fois que j&rsquo;ai entendu sa chaude voix de conteur, c&rsquo;est quand il \u00e9tait venu pr\u00e9senter son livre, consacr\u00e9 \u00e0 la mort, \u00ab\u00a0<strong>La Vall\u00e9e du N\u00e9ant<\/strong>\u00a0\u00bb sur France Inter, fin novembre 2018\u00a0: &lt;<a href=\"https:\/\/www.franceinter.fr\/emissions\/grand-bien-vous-fasse\/grand-bien-vous-fasse-30-novembre-2018\"><span style=\"color: #0000ff;\">Le sens de la vie de Jean-Claude Carri\u00e8r<\/span>e<\/a>&gt;.<br \/><\/span><\/p>\n<p><span style=\"color: #777777; font-family: Arial;\"><a href=\"https:\/\/livre.fnac.com\/a12335616\/Jean-Claude-Carriere-La-Vallee-du-neant#omnsearchpos=1\"><img loading=\"lazy\" decoding=\"async\" class=\" wp-image-10689 alignright\" src=\"https:\/\/lemotdujour.fr\/wp-content\/uploads\/2021\/02\/La-vallee-du-Neant.jpg\" alt=\"\" width=\"256\" height=\"390\" srcset=\"https:\/\/lemotdujour.fr\/wp-content\/uploads\/2021\/02\/La-vallee-du-Neant.jpg 400w, https:\/\/lemotdujour.fr\/wp-content\/uploads\/2021\/02\/La-vallee-du-Neant-197x300.jpg 197w\" sizes=\"auto, (max-width: 256px) 100vw, 256px\" \/><\/a>Il explique qu&rsquo;il est difficile de d\u00e9finir le \u00ab\u00a0n\u00e9ant\u00a0\u00bb, \u00ab\u00a0la mort\u00a0\u00bb en le rapprochant \u00e0 l&rsquo;id\u00e9e du \u00ab\u00a0rien\u00a0\u00bb dans lequel les hommes de toute culture et de tout temps, ont mis beaucoup de choses.<br \/><\/span><\/p>\n<p><span style=\"color: #777777; font-family: Arial;\">Il s&rsquo;amuse de notre esp\u00e9rance : <span style=\"color: #c00000;\">\u00ab\u00a0Ce qui est formidable, c&rsquo;est qu&rsquo;on se dit toujours que quand nous serons morts, nous le saurons\u00a0\u00bb<span style=\"color: #777777;\"> et il cite S\u00e9n\u00e8que :<br \/><\/span><\/span><\/span><\/p>\n<p style=\"margin-left: 28pt;\"><span style=\"color: #c00000; font-family: Arial;\">\u00ab\u00a0Tout le monde sait qu&rsquo;il doit mourir, mais personne n&rsquo;a jamais su qu&rsquo;il \u00e9tait mort\u00a0\u00bb<br \/><\/span><\/p>\n<p><span style=\"color: #777777; font-family: Arial;\">Il fait aussi cette objection aux transhumanistes qui r\u00eavent d&rsquo;immortalit\u00e9\u00a0:<br \/><\/span><\/p>\n<p style=\"margin-left: 28pt;\"><span style=\"color: #c00000; font-family: Arial;\">\u00ab\u00a0Nous oublions que nous sommes condamn\u00e9s \u00e0 mort d\u00e8s notre naissance [\u2026] la naissance n&rsquo;est possible que gr\u00e2ce \u00e0 la mort. Or, aujourd&rsquo;hui, il est impossible d&rsquo;accepter l&rsquo;id\u00e9e que nous devons un jour dispara\u00eetre.<br \/><\/span><\/p>\n<p style=\"margin-left: 28pt;\"><span style=\"color: #c00000; font-family: Arial;\">C&rsquo;est l&rsquo;obsession de l&rsquo;immortalit\u00e9 qui nous pose probl\u00e8me. Interdire la mort serait aussi interdire la naissance. La fin de la mort ne saurait pas se concevoir sans la fin de la naissance. Or, interdire la naissance sur toute la surface de la plan\u00e8te, qui s&rsquo;y risquerait ?\u00a0\u00bb<br \/><\/span><\/p>\n<p><span style=\"color: #777777; font-family: Arial;\">Mais quand il \u00e9voque la mort, il parle de la vie, de sa vie\u00a0:<br \/><\/span><\/p>\n<p style=\"margin-left: 28pt;\"><span style=\"color: #c00000; font-family: Arial;\">\u00ab\u00a0Quand je regarde en arri\u00e8re, je me dis que si le petit gar\u00e7on que j&rsquo;\u00e9tais avait su ce qui l&rsquo;attendait\u2026 C&rsquo;\u00e9tait tellement impr\u00e9visible. Je dois cela \u00e0 une bourse de la R\u00e9publique. Si j&rsquo;ai une chose \u00e0 dire, c&rsquo;est \u00ab\u00a0Vive la R\u00e9publique !\u00a0\u00bb<br \/><\/span><\/p>\n<p style=\"margin-left: 28pt;\"><span style=\"color: #c00000; font-family: Arial;\">[\u2026] Les gens qui craignent le plus la mort, qui en parlent beaucoup, qui la redoutent, qui, tous les matins, s&rsquo;examinent, sont ceux qui, en g\u00e9n\u00e9ral, vivent avec la mort tandis qu&rsquo;ils sont encore vivants. Ce qui n&rsquo;est pas du tout mon cas.<br \/><\/span><\/p>\n<p style=\"margin-left: 28pt;\"><span style=\"color: #c00000; font-family: Arial;\">[\u2026] Vieillir est le seul moyen que nous ayons trouv\u00e9 pour vivre longtemps.\u00bb<br \/><\/span><\/p>\n<p><span style=\"color: #777777; font-family: Arial;\">Il explique par d&rsquo;autres mots que si l&rsquo;on ne sait pas s&rsquo;il y a une vie apr\u00e8s la mort, au moins nous devons nous impr\u00e9gner de cette r\u00e9alit\u00e9 qu&rsquo;il existe une vie avant la mort<br \/><\/span><\/p>\n<p><span style=\"color: #777777; font-family: Arial;\">Et, il finit par cette ode \u00e0 la vie, que j&rsquo;ai choisi comme exergue de ce mot du jour\u00a0:<br \/><\/span><\/p>\n<p style=\"margin-left: 28pt;\"><span style=\"color: #c00000; font-family: Arial;\">\u00ab Beaucoup de gens ne se rendent pas compte du privil\u00e8ge extraordinaire que ce qu&rsquo;est \u00ab\u00a0\u00eatre vivant\u00a0\u00bb car nous n&rsquo;aurons qu&rsquo;une vie, il faut en profiter pour qu&rsquo;elle soit belle pour soi et qu&rsquo;elle soit bonne pour les autres, et utile si possible. \u00bb<br \/><\/span><\/p>\n<p><span style=\"color: #777777; font-family: Arial;\">Un peu plus de deux ans apr\u00e8s avoir \u00e9crit cet ouvrage sur la mort, Jean Claude Carri\u00e8re a quitt\u00e9 la communaut\u00e9 des vivants, le 8 f\u00e9vrier 2021. Sa fille a pr\u00e9cis\u00e9 qu&rsquo;il \u00e9tait mort dans son sommeil et qu&rsquo;il n&rsquo;a pas \u00e9t\u00e9 victime de la Covid19. <\/span><\/p>\n<p><span style=\"color: #777777; font-family: Arial;\">Il avait 89 ans.<br \/><\/span><\/p>\n<p><span style=\"color: maroon; font-family: Arial;\">&lt;1524&gt;<\/span><\/p>\n\n\n<p><\/p>\n","protected":false},"excerpt":{"rendered":"<p>\u00ab Beaucoup de gens ne se rendent pas compte du privil\u00e8ge extraordinaire que ce qu&rsquo;est \u00ab\u00a0\u00eatre vivant\u00a0\u00bb car nous n&rsquo;aurons qu&rsquo;une vie, il faut en profiter pour qu&rsquo;elle soit belle pour soi et qu&rsquo;elle soit bonne pour les autres, et<\/p>\n","protected":false},"author":1,"featured_media":0,"comment_status":"open","ping_status":"closed","sticky":false,"template":"","format":"standard","meta":{"footnotes":""},"categories":[1],"tags":[25,29,54,9],"class_list":["post-10678","post","type-post","status-publish","format-standard","hentry","category-motdujour","tag-cinema","tag-hommage","tag-humanisme","tag-litterature"],"_links":{"self":[{"href":"https:\/\/lemotdujour.fr\/index.php?rest_route=\/wp\/v2\/posts\/10678","targetHints":{"allow":["GET"]}}],"collection":[{"href":"https:\/\/lemotdujour.fr\/index.php?rest_route=\/wp\/v2\/posts"}],"about":[{"href":"https:\/\/lemotdujour.fr\/index.php?rest_route=\/wp\/v2\/types\/post"}],"author":[{"embeddable":true,"href":"https:\/\/lemotdujour.fr\/index.php?rest_route=\/wp\/v2\/users\/1"}],"replies":[{"embeddable":true,"href":"https:\/\/lemotdujour.fr\/index.php?rest_route=%2Fwp%2Fv2%2Fcomments&post=10678"}],"version-history":[{"count":8,"href":"https:\/\/lemotdujour.fr\/index.php?rest_route=\/wp\/v2\/posts\/10678\/revisions"}],"predecessor-version":[{"id":12546,"href":"https:\/\/lemotdujour.fr\/index.php?rest_route=\/wp\/v2\/posts\/10678\/revisions\/12546"}],"wp:attachment":[{"href":"https:\/\/lemotdujour.fr\/index.php?rest_route=%2Fwp%2Fv2%2Fmedia&parent=10678"}],"wp:term":[{"taxonomy":"category","embeddable":true,"href":"https:\/\/lemotdujour.fr\/index.php?rest_route=%2Fwp%2Fv2%2Fcategories&post=10678"},{"taxonomy":"post_tag","embeddable":true,"href":"https:\/\/lemotdujour.fr\/index.php?rest_route=%2Fwp%2Fv2%2Ftags&post=10678"}],"curies":[{"name":"wp","href":"https:\/\/api.w.org\/{rel}","templated":true}]}}