{"id":10666,"date":"2021-02-11T00:05:00","date_gmt":"2021-02-10T23:05:00","guid":{"rendered":"http:\/\/lemotdujour.fr\/?p=10666"},"modified":"2021-03-03T00:55:39","modified_gmt":"2021-03-02T23:55:39","slug":"jeudi-fevrier-2021","status":"publish","type":"post","link":"https:\/\/lemotdujour.fr\/?p=10666","title":{"rendered":"Jeudi 11 f\u00e9vrier 2021"},"content":{"rendered":"<div class=\"mdjTexte\">\u00ab Ne pas consid\u00e9rer la d\u00e9mocratie comme acquise. \u00bb<\/div>\n<div class=\"mdjAuteur\">Barack Obama<\/div>\n<p><span style=\"color: #777777; font-family: Arial;\">Avant Donald Trump, les am\u00e9ricains avaient \u00e9lu Barack Obama et ils l&rsquo;ont m\u00eame r\u00e9\u00e9lu.<br \/>\n<\/span><\/p>\n<p><span style=\"color: #777777; font-family: Arial;\">Certains pr\u00e9tendent que c&rsquo;est l&rsquo;\u00e9lection de Barack Obama qui a rendu possible l&rsquo;\u00e9lection du show man. Ils expliquent qu&rsquo;il y a eu toute une part de l&rsquo;\u00e9lectorat blanc qui n&rsquo;avait pas support\u00e9 l&rsquo;\u00e9lection d&rsquo;un m\u00e9tis et avait alors vot\u00e9 pour son exact contraire : un blanc fier de l&rsquo;\u00eatre, un homme rustre sans sophistication, sans une once de pens\u00e9e complexe ni de culture historique et litt\u00e9raire. <\/span><\/p>\n<p><span style=\"color: #777777; font-family: Arial;\">Il me semble que cette explication reste tr\u00e8s marginale, je crois plut\u00f4t que c&rsquo;est le rejet d&rsquo;Hillary Clinton qui a \u00e9t\u00e9 pr\u00e9pond\u00e9rant avec le rejet de l&rsquo;\u00e9lite d\u00e9mocrate qui s&rsquo;est polaris\u00e9 sur la promotion des minorit\u00e9s et des \u00e9volutions soci\u00e9tales qui sont rejet\u00e9s par l&rsquo;Am\u00e9rique profonde. Il y a bien s\u00fbr aussi une dimension \u00e9conomique, l&rsquo;Am\u00e9rique en dehors des grandes m\u00e9tropoles se rendant compte que la mondialisation et le libre \u00e9change favorisaient une petite minorit\u00e9 situ\u00e9e dans les m\u00e9tropoles alors qu&rsquo;ils les d\u00e9savantageaient.<br \/>\n<\/span><\/p>\n<p><span style=\"color: #777777; font-family: Arial;\">J&rsquo;ai trouv\u00e9, comme souvent, l&rsquo;\u00e9mission d&rsquo;Alain Finkielkraut de samedi dernier, consacr\u00e9e \u00ab<span style=\"color: #0000ff;\">&nbsp;<a style=\"color: #0000ff;\" href=\"https:\/\/www.franceculture.fr\/emissions\/repliques\/la-fracture-americaine\">\u00e0 la fracture am\u00e9ricaine&nbsp;<\/a><\/span>\u00bb tr\u00e8s int\u00e9ressante.<br \/>\n<\/span><\/p>\n<p><span style=\"color: #777777; font-family: Arial;\">Il avait invit\u00e9 <strong>Roger Cohen<\/strong>, \u00e9ditorialiste au New York Times, ce journal qui est le symbole de l&rsquo;\u00e9lite d\u00e9mocrate et de ses d\u00e9rives. Lors du meurtre de Samuel Paty, il s&rsquo;\u00e9tait comport\u00e9 de mani\u00e8re indigne comme je l&rsquo;avais relat\u00e9 dans le mot du jour du 28 octobre 2020 : \u00ab<span style=\"color: #0000ff;\"><a style=\"color: #0000ff;\" href=\"https:\/\/lemotdujour.fr\/?p=9937\">Nous sommes bien seuls pour d\u00e9fendre notre conception de la libert\u00e9 d&rsquo;expression.<\/a><\/span>\u00bb.<br \/>\n<\/span><\/p>\n<p><span style=\"color: #777777; font-family: Arial;\">En face de Roger Cohen, <strong>Laure Mandeville<\/strong>, Journaliste au Figaro, ancienne correspondante \u00e0 Washington de 2009 \u00e0 2016, d\u00e9fendait des positions beaucoup plus critiques contre les obsessions des \u00e9lites \u00ab progressistes \u00bb am\u00e9ricaines, comme celle, par exemple,&nbsp; que j&rsquo;\u00e9voquais hier.<br \/>\n<\/span><\/p>\n<p><span style=\"color: #777777; font-family: Arial;\">Laure Mondeville a notamment propos\u00e9 cette analyse&nbsp;:<br \/>\n<\/span><\/p>\n<p style=\"margin-left: 28pt;\"><span style=\"color: #c00000; font-family: Arial;\">\u00ab&nbsp;Trump a port\u00e9 depuis le d\u00e9but la rage profonde qui venait des tr\u00e9fonds de l&rsquo;Am\u00e9rique, une rage contre l&rsquo;establishment, les institutions et les \u00e9lites. [&#8230;] On a une partie extr\u00eamement importante de la population qui a vot\u00e9 pour Trump qui est en \u00e9tat de quasi-s\u00e9cession mentale et politique. [&#8230;] Cette population qui est rest\u00e9e silencieuse, qui a finalement subi une esp\u00e8ce de disqualification \u00e0 la fois politique, id\u00e9ologique et presque morale. [&#8230;] Je parle de l&rsquo;\u00e9mergence d&rsquo;une gauche obs\u00e9d\u00e9e par l&rsquo;identit\u00e9 et qui est en train d&rsquo;attiser une sorte de volcan identitaire tr\u00e8s dangereux.&nbsp;\u00bb<br \/>\n<\/span><\/p>\n<p><span style=\"color: #777777; font-family: Arial;\">Barack Obama, n&rsquo;a pas jou\u00e9 sur ces tensions identitaires, il s&rsquo;est m\u00eame efforc\u00e9 \u00e0 tous les moments de sa pr\u00e9sidence de toujours privil\u00e9gier l&rsquo;universalisme au r\u00e9tr\u00e9cissement vers l&rsquo;identitaire. Des noirs lui ont m\u00eame reproch\u00e9 de ne pas avoir fait de r\u00e9formes avantageant leur communaut\u00e9.<br \/>\n<\/span><\/p>\n<p><span style=\"color: #777777; font-family: Arial;\">Bien s\u00fbr, Barack Obama a commis des erreurs, il a, dans certains cas, manqu\u00e9 d&rsquo;audace mais il ne faut pas oublier que le S\u00e9nat \u00e9tait contre lui et aux \u00c9tats-Unis, il est impossible de l\u00e9gif\u00e9rer efficacement quand le S\u00e9nat s&rsquo;y oppose.<br \/>\n<\/span><\/p>\n<p><span style=\"color: #777777; font-family: Arial;\">Mais Barack Obama n&rsquo;a jamais manqu\u00e9 de dignit\u00e9, de hauteur de vue, d&rsquo;intelligence.<br \/>\n<\/span><\/p>\n<p><span style=\"color: #777777; font-family: Arial;\"><img loading=\"lazy\" decoding=\"async\" class=\" wp-image-10669 alignleft\" src=\"https:\/\/lemotdujour.fr\/wp-content\/uploads\/2021\/02\/Une-terre-promise.jpg\" alt=\"\" width=\"200\" height=\"307\" srcset=\"https:\/\/lemotdujour.fr\/wp-content\/uploads\/2021\/02\/Une-terre-promise.jpg 300w, https:\/\/lemotdujour.fr\/wp-content\/uploads\/2021\/02\/Une-terre-promise-195x300.jpg 195w\" sizes=\"auto, (max-width: 200px) 100vw, 200px\" \/>J&rsquo;ai \u00e9cout\u00e9 avec attention et le plus grand int\u00e9r\u00eat son interview par l&rsquo;excellent <strong>Augustin Trapenard<\/strong>, sur France Inter, ce lundi 8 f\u00e9vrier&nbsp;: \u00ab&nbsp; <a href=\"https:\/\/www.dailymotion.com\/embed\/video\/x7z6nk6\"><span style=\"color: #0000ff;\">Barack Obama chez Augustin Trapenard dans Boomerang<\/span> &nbsp;<\/a>\u00bb.<br \/>\n<\/span><\/p>\n<p><span style=\"color: #777777; font-family: Arial;\">Bien qu&rsquo;il s&rsquo;agisse de radio je vous envoie vers la version vid\u00e9o de l&rsquo;entretien sous-titr\u00e9.<br \/>\n<\/span><\/p>\n<p><span style=\"color: #777777; font-family: Arial;\">Cet entretien en distanciel a \u00e9t\u00e9 r\u00e9alis\u00e9 pour la promotion du premier tome des m\u00e9moires d&rsquo;Obama&nbsp;: \u00ab&nbsp;<strong>Une terre promise<\/strong>.&nbsp;\u00bb<br \/>\n<\/span><\/p>\n<p><span style=\"color: #777777; font-family: Arial;\">Lors de la sortie, en novembre, de la version fran\u00e7aise, Barack Obama avait choisi d&rsquo;\u00eatre interview\u00e9 sur France 2 par <strong>Fran\u00e7ois Busnel<\/strong>, l&rsquo;animateur de la \u00ab Grande Librairie \u00bb. Il a donc choisi les deux fois un journaliste litt\u00e9raire, de culture et non un journaliste politique. <\/span><\/p>\n<p><span style=\"color: #777777; font-family: Arial;\">Apr\u00e8s son entretien, Fran\u00e7ois Busnel a dit&nbsp;:<br \/>\n<\/span><\/p>\n<p><span style=\"color: #c00000; font-family: Arial;\">\u00ab&nbsp;Une rencontre avec Barack Obama, c&rsquo;est un moment totalement exceptionnel. Quel que soit son bilan, il restera comme l&rsquo;une des ic\u00f4nes de ce d\u00e9but de XXIe si\u00e8cle. Je crois que c&rsquo;est un \u00e9crivain. Il a apport\u00e9 \u00e0 la politique une sensibilit\u00e9 nouvelle. [\u2026] Ce qui reste frappant, c&rsquo;est l&rsquo;extr\u00eame humilit\u00e9. Barack Obama ne vous prend jamais de haut. C&rsquo;est naturellement une b\u00eate de sc\u00e8ne avec un formidable pouvoir charismatique intact et d&rsquo;\u00e9normes convictions chevill\u00e9es au corps qui lui viennent de ses lectures&nbsp;\u00bb<br \/>\n<\/span><\/p>\n<p><span style=\"color: #777777; font-family: Arial;\"><img loading=\"lazy\" decoding=\"async\" class=\"wp-image-10671 alignleft\" src=\"https:\/\/lemotdujour.fr\/wp-content\/uploads\/2021\/02\/Busnel-Barack-Obama.jpg\" alt=\"\" width=\"409\" height=\"256\" srcset=\"https:\/\/lemotdujour.fr\/wp-content\/uploads\/2021\/02\/Busnel-Barack-Obama.jpg 699w, https:\/\/lemotdujour.fr\/wp-content\/uploads\/2021\/02\/Busnel-Barack-Obama-300x188.jpg 300w\" sizes=\"auto, (max-width: 409px) 100vw, 409px\" \/>L&rsquo;entretien avec Fran\u00e7ois Busnel se trouve sur le site de France 2&nbsp;: &lt;<a href=\"https:\/\/www.france.tv\/actualites-et-societe\/temoignages\/2103205-barack-obama-le-grand-entretien.html\"><span style=\"color: #0000ff;\">Le Grand entretien du 17\/11\/2020<\/span><\/a>&gt;<br \/>\n<\/span><\/p>\n<p><span style=\"color: #777777; font-family: Arial;\">Augustin Trapenard a choisi de faire \u00e9couter aux auditeurs, avant l&rsquo;interview, un long extrait du po\u00e8me lu par <strong>Amanda Gorman<\/strong> lors de l&rsquo;investiture de Joe Biden et qui constituait le sujet principal du mot du jour de ce lundi.<br \/>\n<\/span><\/p>\n<p><span style=\"color: #777777; font-family: Arial;\">Et quand la jeune po\u00e9tesse noire affirme simplement qu&rsquo;elle pense possible de devenir pr\u00e9sidente des Etats-Unis, elle le doit certainement \u00e0 Barack Obama.<br \/>\n<\/span><\/p>\n<p><span style=\"color: #777777; font-family: Arial;\">Et Augustin Trapenard commen\u00e7a son entretien en lisant la page 112 du livre d&rsquo;Obama lorsque ce dernier r\u00e9pond \u00e0 une question sur les motivations qui l&rsquo;on conduit \u00e0 se pr\u00e9senter aux \u00e9lections pr\u00e9sidentielles qu&rsquo;il r\u00eavait qu&rsquo;un jour tous les enfants noirs, latinos, filles ou gar\u00e7ons, qui avaient le sentiment de ne pas appartenir \u00e0 ce pays, pourraient voir un nouveau champ des possibles s&rsquo;ouvrir \u00e0 eux.<br \/>\n<\/span><\/p>\n<p><span style=\"color: #777777; font-family: Arial;\">Car il faut \u00e9videmment que l&rsquo;objectif qu&rsquo;on poursuit s&rsquo;inscrive dans le champ des possibles auxquels on croit. Et c&rsquo;est ce que Barack Obama a r\u00e9ussi. Il a pu donc offrir ce r\u00e9cit \u00e0 d&rsquo;autres volont\u00e9s, \u00e0 d&rsquo;autres destins.<br \/>\n<\/span><\/p>\n<p><span style=\"color: #777777; font-family: Arial;\">L&rsquo;\u00e9change entre Augustin Trapenard et Barack Obama est tr\u00e8s fluide et profond. Si vous ne l&rsquo;avez d\u00e9j\u00e0 fait je vous invite vraiment \u00e0 l&rsquo;\u00e9couter.<br \/>\n<\/span><\/p>\n<p><span style=\"color: #777777; font-family: Arial;\">J&rsquo;en tire trois extraits qui m&rsquo;ont particuli\u00e8rement marqu\u00e9&nbsp;:<br \/>\n<\/span><\/p>\n<p><span style=\"color: #777777; font-family: Arial;\">D&rsquo;abord la reconnaissance d&rsquo;Obama que la mondialisation a conduit \u00e0 l&rsquo;acc\u00e9l\u00e9ration des in\u00e9galit\u00e9s, dans nos pays d\u00e9velopp\u00e9s. Et que ce probl\u00e8me d&rsquo;in\u00e9galit\u00e9s minent nos d\u00e9mocratie&nbsp;;<br \/>\n<\/span><\/p>\n<p style=\"margin-left: 28pt;\"><span style=\"color: #c00000; font-family: Arial;\">\u00ab&nbsp;Ce qui menace la d\u00e9mocratie, c&rsquo;est ce que nous devons \u00e0 la mondialisation et \u00e0 la technologie : l&rsquo;acc\u00e9l\u00e9ration des in\u00e9galit\u00e9s, et des gens qui se sentent laiss\u00e9s pour compte. Cela a rendu une grande partie de la population vuln\u00e9rable aux appels du populisme.&nbsp;\u00bb<br \/>\n<\/span><\/p>\n<p><span style=\"color: #777777; font-family: Arial;\"><img loading=\"lazy\" decoding=\"async\" class=\"wp-image-10672 alignleft\" src=\"https:\/\/lemotdujour.fr\/wp-content\/uploads\/2021\/02\/Barack-Obama.jpg\" alt=\"\" width=\"435\" height=\"231\" srcset=\"https:\/\/lemotdujour.fr\/wp-content\/uploads\/2021\/02\/Barack-Obama.jpg 640w, https:\/\/lemotdujour.fr\/wp-content\/uploads\/2021\/02\/Barack-Obama-300x159.jpg 300w\" sizes=\"auto, (max-width: 435px) 100vw, 435px\" \/>Et puis, il parle de cette n\u00e9cessit\u00e9 de la confiance et de la v\u00e9rit\u00e9 sur les faits, sans quoi l&rsquo;\u00e9change d&rsquo;arguments ne peut exister. Il prend l&rsquo;exemple du changement climatique et rapporte qu&rsquo;il lui est tout \u00e0 fait possible de discuter longuement avec quelqu&rsquo;un qui n&rsquo;est pas d&rsquo;accord avec lui sur les solutions \u00e0 mettre en \u0153uvre et il sait m\u00eame que ces \u00e9changes sont utiles et font avancer. En revanche, s&rsquo;il se trouve en pr\u00e9sence d&rsquo;un individu qui nie la r\u00e9alit\u00e9 du changement climatique, avec qui le socle des faits et de la v\u00e9rit\u00e9 n&rsquo;est pas assur\u00e9, le dialogue est vain. La capacit\u00e9 d&rsquo;avancer et de trouver des solutions communes se trouve annihil\u00e9e.<br \/>\n<\/span><\/p>\n<p><span style=\"color: #777777; font-family: Arial;\">Il d\u00e9crit notre monde m\u00e9diatique d&rsquo;aujourd&rsquo;hui&nbsp;:<br \/>\n<\/span><\/p>\n<p style=\"margin-left: 28pt;\"><span style=\"color: #c00000; font-family: Arial;\">\u00ab&nbsp;Le pouvoir des mots a \u00e9t\u00e9 compromis par les changements du paysage m\u00e9diatique. Aujourd&rsquo;hui, il y a Internet et un millier de plates-formes, et il n&rsquo;y a plus de r\u00e8gles convenues sur ce qui est vrai ou faux. C&rsquo;est le plus grand danger actuel pour la d\u00e9mocratie. \u00a0\u00bb<br \/>\n<\/span><\/p>\n<p style=\"margin-left: 28pt;\"><span style=\"color: #c00000; font-family: Arial;\">[\u2026] Nous ne pourrons pas revenir \u00e0 une \u00e9poque o\u00f9 il n&rsquo;y avait que quelques arbitres de la v\u00e9rit\u00e9. Mais nous devons trouver des moyens de tenir les r\u00e9seaux sociaux responsables de la mani\u00e8re dont nous faisons la diff\u00e9rence entre r\u00e9alit\u00e9 et fiction.&nbsp;\u00bb<br \/>\n<\/span><\/p>\n<p><span style=\"color: #777777; font-family: Arial;\">Et puis, cette \u00e9vidence que nous portions depuis 1945 que la d\u00e9mocratie \u00e9tait l&rsquo;horizon du monde et que tous progresseraient vers cette organisation politique, est remise en cause. La d\u00e9mocratie est fragile :<br \/>\n<\/span><\/p>\n<p style=\"margin-left: 28pt;\"><span style=\"color: #c00000; font-family: Arial;\">\u00ab&nbsp;L&rsquo;important est de conna\u00eetre suffisamment l&rsquo;histoire pour que lorsque le nationalisme de droite refait surface, nous nous rappelions \u00e0 quoi il m\u00e8ne. Pour que lorsque nous voyons le sectarisme, les pr\u00e9jug\u00e9s refaire surface, nous nous en rappelions les cons\u00e9quences. [\u2026]<br \/>\n<\/span><\/p>\n<p style=\"margin-left: 28pt;\"><span style=\"color: #c00000; font-family: Arial;\">Ceux d&rsquo;entre nous qui croient en une d\u00e9mocratie tol\u00e9rante, pluraliste et inclusive, qui offre \u00e0 tous des possibilit\u00e9s, doivent \u00eatre vigilants. Ils doivent faire mieux, travailler plus dur, et <strong>ne pas consid\u00e9rer la d\u00e9mocratie comme acquise.<\/strong>&nbsp;\u00bb<br \/>\n<\/span><\/p>\n<p><span style=\"color: #777777; font-family: Arial;\">Et pourtant nous vivons mieux et dans un monde moins violent qu&rsquo;il y a un si\u00e8cle rappelle t&rsquo;il.<br \/>\n<\/span><\/p>\n<p><span style=\"color: #777777; font-family: Arial;\">Je redonne le lien vers la page de France Inter&nbsp;: <a href=\"https:\/\/www.franceinter.fr\/emissions\/boomerang\/boomerang-08-fevrier-2021\"><span style=\"color: #0000ff;\">https:\/\/www.franceinter.fr\/emissions\/boomerang\/boomerang-08-fevrier-2021<\/span><\/a><\/span><\/p>\n<p><span style=\"color: #800000;\">&lt;1523&gt;<\/span><\/p>\n","protected":false},"excerpt":{"rendered":"<p>\u00ab Ne pas consid\u00e9rer la d\u00e9mocratie comme acquise. \u00bb Barack Obama Avant Donald Trump, les am\u00e9ricains avaient \u00e9lu Barack Obama et ils l&rsquo;ont m\u00eame r\u00e9\u00e9lu. Certains pr\u00e9tendent que c&rsquo;est l&rsquo;\u00e9lection de Barack Obama qui a rendu possible l&rsquo;\u00e9lection du show<\/p>\n","protected":false},"author":1,"featured_media":0,"comment_status":"open","ping_status":"closed","sticky":false,"template":"","format":"standard","meta":{"footnotes":""},"categories":[1],"tags":[77,65,129,3],"class_list":["post-10666","post","type-post","status-publish","format-standard","hentry","category-motdujour","tag-democratie","tag-etats-unis","tag-inegalite","tag-politique"],"_links":{"self":[{"href":"https:\/\/lemotdujour.fr\/index.php?rest_route=\/wp\/v2\/posts\/10666","targetHints":{"allow":["GET"]}}],"collection":[{"href":"https:\/\/lemotdujour.fr\/index.php?rest_route=\/wp\/v2\/posts"}],"about":[{"href":"https:\/\/lemotdujour.fr\/index.php?rest_route=\/wp\/v2\/types\/post"}],"author":[{"embeddable":true,"href":"https:\/\/lemotdujour.fr\/index.php?rest_route=\/wp\/v2\/users\/1"}],"replies":[{"embeddable":true,"href":"https:\/\/lemotdujour.fr\/index.php?rest_route=%2Fwp%2Fv2%2Fcomments&post=10666"}],"version-history":[{"count":9,"href":"https:\/\/lemotdujour.fr\/index.php?rest_route=\/wp\/v2\/posts\/10666\/revisions"}],"predecessor-version":[{"id":10827,"href":"https:\/\/lemotdujour.fr\/index.php?rest_route=\/wp\/v2\/posts\/10666\/revisions\/10827"}],"wp:attachment":[{"href":"https:\/\/lemotdujour.fr\/index.php?rest_route=%2Fwp%2Fv2%2Fmedia&parent=10666"}],"wp:term":[{"taxonomy":"category","embeddable":true,"href":"https:\/\/lemotdujour.fr\/index.php?rest_route=%2Fwp%2Fv2%2Fcategories&post=10666"},{"taxonomy":"post_tag","embeddable":true,"href":"https:\/\/lemotdujour.fr\/index.php?rest_route=%2Fwp%2Fv2%2Ftags&post=10666"}],"curies":[{"name":"wp","href":"https:\/\/api.w.org\/{rel}","templated":true}]}}