{"id":10617,"date":"2021-02-01T11:24:46","date_gmt":"2021-02-01T10:24:46","guid":{"rendered":"http:\/\/lemotdujour.fr\/?p=10617"},"modified":"2021-02-01T11:26:17","modified_gmt":"2021-02-01T10:26:17","slug":"lundi-1-fevrier-2021","status":"publish","type":"post","link":"https:\/\/lemotdujour.fr\/?p=10617","title":{"rendered":"Lundi 1 f\u00e9vrier 2021"},"content":{"rendered":"<div class=\"mdjTexte\">\u00ab Tout le probl\u00e8me de ce monde est que les imb\u00e9ciles et les fanatiques sont toujours tr\u00e8s s\u00fbrs d&rsquo;eux, alors que les gens plus intelligents sont pleins de doute.\u00a0\u00bb<\/div>\n<div class=\"mdjAuteur\">Bertrand Russell<\/div>\n<p><span style=\"color: #777777; font-family: Arial;\">J&rsquo;ai lu souvent ces derniers temps cette citation attribu\u00e9e au c\u00e9l\u00e8bre \u00e9crivain am\u00e9ricain n\u00e9 en Allemagne, <strong>Charles Bukowski<\/strong> :<br \/><\/span><\/p>\n<p style=\"margin-left: 28pt;\"><span style=\"color: #c00000; font-family: Arial;\">\u00ab\u00a0Le probl\u00e8me avec ce monde c&rsquo;est que les gens intelligents sont pleins de doutes alors que les imb\u00e9ciles sont pleins de certitudes.\u00a0\u00bb<br \/><\/span><\/p>\n<p><span style=\"color: #777777; font-family: Arial;\">Ce remarquable \u00e9crivain a, h\u00e9las en France, une r\u00e9putation entach\u00e9e par sa d\u00e9sastreuse intervention dans \u00ab\u00a0<strong>Apostrophes<\/strong>\u00a0\u00bb de <strong>Bernard Pivot<\/strong> que Wikipedia rapporte de la mani\u00e8re suivante\u00a0:<br \/><\/span><\/p>\n<p style=\"margin-left: 28pt;\"><span style=\"color: #c00000; font-family: Arial;\">\u00ab En direct sur le plateau, Bukowski boit trois bouteilles de vin blanc au goulot puis, ivre, tient des propos incoh\u00e9rents, rejette brutalement la comparaison de son \u0153uvre avec celle d&rsquo;Henry Miller, tandis que Fran\u00e7ois Cavanna \u2014 qui d\u00e9fendait l&rsquo;\u0153uvre et le personnage sur le plateau \u2014 tente vivement de le faire taire (\u00ab Bukowski, ta gueule ! \u00bb). Bukowski caresse le genou de Catherine Paysan, puis, las de la discussion qu&rsquo;il trouve trop guind\u00e9e, finit par arracher son oreillette et quitter finalement le plateau \u2014 ce que personne n&rsquo;avait fait auparavant \u2014 sans que Bernard Pivot, d\u00e9courag\u00e9, ne cherche \u00e0 le retenir. Hors cam\u00e9ra, il sort un couteau avec lequel il menace (\u00ab pour rire \u00bb, selon lui) une personne charg\u00e9e de la s\u00e9curit\u00e9, ce qui lui vaut d&rsquo;\u00eatre ma\u00eetris\u00e9 et jet\u00e9 hors des locaux d&rsquo;Antenne. \u00bb.<br \/><\/span><\/p>\n<p><img loading=\"lazy\" decoding=\"async\" class=\"alignleft\" src=\"https:\/\/lemotdujour.fr\/wp-content\/uploads\/2021\/02\/020121_1019_Lundi1fvrie1.jpg\" alt=\"\" width=\"408\" height=\"282\" align=\"left\" \/><span style=\"color: #777777; font-family: Arial;\">Ceci ne diminue en rien ses talents d&rsquo;\u00e9crivain, mais devrait mettre en garde tout le monde devant les m\u00e9faits de l&rsquo;alcool qui conduisent \u00e0 des comportements regrettables.<br \/><\/span><\/p>\n<p><span style=\"color: #777777; font-family: Arial;\">Il est possible que Bukowski ait \u00e9crit ou dit cette phrase pleine de sens.<br \/><\/span><\/p>\n<p><span style=\"color: #777777; font-family: Arial;\">Mais j&rsquo;ai trouv\u00e9 sur plusieurs sites et notamment ce site s\u00e9rieux &lt;<span style=\"color: #0000ff;\"><a style=\"color: #0000ff;\" href=\"https:\/\/www.philomag.com\/articles\/tout-le-probleme-de-ce-monde-est-que-les-imbeciles-et-les-fanatiques-sont-toujours-tres\">Philosophie Magazine<\/a><\/span>&gt; et sous la plume tr\u00e8s s\u00e9rieuse de <strong>Fran\u00e7ois Morel<\/strong>, une phrase exprimant exactement la m\u00eame v\u00e9rit\u00e9 mais attribu\u00e9 au math\u00e9maticien philosophe <a href=\"https:\/\/fr.wikipedia.org\/wiki\/Bertrand_Russell\"><strong><span style=\"color: #0000ff;\">Bertrand Russell<\/span><\/strong><\/a><span style=\"color: #0000ff;\">.<\/span> : <\/span><span style=\"color: #777777; font-family: Arial;\">\u00ab\u00a0<strong>Tout le probl\u00e8me de ce monde est que les imb\u00e9ciles et les fanatiques sont toujours tr\u00e8s s\u00fbrs d&rsquo;eux, alors que les gens plus intelligents sont pleins de doute.<\/strong>\u00a0\u00bb<br \/><\/span><\/p>\n<p><span style=\"color: #777777; font-family: Arial;\">Fran\u00e7ois Morel a racont\u00e9 en outre\u00a0:<br \/><\/span><\/p>\n<p style=\"margin-left: 28pt;\"><span style=\"color: #c00000; font-family: Arial;\">\u00ab\u00a0Bertrand Russell est l&rsquo;auteur de cette phrase qui lui a peut-\u00eatre \u00e9t\u00e9 inspir\u00e9e par un souvenir personnel. Figurez-vous qu&rsquo;il fut l&rsquo;un des 24 survivants sur un total de 43 passagers d&rsquo;un accident d&rsquo;avion. Les victimes \u00e9tant essentiellement dans la partie non fumeurs de l&rsquo;appareil, le philosophe gallois put constater que le fait de fumer lui avait sauv\u00e9 la vie.\u00a0\u00bb<br \/><\/span><\/p>\n<p><span style=\"color: #777777; font-family: Arial;\">C&rsquo;est une autre mani\u00e8re de parler du sujet de \u00ab\u00a0l&rsquo;<strong>ultracr\u00e9pidarianisme<\/strong>\u00a0\u00bb \u00e9voqu\u00e9 lors du mot du jour du &lt;<a href=\"https:\/\/lemotdujour.fr\/?p=9601\"><span style=\"color: #0000ff;\">23 septembre 2020<\/span><\/a>&gt;<br \/><\/span><\/p>\n<p><span style=\"color: #777777; font-family: Arial;\">Le pr\u00e9sent article a aussi pour objet d&rsquo;annoncer le retour du mot du jour quotidien \u00e0 partir du lundi 8 f\u00e9vrier 2021.<br \/><\/span><\/p>\n<p><span style=\"color: #777777; font-family: Arial;\">&lt;<span style=\"color: #800000;\">1519<\/span>&gt;<\/span><\/p>\n\n\n<p><\/p>\n","protected":false},"excerpt":{"rendered":"<p>\u00ab Tout le probl\u00e8me de ce monde est que les imb\u00e9ciles et les fanatiques sont toujours tr\u00e8s s\u00fbrs d&rsquo;eux, alors que les gens plus intelligents sont pleins de doute.\u00a0\u00bb Bertrand Russell J&rsquo;ai lu souvent ces derniers temps cette citation attribu\u00e9e<\/p>\n","protected":false},"author":1,"featured_media":0,"comment_status":"open","ping_status":"closed","sticky":false,"template":"","format":"standard","meta":{"footnotes":""},"categories":[1],"tags":[23,6,35],"class_list":["post-10617","post","type-post","status-publish","format-standard","hentry","category-motdujour","tag-humour","tag-philosophie","tag-sciences"],"_links":{"self":[{"href":"https:\/\/lemotdujour.fr\/index.php?rest_route=\/wp\/v2\/posts\/10617","targetHints":{"allow":["GET"]}}],"collection":[{"href":"https:\/\/lemotdujour.fr\/index.php?rest_route=\/wp\/v2\/posts"}],"about":[{"href":"https:\/\/lemotdujour.fr\/index.php?rest_route=\/wp\/v2\/types\/post"}],"author":[{"embeddable":true,"href":"https:\/\/lemotdujour.fr\/index.php?rest_route=\/wp\/v2\/users\/1"}],"replies":[{"embeddable":true,"href":"https:\/\/lemotdujour.fr\/index.php?rest_route=%2Fwp%2Fv2%2Fcomments&post=10617"}],"version-history":[{"count":3,"href":"https:\/\/lemotdujour.fr\/index.php?rest_route=\/wp\/v2\/posts\/10617\/revisions"}],"predecessor-version":[{"id":10620,"href":"https:\/\/lemotdujour.fr\/index.php?rest_route=\/wp\/v2\/posts\/10617\/revisions\/10620"}],"wp:attachment":[{"href":"https:\/\/lemotdujour.fr\/index.php?rest_route=%2Fwp%2Fv2%2Fmedia&parent=10617"}],"wp:term":[{"taxonomy":"category","embeddable":true,"href":"https:\/\/lemotdujour.fr\/index.php?rest_route=%2Fwp%2Fv2%2Fcategories&post=10617"},{"taxonomy":"post_tag","embeddable":true,"href":"https:\/\/lemotdujour.fr\/index.php?rest_route=%2Fwp%2Fv2%2Ftags&post=10617"}],"curies":[{"name":"wp","href":"https:\/\/api.w.org\/{rel}","templated":true}]}}