{"id":10571,"date":"2020-12-31T02:22:00","date_gmt":"2020-12-31T01:22:00","guid":{"rendered":"http:\/\/lemotdujour.fr\/?p=10571"},"modified":"2024-04-24T20:16:05","modified_gmt":"2024-04-24T18:16:05","slug":"jeudi-31-decembre-2020","status":"publish","type":"post","link":"https:\/\/lemotdujour.fr\/?p=10571","title":{"rendered":"Jeudi 31 d\u00e9cembre 2020"},"content":{"rendered":"<div class=\"mdjTexte\">\u00ab\u00a0Viens voir les com\u00e9diens, voir les musiciens, voir les magiciens qui arrivent\u00a0\u00bb<\/div>\n<div class=\"mdjAuteur\">Charles Aznavour<\/div>\n<p><span style=\"color: #777777; font-family: Arial;\">L&rsquo;ann\u00e9e Beethoven a \u00e9t\u00e9 plus que perturb\u00e9e par la fermeture des salles de concerts.<br \/>\n<\/span><\/p>\n<p><span style=\"color: #777777; font-family: Arial;\">L&rsquo;ann\u00e9e 2020 a \u00e9t\u00e9, bien s\u00fbr, marqu\u00e9e par la pand\u00e9mie mais surtout par les immenses sacrifices qui ont \u00e9t\u00e9 demand\u00e9es au monde de la culture.<br \/>\n<\/span><\/p>\n<p><span style=\"color: #777777; font-family: Arial;\">Jacques Attali <a href=\"https:\/\/www.franceculture.fr\/emissions\/linvitee-des-matins\/la-culture-entre-deconfiture-et-reinvention\"><span style=\"color: #0000ff;\">critique le sort qui a \u00e9t\u00e9 r\u00e9serv\u00e9 \u00e0 la culture<\/span><\/a> par rapport aux lieux de consommation et aux lieux de culte. Il dit une chose qui me parait tr\u00e8s juste\u00a0: \u00ab\u00a0<strong>Le virus nous emp\u00eache d&rsquo;\u00eatre ensemble<\/strong> \u00bb :<br \/>\n<\/span><\/p>\n<p style=\"margin-left: 28pt;\"><span style=\"color: #c00000; font-family: Arial;\">\u00ab\u00a0Par d\u00e9finition, la culture, c&rsquo;est essentiellement \u00eatre ensemble. C&rsquo;est le bien essentiel premier de nos cultures. C&rsquo;est pour \u00e7a que je pr\u00e9f\u00e8re parler d&rsquo;\u00e9conomie de la vie. Les secteurs de l&rsquo;\u00e9conomie de la vie sont la sant\u00e9, l&rsquo;\u00e9ducation, la culture, la recherche, l&rsquo;\u00e9nergie propre ou le logement durable&#8230;\u00a0\u00bb<br \/>\n<\/span><\/p>\n<p><span style=\"color: #777777; font-family: Arial;\">Et puis il revient sur l&rsquo;utilisation de cette dichotomie maladroite de l&rsquo;essentiel et du non essentiel. Non que cette distinction n&rsquo;ait pas de sens, mais le probl\u00e8me est de classer la culture, ce qui distingue homo sapiens des autres esp\u00e8ces, dans la cat\u00e9gorie non essentiel :<br \/>\n<\/span><\/p>\n<p style=\"margin-left: 28pt;\"><span style=\"color: #c00000; font-family: Arial;\">\u00ab\u00a0Qu&rsquo;est-ce qui n&rsquo;est pas essentiel ? C&rsquo;est ce qui n&rsquo;est pas n\u00e9cessaire pour vivre. Il y a des choses qui ne sont pas n\u00e9cessaires pour vivre, mais on ne peut pas ranger la culture dans les biens qui ne sont pas n\u00e9cessaires pour vivre. Ou alors, on fait l&rsquo;apologie de l&rsquo;analphab\u00e9tisme, de la barbarie. C&rsquo;est absurde\u00a0!\u00bb<br \/>\n<\/span><\/p>\n<p><span style=\"color: #777777; font-family: Arial;\">Et puis il constate, alors que nous entendons si souvent la valeur de la la\u00efcit\u00e9 mis en avant par nos gouvernants que\u00a0:<br \/>\n<\/span><\/p>\n<p style=\"margin-left: 28pt;\"><span style=\"color: #c00000; font-family: Arial;\">\u00ab C&rsquo;est aussi paradoxal qu&rsquo;au moment o\u00f9 on parle de l&rsquo;importance de la la\u00efcit\u00e9, on fasse le choix de privil\u00e9gier les f\u00eates d&rsquo;une religion sur les f\u00eates la\u00efques [No\u00ebl par rapport au 31 d\u00e9cembre] et qu&rsquo;on pr\u00e9f\u00e8re ouvrir les lieux de culte plut\u00f4t que les lieux culturels. \u00bb.<br \/>\n<\/span><\/p>\n<p><span style=\"color: #777777; font-family: Arial;\">Et pour lui, il n&rsquo;y a qu&rsquo;une solution c&rsquo;est d&rsquo;\u00eatre \u00e9quitable, dans le fardeau \u00e0 porter, entre tous les acteurs de la soci\u00e9t\u00e9\u00a0:<br \/>\n<\/span><\/p>\n<p style=\"margin-left: 28pt;\"><span style=\"color: #c00000; font-family: Arial;\">\u00ab\u00a0Ce qui pose probl\u00e8me, c&rsquo;est \u00eatre ensemble. C&rsquo;est \u00e7a qui pose probl\u00e8me aux virus et on peut le comprendre. Mais alors, il faut interdire \u00ab\u00a0l&rsquo;\u00eatre ensemble\u00a0\u00bb provisoirement, d&rsquo;une fa\u00e7on \u00e9quitable. Il ne faut pas permettre l&rsquo;\u00eatre ensemble, commercial ou religieux et interdire tout \u00ab\u00a0\u00eatre ensemble\u00a0\u00bb culturel. \u00c7a n&rsquo;a pas de sens. Il faut que \u00e7a soit \u00e9quitablement limit\u00e9.\u00a0\u00bb<br \/>\n<\/span><\/p>\n<p><span style=\"color: #777777; font-family: Arial;\">Le sociologue Jean Viard est <a href=\"https:\/\/www.franceculture.fr\/emissions\/linvitee-des-matins\/lantisemitisme-de-laffaire-dreyfus-a-miss-france-en-passant-par-laffaire-epstein\"><span style=\"color: #0000ff;\">plus compr\u00e9hensif<\/span><\/a> par rapport aux d\u00e9cisions prises\u00a0:<br \/>\n<\/span><\/p>\n<p style=\"margin-left: 28pt;\"><span style=\"color: #c00000; font-family: Arial;\">\u00ab\u00a0On a trois motifs de d\u00e9placement : le travail, l&rsquo;\u00e9ducation et les plaisirs. On a tout fait pour restreindre les plaisirs, pour essayer de lutter contre le virus. Chaque d\u00e9cision prise, en elle-m\u00eame, est totalement absurde. On peut tr\u00e8s bien aller au th\u00e9\u00e2tre, les salles ont mis en place des r\u00e8gles de s\u00e9curit\u00e9. On aurait pu faire un r\u00e9veillon du nouvel an extr\u00eamement sage&#8230; Les choix pour diminuer les flux sont absurdes. Mais c&rsquo;est une solution, une solution absurde dont l&rsquo;objectif est de sauver des millions de vies. \u00a0\u00bb<br \/>\n<\/span><\/p>\n<p><span style=\"color: #777777; font-family: Arial;\">Avec son immense talent, Fran\u00e7ois Morel s&rsquo;\u00e9tonne aussi cette diff\u00e9rence faite entre les lieux de culte et les lieux de culture\u00a0: &lt;<span style=\"color: #0000ff;\"><a style=\"color: #0000ff;\" href=\"https:\/\/www.franceinter.fr\/emissions\/le-billet-de-francois-morel\/le-billet-de-francois-morel-18-decembre-2020\">J&rsquo;aurais d\u00fb me faire cur\u00e9<\/a><\/span>&gt;<br \/>\n<\/span><\/p>\n<p style=\"margin-left: 28pt;\"><span style=\"color: #c00000; font-family: Arial;\">\u00ab\u00a0J&rsquo;aime prendre l&rsquo;habit de Tartuffe ou d&rsquo;Alceste<br \/>\nDe Ruy Blas ou d&rsquo;Ubu. Je suis un <span style=\"color: #0000ff;\"><a style=\"color: #0000ff;\" href=\"https:\/\/fr.wikipedia.org\/wiki\/Palimpseste\">palimpseste<\/a><\/span><br \/>\nSur lequel sont inscrits des r\u00f4les qui s&rsquo;effacent,<br \/>\nDont il reste des bouts avec le temps qui passe.<br \/>\nJ&rsquo;aime aller me changer pour \u00eatre un personnage<br \/>\nDevenir quelqu&rsquo;un d&rsquo;autre et vivre davantage.<br \/>\nJ&rsquo;aime aller m&rsquo;affubler du nez de Cyrano,<br \/>\nPasser une rhingrave, une cape, un manteau.<br \/>\nEnfiler un costume et changer d&rsquo;apparence,<br \/>\n\u00c7a a moins d&rsquo;int\u00e9r\u00eat en visioconf\u00e9rence.<br \/>\nParce qu&rsquo;en ce moment triste est mon quotidien<br \/>\nSi je ne peux pas jouer, je ne sers plus \u00e0 rien<br \/>\nAlors que mon beau-fr\u00e8re et \u00e7a c&rsquo;est pas logique<br \/>\nIl peut servir la messe en habits liturgiques\u2026.\u00a0\u00bb<br \/>\n<\/span><\/p>\n<p><span style=\"color: #777777; font-family: Arial;\">\u00c9couter le reste sur le site de France Inter : &lt;<span style=\"color: #0000ff;\"><a style=\"color: #0000ff;\" href=\"https:\/\/www.franceinter.fr\/emissions\/le-billet-de-francois-morel\/le-billet-de-francois-morel-18-decembre-2020\">J&rsquo;aurais d\u00fb me faire cur\u00e9<\/a><\/span>&gt;<br \/>\n<\/span><\/p>\n<p><span style=\"color: #777777; font-family: Arial;\">Et puis il y a ce d\u00e9tournement tr\u00e8s dr\u00f4le et pourtant tragique du livre de la jungle\u00a0: &lt; <a href=\"https:\/\/www.youtube.com\/watch?v=bbc2u5kd1XI\"><span style=\"color: #0000ff;\">On a ferm\u00e9 tous les cin\u00e9s<\/span><\/a>&gt;.<br \/>\n<\/span><\/p>\n<p><span style=\"color: #777777; font-family: Arial;\">Cette ann\u00e9e ne peut pas \u00eatre qualifi\u00e9e du titre de la pire ann\u00e9e de l&rsquo;Histoire, il suffit d&rsquo;ouvrir un livre d&rsquo;Histoire pour en \u00eatre convaincu. Elle est peut \u00eatre la pire ann\u00e9e que l&rsquo;un ou l&rsquo;autre a v\u00e9cue dans sa vie. Pour la finir, j&rsquo;ai pens\u00e9 f\u00eater le monde de la culture par une chanson.<br \/>\n<\/span><\/p>\n<p><a href=\"https:\/\/boutique-comedie-francaise.fr\/librairie\/944-cabu-vive-les-comediens-catalogue-d-exposition.html\"><img loading=\"lazy\" decoding=\"async\" class=\"alignright\" src=\"https:\/\/lemotdujour.fr\/wp-content\/uploads\/2020\/12\/122920_1922_Jeudi31dcem1.jpg\" alt=\"\" width=\"273\" height=\"340\" align=\"left\" border=\"0\" \/><\/a><span style=\"color: #777777; font-family: Arial;\">Une chanson qui c\u00e9l\u00e8bre les com\u00e9diens, les musiciens et les magiciens.<br \/>\n<\/span><\/p>\n<p><span style=\"color: #777777; font-family: Arial;\">Car, Oui ! on peut \u00eatre subjugu\u00e9 par la musique de Beethoven et aimer Charles Aznavour<br \/>\n<\/span><\/p>\n<p><span style=\"color: #777777; font-family: Arial;\"><\/p>\n<p>&lt;<a href=\"https:\/\/www.youtube.com\/watch?v=cAJG3JJfoao\"><font color=\"#0000ff\">Aznavour chante les com\u00e9diens avec Liza Minelli<\/font><\/a>&gt;<\/p>\n<p><\/span><\/p>\n<p><span style=\"color: #777777; font-family: Arial;\">Et voici les belles paroles \u00e9crites par Jacques Plante et sur lesquelles Aznavour a \u00e9crit la musique.<br \/>\n<\/span><\/p>\n<p style=\"margin-left: 28pt;\"><span style=\"color: #c00000; font-family: Arial;\">Viens voir les com\u00e9diens<br \/>\nVoir les musiciens<br \/>\nVoir les magiciens<br \/>\nQui arrivent<br \/>\n<\/span><\/p>\n<p style=\"margin-left: 28pt;\"><span style=\"color: #c00000; font-family: Arial;\">Viens voir les com\u00e9diens<br \/>\nVoir les musiciens<br \/>\nVoir les magiciens<br \/>\nQui arrivent<br \/>\n<\/span><\/p>\n<p style=\"margin-left: 28pt;\"><span style=\"color: #c00000; font-family: Arial;\">Les com\u00e9diens ont install\u00e9 leurs tr\u00e9teaux<br \/>\nIls ont dress\u00e9 leur estrade<br \/>\nEt tendu des calicots<br \/>\nLes com\u00e9diens ont parcouru les faubourgs<br \/>\nIls ont donn\u00e9 la parade<br \/>\nA grand renfort de tambour<br \/>\nDevant l&rsquo;\u00e9glise une roulotte peinte en vert<br \/>\nAvec les chaises d&rsquo;un th\u00e9\u00e2tre \u00e0 ciel ouvert<br \/>\nEt derri\u00e8re eux comme un cort\u00e8ge en folie<br \/>\nIls drainent tout le pays, les com\u00e9diens<br \/>\n<\/span><\/p>\n<p style=\"margin-left: 28pt;\"><span style=\"color: #c00000; font-family: Arial;\">Viens voir les com\u00e9diens<br \/>\nVoir les musiciens<br \/>\nVoir les magiciens<br \/>\nQui arrivent<br \/>\n<\/span><\/p>\n<p style=\"margin-left: 28pt;\"><span style=\"color: #c00000; font-family: Arial;\">Viens voir les com\u00e9diens<br \/>\nVoir les musiciens<br \/>\nVoir les magiciens<br \/>\nQui arrivent<br \/>\n<\/span><\/p>\n<p style=\"margin-left: 28pt;\"><span style=\"color: #c00000; font-family: Arial;\">Si vous voulez voir confondus les coquins<br \/>\nDans une histoire un peu triste<br \/>\nO\u00f9 tout s&rsquo;arrange \u00e0 la fin<br \/>\nSi vous aimez voir trembler les amoureux<br \/>\nVous lamenter sur Baptiste<br \/>\nOu rire avec les heureux<br \/>\nPoussez la toile et entrez donc vous installer<br \/>\nSous les \u00e9toiles le rideau va se lever<br \/>\nQuand les trois coups retentiront dans la nuit<br \/>\nIls vont rena\u00eetre \u00e0 la vie, les com\u00e9diens<br \/>\n<\/span><\/p>\n<p style=\"margin-left: 28pt;\"><span style=\"color: #c00000; font-family: Arial;\">Viens voir les com\u00e9diens<br \/>\nVoir les musiciens<br \/>\nVoir les magiciens<br \/>\nQui arrivent<br \/>\n<\/span><\/p>\n<p style=\"margin-left: 28pt;\"><span style=\"color: #c00000; font-family: Arial;\">Viens voir les com\u00e9diens<br \/>\nVoir les musiciens<br \/>\nVoir les magiciens<br \/>\nQui arrivent<br \/>\n<\/span><\/p>\n<p style=\"margin-left: 28pt;\"><span style=\"color: #c00000; font-family: Arial;\">Les com\u00e9diens ont d\u00e9mont\u00e9 leurs tr\u00e9teaux<br \/>\nIls ont \u00f4t\u00e9 leur estrade<br \/>\nEt pli\u00e9 les calicots<br \/>\nIls laisseront au fond du c\u0153ur de chacun<br \/>\nUn peu de la s\u00e9r\u00e9nade<br \/>\nEt du bonheur d&rsquo;Arlequin<br \/>\nDemain matin quand le soleil va se lever<br \/>\nIls seront loin, et nous croirons avoir r\u00eav\u00e9<br \/>\nMais pour l&rsquo;instant ils traversent dans la nuit<br \/>\nD&rsquo;autres villages endormis, les com\u00e9diens<br \/>\n<\/span><\/p>\n<p style=\"margin-left: 28pt;\"><span style=\"color: #c00000; font-family: Arial;\">Viens voir les com\u00e9diens<br \/>\nLes musiciens<br \/>\nLes magiciens<br \/>\nQui arrivent<br \/>\n<\/span><\/p>\n<p><span style=\"color: #777777; font-family: Arial;\">La chanson date de 1962.<br \/>\n<\/span><\/p>\n<p><span style=\"color: #777777; font-family: Arial;\">Apr\u00e8s tous ces mots du jour \u00e9crits depuis le 21 septembre, dans lesquels il a \u00e9t\u00e9 question de Beethoven, de Camus, de Daniel Cordier et d&rsquo;Anne Sylvestre, mais aussi de ce po\u00e8me de Rilke, si merveilleusement habit\u00e9 par Laurent Terzieff : \u00ab<span style=\"color: #0000ff;\"><a style=\"color: #0000ff;\" href=\"https:\/\/lemotdujour.fr\/?m=202009\">Ce n&rsquo;est qu&rsquo;alors qu&rsquo;il peut arriver qu&rsquo;en une heure tr\u00e8s rare, du milieu d&rsquo;eux, se l\u00e8ve le premier mot d&rsquo;un vers.<\/a><\/span>\u00bb et bien d&rsquo;autres encore, vous comprendrez qu&rsquo;il m&rsquo;est n\u00e9cessaire de me reposer un peu.<br \/>\n<\/span><\/p>\n<p><span style=\"color: #777777; font-family: Arial;\">Le mot du jour reviendra en f\u00e9vrier 2021.<br \/>\n<\/span><\/p>\n<p><span style=\"color: #777777; font-family: Arial;\">Je redonne le lien vers la chanson\u00a0: <\/p>\n<p>&lt;<a href=\"https:\/\/www.youtube.com\/watch?v=cAJG3JJfoao\"><font color=\"#0000ff\">Aznavour chante les com\u00e9diens avec Liza Minelli<\/font><\/a>&gt;<\/p>\n<p><\/span><\/p>\n<p><span style=\"color: #c00000; font-family: Arial;\">&lt;1518&gt;<\/span><\/p>\n","protected":false},"excerpt":{"rendered":"<p>\u00ab\u00a0Viens voir les com\u00e9diens, voir les musiciens, voir les magiciens qui arrivent\u00a0\u00bb Charles Aznavour L&rsquo;ann\u00e9e Beethoven a \u00e9t\u00e9 plus que perturb\u00e9e par la fermeture des salles de concerts. L&rsquo;ann\u00e9e 2020 a \u00e9t\u00e9, bien s\u00fbr, marqu\u00e9e par la pand\u00e9mie mais surtout<\/p>\n","protected":false},"author":1,"featured_media":0,"comment_status":"open","ping_status":"closed","sticky":false,"template":"","format":"standard","meta":{"footnotes":""},"categories":[1],"tags":[193,107,126],"class_list":["post-10571","post","type-post","status-publish","format-standard","hentry","category-motdujour","tag-chanson","tag-culture","tag-pandemie"],"_links":{"self":[{"href":"https:\/\/lemotdujour.fr\/index.php?rest_route=\/wp\/v2\/posts\/10571","targetHints":{"allow":["GET"]}}],"collection":[{"href":"https:\/\/lemotdujour.fr\/index.php?rest_route=\/wp\/v2\/posts"}],"about":[{"href":"https:\/\/lemotdujour.fr\/index.php?rest_route=\/wp\/v2\/types\/post"}],"author":[{"embeddable":true,"href":"https:\/\/lemotdujour.fr\/index.php?rest_route=\/wp\/v2\/users\/1"}],"replies":[{"embeddable":true,"href":"https:\/\/lemotdujour.fr\/index.php?rest_route=%2Fwp%2Fv2%2Fcomments&post=10571"}],"version-history":[{"count":10,"href":"https:\/\/lemotdujour.fr\/index.php?rest_route=\/wp\/v2\/posts\/10571\/revisions"}],"predecessor-version":[{"id":15579,"href":"https:\/\/lemotdujour.fr\/index.php?rest_route=\/wp\/v2\/posts\/10571\/revisions\/15579"}],"wp:attachment":[{"href":"https:\/\/lemotdujour.fr\/index.php?rest_route=%2Fwp%2Fv2%2Fmedia&parent=10571"}],"wp:term":[{"taxonomy":"category","embeddable":true,"href":"https:\/\/lemotdujour.fr\/index.php?rest_route=%2Fwp%2Fv2%2Fcategories&post=10571"},{"taxonomy":"post_tag","embeddable":true,"href":"https:\/\/lemotdujour.fr\/index.php?rest_route=%2Fwp%2Fv2%2Ftags&post=10571"}],"curies":[{"name":"wp","href":"https:\/\/api.w.org\/{rel}","templated":true}]}}