{"id":10562,"date":"2020-12-29T00:33:28","date_gmt":"2020-12-28T23:33:28","guid":{"rendered":"http:\/\/lemotdujour.fr\/?p=10562"},"modified":"2021-01-18T00:05:22","modified_gmt":"2021-01-17T23:05:22","slug":"mardi-29-decembre-2020","status":"publish","type":"post","link":"https:\/\/lemotdujour.fr\/?p=10562","title":{"rendered":"Mardi 29 d\u00e9cembre 2020"},"content":{"rendered":"<div class=\"mdjTexte\">\u00ab\u00a0Beethoven victime de la \u00ab\u00a0cancel culture aux Etats-Unis\u00a0\u00bb<\/div>\n<div class=\"mdjAuteur\">Emmanuel Dupuy dans \u00ab\u00a0Diapason\u00a0\u00bb<\/div>\n<p><span style=\"color: #777777; font-family: Arial;\">J&rsquo;ai d\u00e9j\u00e0 \u00e9voqu\u00e9, \u00e0 plusieurs reprises, la chose sans avoir donn\u00e9 le nom. La \u00ab <strong>cancel culture<\/strong> \u00bb est un ph\u00e9nom\u00e8ne qui est n\u00e9 dans les campus universitaires am\u00e9ricain au sein de mouvements qui se r\u00e9clament de la gauche.<br \/>\n<\/span><\/p>\n<p><span style=\"color: #777777; font-family: Arial;\">La \u00ab\u00a0cancel culture\u00a0\u00bb c&rsquo;est la culture de l&rsquo;effacement. Comme un dossier qu&rsquo;on efface sur un disque dur.<br \/>\n<\/span><\/p>\n<p><span style=\"color: #777777; font-family: Arial;\">Les journalistes Laure Mandeville et Eug\u00e9nie Basti\u00e9 ont publi\u00e9 le 20\/12\/2020 un article dans le Figaro \u00ab<span style=\"color: #0000ff;\"><a style=\"color: #0000ff;\" href=\"https:\/\/www.lefigaro.fr\/international\/cancel-culture-woke-quand-la-gauche-americaine-devient-folle-20201220\">Cancel culture\u00bb, \u00abwoke\u00bb: quand la gauche am\u00e9ricaine devient folle\u00a0<\/a><\/span>\u00bb qui raconte cette d\u00e9rive.<br \/>\n<\/span><\/p>\n<p><span style=\"color: #777777; font-family: Arial;\">L&rsquo;article du Figaro est r\u00e9serv\u00e9 aux abonn\u00e9s mais &lt;<a href=\"https:\/\/www.franceculture.fr\/emissions\/la-fabrique-mediatique\/cancel-culture-woke-quand-la-gauche-americaine-devient-folle\"><span style=\"color: #0000ff;\">La Fabrique m\u00e9diatique<\/span><\/a>&gt; sur France Culture \u00e9voque et revient sur cet article<br \/>\n<\/span><\/p>\n<p><span style=\"color: #777777; font-family: Arial;\">L&rsquo;utilisation du terme <strong>\u00ab\u00a0woke\u00a0\u00bb<\/strong> signifie que, chez ces gens-l\u00e0, on pr\u00e9tend qu&rsquo;il faut tout le temps \u00eatre \u00ab \u00e9veill\u00e9 \u00bb pour d\u00e9busquer en permanence les attitudes, les comportements, les situations probl\u00e9matiques et emp\u00eacher les responsables ou ceux qu&rsquo;on pr\u00e9tend responsables de continuer \u00e0 s&rsquo;exprimer ou agir pour faire perdurer ces injustices ou ces oppressions. Il faut effacer !<br \/>\n<\/span><\/p>\n<p><span style=\"color: #777777; font-family: Arial;\">J&rsquo;avais abord\u00e9 ce sujet le &lt;<span style=\"color: #0000ff;\"><a style=\"color: #0000ff;\" href=\"https:\/\/lemotdujour.fr\/?p=8444\">1<sup>er<\/sup> avril 2020<\/a><\/span>&gt; en citant Barack Obama qui s&rsquo;\u00e9levait contre ces pratiques\u00a0: \u00ab\u00a0<strong>Si la seule chose que vous faites, c&rsquo;est critiquer, vous n&rsquo;irez probablement pas bien loin.<\/strong>\u00a0\u00bb<br \/>\n<\/span><\/p>\n<p><span style=\"color: #777777; font-family: Arial;\">Au d\u00e9part ce mouvement a attaqu\u00e9 les vivants.<br \/>\n<\/span><\/p>\n<p><span style=\"color: #777777; font-family: Arial;\">Le juste combat contre les violences faites aux femmes a ainsi conduit \u00e0 des manifestations de \u00ab cancel culture \u00bb. Woody Allen est accus\u00e9 d&rsquo;abus sexuel, alors ces \u00ab ligues de vertu \u00bb ont fait pression pour qu&rsquo;ils ne puissent pas faire \u00e9diter ses m\u00e9moires aux Etats-Unis. Il faut l&rsquo;effacer, il ne doit plus pouvoir s&rsquo;exprimer. Si Woody Allen est coupable, il faut qu&rsquo;il soit jug\u00e9 et qu&rsquo;il puisse se d\u00e9fendre. S&rsquo;il est coupable la justice le condamnera, mais l&#8217;emp\u00eacher de publier ses m\u00e9moires ne constitue pas un combat de libert\u00e9. Les m\u00e9moires de Woody Allen ont pu sortir tout de m\u00eame aux \u00c9tats-Unis en mars 2020, dans une petite librairie ind\u00e9pendante.<br \/>\n<\/span><\/p>\n<p><span style=\"color: #777777; font-family: Arial;\">Mais il n&rsquo;est pas n\u00e9cessaire d&rsquo;\u00eatre accus\u00e9 d&rsquo;un crime pour faire l&rsquo;objet des foudres de la cancel culture. Comme l&rsquo;\u00e9crit l&rsquo;\u00e9crivain <strong>Douglas Kennedy<\/strong> dans <a href=\"https:\/\/www.lemonde.fr\/idees\/article\/2020\/12\/26\/douglas-kennedy-en-ces-temps-deconcertants-l-ironie-est-un-concept-mouvant_6064528_3232.html\"><span style=\"color: #0000ff;\">un article du 26 d\u00e9cembre 2020<\/span><\/a> dans le Monde <strong>\u00ab A l&rsquo;\u00e8re de la \u00ab\u00a0cancel culture\u00a0\u00bb \u2013 un simple bon mot peut chambouler votre carri\u00e8re\u00a0\u00bb<\/strong><br \/>\n<\/span><\/p>\n<p><span style=\"color: #777777; font-family: Arial;\"><img loading=\"lazy\" decoding=\"async\" class=\"wp-image-10566 alignleft\" src=\"https:\/\/lemotdujour.fr\/wp-content\/uploads\/2020\/12\/Generation-offensee.jpg\" alt=\"\" width=\"247\" height=\"390\" srcset=\"https:\/\/lemotdujour.fr\/wp-content\/uploads\/2020\/12\/Generation-offensee.jpg 600w, https:\/\/lemotdujour.fr\/wp-content\/uploads\/2020\/12\/Generation-offensee-190x300.jpg 190w\" sizes=\"auto, (max-width: 247px) 100vw, 247px\" \/>Aucun mot ne doit blesser aucune minorit\u00e9 : les noirs, les LGBT, les petits, les gros, les hispaniques etc. Caroline Fourest a \u00e9crit un livre sur ce sujet : <strong>\u00ab<\/strong><span style=\"color: #0000ff;\"><a style=\"color: #0000ff;\" href=\"https:\/\/www.grasset.fr\/livres\/generation-offensee-9782246820185\">G\u00e9n\u00e9ration offens\u00e9e<\/a><\/span><strong>\u00bb <\/strong>qui est paru en f\u00e9vrier 2020. La quatri\u00e8me de couverture d\u00e9crit parfaitement le ph\u00e9nom\u00e8ne : \u00ab C\u2019est l\u2019histoire de petits lynchages ordinaires, qui finissent par envahir notre intimit\u00e9, assigner nos identit\u00e9s, et censurer nos \u00e9changes d\u00e9mocratiques. Une peste de la sensibilit\u00e9. Chaque jour, un groupe, une minorit\u00e9, un individu \u00e9rig\u00e9 en repr\u00e9sentant d\u2019une cause, exige, menace, et fait plier.<br \/>\nAu Canada, des \u00e9tudiants exigent la suppression d\u2019un cours de yoga pour ne pas risquer de \u00ab s\u2019approprier \u00bb la culture indienne. Aux \u00c9tats-Unis, la chasse aux sorci\u00e8re traque les menus asiatiques dans les cantines et l\u2019enseignement des grandes \u0153uvres classiques, jug\u00e9es choquantes et normatives, de Flaubert \u00e0 Dosto\u00efevski. Des \u00e9tudiants s\u2019offusquent \u00e0 la moindre contradiction, qu\u2019ils consid\u00e8rent comme des \u00ab micros-agression \u00bb, au point d\u2019exiger des \u00ab safe space \u00bb. O\u00f9 l\u2019on apprend en r\u00e9alit\u00e9 \u00e0 fuir l\u2019alt\u00e9rit\u00e9 et le d\u00e9bat.\u00bb<br \/>\n<\/span><\/p>\n<p><span style=\"color: #777777; font-family: Arial;\">On ne compte plus le nombre de professeurs qui ne peuvent plus enseigner et sont boycott\u00e9s par ce qu&rsquo;ils ont dit un mot qui a \u00e9t\u00e9 d\u00e9clar\u00e9 blessant ou fait un acte qui a \u00e9t\u00e9 d\u00e9sign\u00e9 comme inacceptable.<br \/>\n<\/span><\/p>\n<p><span style=\"color: #777777; font-family: Arial;\">Douglas Kennedy parle d&rsquo;un professeur qui a eu la mauvaise id\u00e9e d&rsquo;assister \u00e0 une manifestation en faveur de la police \u00e0 proximit\u00e9 du campus. Il a expliqu\u00e9 qu&rsquo;il y \u00e9tait all\u00e9 juste pour entendre les arguments de l&rsquo;autre camp. Comme l&rsquo;a \u00e9crit le magazine Forbes : \u00ab\u00a0Il n&rsquo;a particip\u00e9 en aucune fa\u00e7on, il n&rsquo;a pas pris la parole ni cri\u00e9 de slogans, il ne portait pas de pancarte. Il affirme qu&rsquo;il voulait simplement savoir ce que les manifestants avaient \u00e0 dire\u2026\u00a0\u00bb.<br \/>\n<\/span><\/p>\n<p><span style=\"color: #777777; font-family: Arial;\">Le fait d&rsquo;aller \u00e0 cette manifestation, signifiait chez ces gens l\u00e0 qui \u00e9taient en position de \u00ab\u00a0woke\u00a0\u00bb qu&rsquo;il soutenait la police et les violences polici\u00e8res. Des tracts ont alors circul\u00e9 pour que les \u00e9tudiants ne se rendent plus \u00e0 son cours. Il devait \u00eatre effac\u00e9.<br \/>\n<\/span><\/p>\n<p><span style=\"color: #777777; font-family: Arial;\">Ces manifestations d&rsquo;intol\u00e9rance am\u00e9ricaine ont pollu\u00e9 le monde universitaire fran\u00e7ais\u00a0:<br \/>\n<\/span><\/p>\n<p><span style=\"color: #777777; font-family: Arial;\">Ainsi <strong>Sylviane Agacinski<\/strong> n&rsquo;a pas pu tenir une conf\u00e9rence le 24 octobre 2019 \u00e0 l&rsquo;universit\u00e9 Bordeaux Montaigne (UBM). La philosophe voulait d\u00e9fendre son opposition \u00e0 la PMA dans une conf\u00e9rence intitul\u00e9e <em>\u00abL&rsquo;\u00eatre humain \u00e0 l&rsquo;\u00e9poque de sa reproductibilit\u00e9 technique\u00bb<\/em>. Cette conf\u00e9rence n&rsquo;a pas eu lieu parce que des syndicats \u00e9tudiants ont exig\u00e9 que \u00ab\u00a0cette homophobe\u00a0\u00bb ne puisse pas venir s&rsquo;exprimer dans leur Universit\u00e9. Par peur de d\u00e9bordements violents, cette conf\u00e9rence a \u00e9t\u00e9 annul\u00e9e par la direction de l&rsquo;Universit\u00e9. Vous pourrez en savoir davantage dans cet article de &lt;<span style=\"color: #0000ff;\"><a style=\"color: #0000ff;\" href=\"https:\/\/www.liberation.fr\/checknews\/2019\/10\/27\/pma-pourquoi-la-conference-de-sylviane-agacinski-a-t-elle-ete-annulee-a-l-universite-de-bordeaux_1759987\">Lib\u00e9ration<\/a><\/span>&gt;<br \/>\n<\/span><\/p>\n<p><span style=\"color: #777777; font-family: Arial;\">Ce refus du d\u00e9bat et de l&rsquo;alt\u00e9rit\u00e9 ou simplement le refus de ce que l&rsquo;autre peut vouloir dire ou m&rsquo;apporter me fait penser au mot du jour du &lt;<a href=\"https:\/\/lemotdujour.fr\/?p=1632\"><span style=\"color: #0000ff;\">3 mars 2016<\/span><\/a>&gt; dans lequel je reprenais cette r\u00e9flexion du grand sociologue <strong>Zygmunt Bauman\u00a0: <\/strong>\u00ab <strong>S&rsquo;enfermer dans [\u2026] une zone de confort, o\u00f9 le seul bruit qu&rsquo;on entend est l&rsquo;\u00e9cho de sa propre voix, o\u00f9 la seule chose qu&rsquo;on voit est le reflet de son propre visage<\/strong>.\u00bb<strong>\u00a0<\/strong><br \/>\n<\/span><\/p>\n<p><span style=\"color: #777777; font-family: Arial;\">Apr\u00e8s avoir attaqu\u00e9 les vivants, la cancel culture s&rsquo;attaque aux morts. Aux grands morts, tant il est vrai comme le dit R\u00e9gis Debray que la culture est le culte de nos grands morts.<br \/>\n<\/span><\/p>\n<p><span style=\"color: #777777; font-family: Arial;\">Je m&rsquo;\u00e9tais fait l&rsquo;\u00e9cho de cette attaque en r\u00e8gle contre Christophe Colomb.<br \/>\n<\/span><\/p>\n<p><span style=\"color: #777777; font-family: Arial;\">Apr\u00e8s le &lt;<span style=\"color: #0000ff;\"><a style=\"color: #0000ff;\" href=\"https:\/\/lemotdujour.fr\/?p=7223\">mot du jour hommage \u00e0 Chirac<\/a><\/span>&gt; qui n&rsquo;avait pas voulu f\u00eater l&rsquo;anniversaire de cet assassin, j&rsquo;\u00e9tais revenu le lendemain sur les agissements de ce conqu\u00e9rant sadique et monstrueux. Des mouvements sont donc en train de d\u00e9boulonner les statues de Christophe Colomb et de remplacer le \u00ab Colomb day \u00bb par des \u00ab Journ\u00e9es des peuples indig\u00e8nes \u00bb<br \/>\n<\/span><\/p>\n<p><span style=\"color: #777777; font-family: Arial;\">Dans ce mot du jour, j&rsquo;exprimais ma compr\u00e9hension sur cette r\u00e9volte contre ce personnage historique dont on ne nous avait pas expliqu\u00e9 tous les agissements.<br \/>\n<\/span><\/p>\n<p><span style=\"color: #777777; font-family: Arial;\">Mais maintenant, ils attaquent Beethoven !<br \/>\n<\/span><\/p>\n<p><span style=\"color: #777777; font-family: Arial;\">Beethoven l&rsquo;humaniste, celui qui parlait de fraternit\u00e9 et aimait la libert\u00e9.<br \/>\n<\/span><\/p>\n<p><span style=\"color: #777777; font-family: Arial;\">C&rsquo;est le journaliste Emmanuel Dupuy qui sur une page du mensuel <strong>\u00ab\u00a0Diapason\u00a0\u00bb <\/strong>nous explique dans un article publi\u00e9 le 7 octobre 2020 qu'&lt;<a href=\"https:\/\/www.diapasonmag.fr\/a-la-une\/aux-etats-unis-beethoven-victime-de-la-cancel-culture-31216\"><span style=\"color: #0000ff;\">Aux Etats-Unis, Beethoven est victime de la \u00ab\u00a0cancel culture\u00a0<\/span><\/a>\u00bb&gt;\u00a0:<br \/>\n<\/span><\/p>\n<p style=\"margin-left: 28pt;\"><img decoding=\"async\" class=\"alignleft\" src=\"https:\/\/lemotdujour.fr\/wp-content\/uploads\/2020\/12\/122820_2317_Mardi29dcem1.jpg\" alt=\"\" align=\"left\" \/><span style=\"color: #c00000; font-family: Arial;\">\u00ab\u00a0L&rsquo;\u00e9tincelle de la pol\u00e9mique est partie d&rsquo;un article et d&rsquo;un podcast publi\u00e9s sur le m\u00e9dia en ligne Vox, par le musicologue Nate Sloan et le journaliste Charlie Harding. Leur cible\u2009? La Symphonie n\u00b0\u202f5, que \u00ab\u202fles personnes au pouvoir, en particulier les hommes blancs et riches\u202f\u00bb ont \u00e9rig\u00e9e en \u00ab\u202fsymbole de leur sup\u00e9riorit\u00e9 et de leur importance\u202f[\u2026] \u202fPour certains, dans d&rsquo;autres groupes &#8211; femmes, personnes LGBTQ +, personnes de couleur &#8211; la symphonie de Beethoven peut \u00eatre principalement un rappel de l&rsquo;exclusion et de l&rsquo;\u00e9litisme dont est porteuse l&rsquo;histoire de la musique classique.\u202f\u00bb Car en exigeant du public, par la complexit\u00e9 de son langage, une \u00e9coute plus attentive que par le pass\u00e9, la 5e aurait impos\u00e9 de nouvelles normes dans l&rsquo;organisation du concert\u202f: \u00ab\u202fNe pas tousser\u2009!\u202f\u00bb\u2009; \u00ab\u202fNe pas applaudir\u2009!\u2009; \u00ab\u202fS&rsquo;habiller de fa\u00e7on appropri\u00e9e\u2009!\u202f\u00bb Autant de \u00ab\u202fsignifiants de la classe bourgeoise\u202f\u00bb qui, finalement, font de la Symphonie n\u00b0\u202f5 \u00ab\u202f\u00a0\u00bbun mur\u00a0\u00bb entre la musique classique et un public nouveau et divers\u202f\u00bb.\u00a0\u00bb<br \/>\n<\/span><\/p>\n<p><span style=\"color: #777777; font-family: Arial;\">Ces gens-l\u00e0 pr\u00e9tendent que \u00ab\u202fles personnes au pouvoir, en particulier les hommes blancs et riches\u202f\u00bb auraient \u00e9rig\u00e9 la Symphonie n\u00b0 5 en \u00ab\u202fsymbole de leur sup\u00e9riorit\u00e9 et de leur importance\u202f\u00bb, renvoyant \u00e0 un sentiment d&rsquo;exclusion les autres communaut\u00e9s raciales et sexuelles.<br \/>\n<\/span><\/p>\n<p><span style=\"color: #777777; font-family: Arial;\">M Sloan enseigne \u00e0 l&rsquo;Universit\u00e9 de Californie et je ne comprends pas bien quel est le but poursuivi, \u00e0 part dans un grand effort de rester \u00ab woke \u00bb, trouver encore d&rsquo;autres statues \u00e0 d\u00e9boulonner et de grands morts \u00e0 \u00ab canceler \u00bb.<br \/>\n<\/span><\/p>\n<p><span style=\"color: #777777; font-family: Arial;\">Car chez ces gens-l\u00e0, on n&rsquo;approfondit pas, on exclut.<br \/>\n<\/span><\/p>\n<p><span style=\"color: #777777; font-family: Arial;\">Emmanuel Dupuy tente une explication :<br \/>\n<\/span><\/p>\n<p style=\"margin-left: 28pt;\"><span style=\"color: #c00000; font-family: Arial;\">\u00ab\u00a0Cette tentative de d\u00e9boulonner la statue de Beethoven nous dit aussi que la notion d&rsquo;exigence en art, au lieu d&rsquo;\u00eatre vue comme une condition n\u00e9cessaire, est d\u00e9sormais entach\u00e9e d&rsquo;une connotation n\u00e9gative. Or, comme le travail ou la discipline, l&rsquo;exigence est largement r\u00e9pandue parmi les musiciens classiques, peut-\u00eatre davantage que dans d&rsquo;autres univers artistiques. L&rsquo;exigence est le socle de l&rsquo;apprentissage de tout instrument. Elle est le carburant indispensable \u00e0 la m\u00e9canique de l&rsquo;orchestre symphonique. L&rsquo;exigence rend possible le tour de force &#8211; physique, intellectuel &#8211; que repr\u00e9sente un r\u00e9cital de chant ou de piano. Et si l&rsquo;exigence est aussi requise dans l&rsquo;\u00e9coute, mat\u00e9rialis\u00e9e par le c\u00e9r\u00e9monial du concert, c&rsquo;est que les secrets des plus grands chefs-d&rsquo;\u0153uvre, en musique comme dans les autres arts, ne se percent pas sans un minimum d&rsquo;effort et de concentration. Oui, mais voil\u00e0\u202f: dans un monde o\u00f9 tout ce qui n&rsquo;est pas cool est suspect, l&rsquo;exigence nous est devenue un fardeau.\u00a0\u00bb<br \/>\n<\/span><\/p>\n<p><span style=\"color: #777777; font-family: Arial;\">Je partage son indignation\u00a0 :<br \/>\n<\/span><\/p>\n<p style=\"margin-left: 28pt;\"><span style=\"color: #c00000; font-family: Arial;\">\u00ab\u00a0Non, Beethoven n&rsquo;est pas un compositeur blanc, m\u00e2le, h\u00e9t\u00e9rosexuel. Beethoven est un compositeur universel, patrimoine de l&rsquo;humanit\u00e9 enti\u00e8re. Beethoven est une femme, noire, pourquoi pas lesbienne. Assimiler un tel g\u00e9nie \u00e0 une seule cat\u00e9gorie de la population et pr\u00e9tendre que les autres, renvoy\u00e9es \u00e0 un sentiment d&rsquo;exclusion, ne peuvent s&rsquo;approprier son \u0153uvre\u202f[constitue la vraie discrimination&#8230;]\u00a0\u00bb<br \/>\n<\/span><\/p>\n<p><a href=\"https:\/\/www.youtube.com\/watch?v=EX2T_G8UHWs\"><img decoding=\"async\" class=\"alignleft\" src=\"https:\/\/lemotdujour.fr\/wp-content\/uploads\/2020\/12\/123020_0933_Complment1.png\" alt=\"\" align=\"left\" border=\"0\" \/><\/a><span style=\"color: #777777; font-family: Arial;\">Pour conclure, je vais faire appel au pianiste <strong>Miguel Angel Estrella<\/strong>, d\u00e9fenseur des droits de l&rsquo;homme et des humbles. Il est issu d&rsquo;un milieu modeste : son p\u00e8re est le fils de paysans libanais \u00e9migr\u00e9s en Bolivie, sa m\u00e8re est une argentine avec des ascendances am\u00e9rindiennes m\u00e9tiss\u00e9es. En raison de ses convictions politiques, il fuit le r\u00e9gime argentin en 1976 \u00e0 cause des pers\u00e9cutions dont il fait l&rsquo;objet de la part de la junte militaire. Mais en 1977, il est d\u00e9tenu en Uruguay \u00e0 Montevideo, o\u00f9 il subit des tortures. Il devient alors tr\u00e8s c\u00e9l\u00e8bre en Europe, parce que le monde de la culture se mobilise pour sa lib\u00e9ration. Il est lib\u00e9r\u00e9 en 1980 \u00e0 la suite des pressions internationales (en particulier de Yehudi Menuhin, Nadia Boulanger et Henri Dutilleux). Il se r\u00e9fugie alors en France. Daniel Balavoine lui <a href=\"https:\/\/fr.wikipedia.org\/wiki\/Frappe_avec_ta_t%C3%AAte\"><span style=\"color: #0000ff;\">d\u00e9die<\/span><\/a> sa chanson &lt;<span style=\"color: #0000ff;\"><a style=\"color: #0000ff;\" href=\"https:\/\/www.youtube.com\/watch?v=DpY1kQiKHmA&amp;list=RDDpY1kQiKHmA&amp;start_radio=1\">Frappe avec ta t\u00eate<\/a><\/span>&gt; en 1983<br \/>\n<\/span><\/p>\n<p><span style=\"color: #777777; font-family: Arial;\">En 1982, Miguel Angel Estrella fonde Musique Esp\u00e9rance dont la vocation est de \u00ab mettre la musique au service de la communaut\u00e9 humaine et de la dignit\u00e9 de chaque personne ; de d\u00e9fendre les droits artistiques des musiciens \u2014 en particulier des jeunes \u2014 et de travailler \u00e0 construire la paix \u00bb. Depuis, il fait le tour de la plan\u00e8te pour aller chez les plus humbles, les plus \u00e9loign\u00e9s de la culture occidentale pour jouer du piano.<br \/>\n<\/span><\/p>\n<p><span style=\"color: #777777; font-family: Arial;\">Le monde Diplomatique explique cela dans un long article qui est en ligne :<span style=\"color: #0000ff;\"> &lt;<a style=\"color: #0000ff;\" href=\"https:\/\/www.monde-diplomatique.fr\/1989\/06\/ESTRELLA\/41787\">A quoi bon jouer du Beethoven quand les gens ont faim ?<\/a> &gt;. <\/span><\/span><span style=\"color: #777777; font-family: Arial;\">Et c&rsquo;est la r\u00e9ponse \u00e0 cette question qui me pousse \u00e0 conclure ce mot du jour avec <strong>Miguel Angel Estrella : <\/strong><br \/>\n<\/span><\/p>\n<p style=\"margin-left: 28pt;\"><span style=\"color: #c00000; font-family: Arial;\">\u00ab Nous sommes des musiciens et par le biais de notre art nous essayons de trouver un chemin pour am\u00e9liorer la qualit\u00e9 de la vie. Je l&rsquo;ai compris il y a longtemps et je me suis battu contre les intellectuels latino-am\u00e9ricains qui disaient : \u00ab A quoi bon jouer du Beethoven quand les gens ont faim ? \u00bb Et je leur r\u00e9pondais : \u00ab <strong>Mais quand ils \u00e9coutent Beethoven, leur vie change. Et nous, nous changeons aussi.<\/strong> \u00bb C&rsquo;est tr\u00e8s beau ce que nous vivons ensemble. Et le jour viendra o\u00f9 ces gens-l\u00e0 deviendront les d\u00e9fenseurs de leur culture dont ils percevront toute la beaut\u00e9. Et ce sera une mani\u00e8re aussi de faire face \u00e0 cette musique de consommation qui envahit la plan\u00e8te. \u00bb<\/span><\/p>\n<p><span style=\"color: #777777; font-family: Arial;\">Pour aujourd&rsquo;hui et dans la continuit\u00e9 de l&rsquo;\u0153uvre qui a fait l&rsquo;objet du mot du jour d&rsquo;hier je vous propose le dernier quatuor \u00e0 cordes, <strong>le seizi\u00e8me opus 135.<br \/>\n<\/strong><\/span><\/p>\n<p><span style=\"color: #777777; font-family: Arial;\">Il est plus court et plus optimiste que le quatorzi\u00e8me. Il fut ma porte d&rsquo;entr\u00e9e dans les derniers quatuors \u00e0 cordes. Le troisi\u00e8me mouvement, qui est le mouvement lent \u00ab Lento assai \u00bb, est divin. <\/span><span style=\"color: #777777; font-family: Arial;\">Je lui garde une affection toute particuli\u00e8re et s&rsquo;il n&rsquo;est pas aussi r\u00e9volutionnaire que l&rsquo;immense quatorzi\u00e8me, il tutoie les m\u00eames sommets.<br \/>\n<\/span><\/p>\n<p><span style=\"color: #777777; font-family: Arial;\">&lt;<a href=\"https:\/\/www.youtube.com\/watch?v=HXrS605GwEo\"><span style=\"color: #0000ff;\">Une interpr\u00e9tation par le quatuor Hagen<\/span><\/a>&gt;<br \/>\n<\/span><\/p>\n<p><span style=\"color: #c00000; font-family: Arial;\">&lt;1516&gt;<\/span><\/p>\n","protected":false},"excerpt":{"rendered":"<p>\u00ab\u00a0Beethoven victime de la \u00ab\u00a0cancel culture aux Etats-Unis\u00a0\u00bb Emmanuel Dupuy dans \u00ab\u00a0Diapason\u00a0\u00bb J&rsquo;ai d\u00e9j\u00e0 \u00e9voqu\u00e9, \u00e0 plusieurs reprises, la chose sans avoir donn\u00e9 le nom. La \u00ab cancel culture \u00bb est un ph\u00e9nom\u00e8ne qui est n\u00e9 dans les campus universitaires<\/p>\n","protected":false},"author":1,"featured_media":0,"comment_status":"open","ping_status":"closed","sticky":false,"template":"","format":"standard","meta":{"footnotes":""},"categories":[1],"tags":[148,65,20,11],"class_list":["post-10562","post","type-post","status-publish","format-standard","hentry","category-motdujour","tag-autriche","tag-etats-unis","tag-musique","tag-sociologie"],"_links":{"self":[{"href":"https:\/\/lemotdujour.fr\/index.php?rest_route=\/wp\/v2\/posts\/10562","targetHints":{"allow":["GET"]}}],"collection":[{"href":"https:\/\/lemotdujour.fr\/index.php?rest_route=\/wp\/v2\/posts"}],"about":[{"href":"https:\/\/lemotdujour.fr\/index.php?rest_route=\/wp\/v2\/types\/post"}],"author":[{"embeddable":true,"href":"https:\/\/lemotdujour.fr\/index.php?rest_route=\/wp\/v2\/users\/1"}],"replies":[{"embeddable":true,"href":"https:\/\/lemotdujour.fr\/index.php?rest_route=%2Fwp%2Fv2%2Fcomments&post=10562"}],"version-history":[{"count":5,"href":"https:\/\/lemotdujour.fr\/index.php?rest_route=\/wp\/v2\/posts\/10562\/revisions"}],"predecessor-version":[{"id":10611,"href":"https:\/\/lemotdujour.fr\/index.php?rest_route=\/wp\/v2\/posts\/10562\/revisions\/10611"}],"wp:attachment":[{"href":"https:\/\/lemotdujour.fr\/index.php?rest_route=%2Fwp%2Fv2%2Fmedia&parent=10562"}],"wp:term":[{"taxonomy":"category","embeddable":true,"href":"https:\/\/lemotdujour.fr\/index.php?rest_route=%2Fwp%2Fv2%2Fcategories&post=10562"},{"taxonomy":"post_tag","embeddable":true,"href":"https:\/\/lemotdujour.fr\/index.php?rest_route=%2Fwp%2Fv2%2Ftags&post=10562"}],"curies":[{"name":"wp","href":"https:\/\/api.w.org\/{rel}","templated":true}]}}