{"id":1056,"date":"2015-03-30T02:00:00","date_gmt":"2015-03-29T22:00:00","guid":{"rendered":"http:\/\/lemotdujour.fr\/?p=1056"},"modified":"2020-10-15T22:54:07","modified_gmt":"2020-10-15T20:54:07","slug":"lundi-30-mars-2015","status":"publish","type":"post","link":"https:\/\/lemotdujour.fr\/?p=1056","title":{"rendered":"Lundi 30 mars 2015"},"content":{"rendered":"<div class=\"mdjDate\">Lundi 30 mars 2015<\/div>\n<div class=\"mdjTexte\">\u00abLe gouvernement des \u00e9motions\u00bb<\/div>\n<div class=\"mdjAuteur\">Pierre Le Coz<\/div>\n<p><span style=\"color: #777777; font-family: Arial;\">Pierre Le Coz est professeur de philosophie et dirige le d\u00e9partement des sciences humaines de la Facult\u00e9 de m\u00e9decine de Marseille. Il a publi\u00e9 en 2014 un livre : \u00ab<a href=\"https:\/\/www.albin-michel.fr\/ouvrages\/le-gouvernement-des-emotions-9782226256997\"><span style=\"color: #0000ff;\">Le gouvernement des \u00e9motion<\/span>s<\/a>\u00bb<br \/>\n<\/span><\/p>\n<p><span style=\"color: #777777; font-family: Arial;\">Cette r\u00e9flexion sur les \u00e9motions telles que la compassion, la peur, l&rsquo;angoisse, l&rsquo;indignation ou la complaisance morbide immerg\u00e9es dans un bain m\u00e9diatique me para\u00eet particuli\u00e8rement appropri\u00e9e \u00e0 la fin d&rsquo;une semaine d&rsquo;hyst\u00e9rie m\u00e9diatique autour d&rsquo;un acte meurtrier produit probablement par un d\u00e9s\u00e9quilibr\u00e9 isol\u00e9 et extr\u00eamement rare.<br \/>\n<\/span><\/p>\n<p><span style=\"color: #777777; font-family: Arial;\">Ainsi, sur tous les m\u00e9dias on n&rsquo;entendait plus que cette histoire mille fois r\u00e9p\u00e9t\u00e9e, avec un ton anxiog\u00e8ne et l&rsquo;impression que c&rsquo;\u00e9tait devenu le probl\u00e8me le plus important de l&rsquo;Humanit\u00e9 : comment \u00e9viter qu&rsquo;une personne prise de folie meurtri\u00e8re et suicidaire, aux commandes d&rsquo;un avion, puisse le d\u00e9truire avec tous ses passagers.<br \/>\n<\/span><\/p>\n<p><span style=\"color: #777777; font-family: Arial;\">Dans l&rsquo;\u00e9motion certains ont pris imm\u00e9diatement des mesures : Il faut une deuxi\u00e8me personne dans le cockpit.<br \/>\n<\/span><\/p>\n<p><span style=\"color: #777777; font-family: Arial;\">Un commandant de bord a expliqu\u00e9 combien cela apparaissait d\u00e9lirant :<br \/>\n<\/span><\/p>\n<p><span style=\"color: #777777; font-family: Arial;\">On allait imposer une contrainte qui dans 99,9999% des cas est inutile.<br \/>\n<\/span><\/p>\n<p><span style=\"color: #777777; font-family: Arial;\">Et si dans le cockpit le pilote ou celui qui le surveille ont d\u00e9cid\u00e9 de faire cet acte insens\u00e9, il dispose d&rsquo;une hache qui se trouve dans l&rsquo;habitacle, pour sans crier gare, ex\u00e9cuter d&rsquo;abord l&#8217;emp\u00eacheur de leur acte\u00a0 puis r\u00e9aliser exactement le m\u00eame d\u00e9lire. Et m\u00eame sans la hache, d&rsquo;autres moyens existent pour neutraliser l&rsquo;autre.<br \/>\n<\/span><\/p>\n<p><span style=\"color: #777777; font-family: Arial;\">En outre, on peut estimer qu&rsquo;il y a dans ce cas un double risque : dans un groupe de deux personnes il y a rationnellement deux fois plus de chance qu&rsquo;il y ait un fou que dans un singleton.<br \/>\n<\/span><\/p>\n<p><span style=\"color: #777777; font-family: Arial;\">Il y a m\u00eame un journaliste qui a \u00e9mis cette id\u00e9e g\u00e9niale qu&rsquo;on pourrait pr\u00e9voir un\u00a0 syst\u00e8me qui permette de prendre les commandes de l&rsquo;avion \u00e0 distance. Donc pour r\u00e9pondre \u00e0 un risque extr\u00eamement faible on ouvrirait une possibilit\u00e9 \u00e0 des milliers de hacker, pour qui ce serait \u00e9videmment un d\u00e9fi exaltant de parvenir \u00e0 prendre le contr\u00f4le d&rsquo;un avion en vol pour jouer, obtenir une ran\u00e7on ou plus brutalement perp\u00e9trer un acte terroriste.<br \/>\n<\/span><\/p>\n<p><span style=\"color: #777777; font-family: Arial;\">Tout cela alors que, contrairement \u00e0 l&rsquo;impression que les m\u00e9dias peuvent donner : l&rsquo;aviation\u00a0 civile entra\u00eene de moins en moins de morts chaque ann\u00e9e bien qu&rsquo;il y ait de plus en plus de personnes qui prennent l&rsquo;avion.<br \/>\n<\/span><\/p>\n<p><span style=\"color: #777777; font-family: Arial;\">Vous prenez beaucoup plus de risque, quand vous prenez chaque matin votre voiture. Mais ce raisonnement est rationnel.<br \/>\n<\/span><\/p>\n<p><span style=\"color: #777777; font-family: Arial;\">L&rsquo;\u00e9motion permet la manipulation et entra\u00eene des r\u00e9actions souvent peu pertinentes comme le montre cette fausse bonne id\u00e9e de doubler les personnes pr\u00e9sentes dans le cockpit.<br \/>\n<\/span><\/p>\n<p><span style=\"color: #777777; font-family: Arial;\">L&rsquo;\u00e9motion de celles et ceux qui sont touch\u00e9s par ce drame est naturelle et digne de compassion, mais l&rsquo;\u00e9motion plan\u00e9taire que veulent d\u00e9clencher les m\u00e9dias n&rsquo;est en aucune fa\u00e7on guid\u00e9e par l&rsquo;int\u00e9r\u00eat public ou la noblesse des sentiments. C&rsquo;est uniquement un \u00e9v\u00e8nement qui leur permet de \u00ab\u00a0faire de l&rsquo;audience et donc du fric\u00a0\u00bb alors que leur r\u00f4le devrait \u00eatre de prioriser l&rsquo;information pour l&rsquo;int\u00e9r\u00eat de tous.<br \/>\n<\/span><\/p>\n<p><span style=\"color: #777777; font-family: Arial;\">Et les politiques ! Que viennent faire dans ce lieu de l&rsquo;\u00e9motion l\u00e9gitime des familles, le pr\u00e9sident fran\u00e7ais, la chanceli\u00e8re allemande et le premier ministre espagnol. Ils sont \u00e9lus pour nous pr\u00e9parer au monde de demain, aux bouleversements que va cr\u00e9er dans l&rsquo;\u00e9conomie les probl\u00e8mes \u00e9cologiques terribles qui sont pr\u00e9gnants, un monde o\u00f9 l&rsquo;automatisation de plus en plus intense des processus intellectuels vont conduire \u00e0 un monde avec de moins en moins d&#8217;emplois, sans compter un monde de vieux en trop grand nombre pour les capacit\u00e9s de nos syst\u00e8mes sociaux. Et sur tous ces sujets ils sont absents, constants dans leurs recettes anciennes qui ne sont plus adapt\u00e9es au monde d&rsquo;aujourd&rsquo;hui et de demain.<br \/>\n<\/span><\/p>\n<p><span style=\"color: #777777; font-family: Arial;\">Face \u00e0 leur vacuit\u00e9 devant les probl\u00e8mes vraiment importants, ils se r\u00e9fugient dans un r\u00f4le d&rsquo;assistants psychologues pour drames m\u00e9diatis\u00e9s !<br \/>\n<\/span><\/p>\n<p><span style=\"color: #777777; font-family: Arial;\">Et que dire du Ministre de l&rsquo;int\u00e9rieur qui d\u00e9barque dans cet endroit pour annoncer devant la presse, (toujours la presse !) qu&rsquo;il allait coordonner l&rsquo;ensemble des services de s\u00e9curit\u00e9 et de secours.<br \/>\n<\/span><\/p>\n<p><span style=\"color: #777777; font-family: Arial;\">Il n&rsquo;y a pas de pr\u00e9fet ? Ce haut fonctionnaire est devenu incomp\u00e9tent ? Le ministre de l&rsquo;int\u00e9rieur va s&rsquo;installer pendant 5 jours dans les Alpes de Haute Provence pour remplacer le pr\u00e9fet ?<br \/>\n<\/span><\/p>\n<p><span style=\"color: #777777; font-family: Arial;\">Ecoutez donc Pierre Le Coz dans cette \u00e9mission de France Inter : <span style=\"color: #0000ff;\"><a style=\"color: #0000ff;\" href=\"http:\/\/www.franceinter.fr\/emission-la-tete-au-carre-le-gouvernement-des-emotions\">&lt;La t\u00eate au carr\u00e9 : le gouvernement des \u00e9motions&gt;<\/a><\/span><br \/>\n<\/span><\/p>\n<p><span style=\"color: #777777; font-family: Arial;\">Sur la page de cette \u00e9mission on peut lire la d\u00e9bauche <strong>\u00ab<\/strong>d&rsquo;excitations sensorielles soul\u00e8ve des enjeux \u00e9thiques majeurs. Car, quand nos \u00e9motions sont d\u00e9voy\u00e9es, ce sont nos jugements de valeur qui se trouvent pervertis.<strong>\u00bb<\/strong><br \/>\n<\/span><\/p>\n<p><span style=\"color: #777777; font-family: Arial;\">Ou plus court cette vid\u00e9o de 4 minutes : &lt;<span style=\"color: #0000ff;\"><a style=\"color: #0000ff;\" href=\"https:\/\/www.youtube.com\/watch?v=4ByJ3IgW_hw\">Le gouvernement des \u00e9motions &#8211; Pierre Le Coz<\/a><\/span>&gt; . <\/span><span style=\"color: #777777; font-family: Arial;\">Il dit notamment que<strong><br \/>\n<\/strong><\/span><\/p>\n<p style=\"margin-left: 28pt;\"><span style=\"color: #c00000; font-family: Arial;\"><strong>\u00ab<\/strong> L&rsquo;\u00e9motion a toujours \u00e9t\u00e9 le cheval de Troie de toutes les manipulations<strong>\u00bb<\/strong><br \/>\n<\/span><\/p>\n<p><span style=\"color: #c00000; font-family: Arial;\">&lt;465&gt;<\/span><\/p>\n","protected":false},"excerpt":{"rendered":"<p>Lundi 30 mars 2015 \u00abLe gouvernement des \u00e9motions\u00bb Pierre Le Coz Pierre Le Coz est professeur de philosophie et dirige le d\u00e9partement des sciences humaines de la Facult\u00e9 de m\u00e9decine de Marseille. Il a publi\u00e9 en 2014 un livre :<\/p>\n","protected":false},"author":1,"featured_media":0,"comment_status":"closed","ping_status":"closed","sticky":false,"template":"","format":"standard","meta":{"footnotes":""},"categories":[1],"tags":[24,136,68],"class_list":["post-1056","post","type-post","status-publish","format-standard","hentry","category-motdujour","tag-actualite","tag-securite","tag-transport"],"_links":{"self":[{"href":"https:\/\/lemotdujour.fr\/index.php?rest_route=\/wp\/v2\/posts\/1056","targetHints":{"allow":["GET"]}}],"collection":[{"href":"https:\/\/lemotdujour.fr\/index.php?rest_route=\/wp\/v2\/posts"}],"about":[{"href":"https:\/\/lemotdujour.fr\/index.php?rest_route=\/wp\/v2\/types\/post"}],"author":[{"embeddable":true,"href":"https:\/\/lemotdujour.fr\/index.php?rest_route=\/wp\/v2\/users\/1"}],"replies":[{"embeddable":true,"href":"https:\/\/lemotdujour.fr\/index.php?rest_route=%2Fwp%2Fv2%2Fcomments&post=1056"}],"version-history":[{"count":3,"href":"https:\/\/lemotdujour.fr\/index.php?rest_route=\/wp\/v2\/posts\/1056\/revisions"}],"predecessor-version":[{"id":9869,"href":"https:\/\/lemotdujour.fr\/index.php?rest_route=\/wp\/v2\/posts\/1056\/revisions\/9869"}],"wp:attachment":[{"href":"https:\/\/lemotdujour.fr\/index.php?rest_route=%2Fwp%2Fv2%2Fmedia&parent=1056"}],"wp:term":[{"taxonomy":"category","embeddable":true,"href":"https:\/\/lemotdujour.fr\/index.php?rest_route=%2Fwp%2Fv2%2Fcategories&post=1056"},{"taxonomy":"post_tag","embeddable":true,"href":"https:\/\/lemotdujour.fr\/index.php?rest_route=%2Fwp%2Fv2%2Ftags&post=1056"}],"curies":[{"name":"wp","href":"https:\/\/api.w.org\/{rel}","templated":true}]}}