{"id":10544,"date":"2020-12-28T00:15:00","date_gmt":"2020-12-27T23:15:00","guid":{"rendered":"http:\/\/lemotdujour.fr\/?p=10544"},"modified":"2021-01-17T23:11:06","modified_gmt":"2021-01-17T22:11:06","slug":"lundi-28-decembre-2020","status":"publish","type":"post","link":"https:\/\/lemotdujour.fr\/?p=10544","title":{"rendered":"Lundi 28 d\u00e9cembre 2020"},"content":{"rendered":"<div class=\"mdjTexte\">\u00ab Apr\u00e8s cela, que reste-t-il \u00e0 \u00e9crire ? \u00bb<\/div>\n<div class=\"mdjAuteur\">Franz Schubert \u00e0 propos du 14\u00e8me quatuor \u00e0 cordes de Beethoven<\/div>\n<p><span style=\"color: #777777; font-family: Arial;\">J&rsquo;aime beaucoup Andr\u00e9 Comte-Sponville qui exprime une hauteur de vue et une s\u00e9r\u00e9nit\u00e9 qui sont si pr\u00e9cieuses dans nos temps troubl\u00e9s par l&rsquo;affirmation de tant de certitudes fragiles et de condamnation de boucs \u00e9missaires commodes pour dissimuler nos parts d&rsquo;ombre et nos contradictions.<br \/>\n<\/span><\/p>\n<p><span style=\"color: #777777; font-family: Arial;\">Il a \u00e9t\u00e9 interview\u00e9 sur le sujet de la musique classique par Olivier Bellamy dans le magazine \u00ab\u00a0<strong>Classica<\/strong>\u00a0\u00bb de Novembre 2020. A la question\u00a0: quels sont les trois disques que vous emporteriez sur une \u00eele d\u00e9serte\u00a0? Il a r\u00e9pondu\u00a0:<br \/>\n<\/span><\/p>\n<p style=\"margin-left: 28pt;\"><span style=\"color: #c00000; font-family: Arial;\">\u00ab\u00a0Le quintette en ut de Schubert, le quatuor N\u00b014 de Beethoven et le divertimento K 563 de Mozart\u00a0\u00bb<br \/>\n<\/span><\/p>\n<p><span style=\"color: #777777; font-family: Arial;\">J&rsquo;avais d\u00e9j\u00e0 r\u00e9v\u00e9l\u00e9, lors du mot du jour du &lt;<a href=\"https:\/\/lemotdujour.fr\/?p=9555\"><span style=\"color: #0000ff;\">1<sup>er<\/sup> septembre 2020<\/span><\/a>&gt; que mon disque de l&rsquo;\u00eele d\u00e9serte est le quintette en ut de Schubert.<br \/>\n<\/span><\/p>\n<p><span style=\"color: #777777; font-family: Arial;\">D&rsquo;ailleurs \u00e0 une autre question de Bellamy : Quelle est l&rsquo;\u0153uvre que vous placez au-dessus de tout ? <\/span><span style=\"color: #777777; font-family: Arial;\">Andr\u00e9 Comte-Sponville r\u00e9pond, comme moi, le quintette en ut de Schubert.<br \/>\n<\/span><\/p>\n<p><span style=\"color: #777777; font-family: Arial;\">Je reviendrai probablement, un jour, sur cette \u0153uvre miraculeuse que Mozart a \u00e9crit pour trio \u00e0 cordes et qui porte le num\u00e9ro K 563.<br \/>\n<\/span><\/p>\n<p><span style=\"color: #777777; font-family: Arial;\">Mais aujourd&rsquo;hui il va \u00eatre question du <strong>quatuor \u00e0 cordes N\u00b0 14 opus 131 de Beethoven.<\/strong><br \/>\n<\/span><\/p>\n<p><span style=\"color: #777777; font-family: Arial;\">Et c&rsquo;est Schubert qui, \u00e0 l&rsquo;issue d&rsquo;un concert priv\u00e9 dans lequel il a d\u00e9couvert ce quatuor opus 131, d\u00e9clarera :<br \/>\n<\/span><\/p>\n<p style=\"margin-left: 28pt;\"><span style=\"color: #c00000; font-family: Arial;\"><strong>\u00ab Apr\u00e8s cela, que reste-t-il \u00e0 \u00e9crire ? \u00bb<br \/>\n<\/strong><\/span><\/p>\n<p><img loading=\"lazy\" decoding=\"async\" class=\"alignleft\" src=\"https:\/\/lemotdujour.fr\/wp-content\/uploads\/2020\/12\/122720_2215_Lundi28dcem1.jpg\" alt=\"\" width=\"356\" height=\"440\" align=\"left\" \/><span style=\"color: #777777; font-family: Arial;\">Le musicologue allemand <strong>Michael Kube<\/strong> a publi\u00e9 le 12 juin 2020 sur ce site &lt;<a href=\"https:\/\/www.musikzeitung.ch\/fr\/dossiers\/personnes\/2020\/52xbeethoven\/2020-6-12-beethoven-op131.html\"><span style=\"color: #0000ff;\">Revue musicale suisse<\/span><\/a>&gt; le texte suivant dans lequel il parle de ce quatuor N\u00b014, des relations ombrageuses avec son \u00e9diteur et avec ses interpr\u00e8tes :<br \/>\n<\/span><\/p>\n<p style=\"margin-left: 28pt;\"><span style=\"color: #c00000; font-family: Arial;\">\u00ab\u00a0En 1826, les \u00e9ditions Schott ont voulu s&rsquo;assurer avant la signature du contrat que ce quatuor n&rsquo;\u00e9tait pas un arrangement. Beethoven, un peu agac\u00e9, a alors not\u00e9 sur l&rsquo;\u00e9preuve : \u00ab recueil de choses vol\u00e9es \u00e7\u00e0 et l\u00e0 \u00bb. Craignant d&rsquo;\u00eatre pris au mot, il s&rsquo;est toutefois expliqu\u00e9 peu de temps apr\u00e8s dans une lettre : \u00ab vous avez \u00e9crit que c&rsquo;\u00e9tait cens\u00e9 \u00eatre un quatuor original, \u00e7a m&rsquo;a froiss\u00e9, alors, pour plaisanter j&rsquo;ai \u00e9crit qu&rsquo;il avait \u00e9t\u00e9 vol\u00e9. Mais c&rsquo;est faux. Il est absolument nouveau \u00bb.<br \/>\n<\/span><\/p>\n<p style=\"margin-left: 28pt;\"><span style=\"color: #c00000; font-family: Arial;\">En effet, malgr\u00e9 l&rsquo;esprit et la formulation amusante de cette remarque, l&rsquo;\u0153uvre est nouvelle \u00e0 plusieurs \u00e9gards : avec un total de sept mouvements (Beethoven parlait de \u00ab pi\u00e8ces \u00bb), dont quatre peuvent \u00eatre r\u00e9unis pour former deux paires, le quatuor entre dans une nouvelle dimension, m\u00eame vu de l&rsquo;ext\u00e9rieur. Mais les caract\u00e9ristiques des mouvements individuels pointent aussi bien au-del\u00e0 de l&rsquo;horizon de l&rsquo;\u00e9poque, m\u00eame jusqu&rsquo;au 20e si\u00e8cle [&#8230;]<br \/>\nBien que Beethoven n&rsquo;ait pas pu assister \u00e0 une repr\u00e9sentation publique de l&rsquo;\u0153uvre, il a exig\u00e9 que l&rsquo;ex\u00e9cution se fasse presque sans aucune interruption. Ainsi Karl Holz, le violoncelliste du Quatuor Schuppanzigh, demandait d\u00e9j\u00e0 fin ao\u00fbt 1826 dans un cahier de conversation : \u00ab doit-on le jouer sans s&rsquo;arr\u00eater ? \u2014 Mais alors, nous ne pourrons pas faire de bis ! \u2014 Quand pourrons-nous nous accorder ? [\u2026] Nous allons commander des cordes solides. \u00bb<br \/>\nOn peut facilement imaginer les r\u00e9ponses correspondantes.\u00a0\u00bb<br \/>\n<\/span><\/p>\n<p><span style=\"color: #777777; font-family: Arial;\">Il faut comprendre que les cahiers de conversation ne comportent que les propos de ses interlocuteurs, Beethoven r\u00e9pond oralement. <\/span><\/p>\n<p><span style=\"color: #777777; font-family: Arial;\">Et ce m\u00eame Michael Kube ajoute \u00e0 propos de Schubert<br \/>\n<\/span><\/p>\n<p style=\"margin-left: 28pt;\"><span style=\"color: #c00000; font-family: Arial;\">\u00ab\u00a0Si l&rsquo;on en croit les souvenirs de Holz, transcrits plus tard par une troisi\u00e8me personne, ce quatuor \u00e0 cordes est aussi la derni\u00e8re musique que Franz Schubert a entendue. Quelques jours avant sa mort, on dit qu&rsquo;une repr\u00e9sentation priv\u00e9e a eu lieu ; Schubert a peut-\u00eatre m\u00eame lui-m\u00eame pris la partie d&rsquo;alto. Ludwig Nohl \u00e9crit \u00e0 ce sujet : \u00ab Messieurs Holz, Karl Gro\u00df et le baron K\u00f6nig l&rsquo;ont jou\u00e9 pour lui faire plaisir. Seul Doleschalek, professeur de piano, \u00e9tait \u00e9galement pr\u00e9sent. Schubert \u00e9tait si ravi, si enthousiaste et si touch\u00e9 que tout le monde a craint pour sa sant\u00e9. Un petit malaise qui avait pr\u00e9c\u00e9d\u00e9 et qui n&rsquo;avait pas encore compl\u00e8tement pass\u00e9 s&rsquo;est fortement accru, s&rsquo;est transform\u00e9 en typhus, et Schubert est mort cinq jours plus tard \u00bb.<br \/>\n<\/span><\/p>\n<p><a href=\"https:\/\/fr.wikipedia.org\/wiki\/Quatuor_%C3%A0_cordes_no_14_de_Beethoven\"><span style=\"font-family: Arial;\"><span style=\"color: #0000ff;\">Wikipedia<\/span><\/span><\/a><span style=\"color: #777777; font-family: Arial;\"> narre la m\u00eame histoire\u00a0:<br \/>\n<\/span><\/p>\n<p style=\"margin-left: 28pt;\"><span style=\"color: #c00000; font-family: Arial;\">\u00ab\u00a0Ce quatuor est parfois consid\u00e9r\u00e9 comme le plus grand chef-d&rsquo;\u0153uvre de Beethoven, tous genres confondus. Schubert aurait d\u00e9clar\u00e9 \u00e0 son sujet\u00a0: <em>\u00ab\u00a0Apr\u00e8s cela, que reste-t-il \u00e0 \u00e9crire\u00a0?\u00a0\u00bb<\/em> (et ce fut aussi cette pi\u00e8ce que les amis de Schubert lui jou\u00e8rent \u00e0 sa demande juste avant sa mort).\u00a0\u00bb<br \/>\n<\/span><\/p>\n<p><span style=\"color: #777777; font-family: Arial;\">Il semble bien, selon diverses sources que j&rsquo;ai lu, que Schubert ait d&rsquo;abord entendu ce quatuor et dit la phrase que j&rsquo;ai mis en exergue puis a demand\u00e9, \u00e0 quelques jours de sa mort, \u00e0 le r\u00e9entendre.<br \/>\n<\/span><\/p>\n<p><span style=\"color: #777777; font-family: Arial;\">Marcel Proust avait aussi un amour particulier pour cette \u0153uvre\u00a0:<br \/>\n<\/span><\/p>\n<p style=\"margin-left: 28pt;\"><span style=\"color: #c00000; font-family: Arial;\">\u00ab\u00a0Lorsque Proust, trop malade pour sortir de chez lui, voulut entendre de la musique, il convia chez lui le quatuor Capet pour lui jouer le Quatorzi\u00e8me Quatuor de Beethoven\u00a0\u00bb<br \/>\n<\/span><span style=\"color: #c00000; font-family: Arial;\"><em>Jacques Bonnaure &#8211; Classica octobre 2016 page 53<br \/>\n<\/em><\/span><\/p>\n<p><span style=\"color: #777777; font-family: Arial;\"><img loading=\"lazy\" decoding=\"async\" class=\"size-full wp-image-10551 alignright\" src=\"https:\/\/lemotdujour.fr\/wp-content\/uploads\/2020\/12\/Beethoven_buste3-Bourdelle.jpg\" alt=\"\" width=\"350\" height=\"557\" srcset=\"https:\/\/lemotdujour.fr\/wp-content\/uploads\/2020\/12\/Beethoven_buste3-Bourdelle.jpg 350w, https:\/\/lemotdujour.fr\/wp-content\/uploads\/2020\/12\/Beethoven_buste3-Bourdelle-189x300.jpg 189w\" sizes=\"auto, (max-width: 350px) 100vw, 350px\" \/>Cette &lt;<span style=\"color: #0000ff;\"><a style=\"color: #0000ff;\" href=\"https:\/\/www.francemusique.fr\/emissions\/plaisirs-du-quatuor\/beethoven-sept-en-un-17717\">\u00e9mission de France musique<\/a><\/span>&gt; est consacr\u00e9e au quatorzi\u00e8me quatuor. Dans celle-ci\u00a0; un intervenant cite Boucourechliev qui dit\u00a0:<br \/>\n<\/span><\/p>\n<p style=\"margin-left: 28pt;\"><span style=\"color: #c00000; font-family: Arial;\">\u00ab\u00a0C&rsquo;est une \u0153uvre ahurissante.\u00a0\u00bb<br \/>\n<\/span><\/p>\n<p><span style=\"color: #777777; font-family: Arial;\">Ce sont 45 minutes constitu\u00e9s, comme le faisait remarquer Karl Holz, de sept mouvements encha\u00een\u00e9s sans interruption.<br \/>\n<\/span><\/p>\n<p><span style=\"color: #777777; font-family: Arial;\">Je pense qu&rsquo;il est tr\u00e8s difficile de distinguer un quatuor \u00e0 cordes parmi les derniers qui constituent, dans leur globalit\u00e9, le sommet de l&rsquo;\u0153uvre de Beethoven. Dans l&rsquo;ordre de composition, il y a d&rsquo;abord le 12 opus 127, puis probl\u00e8me de num\u00e9rotation, le 15 opus 132, ensuite arrive le 13 opus 130 dont Beethoven a d\u00e9tach\u00e9 la grande fugue opus 133 et que certains d\u00e9signent sous le nom de 17<sup>\u00e8me<\/sup> quatuor, apr\u00e8s il y a le quatorzi\u00e8me opus 131 qui est donc l&rsquo;avant dernier et le 16<sup>\u00e8me<\/sup> opus 135 qui est le dernier num\u00e9ro d&rsquo;opus des \u0153uvres de Beethoven.<br \/>\n<\/span><\/p>\n<p><span style=\"color: #777777; font-family: Arial;\">Beethoven utilisera les quinze derniers mois de sa vie pour composer ces deux \u0153uvres le 14<sup>\u00e8me<\/sup> puis le 16<sup>\u00e8me<\/sup> quatuor. Chacun de ces chefs d&rsquo;\u0153uvres est tr\u00e8s diff\u00e9rents des autres. Tant il est vrai comme le dit <a href=\"https:\/\/www.franceinter.fr\/musique\/pourquoi-ecouter-beethoven-ce-genie-punk-de-la-musique-classique\"><span style=\"color: #0000ff;\">Florence Badol-Bertrand<\/span><\/a>\u00a0:<br \/>\n<\/span><\/p>\n<p style=\"margin-left: 28pt;\"><span style=\"color: #c00000; font-family: Arial;\">\u00ab\u00a0Chez Beethoven, il y a aussi l&rsquo;anti-acad\u00e9misme. A la fin du XVIIIe si\u00e8cle, on publiait beaucoup de s\u00e9ries de quatuors, de s\u00e9ries de symphonies\u2026 C&rsquo;\u00e9tait toujours un petit peu la m\u00eame \u0153uvre avec quelques sonorit\u00e9s diff\u00e9rentes. Or, pour lui, il n&rsquo;est pas question de refaire deux fois la m\u00eame chose.\u00a0\u00bb<br \/>\n<\/span><\/p>\n<p><span style=\"color: #777777; font-family: Arial;\">M\u00eame si tous les quatuors du 12 au 16 sont des sommets, il existe un large consensus pour donner une place \u00e0 part au quatorzi\u00e8me. <\/span><span style=\"color: #777777; font-family: Arial;\">Beethoven lui-m\u00eame <a href=\"https:\/\/philharmoniedeparis.fr\/sites\/default\/files\/documents\/npsc_20-01_11h_casals.pdf\"><span style=\"color: #0000ff;\">a dit<\/span><\/a><span style=\"color: #0000ff;\">\u00a0<\/span>:<br \/>\n<\/span><\/p>\n<p style=\"margin-left: 28pt;\"><span style=\"color: #c00000; font-family: Arial;\">\u00ab Celui-ci est le plus grand, le chef-d&rsquo;\u0153uvre \u00bb<br \/>\n<\/span><\/p>\n<p><span style=\"color: #777777; font-family: Arial;\">Et Schumann, apr\u00e8s Schubert dira :<br \/>\n<\/span><\/p>\n<p style=\"margin-left: 28pt;\"><span style=\"color: #c00000; font-family: Arial;\">\u00ab Une grandeur qu&rsquo;aucun mot ne saurait exprimer, \u00e0 l&rsquo;extr\u00eame fronti\u00e8re de tout ce qui a \u00e9t\u00e9 atteint par l&rsquo;art humain et l&rsquo;imagination \u00bb.<br \/>\n<\/span><\/p>\n<p><span style=\"color: #777777; font-family: Arial;\">Richard Wagner, \u00e9crira en son temps un texte c\u00e9l\u00e8bre dans lequel il parle pour cette \u0153uvre d&rsquo;une \u00ab\u00a0<span style=\"color: #c00000;\">m\u00e9ditation d&rsquo;un saint, mur\u00e9 dans sa surdit\u00e9, \u00e0 l&rsquo;\u00e9coute exclusive de ses voix int\u00e9rieures<span style=\"color: #777777;\">.\u00a0\u00bb<br \/>\n<\/span><\/span><\/span><\/p>\n<p><span style=\"color: #777777; font-family: Arial;\">Commen\u00e7ons par \u00e9couter <a href=\"https:\/\/www.youtube.com\/watch?v=twRGjzxFmpQ&amp;feature=youtu.be\">&lt;<span style=\"color: #0000ff;\">Le d\u00e9but du dernier mouvement par le Quatuor Belcea&gt;<\/span><\/a><br \/>\n<\/span><\/p>\n<p><span style=\"color: #777777; font-family: Arial;\">Dans le texte pr\u00e9cit\u00e9 Wagner, d\u00e9crit ce mouvement comme<br \/>\n<\/span><\/p>\n<p style=\"margin-left: 28pt;\"><span style=\"color: #c00000;\"><span style=\"font-family: Arial;\">\u00ab La danse du monde lui-m\u00eame : d\u00e9sir farouche, plainte douloureuse, ravissement d&rsquo;amour, extase supr\u00eame, g\u00e9missement, furie, volupt\u00e9 et souffrance. \u00bb<\/span><span style=\"font-family: Times New Roman; font-size: 12pt;\"><br \/>\n<\/span><\/span><\/p>\n<p><img loading=\"lazy\" decoding=\"async\" class=\"alignright\" src=\"https:\/\/lemotdujour.fr\/wp-content\/uploads\/2020\/12\/122720_2215_Lundi28dcem3.jpg\" alt=\"\" width=\"253\" height=\"407\" align=\"left\" \/><span style=\"color: #777777; font-family: Arial;\"><strong>Bernard Fournier<\/strong> a consacr\u00e9 de nombreux ouvrages aux quatuors \u00e0 cordes. Dans son ouvrage \u00ab\u00a0<strong>Panorama du quatuor \u00e0 cordes<\/strong> \u00bb il situe ce quatuor par rapport \u00e0 la post\u00e9rit\u00e9 :<br \/>\n<\/span><\/p>\n<p style=\"margin-left: 28pt;\"><span style=\"color: #c00000; font-family: Arial;\">\u00ab\u00a0Le <em>14<sup>e<\/sup> Quatuor<\/em> est peut-\u00eatre le plus haut chef-d&rsquo;\u0153uvre du cycle magistral que Beethoven a consacr\u00e9 au genre. Cette architecture limite \u2013 7 mouvements encha\u00een\u00e9s \u2013 qui introduit une nouvelle conception du temps musical, a non seulement influenc\u00e9 de nombreux compositeurs de quatuors (citons au XX<sup>e<\/sup> si\u00e8cle Sch\u00f6nberg [<em>Opus 7<\/em>], Bart\u00f3k [<em>Opus 7<\/em>], etc.), mais elle fascin\u00e9 maints cr\u00e9ateurs, musiciens (Liszt, Wagner, Stravinsky) ou non (Sartre, Kundera, TS Eliot). Outre l&rsquo;inventivit\u00e9 formelle stup\u00e9fiante dont il fait preuve ici, Beethoven accomplit dans la trajectoire sans interruption de l&rsquo;\u0153uvre deux gestes r\u00e9volutionnaires, lourds de cons\u00e9quences esth\u00e9tiques\u00a0: au lieu du traditionnel allegro d&rsquo;ouverture, il commence par une fugue et il repousse \u00e0 la fin de l&rsquo;\u0153uvre le mouvement de forme-sonate, celui qui d&rsquo;habitude sert de fondation \u00e0 l&rsquo;\u00e9difice.\u00bb<br \/>\n<\/span><\/p>\n<p><span style=\"color: #777777; font-family: Arial;\">Bernard Fournier dispose d&rsquo;un site &lt; <a href=\"http:\/\/bernard-fournier-quatuor.com\"><span style=\"color: #0000ff;\">http:\/\/bernard-fournier-quatuor.com<\/span><\/a>&gt;. Sur ce site il est possible de t\u00e9l\u00e9charger <span style=\"color: #0000ff;\"><a style=\"color: #0000ff;\" href=\"http:\/\/www.bernard-fournier-quatuor.com\/extraits\/14-06-15%20Panorama%20Chapitre%203.doc\">&lt;le chapitre III, Beethoven, l&rsquo;apog\u00e9e du genre&gt;<\/a><\/span> du livre pr\u00e9cit\u00e9..<br \/>\n<\/span><\/p>\n<p><span style=\"color: #777777; font-family: Arial;\">J&rsquo;ai m\u00eame trouv\u00e9 &lt;<span style=\"color: #0000ff;\"><a style=\"color: #0000ff;\" href=\"http:\/\/musique.tice.ac-orleans-tours.fr\/php5\/site\/bee_14e_quatuor.html\">cette analyse<\/a><\/span>&gt; du quatorzi\u00e8me quatuor sur un site de l\u2019\u00c9ducation Nationale.<br \/>\n<\/span><\/p>\n<p><span style=\"color: #777777; font-family: Arial;\">Il me semble cependant qu&rsquo;assez de propos ont \u00e9t\u00e9 cit\u00e9s pour montrer l&rsquo;importance qui est attach\u00e9e \u00e0 cette \u0153uvre, dans les compositions de Beethoven et dans l&rsquo;Histoire de la musique.<br \/>\n<\/span><\/p>\n<p><span style=\"color: #777777; font-family: Arial;\">Il faut \u00e9couter maintenant. <\/span><span style=\"color: #777777; font-family: Arial;\">Je propose cette <a href=\"https:\/\/www.musicologie.org\/19\/m\/11010131.mp4\"><span style=\"color: #0000ff;\">&lt;Tr\u00e8s belle interpr\u00e9tation du Quatuor Juilliard&gt;<\/span><\/a><br \/>\n<\/span><\/p>\n<p><span style=\"color: #777777; font-family: Arial;\">Et puis, disponible jusqu&rsquo;au 23 mars 2021, vous pouvez aussi voir et regarder dans de tr\u00e8s belles conditions techniques, sur le site d&rsquo;Arte, le concert qu&rsquo;a r\u00e9alis\u00e9 le Quatuor \u00c9b\u00e8ne, le 16 d\u00e9cembre 2020, dans une cit\u00e9 de la musique de Paris vide.<br \/>\n<\/span><\/p>\n<p><span style=\"color: #777777; font-family: Arial;\">Le concert finit par le quatorzi\u00e8me quatuor, mais il est pr\u00e9c\u00e9d\u00e9 de deux autres dont le 16<sup>\u00e8me<\/sup>: \u00ab <a href=\"https:\/\/www.arte.tv\/fr\/videos\/097909-005-A\/quatuor-ebene-integrale-beethoven\/\"><span style=\"color: #0000ff;\">Beethoven \u2013 Quatuors 2,16 &amp; 14 \u2013 Quatuor Eb\u00e8ne<\/span><\/a>&gt;. Le quatorzi\u00e8me commence \u00e0 53:40.<br \/>\n<\/span><\/p>\n<p><span style=\"color: #777777; font-family: Arial;\"><img loading=\"lazy\" decoding=\"async\" class=\"wp-image-10557 alignleft\" src=\"https:\/\/lemotdujour.fr\/wp-content\/uploads\/2020\/12\/Schubert.jpg\" alt=\"\" width=\"215\" height=\"161\" srcset=\"https:\/\/lemotdujour.fr\/wp-content\/uploads\/2020\/12\/Schubert.jpg 360w, https:\/\/lemotdujour.fr\/wp-content\/uploads\/2020\/12\/Schubert-300x225.jpg 300w\" sizes=\"auto, (max-width: 215px) 100vw, 215px\" \/>Pour finir je citerai encore <strong>Schubert,<\/strong> \u00ab\u00a0<strong>le musicien de l&rsquo;ombre<\/strong>\u00a0\u00bb comme l&rsquo;avait appel\u00e9 Christine Mondon, ombre de Beethoven bien s\u00fbr. Mais il fut un des premiers \u00e0 comprendre vraiment la dimension de Beethoven\u00a0:<br \/>\n<\/span><\/p>\n<p style=\"margin-left: 28pt;\"><span style=\"color: #c00000; font-family: Arial;\">\u00ab\u00a0L&rsquo;art est d\u00e9j\u00e0 devenu pour lui une science il sait ce qu&rsquo;il peut et l&rsquo;imagination ob\u00e9it \u00e0 sa r\u00e9flexion in\u00e9puisable.\u00a0\u00bb<br \/>\n<em>Franz Schubert<\/em> <em>cit\u00e9 par Classica de D\u00e9cembre 2019-Janvier 2020 page 52<\/em><br \/>\n<\/span><\/p>\n<p><span style=\"color: #c00000; font-family: Arial;\">&lt;1515&gt;<\/span><\/p>\n","protected":false},"excerpt":{"rendered":"<p>\u00ab Apr\u00e8s cela, que reste-t-il \u00e0 \u00e9crire ? \u00bb Franz Schubert \u00e0 propos du 14\u00e8me quatuor \u00e0 cordes de Beethoven J&rsquo;aime beaucoup Andr\u00e9 Comte-Sponville qui exprime une hauteur de vue et une s\u00e9r\u00e9nit\u00e9 qui sont si pr\u00e9cieuses dans nos temps<\/p>\n","protected":false},"author":1,"featured_media":0,"comment_status":"open","ping_status":"closed","sticky":false,"template":"","format":"standard","meta":{"footnotes":""},"categories":[1],"tags":[47,148,20],"class_list":["post-10544","post","type-post","status-publish","format-standard","hentry","category-motdujour","tag-allemagne","tag-autriche","tag-musique"],"_links":{"self":[{"href":"https:\/\/lemotdujour.fr\/index.php?rest_route=\/wp\/v2\/posts\/10544","targetHints":{"allow":["GET"]}}],"collection":[{"href":"https:\/\/lemotdujour.fr\/index.php?rest_route=\/wp\/v2\/posts"}],"about":[{"href":"https:\/\/lemotdujour.fr\/index.php?rest_route=\/wp\/v2\/types\/post"}],"author":[{"embeddable":true,"href":"https:\/\/lemotdujour.fr\/index.php?rest_route=\/wp\/v2\/users\/1"}],"replies":[{"embeddable":true,"href":"https:\/\/lemotdujour.fr\/index.php?rest_route=%2Fwp%2Fv2%2Fcomments&post=10544"}],"version-history":[{"count":10,"href":"https:\/\/lemotdujour.fr\/index.php?rest_route=\/wp\/v2\/posts\/10544\/revisions"}],"predecessor-version":[{"id":10597,"href":"https:\/\/lemotdujour.fr\/index.php?rest_route=\/wp\/v2\/posts\/10544\/revisions\/10597"}],"wp:attachment":[{"href":"https:\/\/lemotdujour.fr\/index.php?rest_route=%2Fwp%2Fv2%2Fmedia&parent=10544"}],"wp:term":[{"taxonomy":"category","embeddable":true,"href":"https:\/\/lemotdujour.fr\/index.php?rest_route=%2Fwp%2Fv2%2Fcategories&post=10544"},{"taxonomy":"post_tag","embeddable":true,"href":"https:\/\/lemotdujour.fr\/index.php?rest_route=%2Fwp%2Fv2%2Ftags&post=10544"}],"curies":[{"name":"wp","href":"https:\/\/api.w.org\/{rel}","templated":true}]}}