{"id":1050,"date":"2015-03-25T01:00:00","date_gmt":"2015-03-24T22:00:00","guid":{"rendered":"http:\/\/lemotdujour.fr\/?p=1050"},"modified":"2018-02-04T22:40:02","modified_gmt":"2018-02-04T21:40:02","slug":"mercredi-25-mars-2015","status":"publish","type":"post","link":"https:\/\/lemotdujour.fr\/?p=1050","title":{"rendered":"Mercredi 25 mars 2015"},"content":{"rendered":"<div class=\"mdjDate\">Mercredi 25 mars 2015<\/div>\n<div class=\"mdjTexte\">\u00abNe vous inqui\u00e9tez pas, en Europe nous avons le syst\u00e8me qui permet de ne pas tenir compte des \u00e9lections.\u00bb<\/div>\n<div class=\"mdjAuteur\">Propos d&rsquo;un fonctionnaire europ\u00e9en rapport\u00e9 par Raphael Glucksmann<\/div>\n<div class=\"mdjComplements\">Raphael Glucksmann vient de publier un livre \u00ab\u00a0G\u00e9n\u00e9ration gueule de bois\u00a0\u00bb qu&rsquo;il a \u00e9crit en r\u00e9action aux attentats de janvier en France.<\/div>\n<div class=\"mdjComplements\">Il \u00e9tait l&rsquo;invit\u00e9 de Nicolas Demorand et a rapport\u00e9 ce propos <a href=\"http:\/\/www.franceinter.fr\/emission-un-jour-dans-le-monde-linternationale-reactionnaire\">&lt;http:\/\/www.franceinter.fr\/emission-un-jour-dans-le-monde-linternationale-reactionnaire&gt;<\/a> un peu apr\u00e8s 10mn du d\u00e9but de l&rsquo;\u00e9mission<\/div>\n<div class=\"mdjComplements\">Raphael Glucksmann est le fils du philosophe Andr\u00e9 Glucksmann. Il est aussi l&rsquo;\u00e9poux de Eka Zgouladze qui fut vice-ministre de l&rsquo;int\u00e9rieur en Georgie <a href=\"http:\/\/www.letemps.ch\/Page\/Uuid\/5fd5989c-7b2f-11e4-a4b4-65a0dc79857a\/Ces_%C3%A9trangers_devenus_ministres_%C3%A0_Kiev\">&lt;Et qui depuis est devenu ukrainienne et membre du gouvernement ukrainien&gt;<\/a>.<\/div>\n<div class=\"mdjComplements\">Je prends toutes ces pr\u00e9cautions, parce que je ne connais pas Raphael Glucksmann et qu&rsquo;il y a quelques points de son parcours qui sont un peu \u00ab\u00a0\u00e9trange\u00a0\u00bb<\/div>\n<div class=\"mdjComplements\">La G\u00e9orgie est ce pays du Caucase qui a vu na\u00eetre un de ces monstres qui se dispute avec quelques autres le titre de plus grand criminel de l&rsquo;Histoire humaine je veux parler de Joseph Vissarionovitch Djougachvili connu sous le nom de \u00ab\u00a0Staline\u00a0\u00bb.<\/div>\n<div class=\"mdjComplements\">Toujours est-il que Raphael Glucksmann \u00e9tait conseiller du pr\u00e9sident de l&rsquo;Etat de G\u00e9orgie, Mikheil Saakachvili, et son \u00e9pouse \u00e9tait membre du gouvernement.<\/div>\n<div class=\"mdjComplements\">Dans l&rsquo;\u00e9mission il d\u00e9crit Mikheil Saakachvili, comme un homme politique responsable qui a \u00e9t\u00e9 battu aux \u00e9lections par un candidat d\u00e9magogue. Admettons.<\/div>\n<div class=\"mdjComplements\">Mais ce que je souhaite mettre en exergue dans ce mot du jour, c&rsquo;est cet extraordinaire aveu d&rsquo;un fonctionnaire europ\u00e9en en r\u00e9ponse \u00e0 Rapha\u00ebl Glucksmann qui se plaignait des peuples qui \u00e9lisaient des d\u00e9magogues.<\/div>\n<div class=\"mdjComplements\">Je ne sais pas comment vous r\u00e9agissez mais, pour ma part, j&rsquo;ai toujours \u00e9norm\u00e9ment de mal \u00e0 admettre que nous soyons vraiment dans cette situation o\u00f9 nous serions prisonniers d&rsquo;un syst\u00e8me se basant sur une multitude de trait\u00e9s et qui fonctionnent en anesth\u00e9siant les effets des \u00e9lections.<\/div>\n<div class=\"mdjComplements\">Il y a pourtant des signes absolument inqui\u00e9tants :<\/div>\n<div class=\"mdjComplements\">&#8211; On a abondamment comment\u00e9 cet entretien f\u00e9roce et humiliant o\u00f9 Merkel et Sarkozy ont intim\u00e9 au premier ministre grec de renoncer \u00e0 son id\u00e9e \u00ab\u00a0iconoclaste\u00a0\u00bb de soumettre le plan d&rsquo;aust\u00e9rit\u00e9 \u00e0 un r\u00e9f\u00e9rendum.<\/div>\n<div class=\"mdjComplements\">&#8211; J&rsquo;ai rapport\u00e9 lors du mot du jour du 5 mars 2013, ce propos du pr\u00e9sident de la commission d&rsquo;alors Manuel Barroso :\u00a0\u00ab\u00a0Doit-on d\u00e9terminer notre politique \u00e9conomique en fonction de consid\u00e9rations \u00e9lectorales ?\u00a0\u00bb, question qui impliquait une r\u00e9ponse n\u00e9gative.<\/div>\n<div class=\"mdjComplements\">&#8211; Sans compter ces r\u00e9f\u00e9rendums qui avaient \u00e9t\u00e9 organis\u00e9s sur le trait\u00e9 europ\u00e9en et qui ont abouti \u00e0 un rejet par certains pays dont la France et qui par des artifices rh\u00e9toriques ont \u00e9t\u00e9 ignor\u00e9s. Je rappelle cet \u00e9pisode douloureux alors m\u00eame que j&rsquo;avais plaid\u00e9 pour le oui et vot\u00e9 oui au r\u00e9f\u00e9rendum.<\/div>\n<div class=\"mdjComplements\">Devant ces \u00ab\u00a0faits\u00a0\u00bb comment s&rsquo;\u00e9tonner que de plus en plus de citoyens se r\u00e9fugient dans des votes extr\u00eames o\u00f9 confus\u00e9ment ils esp\u00e8rent que ce que ce fonctionnaire europ\u00e9en a d\u00e9crit puisse enfin \u00eatre mis en \u00e9chec.<\/div>\n<div class=\"mdjComplements\">Je finirai par le rappel d&rsquo;un autre mot du jour du\u00a0 02 juillet 2013 : \u00a0\u00a0 \u00ab\u00a0Dieu se rit des hommes qui se plaignent des cons\u00e9quences alors qu\u2019ils en ch\u00e9rissent les causes.\u00a0\u00bb Bossuet<\/div>\n<div class=\"mdjComplements\">En pi\u00e8ce jointe, un article sur le livre de Rapha\u00ebl Glucksmann dont je n&rsquo;ai finalement pas parl\u00e9 dans ce mot du jour.<\/div>\n<div><span style=\"color: #800000;\">&lt;462&gt;<\/span><\/div>\n","protected":false},"excerpt":{"rendered":"<p>Mercredi 25 mars 2015 \u00abNe vous inqui\u00e9tez pas, en Europe nous avons le syst\u00e8me qui permet de ne pas tenir compte des \u00e9lections.\u00bb Propos d&rsquo;un fonctionnaire europ\u00e9en rapport\u00e9 par Raphael Glucksmann Raphael Glucksmann vient de publier un livre \u00ab\u00a0G\u00e9n\u00e9ration gueule<\/p>\n","protected":false},"author":1,"featured_media":0,"comment_status":"closed","ping_status":"closed","sticky":false,"template":"","format":"standard","meta":{"footnotes":""},"categories":[1],"tags":[77,50,3],"class_list":["post-1050","post","type-post","status-publish","format-standard","hentry","category-motdujour","tag-democratie","tag-europe","tag-politique"],"_links":{"self":[{"href":"https:\/\/lemotdujour.fr\/index.php?rest_route=\/wp\/v2\/posts\/1050","targetHints":{"allow":["GET"]}}],"collection":[{"href":"https:\/\/lemotdujour.fr\/index.php?rest_route=\/wp\/v2\/posts"}],"about":[{"href":"https:\/\/lemotdujour.fr\/index.php?rest_route=\/wp\/v2\/types\/post"}],"author":[{"embeddable":true,"href":"https:\/\/lemotdujour.fr\/index.php?rest_route=\/wp\/v2\/users\/1"}],"replies":[{"embeddable":true,"href":"https:\/\/lemotdujour.fr\/index.php?rest_route=%2Fwp%2Fv2%2Fcomments&post=1050"}],"version-history":[{"count":3,"href":"https:\/\/lemotdujour.fr\/index.php?rest_route=\/wp\/v2\/posts\/1050\/revisions"}],"predecessor-version":[{"id":4147,"href":"https:\/\/lemotdujour.fr\/index.php?rest_route=\/wp\/v2\/posts\/1050\/revisions\/4147"}],"wp:attachment":[{"href":"https:\/\/lemotdujour.fr\/index.php?rest_route=%2Fwp%2Fv2%2Fmedia&parent=1050"}],"wp:term":[{"taxonomy":"category","embeddable":true,"href":"https:\/\/lemotdujour.fr\/index.php?rest_route=%2Fwp%2Fv2%2Fcategories&post=1050"},{"taxonomy":"post_tag","embeddable":true,"href":"https:\/\/lemotdujour.fr\/index.php?rest_route=%2Fwp%2Fv2%2Ftags&post=1050"}],"curies":[{"name":"wp","href":"https:\/\/api.w.org\/{rel}","templated":true}]}}