{"id":10465,"date":"2020-12-21T00:36:00","date_gmt":"2020-12-20T23:36:00","guid":{"rendered":"http:\/\/lemotdujour.fr\/?p=10465"},"modified":"2020-12-22T20:45:29","modified_gmt":"2020-12-22T19:45:29","slug":"lundi-21-decembre-2020","status":"publish","type":"post","link":"https:\/\/lemotdujour.fr\/?p=10465","title":{"rendered":"Lundi 21 d\u00e9cembre 2020"},"content":{"rendered":"<div class=\"mdjTexte\">\u00ab\u00a0C&rsquo;est l&rsquo;art et seulement lui, qui m&rsquo;a retenu, ah\u00a0! il me semblait impossible de quitter le monde avant d&rsquo;avoir fait na\u00eetre tout ce pour quoi je me sentais dispos\u00e9, et c&rsquo;est ainsi que j&rsquo;ai men\u00e9 cette vie mis\u00e9rable\u00a0\u00bb<\/div>\n<div class=\"mdjAuteur\">Ludwig van Beethoven, dans le \u00ab Testament d&rsquo;Heiligenstadt \u00bb du 6 octobre 1802<\/div>\n<p><span style=\"color: #777777; font-family: Arial;\">Ludwig van Beethoven aimait rire et boire. Il aimait la compagnie, avait beaucoup d&rsquo;amis et du succ\u00e8s aupr\u00e8s des femmes.<br \/>\n<\/span><\/p>\n<p><span style=\"color: #777777; font-family: Arial;\">Il n&rsquo;\u00e9tait pas beau mais disposait d&rsquo;un charisme incroyable. Et il subjuguait les \u00e9lites viennoises par sa virtuosit\u00e9 pianistique et ses talents d&rsquo;improvisateur.<br \/>\n<\/span><\/p>\n<p><span style=\"color: #777777; font-family: Arial;\">Sa musique se vendait tr\u00e8s bien et il disposait de m\u00e9c\u00e8nes riches qui lui permettaient de vivre confortablement.<br \/>\n<\/span><\/p>\n<p><span style=\"color: #777777; font-family: Arial;\">Il disposait donc \u00e9norm\u00e9ment d&rsquo;atouts dans sa vie pour vivre avec bonheur, passion et r\u00e9ussite.<br \/>\n<\/span><\/p>\n<p><span style=\"color: #777777; font-family: Arial;\">Il \u00e9crit m\u00eame dans une lettre\u00a0:<br \/>\n<\/span><\/p>\n<p style=\"margin-left: 28pt;\"><span style=\"color: #c00000; font-family: Arial;\">\u00ab\u00a0Parfois je pense devenir fou devant ma gloire imm\u00e9rit\u00e9e, la chance me poursuit et j&rsquo;ai d\u00e9j\u00e0 peur pour cette raison d&rsquo;un nouveau malheur.\u00a0\u00bb<br \/>\n<em>Lettre de Beethoven \u00e0<\/em> <a href=\"http:\/\/ludwigvanbeethoven.fr\/content\/zmeskall-nikolaus-1759-1833\"><span style=\"color: #0000ff;\"><em>Nikolaus Zmeskal<\/em><\/span>l<\/a><em> cit\u00e9 <a href=\"https:\/\/ludwigvanbeethoven.fr\/content\/la-crise-de-heiligenstadt\"><span style=\"color: #0000ff;\">&lt;ICI&gt;<\/span><\/a><br \/>\n<\/em><\/span><\/p>\n<p><span style=\"color: #777777; font-family: Arial;\">Mais une terrible maladie va le frapper\u00a0: la surdit\u00e9.<br \/>\n<\/span><\/p>\n<p><span style=\"color: #777777; font-family: Arial;\">Beethoven a commenc\u00e9 \u00e0 ressentir les premiers sympt\u00f4mes de la surdit\u00e9 vers l&rsquo;\u00e2ge de 26-27 ans (1796-1797). D&rsquo;abord localis\u00e9s au niveau de l&rsquo;oreille gauche, des acouph\u00e8nes persistants se sont ensuite propag\u00e9s \u00e0 l&rsquo;oreille droite.<br \/>\n<\/span><\/p>\n<p><span style=\"color: #777777; font-family: Arial;\">Pendant longtemps, il va vouloir cacher cette infirmit\u00e9 qu&rsquo;il sent comme une humiliation : comment avouer mal entendre et \u00eatre musicien ? Il va chercher la solution aupr\u00e8s des m\u00e9decins, gardant l&rsquo;esp\u00e9rance d&rsquo;une gu\u00e9rison. Mais \u00e0 cette \u00e9poque les m\u00e9decins avaient peu de moyens d&rsquo;intervention et peu de m\u00e9thodes d&rsquo;investigations. Le feuilleton de la radio t\u00e9l\u00e9vision belge, tout au long des dix \u00e9pisodes, invite un sp\u00e9cialiste de l&rsquo;histoire de la m\u00e9decine pour \u00e9voquer l&rsquo;\u00e9tat de l&rsquo;art et aussi les remarquables progr\u00e8s qui vont \u00eatre r\u00e9alis\u00e9s tout au long du XIX\u00e8me si\u00e8cle. Pour lui, \u00e0 l&rsquo;\u00e9poque de Beethoven, seuls les chirurgiens avaient la technique pour vraiment am\u00e9liorer certains des probl\u00e8mes de sant\u00e9 des malades, mais pour le reste il y avait peu de rem\u00e8des et beaucoup d&rsquo;appel \u00e0 la bienveillance de la nature et \u00e0 la mis\u00e9ricorde de Dieu.<br \/>\n<\/span><\/p>\n<p><span style=\"color: #777777; font-family: Arial;\">Beethoven va pour la premi\u00e8re fois s&rsquo;ouvrir de cette maladie \u00e0 son ami de jeunesse et de Bonn, de 5 ans son ain\u00e9,\u00a0: <a href=\"http:\/\/ludwigvanbeethoven.fr\/content\/wegeler-franz-gerhard-1765-1848\"><strong><span style=\"color: #0000ff;\">Franz Gerhard Wegeler<\/span><\/strong><\/a> qui est devenu m\u00e9decin. Cette lettre envoy\u00e9e de Vienne est dat\u00e9e du 29 juin 1801.<br \/>\n<\/span><\/p>\n<p><span style=\"color: #777777; font-family: Arial;\">Au d\u00e9but de la lettre, il d\u00e9crit une situation enviable\u00a0:<br \/>\n<\/span><\/p>\n<p style=\"margin-left: 28pt;\"><span style=\"color: #c00000; font-family: Arial;\">\u00ab\u00a0Tu veux savoir quelque chose de ma situation\u00a0: eh bien, cela ne va pas trop mal. [\u2026] Lichnowski m&rsquo;a vers\u00e9 une pension de 600 florins, que je dois toucher, aussi longtemps que je ne trouverai pas de position qui me convienne. Mes compositions me rapportent beaucoup, et je puis dire que j&rsquo;ai plus de commandes que je n&rsquo;y puis satisfaire. Pour chaque chose, j&rsquo;ai six, sept \u00e9diteurs, et encore plus, si je veux m&rsquo;en donner la peine. On ne discute plus avec moi\u00a0: je fixe un prix, et on le paie. Tu vois comme c&rsquo;est charmant.\u00a0\u00bb<br \/>\n<\/span><\/p>\n<p><span style=\"color: #777777; font-family: Arial;\">Mais dans la seconde moiti\u00e9 de la lettre, il aborde frontalement son handicap\u00a0:<br \/>\n<\/span><\/p>\n<p style=\"margin-left: 28pt;\"><span style=\"color: #c00000; font-family: Arial;\">\u00ab\u00a0Malheureusement, un d\u00e9mon jaloux, ma mauvaise sant\u00e9, est venu se jeter \u00e0 la traverse. Depuis trois ans, mon ou\u00efe est toujours devenue plus faible. Cela doit avoir \u00e9t\u00e9 caus\u00e9 par mon affection du ventre, dont je souffrais d\u00e9j\u00e0 autrefois, comme tu sais, mais qui a beaucoup empir\u00e9\u00a0; car je suis continuellement afflig\u00e9 de diarrh\u00e9e, et, par suite, d&rsquo;une extraordinaire faiblesse. Frank voulait me tonifier avec des reconstituants, et traiter mon ou\u00efe par l&rsquo;huile d&rsquo;amandes. Mais <em>prosit<\/em>\u00a0! cela n&rsquo;a servi \u00e0 rien\u00a0; mon ou\u00efe a toujours \u00e9t\u00e9 plus mal, et mon ventre est rest\u00e9 dans le m\u00eame \u00e9tat. Cela a dur\u00e9 ainsi jusqu&rsquo;\u00e0 l&rsquo;automne dernier, o\u00f9 j&rsquo;ai \u00e9t\u00e9 souvent au d\u00e9sespoir. Un \u00e2ne de m\u00e9decin me conseilla des bains froids\u00a0; un autre, plus avis\u00e9, des bains ti\u00e8des du Danube\u00a0: cela fit merveille\u00a0; mon ventre s&rsquo;am\u00e9liora, mais mon ou\u00efe resta de m\u00eame, ou devint encore plus malade. Cet hiver, mon \u00e9tat fut vraiment d\u00e9plorable\u00a0: j&rsquo;avais d&rsquo;effroyables coliques et je fis une rechute compl\u00e8te. [\u2026] Je puis dire que je m\u00e8ne une vie mis\u00e9rable. Depuis presque deux ans, j&rsquo;\u00e9vite toute soci\u00e9t\u00e9, parce que je ne puis pas dire aux gens\u00a0: \u00ab\u00a0Je suis sourd\u00a0\u00bb. Si j&rsquo;avais quelque autre m\u00e9tier, cela serait encore possible\u00a0; mais dans le mien, c&rsquo;est une situation terrible. Que diraient de cela mes ennemis, dont le nombre n&rsquo;est pas petit\u00a0!<br \/>\n<\/span><\/p>\n<p style=\"margin-left: 28pt;\"><span style=\"color: #c00000; font-family: Arial;\">Pour te donner une id\u00e9e de cette \u00e9trange surdit\u00e9, je te dirai qu&rsquo;au th\u00e9\u00e2tre je dois me mettre tout pr\u00e8s de l&rsquo;orchestre pour comprendre les acteurs. Je n&rsquo;entends pas les sons \u00e9lev\u00e9s des instruments et des voix, si je me place un peu loin. Dans la conversation, il est surprenant qu&rsquo;il y ait des gens qui ne l&rsquo;aient jamais remarqu\u00e9. Comme j&rsquo;ai beaucoup de distractions, on met tout sur leur compte. Quand on parle doucement, j&rsquo;entends \u00e0 peine\u00a0; oui, j&rsquo;entends bien les sons, mais pas les mots\u00a0; et d&rsquo;autre part, quand on crie, cela m&rsquo;est intol\u00e9rable.\u00a0\u00bb<br \/>\n<\/span><\/p>\n<p><span style=\"color: #777777; font-family: Arial;\">Et il lui fait cette demande\u00a0:<br \/>\n<\/span><\/p>\n<p style=\"margin-left: 28pt;\"><span style=\"color: #c00000; font-family: Arial;\">\u00ab\u00a0Je te supplie de ne rien dire de mon \u00e9tat \u00e0 personne\u00a0\u00bb<br \/>\n<\/span><\/p>\n<p><span style=\"color: #777777; font-family: Arial;\">Il \u00e9crit quelques jours plus tard \u00e0 un autre ami proche<span style=\"color: #0000ff;\"> <a style=\"color: #0000ff;\" href=\"http:\/\/ludwigvanbeethoven.fr\/content\/amenda-karl-1771-1836\">Karl Amenda<\/a>,<\/span> th\u00e9ologien et violoniste :<br \/>\n<\/span><\/p>\n<p style=\"margin-left: 28pt;\"><span style=\"color: #c00000; font-family: Arial;\">\u00ab\u00a0Mon cher, mon bon Amenda, mon ami de tout c\u0153ur, avec une \u00e9motion profonde, avec un m\u00e9lange de douleur et de joie j&rsquo;ai re\u00e7u et lu ta derni\u00e8re lettre. \u00c0 quoi puis-je comparer ta fid\u00e9lit\u00e9, ton attachement envers moi\u00a0! Oh\u00a0! cela est bien bon, que tu me sois toujours rest\u00e9 si ami. [\u2026] Combien je te souhaite souvent aupr\u00e8s de moi\u00a0! car ton Beethoven est profond\u00e9ment malheureux. Sache que la plus noble partie de moi-m\u00eame, mon ou\u00efe, s&rsquo;est beaucoup affaiblie. D\u00e9j\u00e0, \u00e0 l&rsquo;\u00e9poque o\u00f9 tu \u00e9tais pr\u00e8s de moi, j&rsquo;en sentais les sympt\u00f4mes, et je le cachais\u00a0; depuis, cela a toujours \u00e9t\u00e9 pire. Si cela ne pourra jamais \u00eatre gu\u00e9ri, il faut attendre (pour le savoir)\u00a0; cela doit tenir \u00e0 mon affection du ventre. Pour celle-ci, je suis presque tout \u00e0 fait r\u00e9tabli\u00a0; mais pour l&rsquo;ou\u00efe, se gu\u00e9rira-t-elle\u00a0? Naturellement, je l&rsquo;esp\u00e8re\u00a0; mais c&rsquo;est bien difficile, car de telles maladies sont les plus incurables.\u00a0\u00bb<br \/>\n<\/span><\/p>\n<p><img decoding=\"async\" class=\"alignleft\" src=\"https:\/\/lemotdujour.fr\/wp-content\/uploads\/2020\/12\/122120_0000_Lundi21dcem1.jpg\" alt=\"\" align=\"left\" \/><span style=\"color: #777777; font-family: Arial;\">On comprend bien que cette d\u00e9couverte est dramatique pour le compositeur et musicien. Beethoven est d\u00e9sempar\u00e9 et il fuit de plus en plus les conversations et tente de cacher son \u00e9tat. En 1802, son m\u00e9decin, Johann Adam Schmidt, lui conseille une cure de repos et de silence \u00e0 la campagne. Beethoven d\u00e9cide de partir pour Heiligenstadt qui est une petite ville au nord de Vienne, o\u00f9 il esp\u00e8re trouver un peu de calme. <\/span><span style=\"color: #777777; font-family: Arial;\">Et le 6 octobre 1802, il d\u00e9cide d&rsquo;\u00e9crire une lettre bouleversante, connue aujourd&rsquo;hui sous le titre de \u00ab\u00a0<strong>Testament de Heiligenstadt<\/strong>\u00a0\u00bb. Il ajoutera un petit texte le 10 octobre 1802.<br \/>\n<\/span><\/p>\n<p><span style=\"color: #777777; font-family: Arial;\">Cette lettre est adress\u00e9e \u00e0 ses fr\u00e8res, mais probablement \u00e0 toute l&rsquo;humanit\u00e9, au moins \u00e0 tous ses amis et connaissances. <\/span><span style=\"color: #777777; font-family: Arial;\">Elle contient toute la souffrance et la d\u00e9tresse du musicien face \u00e0 la trag\u00e9die qu&rsquo;il vit.<br \/>\n<\/span><\/p>\n<p><span style=\"color: #777777; font-family: Arial;\">Elle ne sera jamais envoy\u00e9e ni \u00e0 ses fr\u00e8res ni \u00e0 quiconque, mais sera retrouv\u00e9e apr\u00e8s sa mort par Anton Schindler et Stephan von Breuning dans un tiroir secret de l&rsquo;armoire de Beethoven aux c\u00f4t\u00e9s de la<span style=\"color: #0000ff;\"> <a style=\"color: #0000ff;\" title=\"Lettre \u00e0 l'immortelle Bien-aim\u00e9e\" href=\"https:\/\/fr.wikipedia.org\/wiki\/Lettre_%C3%A0_l%27immortelle_Bien-aim%C3%A9e\">Lettre \u00e0 l&rsquo;immortelle Bien-aim\u00e9e<\/a>.<\/span><br \/>\n<\/span><\/p>\n<p><span style=\"color: #777777; font-family: Arial;\">On ne sait pas s&rsquo;il s&rsquo;agit d&rsquo;un vrai testament. Beethoven r\u00e9digera par la suite deux autres testaments : en 1824, puis peu avant sa mort, en 1827<br \/>\n<\/span><\/p>\n<p><span style=\"color: #777777; font-family: Arial;\">Ce document peut aussi se lire comme une trace que l&rsquo;on laisse derri\u00e8re soi avant de se suicider m\u00eame si dans le texte il affirme avoir renonc\u00e9 \u00e0 se suicider pour continuer \u00e0 composer.<br \/>\n<\/span><\/p>\n<p><img loading=\"lazy\" decoding=\"async\" class=\"alignleft\" src=\"https:\/\/lemotdujour.fr\/wp-content\/uploads\/2020\/12\/122120_0000_Lundi21dcem2.jpg\" alt=\"\" width=\"329\" height=\"488\" align=\"left\" \/><span style=\"color: #777777; font-family: Arial;\">De mani\u00e8re surprenante, dans l&rsquo;ent\u00eate de sa lettre dat\u00e9e du 6 octobre 1802, il laisse un espace et n&rsquo;\u00e9crit pas le nom de son second fr\u00e8re : Johann :<br \/>\n<\/span><\/p>\n<p><span style=\"color: #c00000; font-family: Arial; font-size: 11pt;\">\u00ab\u00a0Pour mes fr\u00e8res Carl et [espace ] Beethoven<span style=\"color: #777777;\">.<br \/>\n<\/span><\/span><\/p>\n<p><span style=\"color: #777777; font-family: Arial;\">Il veut d&rsquo;abord expliquer qu&rsquo;il entend les critiques qu&rsquo;on peut lui adresser de fuir la soci\u00e9t\u00e9, d&rsquo;\u00eatre \u00ab misanthrope \u00bb, irritable, mais il veut se justifier et expliquer la raison profonde de son attitude :<br \/>\n<\/span><\/p>\n<p style=\"margin-left: 28pt;\"><span style=\"color: #c00000; font-family: Arial;\">\u00ab\u00a0\u00d4 vous\u00a0! hommes qui me tenez pour haineux, obstin\u00e9, ou qui me dites misanthrope, comme vous vous m\u00e9prenez sur moi.<br \/>\n<\/span><\/p>\n<p style=\"margin-left: 28pt;\"><span style=\"color: #c00000; font-family: Arial;\">Vous ignorez la cause secr\u00e8te de ce qui vous semble ainsi, mon c\u0153ur et mon caract\u00e8re inclinaient d\u00e8s l&rsquo;enfance au tendre sentiment de la bienveillance, m\u00eame l&rsquo;accomplissement de grandes actions, j&rsquo;y ai toujours \u00e9t\u00e9 dispos\u00e9, mais consid\u00e9rez seulement que depuis six ans un \u00e9tat d\u00e9plorable m&rsquo;infeste, aggrav\u00e9 par des m\u00e9decins insens\u00e9s, et tromp\u00e9 d&rsquo;ann\u00e9e en ann\u00e9e dans son espoir d&rsquo;am\u00e9lioration.\u00a0\u00bb<br \/>\n<\/span><\/p>\n<p><span style=\"color: #777777; font-family: Arial;\">Et en des mots simples il explique sa surdit\u00e9 et les situations insupportables que cela cr\u00e9e pour lui\u00a0:<br \/>\n<\/span><\/p>\n<p style=\"margin-left: 28pt;\"><span style=\"color: #c00000; font-family: Arial;\">\u00ab\u00a0j&rsquo;\u00e9tais ramen\u00e9 durement \u00e0 la triste exp\u00e9rience renouvel\u00e9e de mon ou\u00efe d\u00e9faillante, et certes je ne pouvais me r\u00e9signer \u00e0 dire aux hommes\u00a0: parlez plus fort, criez, car je suis sourd, ah\u00a0! comment aurait-il \u00e9t\u00e9 possible que j&rsquo;avoue alors la faiblesse d&rsquo;un sens qui, chez moi, devait \u00eatre pouss\u00e9 jusqu&rsquo;\u00e0 un degr\u00e9 de perfection plus grand que chez tous les autres, un sens que je poss\u00e9dais autrefois dans sa plus grande perfection, dans une perfection que certainement peu de mon esp\u00e8ce ont jamais connue\u00a0\u00bb<br \/>\n<\/span><\/p>\n<p><span style=\"color: #777777; font-family: Arial;\">Et il avoue qu&rsquo;il a pens\u00e9 au suicide\u00a0:<br \/>\n<\/span><\/p>\n<p style=\"margin-left: 28pt;\"><span style=\"color: #c00000; font-family: Arial;\">\u00ab\u00a0Mais quelle humiliation lorsque quelqu&rsquo;un pr\u00e8s de moi entendait une fl\u00fbte au loin et que je n&rsquo;entendais rien, ou lorsque quelqu&rsquo;un entendait le berger chanter et que je n&rsquo;entendais rien non plus\u00a0; de tels \u00e9v\u00e9nements m&rsquo;ont pouss\u00e9 jusqu&rsquo;au bord du d\u00e9sespoir, <strong>il s&rsquo;en fallut de peu que je ne misse fin \u00e0 mes jours<\/strong>.\u00a0\u00bb<br \/>\n<\/span><\/p>\n<p><span style=\"color: #777777; font-family: Arial;\">Et dans ce document il affirme qu&rsquo;il se serait suicid\u00e9 s&rsquo;il n&rsquo;avait pas la conscience, la certitude, l&rsquo;intuition, je ne sais quel est le bon mot, qu&rsquo;il avait encore tant d&rsquo;\u0153uvres \u00e0 donner \u00e0 l&rsquo;humanit\u00e9\u00a0:<br \/>\n<\/span><\/p>\n<p style=\"margin-left: 28pt;\"><span style=\"color: #c00000; font-family: Arial;\">\u00ab\u00a0<strong>C&rsquo;est l&rsquo;art et seulement lui, qui m&rsquo;a retenu, ah\u00a0! il me semblait impossible de quitter le monde avant d&rsquo;avoir fait na\u00eetre tout ce pour quoi je me sentais dispos\u00e9, et c&rsquo;est ainsi que j&rsquo;ai men\u00e9 cette vie mis\u00e9rable<\/strong> \u2013 vraiment mis\u00e9rable\u00a0; un corps si irritable, qu&rsquo;un changement un peu rapide peut me faire passer de l&rsquo;euphorie au d\u00e9sespoir le plus complet \u2013 patience, voil\u00e0 tout, c&rsquo;est elle seulement que je dois choisir pour guide, je l&rsquo;ai fait \u2013 durablement j&rsquo;esp\u00e8re, ce doit \u00eatre ma r\u00e9solution, pers\u00e9v\u00e9rer, jusqu&rsquo;\u00e0 ce que l&rsquo;impitoyable Parque d\u00e9cide de rompre le fil, peut-\u00eatre que cela ira mieux, peut-\u00eatre non, je suis tranquille \u2013 \u00eatre forc\u00e9 de devenir philosophe d\u00e9j\u00e0 \u00e0 28 ans, ce n&rsquo;est pas facile, et pour l&rsquo;artiste plus difficile encore que pour quiconque \u00a0\u00bb<br \/>\n<\/span><\/p>\n<p><span style=\"color: #777777; font-family: Arial;\">Il l\u00e8gue alors ses biens \u00e0 ses deux fr\u00e8res en leur recommandant de ne pas se disputer et d&rsquo;\u00eatre heureux. Et il donne ce conseil humaniste\u00a0:<br \/>\n<\/span><\/p>\n<p style=\"margin-left: 28pt;\"><span style=\"color: #c00000; font-family: Arial;\">\u00ab Recommandez \u00e0 vos enfants la vertu, elle seule peut rendre heureux, pas l&rsquo;argent, je parle par exp\u00e9rience, c&rsquo;est elle qui m\u00eame dans la mis\u00e8re m&rsquo;a \u00e9lev\u00e9, je la remercie autant que mon art, pour m&rsquo;avoir fait \u00e9viter le suicide \u2013 adieu et aimez-vous\u00a0\u00bb<br \/>\n<\/span><\/p>\n<p><span style=\"color: #777777; font-family: Arial;\">Apr\u00e8s plusieurs jours de d\u00e9sespoir, l&rsquo;\u00e9tat psychique de Beethoven s&rsquo;am\u00e9liore. Plong\u00e9 dans l&rsquo;\u00e9criture de ses deuxi\u00e8mes et troisi\u00e8mes symphonies notamment, Beethoven retrouve son \u00e9nergie cr\u00e9atrice.<br \/>\n<\/span><\/p>\n<p><span style=\"color: #777777; font-family: Arial;\">&lt;<a href=\"https:\/\/fr.wikipedia.org\/wiki\/Testament_de_Heiligenstadt\"><span style=\"color: #0000ff;\">Wikipedia<\/span><\/a>&gt; \u00e9crit\u00a0:<br \/>\n<\/span><\/p>\n<p style=\"margin-left: 28pt;\"><span style=\"color: #c00000; font-family: Arial;\">\u00ab\u00a0Mais Beethoven sortit victorieux de cette crise, r\u00e9solu \u00e0 affronter son destin plut\u00f4t que de s&rsquo;abattre : c&rsquo;\u00e9tait le d\u00e9but de la p\u00e9riode \u00ab H\u00e9ro\u00efque \u00bb qui allait durer jusqu&rsquo;en 1808 et l&rsquo;apoth\u00e9ose de la Cinqui\u00e8me symphonie.\u00a0\u00bb<br \/>\n<\/span><\/p>\n<p><span style=\"color: #777777; font-family: Arial;\">Beethoven perd compl\u00e8tement ses capacit\u00e9s auditives en 1818. Il est possible de le savoir avec une certaine certitude, gr\u00e2ce aux \u00e9crits, aux lettres de Beethoven mais aussi gr\u00e2ce aux fameux cahiers de conversation de Beethoven. Ces cahiers de conversation sont de v\u00e9ritables t\u00e9moignages des dix derni\u00e8res ann\u00e9es de la vie de Beethoven.<br \/>\n<\/span><\/p>\n<p><span style=\"color: #777777; font-family: Arial;\">Sur le site de &lt;<a href=\"https:\/\/www.resmusica.com\/2020\/03\/26\/la-surdite-de-beethoven-nouvelles-perspectives\/\"><span style=\"color: #0000ff;\">resmusica<\/span><\/a>&gt; un article du 26 mars 2020 revient plus en d\u00e9tail sur les causes possibles de surdit\u00e9, mais relate aussi comment Beethoven va tenter de lutter concr\u00e8tement contre son impossibilit\u00e9 d&rsquo;entendre\u00a0:<br \/>\n<\/span><\/p>\n<p style=\"margin-left: 28pt;\"><span style=\"color: #c00000; font-family: Arial;\">\u00ab\u00a0Il commande \u00e0 Conrad Graf, facteur de piano de la Cour Imp\u00e9riale de Vienne, un instrument \u00e0 quadruple cordes, utilise un r\u00e9sonateur, fixe un cornet acoustique sur un serre-t\u00eate pour composer, ou une baguette de bois tendue entre ses dents et la caisse de r\u00e9sonance du piano.\u00a0\u00bb<br \/>\n<\/span><\/p>\n<p><span style=\"color: #777777; font-family: Arial;\">Il utilise la possibilit\u00e9 de faire vibrer la masse osseuse pour essayer de sentir les vibrations et sentir ainsi la musique.<br \/>\n<\/span><\/p>\n<p><img decoding=\"async\" class=\"alignright\" src=\"https:\/\/lemotdujour.fr\/wp-content\/uploads\/2020\/12\/122120_0000_Lundi21dcem3.jpg\" alt=\"\" align=\"left\" \/><span style=\"color: #777777; font-family: Arial;\">Il va aussi faire appel \u00e0 un ing\u00e9nier bavarois <a href=\"https:\/\/fr.wikipedia.org\/wiki\/Johann_Nepomuk_Maelzel\"><span style=\"color: #0000ff;\">Johann Nepomuk Maelze<\/span>l<\/a> pour qu&rsquo;il fabrique des cornets acoustiques, de plus en plus perfectionn\u00e9s, pour tenter d&rsquo;entendre.<br \/>\n<\/span><\/p>\n<p><span style=\"color: #777777; font-family: Arial;\">Maelzel qui sera aussi l&rsquo;inventeur du m\u00e9tronome qu&rsquo;il pr\u00e9sentera \u00e0 Beethoven qui en sera enchant\u00e9 et donnera des indications m\u00e9tronomiques concernant notamment ses symphonies. Indications extr\u00eamement rapides que la plupart des chefs n\u00e9gligent pour adopter des tempos beaucoup plus lents.<br \/>\n<\/span><\/p>\n<p><span style=\"color: #777777; font-family: Arial;\">Le site &lt;<span style=\"color: #0000ff;\"><a style=\"color: #0000ff;\" href=\"https:\/\/www.medecine-des-arts.com\/fr\/beethoven-une-relation-de-son.html\">M\u00e9decine des arts<\/a><\/span>&gt; essaie de mettre en lien la surdit\u00e9 et l&rsquo;\u0153uvre musicale.<br \/>\n<\/span><\/p>\n<p><span style=\"color: #777777; font-family: Arial;\">Car ce qui est extraordinaire c&rsquo;est que c&rsquo;est pendant sa p\u00e9riode de surdit\u00e9 que Beethoven va \u00e9crire ses plus grands chefs d&rsquo;\u0153uvres, ceux qui vont r\u00e9volutionner la musique et constituent encore, pour les m\u00e9lomanes d&rsquo;aujourd&rsquo;hui, une offrande inou\u00efe \u00e0 l&rsquo;Art et \u00e0 l&rsquo;humanit\u00e9. Une \u0153uvre qui par sa seule existence justifie l&rsquo;humanit\u00e9, alors que le d\u00e9sastre \u00e9cologique qui est en cours, du fait de l&rsquo;homme, nous fait d\u00e9sesp\u00e9rer de notre esp\u00e8ce et nous demander s&rsquo;il \u00e9tait utile qu&rsquo;elle se d\u00e9veloppe pour devenir l&rsquo;esp\u00e8ce dominante.<br \/>\n<\/span><\/p>\n<p><span style=\"color: #777777; font-family: Arial;\">Beethoven entendait la musique \u00e0 l&rsquo;int\u00e9rieur de son esprit et de son corps isol\u00e9 des sons ext\u00e9rieurs.<br \/>\n<\/span><\/p>\n<p><span style=\"color: #777777; font-family: Arial;\">Le site &lt;<a href=\"https:\/\/www.resmusica.com\/2020\/03\/26\/la-surdite-de-beethoven-nouvelles-perspectives\/\"><span style=\"color: #0000ff;\">resmusica<\/span><\/a>&gt; rappelle la premi\u00e8re interpr\u00e9tation de la 9<sup>\u00e8me<\/sup> symphonie\u00a0:<br \/>\n<\/span><\/p>\n<p style=\"margin-left: 28pt;\"><span style=\"color: #c00000; font-family: Arial;\">\u00ab\u00a0En 1824 pour la cr\u00e9ation de la <em>Symphonie n\u00b0 9<\/em>, il est compl\u00e8tement sourd, reste le dos tourn\u00e9 \u00e0 la salle ne constatant son triomphe qu&rsquo;apr\u00e8s que la cantatrice Karoline Unger le prend par les \u00e9paules pour qu&rsquo;il constate l&rsquo;ovation du public.\u00bb<br \/>\n<\/span><\/p>\n<p><span style=\"color: #777777; font-family: Arial;\">Le testament d&rsquo;Heiligenstadt ainsi que les lettres cit\u00e9s se trouvent en int\u00e9gralit\u00e9 sur ce site <a href=\"https:\/\/fr.wikisource.org\/wiki\/Vie_de_Beethoven\/Lettres\"><span style=\"color: #0000ff;\">https:\/\/fr.wikisource.org\/wiki\/Vie_de_Beethoven\/Lettres<\/span><\/a><br \/>\n<\/span><\/p>\n<p><span style=\"color: #777777; font-family: Arial;\">Vous pourrez y lire aussi une autre lettre qu&rsquo;il a \u00e9crit, le 16 novembre 1801, \u00e0 son ami Wegeler et dans laquelle il a cette phrase<br \/>\n<\/span><\/p>\n<p style=\"margin-left: 28pt;\"><span style=\"color: #c00000; font-family: Arial;\"><strong>\u00ab\u00a0Je veux saisir le destin \u00e0 la gueule. Il ne me courbera certainement pas tout \u00e0 fait.\u00a0\u00bb<br \/>\n<\/strong><\/span><\/p>\n<p><span style=\"color: #777777; font-family: Arial;\">Comme \u0153uvre, je vous propose aujourd&rsquo;hui &lt;<a href=\"https:\/\/youtu.be\/x5HLGnJYDhE\"><span style=\"color: #0000ff;\">L&rsquo;andante du quatuor \u00e0 cordes N\u00b0 9<\/span><\/a>&gt; qui a \u00e9t\u00e9 \u00e9crit en 1806 et fait partie des 3 quatuors \u00e0 cordes opus 59 \u00ab\u00a0<strong>Razumovsky<\/strong>\u00a0\u00bb dans une interpr\u00e9tation du quatuor Belcea.<br \/>\n<\/span><\/p>\n<p><span style=\"color: #777777; font-family: Arial;\">Et si vous voulez entendre l&rsquo;\u0153uvre en entier dans la &lt;<a href=\"https:\/\/www.youtube.com\/watch?v=kB4m2Qan4eM&amp;t=46s\"><span style=\"color: #0000ff;\">version lumineuse du Quatuor Alban Berg de Vienne<\/span><\/a>&gt;<br \/>\n<\/span><\/p>\n<p><span style=\"color: #c00000; font-family: Arial;\">&lt;1511&gt;<\/span><\/p>\n","protected":false},"excerpt":{"rendered":"<p>\u00ab\u00a0C&rsquo;est l&rsquo;art et seulement lui, qui m&rsquo;a retenu, ah\u00a0! il me semblait impossible de quitter le monde avant d&rsquo;avoir fait na\u00eetre tout ce pour quoi je me sentais dispos\u00e9, et c&rsquo;est ainsi que j&rsquo;ai men\u00e9 cette vie mis\u00e9rable\u00a0\u00bb Ludwig van<\/p>\n","protected":false},"author":1,"featured_media":0,"comment_status":"open","ping_status":"closed","sticky":false,"template":"","format":"standard","meta":{"footnotes":""},"categories":[1],"tags":[148,17,20],"class_list":["post-10465","post","type-post","status-publish","format-standard","hentry","category-motdujour","tag-autriche","tag-histoire","tag-musique"],"_links":{"self":[{"href":"https:\/\/lemotdujour.fr\/index.php?rest_route=\/wp\/v2\/posts\/10465","targetHints":{"allow":["GET"]}}],"collection":[{"href":"https:\/\/lemotdujour.fr\/index.php?rest_route=\/wp\/v2\/posts"}],"about":[{"href":"https:\/\/lemotdujour.fr\/index.php?rest_route=\/wp\/v2\/types\/post"}],"author":[{"embeddable":true,"href":"https:\/\/lemotdujour.fr\/index.php?rest_route=\/wp\/v2\/users\/1"}],"replies":[{"embeddable":true,"href":"https:\/\/lemotdujour.fr\/index.php?rest_route=%2Fwp%2Fv2%2Fcomments&post=10465"}],"version-history":[{"count":5,"href":"https:\/\/lemotdujour.fr\/index.php?rest_route=\/wp\/v2\/posts\/10465\/revisions"}],"predecessor-version":[{"id":10485,"href":"https:\/\/lemotdujour.fr\/index.php?rest_route=\/wp\/v2\/posts\/10465\/revisions\/10485"}],"wp:attachment":[{"href":"https:\/\/lemotdujour.fr\/index.php?rest_route=%2Fwp%2Fv2%2Fmedia&parent=10465"}],"wp:term":[{"taxonomy":"category","embeddable":true,"href":"https:\/\/lemotdujour.fr\/index.php?rest_route=%2Fwp%2Fv2%2Fcategories&post=10465"},{"taxonomy":"post_tag","embeddable":true,"href":"https:\/\/lemotdujour.fr\/index.php?rest_route=%2Fwp%2Fv2%2Ftags&post=10465"}],"curies":[{"name":"wp","href":"https:\/\/api.w.org\/{rel}","templated":true}]}}