{"id":1046,"date":"2015-03-23T01:00:00","date_gmt":"2015-03-22T22:00:00","guid":{"rendered":"http:\/\/lemotdujour.fr\/?p=1046"},"modified":"2017-05-08T13:25:05","modified_gmt":"2017-05-08T11:25:05","slug":"lundi-23-mars-2015","status":"publish","type":"post","link":"https:\/\/lemotdujour.fr\/?p=1046","title":{"rendered":"Lundi 23 mars 2015"},"content":{"rendered":"<div class=\"mdjDate\">Lundi 23 mars 2015<\/div>\n<div class=\"mdjTexte\">\u00abPopulisme\u00bb<\/div>\n<div class=\"mdjAuteur\">Terme dont on affuble son adversaire politique pour tenter de le discr\u00e9diter<\/div>\n<div class=\"mdjComplements\">M\u00eame si <a href=\"http:\/\/www.lexpress.fr\/actualite\/politique\/melenchon-populiste-moi-j-assume_919603.html\">Melenchon <\/a>et <a href=\"http:\/\/www.lanouvellerepublique.fr\/Indre-et-Loire\/Actualite\/Politique\/n\/Contenus\/Articles\/2013\/04\/24\/VIDEO.-Marine-Le-Pen-en-Touraine-je-suis-populiste-1424473\">Marine Le Pen<\/a> ont accept\u00e9 le qualificatif de populiste, en expliquant, chacun \u00e0 sa fa\u00e7on que leur combat est un combat contre les \u00e9lites caract\u00e9ris\u00e9es par leur \u00e9loignement du peuple et leur corruption, en r\u00e8gle g\u00e9n\u00e9ral un mouvement politique ne se revendique pas populiste.<\/div>\n<div class=\"mdjComplements\">C&rsquo;est son adversaire qui le d\u00e9signe ainsi. Ce terme devient alors synonyme de \u00abd\u00e9magogie\u00bb.<\/div>\n<div class=\"mdjComplements\">Comment d\u00e9finir le populisme ?<\/div>\n<div class=\"mdjComplements\"> \u00abLe populisme d\u00e9signe un type de discours et de courants politiques qui fait appel aux int\u00e9r\u00eats du \u00ab\u00a0peuple\u00a0\u00bb (d\u2019o\u00f9 son nom) et oppose les int\u00e9r\u00eats du peuple avec ceux de l&rsquo;\u00e9lite et qu&rsquo;il prend pour cible de ses critiques.\u00bb<\/div>\n<div class=\"mdjComplements\">C&rsquo;est une d\u00e9finition que je tire de Wikipedia et qui me semble la plus neutre.<\/div>\n<div class=\"mdjComplements\">Dans son \u00e9mission \u00ab\u00a0R\u00e9pliques\u00a0\u00bb Alain Finkielkraut a invit\u00e9 Chantal Delsol auteur du livre \u00ab\u00a0Populisme : \u00ab les demeur\u00e9s de l&rsquo;histoire \u00bb(2015) et Dominique Reyni\u00e9 \u00abLes nouveaux populismes\u00bb (2013) pour essayer de r\u00e9fl\u00e9chir sur ce sujet sans tomber dans l&rsquo;anath\u00e8me et la seule d\u00e9nonciation.<\/div>\n<div class=\"mdjComplements\">Bien s\u00fbr, les solutions propos\u00e9es par le parti d\u00e9sign\u00e9 comme le plus populiste en France ne sauraient r\u00e9gler les probl\u00e8mes qu&rsquo;il pose.<\/div>\n<div class=\"mdjComplements\">Mais il y a un sujet qui me para\u00eet central et qui est abord\u00e9 dans cette \u00e9mission :<\/div>\n<div class=\"mdjComplements\">Dans le monde globalis\u00e9 dans lequel nous vivons, les \u00e9lites ne peuvent \u00eatre qu&rsquo;en phase avec la mondialisation et de ce fait profitent pleinement de celle-ci. Ils deviennent quelque part \u00ab\u00a0hors sol\u00a0\u00bb, \u00ab\u00a0hors fronti\u00e8re\u00a0\u00bb, \u00ab\u00a0hors nation\u00a0\u00bb.<\/div>\n<div class=\"mdjComplements\">Or, dans ce m\u00eame monde, dans nos pays d\u00e9velopp\u00e9s qui ont profit\u00e9 longtemps du d\u00e9s\u00e9quilibre du monde, [Car si les classes ouvri\u00e8res et populaires ont pu am\u00e9liorer \u00e9norm\u00e9ment leur sort, ils le doivent gr\u00e2ce en partie \u00e0 leur combat syndical et ouvrier, mais aussi parce que dans d&rsquo;autres pays du monde des peuples laiss\u00e9s dans la pauvret\u00e9 ont \u00e9t\u00e9 exploit\u00e9s pour le b\u00e9n\u00e9fice des pays d\u00e9velopp\u00e9s dont profitaient aussi les ouvriers], les classes populaires ne profitent plus de la mondialisation. Pour eux, la nation appara\u00eet comme le dernier rempart qui pourrait, peut-\u00eatre, les prot\u00e9ger contre l&rsquo;oc\u00e9an de la mondialisation qui les emporte.<\/div>\n<div class=\"mdjComplements\">Ces deux constatations montrent que les int\u00e9r\u00eats des \u00ab\u00a0\u00e9lites\u00a0\u00bb et du \u00ab\u00a0peuple\u00a0\u00bb ne sont plus convergents.<\/div>\n<div class=\"mdjComplements\">Le populisme, d\u00e8s lors, ne peut \u00eatre r\u00e9sum\u00e9 par cette r\u00e9flexion de Gabin dans la travers\u00e9e de Paris : \u00ab\u00a0salaud de pauvres !\u00a0\u00bb que certains en termes moins fleuris\u00a0 semblent lancer \u00e0 ceux qui dans les milieux populaires votent le FN. <\/div>\n<div class=\"mdjComplements\">La question \u00e0 se poser serait plut\u00f4t comment parvenir \u00e0 r\u00e9tablir une convergence d&rsquo;int\u00e9r\u00eats et de compr\u00e9hension entre l&rsquo;\u00e9lite et le peuple ?<\/div>\n<div class=\"mdjComplements\">Voici le lien vers cette \u00e9mission tr\u00e8s int\u00e9ressante : &lt;<a href=\"http:\/\/www.franceculture.fr\/emission-repliques-qu-est-ce-que-le-populisme-2015-03-14\">http:\/\/www.franceculture.fr\/emission-repliques-qu-est-ce-que-le-populisme-2015-03-14<\/a>&gt;<\/div>\n<div class=\"mdjComplements\">et pour finir je ne r\u00e9siste pas \u00e0 rappeler, aux plus anciens l&rsquo;hymne du Parti socialiste en 1977, 4 ans avant l&rsquo;arriv\u00e9e au pouvoir du Mitterrand.<\/div>\n<div class=\"mdjComplements\">\u00ab\u00a0Changer la vie\u00a0\u00bb Paroles de Herbert Pagani musique de Mikis Th\u00e9odorakis Chant\u00e9e pour la premi\u00e8re fois au congr\u00e8s socialiste de Nantes, 1977<\/div>\n<div class=\"mdjCiter\">\u00a0\u00bb Les voix des femmes, et les voix des hommes<\/div>\n<div class=\"mdjCiter\">Ont d\u00fb se taire beaucoup trop longtemps<\/div>\n<div class=\"mdjCiter\">Ne croyons plus aux lendemains qui chantent<\/div>\n<div class=\"mdjCiter\">Changeons la vie ici et maintenant<\/div>\n<div class=\"mdjCiter\">C&rsquo;est aujourd&rsquo;hui que l&rsquo;avenir s&rsquo;invente<\/div>\n<div class=\"mdjCiter\">Changeons la vie ici et maintenant <\/div>\n<div class=\"mdjCiter\">[Refrain<\/div>\n<div class=\"mdjCiter\">Prendre la parole<\/div>\n<div class=\"mdjCiter\">D\u00e9cider nous-m\u00eames<\/div>\n<div class=\"mdjCiter\">Lib\u00e9rer nos vies des cha\u00eenes de l&rsquo;argent<\/div>\n<div class=\"mdjCiter\">\u00c9crire notre histoire \u00e0 la premi\u00e8re personne<\/div>\n<div class=\"mdjCiter\">\u00catre enfin des hommes et non des instruments <\/div>\n<div class=\"mdjCiter\">France socialiste puisque tu existes<\/div>\n<div class=\"mdjCiter\">Tout devient possible ici et maintenant]<\/div>\n<div class=\"mdjCiter\">Ne versons plus au nom de leur puissance<\/div>\n<div class=\"mdjCiter\">Notre sueur, nos larmes, notre sang<\/div>\n<div class=\"mdjCiter\">Les travailleurs travaillent pour la France<\/div>\n<div class=\"mdjCiter\">Pas au profit de quelques poss\u00e9dants<\/div>\n<div class=\"mdjCiter\">Pour partager les fruits de l&rsquo;abondance<\/div>\n<div class=\"mdjCiter\">Changeons la vie ici et maintenant <\/div>\n<div class=\"mdjCiter\">[Refrain]<\/div>\n<div class=\"mdjCiter\">Il nous faudra reprendre en main nos villes<\/div>\n<div class=\"mdjCiter\">Qui ne sont plus que des ghettos g\u00e9ants<\/div>\n<div class=\"mdjCiter\">O\u00f9 le printemps n&rsquo;a plus le droit d&rsquo;asile<\/div>\n<div class=\"mdjCiter\">O\u00f9 meurent les vieux, les arbres, les enfants<\/div>\n<div class=\"mdjCiter\">C&rsquo;est dans nos propres murs qu&rsquo;on nous exile<\/div>\n<div class=\"mdjCiter\">Changeons la vie ici et maintenant <\/div>\n<div class=\"mdjCiter\">[Refrain]<\/div>\n<div class=\"mdjCiter\">Un si\u00e8cle meurt, un mill\u00e9naire commence<\/div>\n<div class=\"mdjCiter\">Plus de prisons, de cages et de camps<\/div>\n<div class=\"mdjCiter\">Tendons la rose rouge de l&rsquo;esp\u00e9rance<\/div>\n<div class=\"mdjCiter\">Aux opprim\u00e9s de tous les continents<\/div>\n<div class=\"mdjCiter\">L&rsquo;histoire est l\u00e0 qui nous offre une chance<\/div>\n<div class=\"mdjCiter\">Changeons la vie ici et maintenant <\/div>\n<div class=\"mdjCiter\">Lib\u00e9rer la femme <\/div>\n<div class=\"mdjCiter\">Lib\u00e9rer l&rsquo;\u00e9cole<\/div>\n<div class=\"mdjCiter\">Donner la parole aux fr\u00e8res \u00e9migrants<\/div>\n<div class=\"mdjCiter\">Ecrire notre histoire \u00e0 la premi\u00e8re personne<\/div>\n<div class=\"mdjCiter\">\u00catre enfin des hommes et non des instruments <\/div>\n<div class=\"mdjCiter\">[Refrain]<\/div>\n<div class=\"mdjComplements\">Oui, oui c&rsquo;est d\u00e9cal\u00e9&#8230;<\/div>\n<div class=\"mdjComplements\">Si vous le voulez chant\u00e9 <a href=\"https:\/\/www.youtube.com\/watch?v=uEjm1JaKwOM\">&lt;Il y a un exemple ici&gt;<\/a><\/div>\n<div class=\"mdjComplements\">Bon c&rsquo;\u00e9tait il y a pr\u00e8s de 40 ans, au si\u00e8cle dernier, dans un autre Monde.<\/div>\n<div class=\"mdjComplements\">Margareth Thatcher n&rsquo;\u00e9tait pas encore au pouvoir, elle y arrivera le 4 mai 1979<\/div>\n<div class=\"mdjComplements\">Ni Reagan qui sera \u00e9lu le 4 novembre 1980.<\/div>\n<div class=\"mdjComplements\">Et Brejnev d\u00e9j\u00e0 malade dirigeait l&rsquo;Union Sovi\u00e9tique jusqu&rsquo;\u00e0 sa mort en novembre 1982.<\/div>\n<div class=\"mdjComplements\">C&rsquo;\u00e9tait avant ! <\/div>\n<div class=\"mdjComplements\">C&rsquo;\u00e9tait populiste ?<\/div>\n","protected":false},"excerpt":{"rendered":"<p>Lundi 23 mars 2015 \u00abPopulisme\u00bb Terme dont on affuble son adversaire politique pour tenter de le discr\u00e9diter M\u00eame si Melenchon et Marine Le Pen ont accept\u00e9 le qualificatif de populiste, en expliquant, chacun \u00e0 sa fa\u00e7on que leur combat est<\/p>\n","protected":false},"author":1,"featured_media":0,"comment_status":"closed","ping_status":"closed","sticky":false,"template":"","format":"standard","meta":{"footnotes":""},"categories":[1],"tags":[],"class_list":["post-1046","post","type-post","status-publish","format-standard","hentry","category-motdujour"],"_links":{"self":[{"href":"https:\/\/lemotdujour.fr\/index.php?rest_route=\/wp\/v2\/posts\/1046","targetHints":{"allow":["GET"]}}],"collection":[{"href":"https:\/\/lemotdujour.fr\/index.php?rest_route=\/wp\/v2\/posts"}],"about":[{"href":"https:\/\/lemotdujour.fr\/index.php?rest_route=\/wp\/v2\/types\/post"}],"author":[{"embeddable":true,"href":"https:\/\/lemotdujour.fr\/index.php?rest_route=\/wp\/v2\/users\/1"}],"replies":[{"embeddable":true,"href":"https:\/\/lemotdujour.fr\/index.php?rest_route=%2Fwp%2Fv2%2Fcomments&post=1046"}],"version-history":[{"count":1,"href":"https:\/\/lemotdujour.fr\/index.php?rest_route=\/wp\/v2\/posts\/1046\/revisions"}],"predecessor-version":[{"id":1047,"href":"https:\/\/lemotdujour.fr\/index.php?rest_route=\/wp\/v2\/posts\/1046\/revisions\/1047"}],"wp:attachment":[{"href":"https:\/\/lemotdujour.fr\/index.php?rest_route=%2Fwp%2Fv2%2Fmedia&parent=1046"}],"wp:term":[{"taxonomy":"category","embeddable":true,"href":"https:\/\/lemotdujour.fr\/index.php?rest_route=%2Fwp%2Fv2%2Fcategories&post=1046"},{"taxonomy":"post_tag","embeddable":true,"href":"https:\/\/lemotdujour.fr\/index.php?rest_route=%2Fwp%2Fv2%2Ftags&post=1046"}],"curies":[{"name":"wp","href":"https:\/\/api.w.org\/{rel}","templated":true}]}}