{"id":10440,"date":"2020-12-17T00:36:24","date_gmt":"2020-12-16T23:36:24","guid":{"rendered":"http:\/\/lemotdujour.fr\/?p=10440"},"modified":"2021-01-17T23:44:35","modified_gmt":"2021-01-17T22:44:35","slug":"jeudi-17-decembre-2020","status":"publish","type":"post","link":"https:\/\/lemotdujour.fr\/?p=10440","title":{"rendered":"Jeudi 17 d\u00e9cembre 2020"},"content":{"rendered":"<div class=\"mdjTexte\">\u00abRecevez des mains de Haydn l&rsquo;esprit de Mozart\u00a0!\u00bb<\/div>\n<div class=\"mdjAuteur\">Parole du Comte von Waldstein \u00e0 Beethoven lors de son d\u00e9part pour Vienne prendre des cours avec Haydn<\/div>\n<p><span style=\"color: #777777; font-family: Arial;\">Aujourd&rsquo;hui, nous avons une certitude, il y a 250 ans Ludwig van Beethoven vivait, car nous savons qu&rsquo;il a \u00e9t\u00e9 baptis\u00e9 le 17 d\u00e9cembre 1770 en l&rsquo;\u00e9glise de Sankt Remigius \u00e0 Bonn. <\/span><\/p>\n<p><span style=\"color: #777777; font-family: Arial;\"><img loading=\"lazy\" decoding=\"async\" class=\"wp-image-10517 alignleft\" src=\"https:\/\/lemotdujour.fr\/wp-content\/uploads\/2020\/12\/600_maison_beetthov_bonn-1.jpg\" alt=\"\" width=\"238\" height=\"268\" srcset=\"https:\/\/lemotdujour.fr\/wp-content\/uploads\/2020\/12\/600_maison_beetthov_bonn-1.jpg 381w, https:\/\/lemotdujour.fr\/wp-content\/uploads\/2020\/12\/600_maison_beetthov_bonn-1-266x300.jpg 266w\" sizes=\"auto, (max-width: 238px) 100vw, 238px\" \/>Apr\u00e8s avoir \u00e9voqu\u00e9 la famille et les anc\u00eatres de Beethoven, il semble juste de parler de ses ma\u00eetres, ceux qui lui ont enseign\u00e9 la musique qu&rsquo;il allait magnifier par son g\u00e9nie.<br \/>\n<\/span><\/p>\n<p><span style=\"color: #777777; font-family: Arial;\">&lt;<a href=\"https:\/\/www.musicologie.org\/Biographies\/b\/beethoven.html\"><span style=\"color: #0000ff;\">Ce site<\/span><\/a>&gt; m&rsquo;a aid\u00e9 \u00e0 trouver l&rsquo;architecture d&rsquo;ensemble des ann\u00e9es de formation de Beethoven<br \/>\n<\/span><\/p>\n<p><span style=\"color: #777777; font-family: Arial;\">Les premiers cours sont donn\u00e9s par son p\u00e8re qui est musicien \u00e0 la chapelle de la cour de Bonn qui je le rappelle est celle du Prince \u00e9lecteur de Cologne.<br \/>\n<\/span><\/p>\n<p><span style=\"color: #777777; font-family: Arial;\">Mais il comprend que le talent de son fils rend n\u00e9cessaire de lui faire donner des cours par des professionnels pour chaque instrument.<br \/>\n<\/span><\/p>\n<p><span style=\"color: #777777; font-family: Arial;\">Ce sont des noms inconnus aujourd&rsquo;hui, dont la seule renomm\u00e9e est d&rsquo;avoir \u00e9t\u00e9, pendant un peu de temps, professeur de Beethoven :<br \/>\n<\/span><\/p>\n<p><img decoding=\"async\" class=\"alignleft\" src=\"https:\/\/lemotdujour.fr\/wp-content\/uploads\/2020\/12\/121620_2343_Jeudi17dcem1.jpg\" alt=\"\" align=\"left\" \/><span style=\"color: #777777; font-family: Arial;\">Cours de piano avec Gilles van der Aeden et Tobias Friedrich Pfeiffer, de violon avec Georg Rovantini, d&rsquo;orgue avec Willibald Koch et Zense.<br \/>\n<\/span><\/p>\n<p><span style=\"color: #777777; font-family: Arial;\">Mais son vrai premier ma\u00eetre est connu par ses propres qualit\u00e9s et il a pour nom <a href=\"https:\/\/www.musicologie.org\/Biographies\/n\/neefe.html\"><strong><span style=\"color: #0000ff;\">Christian Gottlob Neefe<\/span><\/strong><\/a><br \/>\n<\/span><\/p>\n<p><span style=\"color: #777777; font-family: Arial;\">Neefe na\u00eet le 5 f\u00e9vrier 1748 \u00e0 Chemnitz en Saxe. Et il arrive \u00e0 la cour de Bonn en 1779 en tant que musicien et succ\u00e9dera \u00e0 l&rsquo;organiste titulaire de la cour quand ce dernier d\u00e9c\u00e9dera en 1782 et en 1783 il deviendra le professeur de Beethoven.<br \/>\n<\/span><\/p>\n<p><span style=\"color: #777777; font-family: Arial;\">L&rsquo;histoire dit qu&rsquo;il est franc-ma\u00e7on, attach\u00e9 aux id\u00e9es de la r\u00e9volution mais il sera pourtant contraint de quitter la ville de Bonn en 1794 quand la France r\u00e9volutionnaire occupera la ville. Il finira sa vie \u00e0 Dessau en tant que Directeur de Th\u00e9\u00e2tre o\u00f9 il d\u00e9c\u00e9dera en 1798.<br \/>\n<\/span><\/p>\n<p><span style=\"color: #777777; font-family: Arial;\">Et c&rsquo;est l&rsquo;enseignement de Christian Gottlob Neefe qui est certainement d\u00e9cisif. Il lui enseigne le piano, l&rsquo;\u00e9criture, mais encore les philosophes de l&rsquo;antiquit\u00e9, et certainement le go\u00fbt pour les id\u00e9es r\u00e9publicaines. Il sera un ami et un protecteur. Neefe se fera parfois remplacer par le jeune Beethoven au clavecin et \u00e0 l&rsquo;orchestre de la cour.<br \/>\n<\/span><\/p>\n<p><span style=\"color: #777777; font-family: Arial;\">Dans une th\u00e8se publi\u00e9e sur Internet par Nicolas Molle, nous pouvons lire\u00a0:<br \/>\n<\/span><\/p>\n<p style=\"margin-left: 28pt;\"><span style=\"color: #c00000; font-family: Arial;\">\u00ab\u00a0Il fallut attendre 1783 et la rencontre d\u00e9cisive avec son professeur de musique, Christian Gottlob Neefe, pour que le jeune compositeur puisse d\u00e9couvrir les plaisirs de la r\u00e9flexion intellectuelle. Neefe se fixa pour objectif non pas de former uniquement un musicien mais \u00e9galement de fa\u00e7onner un esprit \u00e9clair\u00e9. Il lui ouvrit alors les portes de la Soci\u00e9t\u00e9 de Lecture (Lesegesellschaft) de Bonn o\u00f9 Beethoven put entrer en contact avec d&rsquo;autres personnages cultiv\u00e9s de la ville.\u00bb<br \/>\n<\/span><\/p>\n<p><span style=\"color: #777777; font-family: Arial;\">C&rsquo;est gr\u00e2ce \u00e0 Neefe que la famille <strong>von Breuning<\/strong> le prend \u00e0 son service comme professeur de piano. Au sein de cette famille, il peut assister quotidiennement \u00e0 des conversations ou des lectures des \u0153uvres de Goethe, Schiller, Herder. Il suit quelques conf\u00e9rences de philosophie \u00e0 la nouvelle Universit\u00e9 cr\u00e9\u00e9e par le Prince Electeur, Maximilian Franz.<br \/>\n<\/span><\/p>\n<p><span style=\"color: #777777; font-family: Arial;\">Maximilian Franz, grand amateur de musique, su reconna\u00eetre assez vite le talent de Ludwig, probablement pouss\u00e9 par Neefe. D&rsquo;ailleurs il compare les valeurs du p\u00e8re Beethoven et de son fils et Boucourechliev dans son livre \u00ab\u00a0Beethoven\u00a0\u00bb nous apprend\u00a0:<br \/>\n<\/span><\/p>\n<p style=\"margin-left: 28pt;\"><span style=\"color: #c00000; font-family: Arial;\">\u00ab\u00a0Max Franz tirant les cons\u00e9quencse de la situation \u00f4te 15 florins du traitement de Johann et nomme Ludwig second organiste avec 150 florins d&rsquo;appointement.\u00a0\u00bb<br \/>\n<\/span><span style=\"color: #c00000; font-family: Arial;\"><em>Boucourechliev \u00ab\u00a0Beethoven\u00a0\u00bb page 157<br \/>\n<\/em><\/span><\/p>\n<p><span style=\"color: #777777; font-family: Arial;\">Neefe lui fera aussi d\u00e9couvrir Jean-S\u00e9bastien Bach et son clavier bien temp\u00e9r\u00e9. Beethoven \u00e9tudiera Bach mais aussi Haendel.<br \/>\n<\/span><\/p>\n<p><span style=\"color: #777777; font-family: Arial;\">Mais Beethoven <span style=\"color: #0000ff;\"><a style=\"color: #0000ff;\" href=\"https:\/\/www.francemusique.fr\/emissions\/le-van-beethoven\/haendel-au-pantheon-de-beethoven-76368\">portera<\/a><\/span> une plus grande admiration \u00e0 Haendel qu&rsquo;\u00e0 Bach\u00a0:<br \/>\n<\/span><\/p>\n<p style=\"margin-left: 28pt;\"><span style=\"color: #c00000; font-family: Arial;\">\u00ab\u00a0Haendel est le plus grand compositeur qui ait jamais v\u00e9cu. Je voudrais me d\u00e9couvrir et m&rsquo;agenouiller devant sa tombe.\u00a0\u00bb<br \/>\n<\/span><\/p>\n<p><span style=\"color: #777777; font-family: Arial;\">Cet avis appara\u00eet surprenant aujourd&rsquo;hui, alors que de l&rsquo;avis g\u00e9n\u00e9ral Bach est nettement sup\u00e9rieur \u00e0 Haendel, mais ce n&rsquo;\u00e9tait pas l&rsquo;avis de Beethoven.<br \/>\n<\/span><\/p>\n<p><span style=\"color: #777777; font-family: Arial;\">Peut-\u00eatre est-il utile de remettre tous ces musiciens que j&rsquo;ai d\u00e9j\u00e0 \u00e9voqu\u00e9 et dont je parlerai ci-apr\u00e8s dans une chronologie<br \/>\n<\/span><\/p>\n<p><img decoding=\"async\" src=\"https:\/\/lemotdujour.fr\/wp-content\/uploads\/2020\/12\/121620_2343_Jeudi17dcem2.jpg\" alt=\"\" \/><span style=\"color: #777777; font-family: Arial;\"><br \/>\n<\/span><\/p>\n<p><span style=\"color: #777777; font-family: Arial;\">Neefe l&rsquo;encouragera aussi \u00e0 composer pour le piano, entre 1782 et 1783, les <em>9 variations sur une marche de Dressler<\/em> et les trois <em>Sonatines<\/em> dites \u00ab \u00e0 l&rsquo;\u00c9lecteur\u00bb qui marquent symboliquement le d\u00e9but de sa production musicale.<br \/>\n<\/span><\/p>\n<p><span style=\"color: #777777; font-family: Arial;\">Il me semble que c&rsquo;est finalement vers son premier ma\u00eetre que Beethoven exprimera le plus de reconnaissance. Il \u00e9crira en 1793 dans une lettre \u00e0 Neefe :<br \/>\n<\/span><\/p>\n<p style=\"margin-left: 28pt;\"><span style=\"color: #c00000; font-family: Arial;\">\u00ab\u00a0Je vous remercie pour vos conseils, ils m&rsquo;ont soutenu bien souvent dans mes progr\u00e8s en mon art divin. Si je deviens un jour un grand homme, vous y aurez particip\u00e9. Cela vous r\u00e9jouira d&rsquo;autant plus que vous pouvez en \u00eatre persuad\u00e9.\u00a0\u00bb<br \/>\n<\/span><\/p>\n<p><span style=\"color: #777777; font-family: Arial;\">Bien s\u00fbr, il faut rencontrer Mozart. Mozart auquel son p\u00e8re Johann pensait en essayant de faire produire le jeune Ludwig devant des assembl\u00e9es nobles et musiciennes. Il ira jusqu&rsquo;\u00e0 mentir sur son \u00e2ge, pr\u00e9tendant qu&rsquo;il avait 6 ans, alors qu&rsquo;il en avait d\u00e9j\u00e0 8. Mais cela \u00e9choua. Beethoven n&rsquo;\u00e9tait pas un nouvel enfant prodige et puis Johann Beethoven \u00e9tait loin des capacit\u00e9s p\u00e9dagogiques de L\u00e9opold Mozart.<br \/>\n<\/span><\/p>\n<p><a href=\"https:\/\/fr.wikipedia.org\/wiki\/Ferdinand_von_Waldstein\"><img loading=\"lazy\" decoding=\"async\" class=\"alignright\" src=\"https:\/\/lemotdujour.fr\/wp-content\/uploads\/2020\/12\/121620_2343_Jeudi17dcem3.jpg\" alt=\"\" width=\"235\" height=\"279\" align=\"left\" border=\"0\" \/><\/a><span style=\"color: #777777; font-family: Arial;\">Pour ce faire, il y aura un interm\u00e9diaire, un de ses nombreux m\u00e9c\u00e8nes, peut \u00eatre le premier, le <strong>Comte von Waldstein <\/strong>qui est un proche du Prince \u00e9lecteur<strong>.<\/strong><br \/>\n<\/span><\/p>\n<p><span style=\"color: #777777; font-family: Arial;\">Le comte von Waldstein emm\u00e8ne Beethoven une premi\u00e8re fois \u00e0 Vienne en avril 1787, il y restera du 7 au 20 avril.<br \/>\n<\/span><\/p>\n<p><span style=\"color: #777777; font-family: Arial;\">Boucourechliev \u00e9crit\u00a0:<br \/>\n<\/span><\/p>\n<p style=\"margin-left: 28pt;\"><span style=\"color: #c00000; font-family: Arial;\">De ce voyage du printemps 1787 nous savons peu de choses, sinon que \u00ab\u00a0les deux personnages qui firent le plus d&rsquo;impression sur Beethoven furent l&#8217;empereur Joseph II et Mozart.\u00a0\u00bb. Mozart, malade, \u00e9crit Don Giovanni\u00a0; de son enfance, il a gard\u00e9 l&rsquo;horreur des pr\u00e9coces g\u00e9nies. Donna-t&rsquo;il \u00e0 Beethoven quelques le\u00e7ons, pr\u00e9dit-il que \u00ab\u00a0ce jeune homme ferait parler de lui dans le monde\u00a0\u00bb\u00a0? Il semble, en tout cas, qu&rsquo;il n&rsquo;ait pas encourag\u00e9 le jeune musicien rh\u00e9nan \u00e0 rester \u00e0 Vienne.\u00a0\u00bb<br \/>\n<\/span><span style=\"color: #c00000; font-family: Arial;\"><em>Boucourechliev \u00ab\u00a0Beethoven\u00a0\u00bb page 158<\/em><br \/>\n<\/span><\/p>\n<p><span style=\"color: #777777; font-family: Arial;\">En 1787, Mozart a 31 ans, il ne lui reste plus que 4 ans \u00e0 vivre et Beethoven a 17 ans. Et il semble bien que Mozart ait plut\u00f4t n\u00e9glig\u00e9 Beethoven. On lit parfois que Mozart aurait dit \u00ab\u00a0<span style=\"color: #c00000;\">N&rsquo;oubliez pas ce nom, vous en entendrez parler !\u00a0<span style=\"color: #777777;\">\u00bb. Les historiens s\u00e9rieux consid\u00e8rent les r\u00e9f\u00e9rences de cet avis non fiables.<br \/>\n<\/span><\/span><\/span><\/p>\n<p><span style=\"color: #777777; font-family: Arial;\">Beethoven est d&rsquo;ailleurs rappel\u00e9 d&rsquo;urgence \u00e0 Bonn, car sa m\u00e8re est gravement malade, elle d\u00e9c\u00e8dera le 17 juillet 1787. Il \u00e9crira \u00e0 son ami Wegeler : <\/span><\/p>\n<p style=\"margin-left: 28pt;\"><span style=\"color: #c00000; font-family: Arial;\">\u00ab C\u2019\u00e9tait pour moi une si bonne, une si aimable m\u00e8re, ma meilleure amie. Oh ! qui donc \u00e9tait plus heureux que moi, alors que je pouvais encore prononcer le doux nom de m\u00e8re, et qu\u2019il \u00e9tait entendu \u2013 et \u00e0 qui puis-je le dire maintenant ? \u00bb<\/span><\/p>\n<p><span style=\"color: #777777; font-family: Arial;\">Apr\u00e8s la mort de sa m\u00e8re, Il prend de plus en plus en charge de ses fr\u00e8res, son p\u00e8re sombrant d\u00e9finitivement dans l&rsquo;alcoolisme. Mais il continue \u00e0 composer des \u0153uvres assez importantes selon le jugement de Boucourouchliev : Une cantate pour la mort de Joseph II en mars 1790 puis six mois apr\u00e8s une autre pour c\u00e9l\u00e9brer l&rsquo;av\u00e8nement de son successeur L\u00e9opold II.<br \/>\n<\/span><\/p>\n<p><span style=\"color: #777777; font-family: Arial;\">Et en 1790, l&rsquo;autre grand compositeur de ce temps, <strong>Joseph Haydn<\/strong> passe \u00e0 Bonn, mais personne ne songe \u00e0 lui pr\u00e9senter le jeune Beethoven de 20 ans.<br \/>\n<\/span><\/p>\n<p><span style=\"color: #777777; font-family: Arial;\">Le Comte von Waldstein va intervenir \u00e0 nouveau. En juillet 1792, Joseph Haydn revenant d&rsquo;une tourn\u00e9e en Angleterre, s&rsquo;est \u00e0 nouveau arr\u00eat\u00e9 \u00e0 Bonn. Cette fois Waldstein va pr\u00e9senter le jeune Ludwig \u00e0 Haydn.<br \/>\n<\/span><\/p>\n<p><span style=\"color: #777777; font-family: Arial;\">Et Boucourechliev commente\u00a0:<br \/>\n<\/span><\/p>\n<p style=\"margin-left: 28pt;\"><span style=\"color: #c00000; font-family: Arial;\">\u00ab\u00a0Il a pu lui soumettre une de ses cantates, et Haydn, sans doute frapp\u00e9 des promesses qu&rsquo;elle contient, invite le jeune rh\u00e9nan \u00e0 faire \u00ab\u00a0des \u00e9tudes suivies\u00a0\u00bb et de le rejoindre Vienne.\u00a0\u00bb<br \/>\n<\/span><span style=\"color: #c00000; font-family: Arial;\"><em>Boucourechliev \u00ab\u00a0Beethoven\u00a0\u00bb page 160<\/em><br \/>\n<\/span><\/p>\n<p><span style=\"color: #777777; font-family: Arial;\">Waldstein va interc\u00e9der aupr\u00e8s du Prince \u00c9lecteur pour qu&rsquo;il dote Beethoven d&rsquo;une rente lui permettant de passer 2 ans \u00e0 Vienne aupr\u00e8s de Haydn, ce qui fut fait. <\/span><span style=\"color: #777777; font-family: Arial;\">Au d\u00e9but de novembre 1792, dot\u00e9 de la rente du prince, il se rend un seconde fois \u00e0 Vienne pour \u00e9tudier aupr\u00e8s de Haydn. Ce sera une installation d\u00e9finitive, son p\u00e8re meurt en d\u00e9cembre 1792.<br \/>\n<\/span><\/p>\n<p><span style=\"color: #777777; font-family: Arial;\">1792, Mozart est mort l&rsquo;ann\u00e9e pr\u00e9c\u00e9dente.<br \/>\n<\/span><\/p>\n<p><span style=\"color: #777777; font-family: Arial;\">Le Comte von Waldstein, \u00e9crira, avant le d\u00e9part pour Vienne, une lettre le 29 octobre 1792. C&rsquo;est son extrait le plus c\u00e9l\u00e8bre que j&rsquo;ai choisi comme exergue de ce mot du jour. Je cite cette phrase dans son contexte :<br \/>\n<\/span><\/p>\n<p style=\"margin-left: 28pt;\"><span style=\"color: #c00000; font-family: Arial;\">\u00ab Cher Beethoven, vous allez \u00e0 Vienne pour r\u00e9aliser un souhait depuis longtemps exprim\u00e9 : le g\u00e9nie de Mozart est encore en deuil et pleure la mort de son disciple. En l\u2019in\u00e9puisable Haydn, il trouve un refuge, mais non une occupation ; par lui, il d\u00e9sire encore s\u2019unir \u00e0 quelqu\u2019un. Par une application incessante, <strong>recevez des mains de Haydn l&rsquo;esprit de Mozart<\/strong>\u00a0\u00bb<br \/>\n<em>Waldstein<\/em><br \/>\n<\/span><\/p>\n<p><span style=\"color: #777777; font-family: Arial;\">Pour la musicologue <a href=\"https:\/\/www.franceinter.fr\/musique\/pourquoi-ecouter-beethoven-ce-genie-punk-de-la-musique-classique\"><span style=\"color: #0000ff;\">Florence Badol-Bertrand<\/span><span style=\"color: #0000ff;\">\u00a0<\/span><\/a>:<br \/>\n<\/span><\/p>\n<p style=\"margin-left: 28pt;\"><span style=\"color: #c00000; font-family: Arial;\">\u00ab Beethoven a eu la chance de venir apr\u00e8s Mozart. Lorsque Beethoven arrive \u00e0 Vienne, en 1792, Mozart est mort depuis onze mois. [\u2026] Dot\u00e9 d&rsquo;une m\u00e9moire ph\u00e9nom\u00e9nale, il a m\u00e9moris\u00e9 non seulement toutes les compositions de l&rsquo;auteur de la Petite musique de nuit, mais aussi l&rsquo;\u0153uvre musicale europ\u00e9enne. Tr\u00e8s intelligent, il est en mesure de s&rsquo;approprier cette musique tout en la remettant en question, et de proc\u00e9der diff\u00e9remment. Beethoven \u00e9tait tellement bon musicalement qu&rsquo;il a \u00e9t\u00e9 difficile \u00e0 surpasser. \u00bb<br \/>\n<\/span><\/p>\n<p><img decoding=\"async\" class=\"alignright\" src=\"https:\/\/lemotdujour.fr\/wp-content\/uploads\/2020\/12\/121620_2343_Jeudi17dcem4.jpg\" alt=\"\" align=\"left\" \/><span style=\"color: #777777; font-family: Arial;\">Et alors qu&rsquo;en est-il de l&rsquo;enseignement de Haydn\u00a0?<br \/>\n<\/span><\/p>\n<p><span style=\"color: #777777; font-family: Arial;\">Il y eut certainement des \u00e9changes fructueux. Les premi\u00e8res \u0153uvres de Beethoven gardent trace de Haydn, mais ce ne fut pas une relation harmonieuse d&rsquo;un vieux ma\u00eetre, 60 ans quand m\u00eame, envers un jeune \u00e9l\u00e8ve fascin\u00e9 et brillant.<br \/>\n<\/span><\/p>\n<p><span style=\"color: #777777; font-family: Arial;\">Beethoven trouve Haydn peu attentif et Haydn trouve Beethoven trop fantaisiste et \u00e9ruptif.<br \/>\n<\/span><\/p>\n<p><span style=\"color: #777777; font-family: Arial;\">Il lui dira\u00a0:<br \/>\n<\/span><\/p>\n<p style=\"margin-left: 28pt;\"><span style=\"color: #c00000; font-family: Arial;\">\u00ab Vous avez beaucoup de talent et vous en acquerrez encore plus, \u00e9norm\u00e9ment plus. Vous avez une abondance in\u00e9puisable d&rsquo;inspiration, vous aurez des pens\u00e9es que personne n&rsquo;a encore eues, vous ne sacrifierez jamais votre pens\u00e9e \u00e0 une r\u00e8gle tyrannique, mais vous sacrifierez les r\u00e8gles \u00e0 vos fantaisies ; car vous me faites l&rsquo;impression d&rsquo;un homme qui a plusieurs t\u00eates, plusieurs c\u0153urs, plusieurs \u00e2mes. \u00bb<br \/>\n<\/span><\/p>\n<p><span style=\"color: #777777; font-family: Arial;\">Et une anecdote bien connue est rapport\u00e9e. Haydn, demande \u00e0 Beethoven de bien vouloir \u00e9crire sur les partitions qu&rsquo;il publie\u00a0: \u00ab\u00a0Ludwig van Beethoven, \u00e9l\u00e8ve de Joseph Haydn.\u00a0\u00bb<br \/>\n<\/span><\/p>\n<p><span style=\"color: #777777; font-family: Arial;\">Le jeune imp\u00e9tueux refuse. Son argument\u00a0?<br \/>\n<\/span><\/p>\n<p style=\"margin-left: 28pt;\"><span style=\"color: #c00000; font-family: Arial;\">\u00ab\u00a0<span style=\"font-size: 11pt;\">J&rsquo;\u00e9tais l&rsquo;\u00e9l\u00e8ve de Haydn, mais il ne m&rsquo;a jamais rien appris\u00a0!\u00a0\u00bb<br \/>\n<\/span><\/span><\/p>\n<p><span style=\"color: #777777; font-family: Arial;\">Sur le site de <span style=\"color: #0000ff;\"><a style=\"color: #0000ff;\" href=\"https:\/\/www.francemusique.fr\/musique-classique\/les-10-petites-choses-que-vous-ne-saviez-peut-etre-pas-sur-beethoven-90\">&lt;France musique&gt;<\/a><\/span> on lit\u00a0:<br \/>\n<\/span><\/p>\n<p style=\"margin-left: 28pt;\"><span style=\"color: #c00000; font-family: Arial;\">\u00ab\u00a0L&rsquo;insoumission de Beethoven exasp\u00e8re chacun de ses professeurs\u2026 Haydn, son ma\u00eetre de musique \u00e0 Vienne, reconnait son talent mais le trouve beaucoup trop indisciplin\u00e9. Albrechtsberger, qui lui enseigne la composition, dit m\u00eame \u00e0 ses \u00e9l\u00e8ves : \u00ab C&rsquo;est un exalt\u00e9 libre-penseur musical, ne le fr\u00e9quentez pas ; il n&rsquo;a rien appris et ne fera jamais rien de propre \u00bb.<br \/>\n<\/span><\/p>\n<p><span style=\"color: #777777; font-family: Arial;\">Mais il \u00e9voluera, Boucourechliev cite un Beethoven plus sage et plus pond\u00e9r\u00e9, quelques ann\u00e9es plus tard :<br \/>\n<\/span><\/p>\n<p style=\"margin-left: 28pt;\"><span style=\"color: #c00000; font-family: Arial;\">\u00ab\u00a0Lorsque je revis mes premiers manuscrits, quelques ann\u00e9es apr\u00e8s les avoir \u00e9crits, je me demandai si je n&rsquo;\u00e9tais pas fou de mettre dans un seul morceau de quoi en composer vingt. J&rsquo;ai br\u00fbl\u00e9 ces manuscrits, afin qu&rsquo;on ne les voie jamais et j&rsquo;aurais commis bien des extravagances sans les bons conseils de papa Haydn et d&rsquo;Albrechtsberger\u00a0\u00bb<br \/>\n<\/span><span style=\"color: #c00000; font-family: Arial;\"><em>Boucourechliev \u00ab\u00a0Beethoven\u00a0\u00bb page 163<\/em><br \/>\n<\/span><\/p>\n<p><span style=\"color: #777777; font-family: Arial;\">Haydn va quitter Vienne pour Londres et Beethoven se tournera vers d&rsquo;autres ma\u00eetres de composition et d&rsquo;harmonie.<br \/>\n<\/span><\/p>\n<p><span style=\"color: #777777; font-family: Arial;\">D&rsquo;abord<span style=\"color: #0000ff;\"> <a style=\"color: #0000ff;\" href=\"https:\/\/fr.wikipedia.org\/wiki\/Johann_Baptist_Schenk\">Johann Baptist Schenk<\/a><\/span> qui fut le professeur de Ludwig van Beethoven en 1793. Il semble que cette relation fut plus apais\u00e9e et ils rest\u00e8rent li\u00e9s par de solides liens d&rsquo;amiti\u00e9. Schenk parlera de cette relation dans son autobiographie<br \/>\n<\/span><\/p>\n<p style=\"margin-left: 28pt;\"><span style=\"color: #c00000; font-family: Arial;\"> \u00ab Pour ma peine (si on peut parler de peine), je re\u00e7us de mon bon Ludwig un pr\u00e9sent pr\u00e9cieux, le lien solide de l&rsquo;amiti\u00e9 qui ne s&rsquo;est pas rel\u00e2ch\u00e9 jusqu&rsquo;\u00e0 sa mort.\u00a0\u00bb<br \/>\n<\/span><\/p>\n<p><span style=\"color: #777777; font-family: Arial;\">Ensuite <a href=\"https:\/\/fr.wikipedia.org\/wiki\/Johann_Georg_Albrechtsberger\"><span style=\"color: #0000ff;\">Johann Georg Albrechtsberger<\/span><\/a>, musicien qu&rsquo;on joue encore parfois et qui est organiste \u00e0 la cour imp\u00e9riale et ma\u00eetre de chapelle de la cath\u00e9drale Saint-\u00c9tienne de Vienne. Il fut l&rsquo;ami de Haydn et Mozart, et le ma\u00eetre de Beethoven en 1794-1795.<br \/>\n<\/span><\/p>\n<p><img decoding=\"async\" class=\"alignleft\" src=\"https:\/\/lemotdujour.fr\/wp-content\/uploads\/2020\/12\/121620_2343_Jeudi17dcem5.jpg\" alt=\"\" align=\"left\" \/><span style=\"color: #777777; font-family: Arial;\">Un peu plus tard vers 1800, il prendra aussi quelques cours avec <strong>Antoine Salieri.<\/strong> Ce compositeur qu&rsquo;une pi\u00e8ce de th\u00e9\u00e2tre de Pouchkine calomniera en le faisant passer pour un compositeur jaloux de Mozart qui finira par l&#8217;empoisonner. Th\u00e8se fantaisiste et calomnieuse que reprendra Milos Forman dans son \u00ab\u00a0<strong>Amadeus<\/strong>\u00a0\u00bb<br \/>\n<\/span><\/p>\n<p><a href=\"https:\/\/fr.wikipedia.org\/wiki\/Antonio_Salieri\"><span style=\"font-family: Arial;\"><span style=\"color: #0000ff;\">Antonio Salieri<\/span><\/span><\/a><span style=\"color: #777777; font-family: Arial;\"> n&rsquo;eut certes pas le g\u00e9nie de Mozart, mais il fut un compositeur italien de talent qui finira sa vie \u00e0 Vienne. Il \u00e9tait d&rsquo;ailleurs une personnalit\u00e9 incontournable de la vie musicale viennoise de son \u00e9poque, compositeur \u00e0 la cour imp\u00e9riale du Saint-Empire. Salieri est l&rsquo;ami de Gluck et de Haydn et entretient des relations avec de nombreux autres compositeurs et musiciens importants. Certains de ses nombreux \u00e9l\u00e8ves deviennent plus tard c\u00e9l\u00e8bres outre Beethoven : Schubert, Meyerbeer mais aussi le tout jeune Liszt ; d&rsquo;autres sont moins c\u00e9l\u00e8bres mais restent dans les ouvrages \u00e9rudits : Hummel, compositeur d&rsquo;un c\u00e9l\u00e8bre concerto pour trompette, Reicha, Moscheles, Czerny, S\u00fcssmayr, l&rsquo;\u00e9l\u00e8ve de Mozart qui finira son Requiem et m\u00eame Franz Xaver Wolfgang Mozart, le dernier fils de Wolfgang Amadeus Mozart.<br \/>\n<\/span><\/p>\n<p><span style=\"color: #777777; font-family: Arial;\">Il sera le dernier professeur de Beethoven qui tracera d\u00e9sormais son propre chemin, unique et r\u00e9volutionnaire.<br \/>\n<\/span><\/p>\n<p><span style=\"color: #777777; font-family: Arial;\">Le choix de l&rsquo;\u0153uvre pour aujourd&rsquo;hui me semble assez simple\u00a0: <span style=\"color: #0000ff;\"><a style=\"color: #0000ff;\" href=\"https:\/\/www.youtube.com\/watch?v=dL0JLNt_3EE\">\u00ab\u00a0La Sonate de piano N\u00b0 21 d\u00e9di\u00e9e au Comte Von Waldstein\u00a0<\/a>\u00bb<\/span> jou\u00e9e par le grand pianiste chilien <strong>Claudio Arrau<\/strong> en 1977 \u00e0 Bonn.<br \/>\n<\/span><\/p>\n<p><span style=\"color: #777777; font-family: Arial;\">Si vous voulez \u00e9couter ce que pouvait \u00eatre des \u0153uvres que Beethoven composait \u00e0 13 ans voici une des sonatines dites <strong>\u00ab \u00e0 l&rsquo;\u00c9lecteur\u00bb<\/strong> cit\u00e9 ci-avant\u00a0:&lt; <a href=\"https:\/\/www.youtube.com\/watch?v=0jXNOSfFVfw\"><span style=\"color: #0000ff;\">Sonatines WoO N\u00b047 n\u00b01 &amp; 2<\/span><\/a>&gt; jou\u00e9e par un tr\u00e8s jeune pianiste.<br \/>\n<\/span><\/p>\n<p><span style=\"color: #777777; font-family: Arial;\">WoO signifie Werke Ohne Opus c&rsquo;est dire \u0153uvre sans opus et que Beethoven n&rsquo;a donc pas fait publier de son vivant.<br \/>\n<\/span><\/p>\n<p><span style=\"color: #c00000; font-family: Arial;\">&lt;1509&gt;<\/span><\/p>\n","protected":false},"excerpt":{"rendered":"<p>\u00abRecevez des mains de Haydn l&rsquo;esprit de Mozart\u00a0!\u00bb Parole du Comte von Waldstein \u00e0 Beethoven lors de son d\u00e9part pour Vienne prendre des cours avec Haydn Aujourd&rsquo;hui, nous avons une certitude, il y a 250 ans Ludwig van Beethoven vivait,<\/p>\n","protected":false},"author":1,"featured_media":0,"comment_status":"open","ping_status":"closed","sticky":false,"template":"","format":"standard","meta":{"footnotes":""},"categories":[1],"tags":[47,17,20],"class_list":["post-10440","post","type-post","status-publish","format-standard","hentry","category-motdujour","tag-allemagne","tag-histoire","tag-musique"],"_links":{"self":[{"href":"https:\/\/lemotdujour.fr\/index.php?rest_route=\/wp\/v2\/posts\/10440","targetHints":{"allow":["GET"]}}],"collection":[{"href":"https:\/\/lemotdujour.fr\/index.php?rest_route=\/wp\/v2\/posts"}],"about":[{"href":"https:\/\/lemotdujour.fr\/index.php?rest_route=\/wp\/v2\/types\/post"}],"author":[{"embeddable":true,"href":"https:\/\/lemotdujour.fr\/index.php?rest_route=\/wp\/v2\/users\/1"}],"replies":[{"embeddable":true,"href":"https:\/\/lemotdujour.fr\/index.php?rest_route=%2Fwp%2Fv2%2Fcomments&post=10440"}],"version-history":[{"count":10,"href":"https:\/\/lemotdujour.fr\/index.php?rest_route=\/wp\/v2\/posts\/10440\/revisions"}],"predecessor-version":[{"id":10605,"href":"https:\/\/lemotdujour.fr\/index.php?rest_route=\/wp\/v2\/posts\/10440\/revisions\/10605"}],"wp:attachment":[{"href":"https:\/\/lemotdujour.fr\/index.php?rest_route=%2Fwp%2Fv2%2Fmedia&parent=10440"}],"wp:term":[{"taxonomy":"category","embeddable":true,"href":"https:\/\/lemotdujour.fr\/index.php?rest_route=%2Fwp%2Fv2%2Fcategories&post=10440"},{"taxonomy":"post_tag","embeddable":true,"href":"https:\/\/lemotdujour.fr\/index.php?rest_route=%2Fwp%2Fv2%2Ftags&post=10440"}],"curies":[{"name":"wp","href":"https:\/\/api.w.org\/{rel}","templated":true}]}}