{"id":1044,"date":"2015-03-20T01:00:00","date_gmt":"2015-03-19T22:00:00","guid":{"rendered":"http:\/\/lemotdujour.fr\/?p=1044"},"modified":"2017-05-08T13:25:03","modified_gmt":"2017-05-08T11:25:03","slug":"vendredi-20-mars-2015","status":"publish","type":"post","link":"https:\/\/lemotdujour.fr\/?p=1044","title":{"rendered":"Vendredi 20 mars 2015"},"content":{"rendered":"<div class=\"mdjDate\">Vendredi 20 mars 2015<\/div>\n<div class=\"mdjTexte\">\u00abCe n&rsquo;est pas une partie de la population musulmane fran\u00e7aise qui se tourne vers le djihad et le terrorisme, c&rsquo;est une collection d&rsquo;individus et de solitaires \u00bb<\/div>\n<div class=\"mdjAuteur\">Olivier Roy<\/div>\n<div class=\"mdjComplements\">Je dois dire que je n&rsquo;ai pas bien compris pourquoi Roger<a href=\"http:\/\/www.lefigaro.fr\/politique\/2015\/02\/23\/01002-20150223ARTFIG00321-crif-cukierman-cree-la-polemique.php\"> Cukierman avait \u00e9t\u00e9\u00a0 si violemment critiqu\u00e9 lorsqu&rsquo;il a d\u00e9clar\u00e9 que \u00abtoutes les violences antis\u00e9mites sont commises par des jeunes musulmans\u00bb.<\/a> Il me semblait qu&rsquo;il disait une \u00e9vidence et je trouvais suspect qu&rsquo;on ne puisse dire ces choses.<\/div>\n<div class=\"mdjComplements\">Mais j&rsquo;ai chang\u00e9 d&rsquo;avis quand j&rsquo;ai r\u00e9\u00e9cout\u00e9 Olivier Roy, philosophe, chercheur et sp\u00e9cialiste de l&rsquo;Islam qui avait \u00e9t\u00e9 l&rsquo;invit\u00e9 de Patrick Cohen en janvier sur France Inter.<\/div>\n<div class=\"mdjComplements\">Son analyse \u00e9tait la suivante : \u00abCe n&rsquo;est pas une partie de la population musulmane fran\u00e7aise qui se tourne vers le djihad et le terrorisme, c&rsquo;est une collection d&rsquo;individus et de solitaires.<\/div>\n<div class=\"mdjComplements\">Il y\u00a0 a beaucoup plus de musulmans dans les forces de s\u00e9curit\u00e9, dans l&rsquo;arm\u00e9e et la gendarmerie que dans les r\u00e9seaux d\u2019Al-Qaeda ou des autres organisations terroristes.<\/div>\n<div class=\"mdjComplements\">D&rsquo;ailleurs ces musulmans sont aussi la cible puisque Merah \u00e0 Toulouse comme lors de l&rsquo;attentat contre Charlie, des musulmans appartenant \u00e0 ces institutions ont \u00e9t\u00e9 froidement abattus.<\/div>\n<div class=\"mdjComplements\">Ce n&rsquo;est pas une d\u00e9rive de la population musulmane, c&rsquo;est une d\u00e9rive de la jeunesse, y compris une partie non musulmane qui alors se convertit pour faire le djihad.<\/div>\n<div class=\"mdjComplements\">C&rsquo;est un mouvement de jeunes qui sont souvent, mais pas toujours en position d&rsquo;exclusion sociale, et qui dans ce dernier cas s&rsquo;auto-excluent pour rentrer dans la radicalit\u00e9, une d\u00e9rive sectaire o\u00f9 ils ne se retrouvent plus qu&rsquo;avec des gens comme eux et qui se montent la t\u00eate avec des vid\u00e9os, des grands r\u00e9cits de guerre et cherchent sur Internet une cause et passent \u00e0 la violence.<\/div>\n<div class=\"mdjComplements\">Ils ne sont en rien une avant-garde d&rsquo;une communaut\u00e9 musulmane de France qui n&rsquo;existe pas.<strong> <\/strong>\u00bb<\/div>\n<div class=\"mdjComplements\">C&rsquo;est bien un probl\u00e8me de jeunes qui cherchent une cause pour laquelle ils peuvent se battre, nourrir leur soif de violence et mourir.<\/div>\n<div class=\"mdjComplements\">Et c&rsquo;est ainsi que s&rsquo;explique, le grand nombre de convertis qui se trouve dans cette d\u00e9rive terroriste.<\/div>\n<div class=\"mdjComplements\">Dans un article de Lib\u00e9ration, il a cette expression \u00ab\u00a0marketing\u00a0\u00bb : <a href=\"http:\/\/www.liberation.fr\/monde\/2014\/10\/03\/le-jihad-est-aujourd-hui-la-seule-cause-sur-le-marche_1114269\">&lt;Aujourd\u2019hui, le jihad est la seule cause sur le march\u00e9.&gt;<\/a> :<\/div>\n<div class=\"mdjCiter\">\u00abCe sont des jeunes qui cherchent leur gu\u00e9rilla, comme nous dans les ann\u00e9es\u00a060. A\u00a0l\u2019\u00e9poque, notre cause \u00e9tait la r\u00e9volution, maintenant, c\u2019est le jihad mondial. Dans son essai <em>The Terrorist in Search of\u00a0Humanity<\/em>, l\u2019historien Faisal Devji explique que, mis \u00e0 part le fait que les terroristes tuent, il n\u2019y a pas de diff\u00e9rence fondamentale entre un humanitaire et un gars d\u2019Al-Qaeda. Ce sont des militants d\u2019un monde global, des nomades, souvent d\u00e9racin\u00e9s. Mais si on veut vraiment comprendre l\u2019enr\u00f4lement des jihadistes, il faut regarder du c\u00f4t\u00e9 de la fusillade du lyc\u00e9e de Columbine, en\u00a01999, et des jeunes gens qui se perdent dans une m\u00eame violence autodestructrice. En Orient comme en Occident, il existe une jeunesse fascin\u00e9e par ce nihilisme suicidaire. L\u2019islam donne une dimension globale, peut-\u00eatre aussi mystique, un nom \u00e0 une cause.<\/div>\n<div class=\"mdjCiter\">Aujourd\u2019hui, le jihad est la seule cause sur le march\u00e9. Nous ne voulons pas voir les points communs, mais seulement les diff\u00e9rences, et pr\u00e9f\u00e9rons nous enfermer dans une lecture monomaniaque du monde musulman. On se r\u00e9fugie dans le choc des cultures sans voir l\u2019aspect mondialis\u00e9 du ph\u00e9nom\u00e8ne. Or, ces conflits sont le sympt\u00f4me d\u2019un m\u00eame effondrement culturel.<strong> <\/strong>\u00bb<\/div>\n<div class=\"mdjComplements\">Je pense qu&rsquo;Olivier Roy a raison, ce n&rsquo;est pas le fait d&rsquo;\u00eatre n\u00e9 musulman qui constitue un risque de verser dans le terrorisme, mais le fait d&rsquo;\u00eatre un jeune d\u00e9boussol\u00e9, qui cherche une cause qui lui paraisse ad\u00e9quate pour sacrifier sa vie avec au pr\u00e9alable pouvoir laisser s&rsquo;exprimer sa pulsion de violence et de mort.<\/div>\n<div class=\"mdjComplements\"><a href=\"http:\/\/www.franceinter.fr\/emission-le-79-olivier-roy-0\">&lt;Lien vers l&rsquo;\u00e9mission de France inter&gt;<\/a><\/div>\n<div class=\"mdjComplements\">Comme pour faire \u00e9cho \u00e0 ces propos d&rsquo;Olivier Roy, une femme a appel\u00e9 pendant l&rsquo;\u00e9mission pour dire le d\u00e9sarroi de sa famille catholique non pratiquante qui a vu son neveu s&rsquo;engager dans le djihad et partir en Syrie.<\/div>\n","protected":false},"excerpt":{"rendered":"<p>Vendredi 20 mars 2015 \u00abCe n&rsquo;est pas une partie de la population musulmane fran\u00e7aise qui se tourne vers le djihad et le terrorisme, c&rsquo;est une collection d&rsquo;individus et de solitaires \u00bb Olivier Roy Je dois dire que je n&rsquo;ai pas<\/p>\n","protected":false},"author":1,"featured_media":0,"comment_status":"closed","ping_status":"closed","sticky":false,"template":"","format":"standard","meta":{"footnotes":""},"categories":[1],"tags":[],"class_list":["post-1044","post","type-post","status-publish","format-standard","hentry","category-motdujour"],"_links":{"self":[{"href":"https:\/\/lemotdujour.fr\/index.php?rest_route=\/wp\/v2\/posts\/1044","targetHints":{"allow":["GET"]}}],"collection":[{"href":"https:\/\/lemotdujour.fr\/index.php?rest_route=\/wp\/v2\/posts"}],"about":[{"href":"https:\/\/lemotdujour.fr\/index.php?rest_route=\/wp\/v2\/types\/post"}],"author":[{"embeddable":true,"href":"https:\/\/lemotdujour.fr\/index.php?rest_route=\/wp\/v2\/users\/1"}],"replies":[{"embeddable":true,"href":"https:\/\/lemotdujour.fr\/index.php?rest_route=%2Fwp%2Fv2%2Fcomments&post=1044"}],"version-history":[{"count":1,"href":"https:\/\/lemotdujour.fr\/index.php?rest_route=\/wp\/v2\/posts\/1044\/revisions"}],"predecessor-version":[{"id":1045,"href":"https:\/\/lemotdujour.fr\/index.php?rest_route=\/wp\/v2\/posts\/1044\/revisions\/1045"}],"wp:attachment":[{"href":"https:\/\/lemotdujour.fr\/index.php?rest_route=%2Fwp%2Fv2%2Fmedia&parent=1044"}],"wp:term":[{"taxonomy":"category","embeddable":true,"href":"https:\/\/lemotdujour.fr\/index.php?rest_route=%2Fwp%2Fv2%2Fcategories&post=1044"},{"taxonomy":"post_tag","embeddable":true,"href":"https:\/\/lemotdujour.fr\/index.php?rest_route=%2Fwp%2Fv2%2Ftags&post=1044"}],"curies":[{"name":"wp","href":"https:\/\/api.w.org\/{rel}","templated":true}]}}