{"id":10433,"date":"2020-12-16T00:17:00","date_gmt":"2020-12-15T23:17:00","guid":{"rendered":"http:\/\/lemotdujour.fr\/?p=10433"},"modified":"2020-12-16T09:48:25","modified_gmt":"2020-12-16T08:48:25","slug":"mercredi-16-decembre-2020","status":"publish","type":"post","link":"https:\/\/lemotdujour.fr\/?p=10433","title":{"rendered":"Mercredi 16 d\u00e9cembre 2020"},"content":{"rendered":"<div class=\"mdjTexte\">\u00ab Pause (anniversaire de Beethoven ?) \u00bb<\/div>\n<div class=\"mdjAuteur\">Un jour sans mot du jour nouveau<\/div>\n<p><span style=\"color: #777777; font-family: Arial;\">Certes les mots du jour, ces derniers temps, sont longs \u00e0 lire.<br \/>\n<\/span><\/p>\n<p><img decoding=\"async\" class=\"alignleft\" src=\"https:\/\/lemotdujour.fr\/wp-content\/uploads\/2020\/12\/121520_2117_Mercredi16d1.jpg\" alt=\"\" align=\"left\" \/><span style=\"color: #777777; font-family: Arial;\">Mais il faut aussi les \u00e9crire.<br \/>\n<\/span><\/p>\n<p><span style=\"color: #777777; font-family: Arial;\">Et parfois c&rsquo;est un peu compliqu\u00e9.<br \/>\n<\/span><\/p>\n<p><span style=\"color: #777777; font-family: Arial;\">Beethoven est n\u00e9 le 15 ou peut-\u00eatre le 16 d\u00e9cembre.<br \/>\n<\/span><\/p>\n<p><span style=\"color: #777777; font-family: Arial;\">Mais la veille du jour du bapt\u00eame (le 17) me semble une hypoth\u00e8se tr\u00e8s s\u00e9rieuse.<br \/>\n<\/span><\/p>\n<p><span style=\"color: #777777; font-family: Arial;\">C&rsquo;est donc peut-\u00eatre aujourd&rsquo;hui qu&rsquo;il aurait 250 ans.<br \/>\n<\/span><\/p>\n<p><span style=\"color: #777777; font-family: Arial;\">Pour c\u00e9l\u00e9brer cet anniversaire \u00e9norm\u00e9ment d&rsquo;institutions se sont rassembl\u00e9es et avec Google ont cr\u00e9\u00e9 un site qui a pour nom : <\/span><span style=\"color: #777777; font-family: Arial;\">\u00ab <span style=\"color: #0000ff;\"><a style=\"color: #0000ff;\" title=\"Beethoven Everywhere\" href=\"https:\/\/artsandculture.google.com\/project\/beethoven\" target=\"_blank\" rel=\"noopener noreferrer\">Beethoven Everywhere<\/a><\/span> \u00bb<br \/>\n<\/span><\/p>\n<p><span style=\"color: #777777; font-family: Arial;\">Je ne peux rien en dire puisque je viens juste de le d\u00e9couvrir, mais cela m&rsquo;a l&rsquo;air assez impressionnant. Dans un tout autre esprit, ARTE a diffus\u00e9 le ballet que Maurice B\u00e9jart a cr\u00e9\u00e9 sur la musique de la &lt;<span style=\"color: #0000ff;\"><a style=\"color: #0000ff;\" href=\"https:\/\/www.arte.tv\/fr\/videos\/055903-000-A\/la-neuvieme-de-maurice-bejart\/\">9\u00e8me Symphonie<\/a><\/span>&gt;. Cette vid\u00e9o peut \u00eatre vue jusqu&rsquo;au 12 mars 2021.<br \/>\n<\/span><\/p>\n<p><span style=\"color: #777777; font-family: Arial;\">&lt;<span style=\"color: #800000;\">Mot du jour sans num\u00e9ro<\/span>&gt;<\/span><\/p>\n","protected":false},"excerpt":{"rendered":"<p>\u00ab Pause (anniversaire de Beethoven ?) \u00bb Un jour sans mot du jour nouveau Certes les mots du jour, ces derniers temps, sont longs \u00e0 lire. Mais il faut aussi les \u00e9crire. Et parfois c&rsquo;est un peu compliqu\u00e9. Beethoven est<\/p>\n","protected":false},"author":1,"featured_media":0,"comment_status":"open","ping_status":"closed","sticky":false,"template":"","format":"standard","meta":{"footnotes":""},"categories":[1],"tags":[96],"class_list":["post-10433","post","type-post","status-publish","format-standard","hentry","category-motdujour","tag-pause"],"_links":{"self":[{"href":"https:\/\/lemotdujour.fr\/index.php?rest_route=\/wp\/v2\/posts\/10433","targetHints":{"allow":["GET"]}}],"collection":[{"href":"https:\/\/lemotdujour.fr\/index.php?rest_route=\/wp\/v2\/posts"}],"about":[{"href":"https:\/\/lemotdujour.fr\/index.php?rest_route=\/wp\/v2\/types\/post"}],"author":[{"embeddable":true,"href":"https:\/\/lemotdujour.fr\/index.php?rest_route=\/wp\/v2\/users\/1"}],"replies":[{"embeddable":true,"href":"https:\/\/lemotdujour.fr\/index.php?rest_route=%2Fwp%2Fv2%2Fcomments&post=10433"}],"version-history":[{"count":4,"href":"https:\/\/lemotdujour.fr\/index.php?rest_route=\/wp\/v2\/posts\/10433\/revisions"}],"predecessor-version":[{"id":10437,"href":"https:\/\/lemotdujour.fr\/index.php?rest_route=\/wp\/v2\/posts\/10433\/revisions\/10437"}],"wp:attachment":[{"href":"https:\/\/lemotdujour.fr\/index.php?rest_route=%2Fwp%2Fv2%2Fmedia&parent=10433"}],"wp:term":[{"taxonomy":"category","embeddable":true,"href":"https:\/\/lemotdujour.fr\/index.php?rest_route=%2Fwp%2Fv2%2Fcategories&post=10433"},{"taxonomy":"post_tag","embeddable":true,"href":"https:\/\/lemotdujour.fr\/index.php?rest_route=%2Fwp%2Fv2%2Ftags&post=10433"}],"curies":[{"name":"wp","href":"https:\/\/api.w.org\/{rel}","templated":true}]}}