{"id":10409,"date":"2020-12-15T00:45:16","date_gmt":"2020-12-14T23:45:16","guid":{"rendered":"http:\/\/lemotdujour.fr\/?p=10409"},"modified":"2021-11-09T13:35:03","modified_gmt":"2021-11-09T12:35:03","slug":"mardi-15-decembre-2020","status":"publish","type":"post","link":"https:\/\/lemotdujour.fr\/?p=10409","title":{"rendered":"Mardi 15 d\u00e9cembre 2020"},"content":{"rendered":"<div class=\"mdjTexte\">\u00ab Ce grand p\u00e8re [Ludwig l&rsquo;ancien] va lui permettre de se forger le mythe de la grandeur et du grand individu qui n&rsquo;arr\u00eatera pas de le porter et de le pousser. \u00bb<\/div>\n<div class=\"mdjAuteur\">Bernard Fournier<\/div>\n<p><span style=\"color: #777777; font-family: Arial;\">Le 15 d\u00e9cembre constitue le premier jour possible de la naissance de Beethoven, ce n&rsquo;est pas le plus cr\u00e9dible puisque les parents auraient attendu deux jours pour le baptiser.<\/span><\/p>\n<p><span style=\"color: #777777; font-family: Arial;\">Contrairement aux Bach, musiciens dont la lign\u00e9e s&rsquo;\u00e9tend sur sept g\u00e9n\u00e9rations, la famille Beethoven n&rsquo;est musicienne que depuis deux g\u00e9n\u00e9rations.<br \/>\n<\/span><\/p>\n<p><span style=\"color: #777777; font-family: Arial;\">Je voudrais m&rsquo;int\u00e9resser aujourd&rsquo;hui \u00e0 la famille dans laquelle est n\u00e9e Beethoven.<br \/>\n<\/span><\/p>\n<p><span style=\"color: #777777; font-family: Arial;\">Ludwig van Beethoven n&rsquo;est pas du tout d&rsquo;essence noble, le \u00ab van \u00bb flamand n&rsquo;a aucune connotation aristocratique. <\/span><span style=\"color: #777777; font-family: Arial;\">Car la famille Beethoven est originaire de la Flandre.<br \/>\n<\/span><\/p>\n<p><span style=\"color: #777777; font-family: Arial;\">Selon l&rsquo;avis le plus fr\u00e9quent ce nom a l&rsquo;origine suivante\u00a0:<br \/>\n<\/span><\/p>\n<p><span style=\"color: #777777; font-family: Arial;\">\u00abBeet\u00bb <strong>signifie<\/strong> betteraves en flamand et Hoven est le pluriel de Hof, la ferme. <strong>Beethoven<\/strong> est donc \u00ab la ferme aux betteraves \u00bb. Van Beethoven signifierait donc : \u00ab vient de la ferme aux betteraves \u00bb.<br \/>\n<\/span><\/p>\n<p><a href=\"http:\/\/www.lvbeethoven.fr\/Bio\/EtymologieBeethoven.html\"><span style=\"font-family: Arial;\"><span style=\"color: #0000ff;\">&lt;Ce site&gt;<\/span><\/span><\/a><span style=\"color: #777777; font-family: Arial;\"> essaie une autre signification qui serait jardin de bouleaux. Mais j&rsquo;ai lu par ailleurs que cette origine, qui se fonderait sur une racine latine, semble peu cr\u00e9dible dans cette r\u00e9gion.<br \/>\n<\/span><\/p>\n<p><span style=\"color: #777777; font-family: Arial;\">Quand on cherche, on trouve des choses \u00e9tonnantes, ainsi sur cette page Wikipedia\u00a0: &lt;<span style=\"color: #0000ff;\"><a style=\"color: #0000ff;\" href=\"https:\/\/fr.wikipedia.org\/wiki\/Liste_des_victimes_de_chasses_aux_sorci%C3%A8res\">Liste des victimes de chasses aux sorci\u00e8res<\/a><\/span>&gt; on trouve une certaine <strong>Josyne van Beethoven<\/strong> pendue en 1595 \u00e0 Bruxelles parce qu&rsquo;elle \u00e9tait soup\u00e7onn\u00e9e d&rsquo;\u00eatre une sorci\u00e8re.<br \/>\n<\/span><\/p>\n<p><span style=\"color: #777777; font-family: Arial;\">J&rsquo;avais d\u00e9j\u00e0 mentionn\u00e9 le feuilleton que la Radio-T\u00e9l\u00e9vision Belge et notamment sa cha\u00eene Musiq3 a consacr\u00e9 \u00e0 Beethoven. L'&lt;<span style=\"color: #0000ff;\"><a style=\"color: #0000ff;\" href=\"https:\/\/www.rtbf.be\/auvio\/detail_feuilleton-ludwig-van-beethoven?id=2592777\">Episode 1<\/a><\/span>&gt; \u00e9voque les ascendants du compositeur, ce &lt;<a href=\"http:\/\/www.lvbeethoven.fr\/Bio\/BioFamille.html\"><span style=\"color: #0000ff;\">site<\/span><\/a>&gt; aussi.<br \/>\n<\/span><\/p>\n<p><img decoding=\"async\" class=\"alignleft\" src=\"https:\/\/lemotdujour.fr\/wp-content\/uploads\/2020\/12\/121420_2357_mardi15dcem1.jpg\" alt=\"\" align=\"left\" \/><span style=\"color: #777777; font-family: Arial;\">Et puis, il y a un livre r\u00e9cent que j&rsquo;ai acquis. C&rsquo;est un livre de <strong>Christine Mondon<\/strong> qui avait aussi publi\u00e9 \u00ab\u00a0<strong>Franz Schubert, le musicien de l&rsquo;ombre<\/strong>\u00a0\u00bb que j&rsquo;ai largement cit\u00e9 lors de la s\u00e9rie consacr\u00e9e \u00e0 l&rsquo;ann\u00e9e 1828 de Schubert. Christine Mondon a \u00e9crit \u00ab\u00a0<a href=\"https:\/\/www.chez-mon-libraire.fr\/livre\/9782758702375-incomparable-beethoven-christine-mondon\/\"><span style=\"color: #0000ff;\">Incomparable Beethoven<\/span>\u00a0<\/a>\u00bb paru en novembre 2020.<br \/>\n<\/span><\/p>\n<p><span style=\"color: #777777; font-family: Arial;\">C&rsquo;est gr\u00e2ce \u00e0 ces trois sources que je peux retracer la trajectoire de la famille Beethoven de la Flandre vers Bonn.<br \/>\n<\/span><\/p>\n<p><span style=\"color: #777777; font-family: Arial;\">Nous remonterons donc \u00e0 la ville belge de <strong>Malines, <\/strong>dans laquelle arrivent, vers la fin du XVII\u00e8me si\u00e8cle<strong> Corneille van Beethoven <\/strong>et sa s\u0153ur<strong> Maria.<br \/>\n<\/strong><\/span><\/p>\n<p><span style=\"color: #777777; font-family: Arial;\">Christine Mondon nous apprend que Corneille est un descendant de Josyne van Beethoven. &lt;<a href=\"http:\/\/www.lvbeethoven.fr\/Famille\/Genealogie.html\"><span style=\"color: #0000ff;\">Ce site<\/span><\/a>&gt; qui entend dresser la g\u00e9n\u00e9alogie de Beethoven montre qu&rsquo;elle \u00e9tait l&rsquo;arri\u00e8re-grand-m\u00e8re de Corneille. Elle \u00e9tait n\u00e9e <strong>Van Vlesselaer.<br \/>\n<\/strong><\/span><\/p>\n<p><span style=\"color: #777777; font-family: Arial;\">Christine Mandon \u00e9crit\u00a0:<br \/>\n<\/span><\/p>\n<p style=\"margin-left: 28pt;\"><span style=\"color: #c00000; font-family: Arial;\">\u00ab Josyne van Beethoven, une femme \u00e9mancip\u00e9e, id\u00e9aliste et ind\u00e9pendante, marqu\u00e9e par une grande ouverture d&rsquo;esprit, a d\u00e9fray\u00e9 son \u00e9poque car elle fut pr\u00e9cis\u00e9ment suspect\u00e9e d&rsquo;avoir fait un pacte avec le diable en \u00e9change du savoir. Les intrigues, la mesquinerie et la m\u00e9chancet\u00e9 des villageois ont fini par l&#8217;emporter et elle fut, apr\u00e8s de grands s\u00e9vices, contrainte \u00e0 l&rsquo;aveu et ex\u00e9cut\u00e9e sur la place publique. Cet \u00e9v\u00e8nement a laiss\u00e9 des traces dans la m\u00e9moire collective de la famille. \u00bb<br \/>\n<\/span><span style=\"color: #c00000; font-family: Arial;\"><em>Incomparable Beethoven &#8211; pages 13 et 14<br \/>\n<\/em><\/span><\/p>\n<p><span style=\"color: #777777; font-family: Arial;\">Les historiens contemporains ont r\u00e9alis\u00e9 un travail consid\u00e9rable pour essayer de comprendre cette folie qui s&rsquo;est empar\u00e9e de l&rsquo;occident et qui a co\u00fbt\u00e9 la vie \u00e0 tant de femmes remarquables, connaissant les plantes, savantes, \u00e9mancip\u00e9es et qu&rsquo;on a tortur\u00e9es, brul\u00e9es et dans le cas de <strong>Josyne Van Vlesselaer,<\/strong> \u00e9pouse Beethoven, pendues.<br \/>\n<\/span><\/p>\n<p><span style=\"color: #777777; font-family: Arial;\">Et le rebelle que sera Ludwig van Beethoven descend d&rsquo;une telle femme !<br \/>\n<\/span><\/p>\n<p><span style=\"color: #777777; font-family: Arial;\">Revenons \u00e0 l&rsquo;arriv\u00e9e de la famille Beethoven \u00e0 Malines<br \/>\n<\/span><\/p>\n<p><span style=\"color: #777777; font-family: Arial;\">La premi\u00e8re mention de <strong>Cornelius, ou Corneille<\/strong>, sur les registres de Malines date <strong>du 30 ao\u00fbt 1671<\/strong>, lors du mariage de sa s\u0153ur Marie.<br \/>\n<\/span><\/p>\n<p><span style=\"color: #777777; font-family: Arial;\">Corneille s&rsquo;est mari\u00e9 \u00e0 Malines le 12 f\u00e9vrier 1673, avec <strong>Catherine van Leempoel<\/strong>. Et c&rsquo;est \u00e0 la paroisse de Notre Dame, le 29 mars 1716, que Corneille van Beethoven a \u00e9t\u00e9 enterr\u00e9, escort\u00e9 par la corporation des charpentiers.<br \/>\n<\/span><\/p>\n<p><span style=\"color: #777777; font-family: Arial;\">Il \u00e9tait probablement charpentier ou peut \u00eatre menuisier.<br \/>\n<\/span><\/p>\n<p><span style=\"color: #777777; font-family: Arial;\">Corneille et Catherine vont avoir comme fils <strong>Michel van Beethoven <\/strong>qui est n\u00e9 le 15 f\u00e9vrier 1684. A c\u00f4t\u00e9 des \u00c9glises, il existait des corporations qui elles aussi r\u00e9digeaient et conservaient des registres. <\/span><span style=\"color: #777777; font-family: Arial;\">Et c&rsquo;est pourquoi nous pouvons savoir que Michel est apprenti boulanger en 1700 et devient Ma\u00eetre boulanger le 5 octobre 1707.<br \/>\n<\/span><\/p>\n<p><span style=\"color: #777777; font-family: Arial;\">Michel se marie le 18 octobre 1707 avec <strong>Maria Ludovica Stuyckers<\/strong>. Ils auront plusieurs fils dont <strong>Ludwig<\/strong> n\u00e9 le 5 janvier 1712 et qui sera le grand p\u00e8re de Ludwig van Beethoven. C&rsquo;est pourquoi, l&rsquo;Histoire l&rsquo;appelle <strong>Ludwig l&rsquo;ancien.<\/strong><br \/>\n<\/span><\/p>\n<p><span style=\"color: #777777; font-family: Arial;\">C&rsquo;est lui le premier de la famille qui va s&rsquo;installer \u00e0 Bonn. Il aura une place particuli\u00e8re dans le c\u0153ur et la vie de Beethoven.<br \/>\n<\/span><\/p>\n<p><span style=\"color: #777777; font-family: Arial;\">Mais restons d&rsquo;abord sur le cas de son p\u00e8re qui est boulanger, mais qui va se lancer dans \u00ab\u00a0les affaires\u00a0\u00bb. Il semble qu&rsquo;il proc\u00e8de \u00e9galement \u00e0 l&rsquo;achat et \u00e0 la vente de tableaux. puis vers 1720, il exerce le commerce de la dentelle de Malines, particuli\u00e8rement r\u00e9put\u00e9e et objet de luxe. Au d\u00e9but les affaires semblent florissantes puisque le couple investit dans l&rsquo;immobilier et poss\u00e8dent en 1727, \u00e0 Malines, quatre maisons en plus des lieux d&rsquo;habitation qu&rsquo;ils avaient chacun h\u00e9rit\u00e9s de leurs parents.<br \/>\n<\/span><\/p>\n<p><span style=\"color: #777777; font-family: Arial;\">Mais, probablement qu&rsquo;ils souhaitent encore faire fructifier leur patrimoine et ils empruntent beaucoup d&rsquo;argent. Ces emprunts, les \u00e9poux Beethoven ne vont pas parvenir \u00e0 les rembourser. Ils sont poursuivis devant les tribunaux et pour \u00e9chapper \u00e0 la justice ils s&rsquo;enfuient et vont retrouver leur fils, Ludwig l&rsquo;ancien, ainsi qu&rsquo;un autre qui sont install\u00e9s \u00e0 Bonn, sur les terres du prince \u00e9lecteur de Cologne, dont la r\u00e9sidence principale et la vie de Cour se passe \u00e0 Bonn. Ils sont ruin\u00e9s mais \u00e0 l&rsquo;abri de la justice flamande.<br \/>\n<\/span><\/p>\n<p><img loading=\"lazy\" decoding=\"async\" class=\"alignleft\" src=\"https:\/\/lemotdujour.fr\/wp-content\/uploads\/2020\/12\/121420_2357_mardi15dcem2.jpg\" alt=\"\" width=\"252\" height=\"519\" align=\"left\" \/><span style=\"color: #777777; font-family: Arial;\">Mais int\u00e9ressons-nous \u00e0 <strong>Ludwig l&rsquo;ancien<\/strong> dont nous conservons un portrait. Il avait \u00e9t\u00e9 peint par le peintre officiel de la Cour du Prince \u00c9lecteur de Cologne, Amelius Radoux. Ce qui d\u00e9montre la place \u00e9minente que le grand-p\u00e8re occupait. Ce portrait a accompagn\u00e9 Beethoven toute sa vie. <\/span><\/p>\n<p><span style=\"color: #777777; font-family: Arial;\">L&rsquo;historienne Elisabeth Brisson dans l&rsquo;\u00e9mission de la radio belge explique :<br \/>\n<\/span><\/p>\n<p style=\"margin-left: 28pt;\"><span style=\"color: #c00000; font-family: Arial;\">\u00ab\u00a0Dans le portrait r\u00e9alis\u00e9 par Radoux, Ludwig l&rsquo;ancien tient une partition en main, on pense que c&rsquo;est la serva padrona de Pergol\u00e8se. On a besoin de montrer qu&rsquo;il avait cette profession de musicien. Alors que son petit-fils, on pourra le montrer sans aucun indice de sa fonction. C&rsquo;est un personnage important [sinon le peintre de la Cour n&rsquo;aurait pas fait son portrait]. Il meurt en 1773. Beethoven l&rsquo;a un tout petit peu connu, mais il restera une figure pour lui. Il ne le dit pas mais on voit bien qu&rsquo;il voudra \u00eatre comme son grand-p\u00e8re et devenir ma\u00eetre de chapelle. Mais lui ne va pas y parvenir.<br \/>\n<\/span><\/p>\n<p><span style=\"color: #777777; font-family: Arial;\"><img loading=\"lazy\" decoding=\"async\" class=\"wp-image-10415 alignright\" src=\"https:\/\/lemotdujour.fr\/wp-content\/uploads\/2020\/12\/Le-g\u00e9nie-de-Beethoven-Bernard-Fournier.jpeg\" alt=\"\" width=\"215\" height=\"341\" srcset=\"https:\/\/lemotdujour.fr\/wp-content\/uploads\/2020\/12\/Le-g\u00e9nie-de-Beethoven-Bernard-Fournier.jpeg 340w, https:\/\/lemotdujour.fr\/wp-content\/uploads\/2020\/12\/Le-g\u00e9nie-de-Beethoven-Bernard-Fournier-189x300.jpeg 189w\" sizes=\"auto, (max-width: 215px) 100vw, 215px\" \/>Le musicologue Bernard Fournier a \u00e9crit des ouvrages de r\u00e9f\u00e9rences sur les quatuors \u00e0 cordes et notamment de Beethoven ainsi qu&rsquo;un livre plus g\u00e9n\u00e9ral \u00e0 qui il a donn\u00e9 le titre : \u00ab\u00a0<a href=\"https:\/\/www.fayard.fr\/musique\/le-genie-de-beethoven-9782213677187\"><span style=\"color: #0000ff;\">Le g\u00e9nie de Beethoven<\/span>\u00a0<\/a>\u00bb. Il intervient aussi dans l&rsquo;\u00e9mission et dit\u00a0:<br \/>\n<\/span><\/p>\n<p style=\"margin-left: 28pt;\"><span style=\"color: #c00000; font-family: Arial;\">\u00ab\u00a0Toute sa vie, Beethoven caressera le r\u00eave de devenir ma\u00eetre de chapelle. Mais il n&rsquo;y arrivera jamais. Il essayera plusieurs fois, mais il passera toujours \u00e0 c\u00f4t\u00e9. Il fera bien mieux que cela, mais il aura toujours ce r\u00eave insens\u00e9. Il voulait s&rsquo;identifier \u00e0 son grand p\u00e8re qui pendant toute son enfance a constitu\u00e9 le grand individu [de la famille] [\u2026] Il n&rsquo;oubliera jamais l&rsquo;image, il avait encore le portrait avec lui dans la chambre o\u00f9 il est mort \u00e0 Vienne. <strong>Ce grand p\u00e8re va lui permettre de se forger le mythe de la grandeur et du grand individu qui n&rsquo;arr\u00eatera pas de le porter et de le pousser<\/strong>.\u00a0\u00bb<br \/>\n<\/span><\/p>\n<p><span style=\"color: #777777; font-family: Arial;\">Beethoven ne deviendra pas comme son grand-p\u00e8re, un fonctionnaire de la musique. Il restera toute sa vie un musicien pr\u00e9caire qui devra compter sur la g\u00e9n\u00e9rosit\u00e9 de ses m\u00e9c\u00e8nes et aussi de ses talents de n\u00e9gociateurs pour vendre sa musique. Il devient ainsi le premier musicien ind\u00e9pendant qui n&rsquo;est pas rattach\u00e9 \u00e0 un souverain, une cour ou une institution.<br \/>\n<\/span><\/p>\n<p><span style=\"color: #777777; font-family: Arial;\">Ludwig l&rsquo;ancien se lance donc dans la musique. Il chante, joue de l&rsquo;orgue et veut faire de la musique sa profession. Mais \u00e0 Malines, les possibilit\u00e9s de gagner sa vie avec la musique sont peu nombreuses. Aussi, le jeune Ludwig tente sa chance pour un emploi de t\u00e9nor \u00e0 l&rsquo;\u00e9glise coll\u00e9giale de Saint-Pierre, \u00e0 Louvain. Il y est re\u00e7u et probablement en raison de ses talents est rep\u00e9r\u00e9 par le ma\u00eetre de chapelle, qui le propose pour le remplacer dans la direction de la ma\u00eetrise, ce qu&rsquo;il devient le 9 novembre 1731.<br \/>\n<\/span><\/p>\n<p><span style=\"color: #777777; font-family: Arial;\">Mais il ne s&rsquo;arr\u00eatera pas l\u00e0, peu apr\u00e8s en f\u00e9vrier 1732, il quitte Louvain pour la cath\u00e9drale Saint-Lambert, \u00e0 Li\u00e8ge, et en mars 1733 part pour Bonn.<br \/>\n<\/span><\/p>\n<p><img loading=\"lazy\" decoding=\"async\" class=\"alignnone size-full wp-image-10416\" src=\"https:\/\/lemotdujour.fr\/wp-content\/uploads\/2020\/12\/Le-p\u00e9riple-de-larri\u00e8re-grand-p\u00e8re.png\" alt=\"\" width=\"1089\" height=\"439\" srcset=\"https:\/\/lemotdujour.fr\/wp-content\/uploads\/2020\/12\/Le-p\u00e9riple-de-larri\u00e8re-grand-p\u00e8re.png 1089w, https:\/\/lemotdujour.fr\/wp-content\/uploads\/2020\/12\/Le-p\u00e9riple-de-larri\u00e8re-grand-p\u00e8re-300x121.png 300w, https:\/\/lemotdujour.fr\/wp-content\/uploads\/2020\/12\/Le-p\u00e9riple-de-larri\u00e8re-grand-p\u00e8re-1024x413.png 1024w, https:\/\/lemotdujour.fr\/wp-content\/uploads\/2020\/12\/Le-p\u00e9riple-de-larri\u00e8re-grand-p\u00e8re-768x310.png 768w\" sizes=\"auto, (max-width: 1089px) 100vw, 1089px\" \/><\/p>\n<p><span style=\"color: #777777; font-family: Arial;\">Pour faire carri\u00e8re \u00e0 cette \u00e9poque, il faut avoir quelques talents et aussi profiter de certaines opportunit\u00e9s. Certains affirment que cela reste vrai.<br \/>\n<\/span><\/p>\n<p><span style=\"color: #777777; font-family: Arial;\">Par un heureux hasard de circonstances l\u2019\u00c9v\u00eaque de Li\u00e8ge qui bien s\u00fbr officiait \u00e0 la cath\u00e9drale de Li\u00e8ge, \u00e9tait le Prince \u00c9lecteur de Cologne, <strong>Clemens August<\/strong> qui \u00e9tait aussi archev\u00eaque de Cologne. Bref c&rsquo;\u00e9tait un cumulard\u00a0!<br \/>\n<\/span><\/p>\n<p><span style=\"color: #777777; font-family: Arial;\">Visiblement ses qualit\u00e9s lui ont permis d&rsquo;\u00eatre rep\u00e9r\u00e9 par le Prince \u00c9lecteur qui l&rsquo;incorpore dans le ch\u0153ur de la chapelle de sa Cour de Bonn.<br \/>\n<\/span><\/p>\n<p><span style=\"color: #777777; font-family: Arial;\">Peu apr\u00e8s son arriv\u00e9e \u00e0 Bonn, <strong>Ludwig l&rsquo;ancien<\/strong> se marie avec <strong>Maria-Josepha Poll<\/strong>, le 17 septembre 1733.<br \/>\n<\/span><\/p>\n<p><span style=\"color: #777777; font-family: Arial;\">Christine Mandon \u00e9crit\u00a0:<br \/>\n<\/span><\/p>\n<p style=\"margin-left: 28pt;\"><span style=\"color: #c00000; font-family: Arial;\">\u00ab\u00a0Ambitieux, il convoite la direction de la Chapelle de cour. Grande est sa d\u00e9ception, lorsque le violoniste fran\u00e7ais <a href=\"https:\/\/fr.wikipedia.org\/wiki\/Joseph_Touchemoulin\"><span style=\"color: #0000ff;\">Joseph Touchemoulin<\/span><\/a> re\u00e7oit le titre de ma\u00eetre de chapelle.\u00a0\u00bb<br \/>\n<\/span><\/p>\n<p><span style=\"color: #777777; font-family: Arial;\">Mais le Prince \u00c9lecteur meurt, le 6 f\u00e9vrier 1761 et il est remplac\u00e9 par <strong>Maximilian-Friedrich <\/strong>qui veut faire des \u00e9conomies car il doit financer la guerre de sept ans. Il d\u00e9cide de rogner du tiers les \u00e9moluments du sieur Touchemoulin qui refuse et trouve un poste \u00e0 Regensbourg.<br \/>\n<\/span><\/p>\n<p><span style=\"color: #777777; font-family: Arial;\">Ludwig l&rsquo;ancien qui \u00e9tait certainement un bon musicien mais qui \u00e9tait aussi n\u00e9gociateur, arrive \u00e0 convaincre le Prince \u00e9lecteur de lui donner le poste convoit\u00e9 en associant sa fonction de chanteur et de ma\u00eetre de chapelle : deux emplois pour le m\u00eame prix.<br \/>\n<\/span><\/p>\n<p><span style=\"color: #777777; font-family: Arial;\">D&rsquo;autant que pour arrondir ses revenus, il se lance dans le commerce de vins.<br \/>\n<\/span><\/p>\n<p><span style=\"color: #777777; font-family: Arial;\">Je cite \u00e0 nouveau Christine Mandon\u00a0:<br \/>\n<\/span><\/p>\n<p style=\"margin-left: 28pt;\"><span style=\"color: #c00000; font-family: Arial;\">\u00ab\u00a0La premi\u00e8re victime a \u00e9t\u00e9 son \u00e9pouse Maria-Josepha (1714-1775) sombrant dans l&rsquo;alcoolisme et finissant ses jours dans un couvent de Cologne. De cette union sont n\u00e9s trois enfants [\u2026] et <strong>Johann, le p\u00e8re de Beethoven, <\/strong>n\u00e9 en mars 1740, le seul qui restera en vie<strong>.\u00a0\u00bb<br \/>\n<\/strong><\/span><\/p>\n<p><span style=\"color: #777777; font-family: Arial;\">Johann sera musicien comme son p\u00e8re et alcoolique comme sa m\u00e8re. D&rsquo;ailleurs Beethoven, grand amateur de vin n&rsquo;\u00e9chappera pas \u00e0 cette addiction.<br \/>\n<\/span><\/p>\n<p><span style=\"color: #777777; font-family: Arial;\">Jeune, il suit une classe pr\u00e9paratoire au Coll\u00e8ge des J\u00e9suites. Puis, il devient soprano \u00e0 la Chapelle de la Cour, \u00e0 l&rsquo;\u00e2ge de douze ans. Par la suite, Johann est musicien de la Cour.<br \/>\n<\/span><\/p>\n<p><span style=\"color: #777777; font-family: Arial;\">Il se marie le 12 novembre 1767 \u00e0 l&rsquo;\u00e9glise Saint R\u00e9my de Bonn avec <strong>Maria Magdalena Keverich <\/strong>(1746-1787) contre l&rsquo;avis de son p\u00e8re. Elle \u00e9tait fille d&rsquo;un chef cuisinier et d\u00e9j\u00e0 veuve \u00e0 21 ans d&rsquo;un valet de chambre de l&rsquo;\u00e9lecteur de Tr\u00eaves. Ludwig l&rsquo;ancien consid\u00e9ra que ce n&rsquo;\u00e9tait pas un bon parti pour le fils du ma\u00eetre de chapelle et il refusa d&rsquo;assister au mariage.<br \/>\n<\/span><br \/>\n<a href=\"https:\/\/upload.wikimedia.org\/wikipedia\/commons\/d\/d8\/Thirteen-year-old_Beethoven.jpg\"><img loading=\"lazy\" decoding=\"async\" class=\"wp-image-10415 alignright\" src=\"https:\/\/lemotdujour.fr\/wp-content\/uploads\/2020\/12\/121520_1010_LundiXXdcem1.jpg\" alt=\"\" width=\"238\" height=\"342\" align=\"right\" \/><\/a><span style=\"color: #777777; font-family: Arial;\">Ludwig est le deuxi\u00e8me de leurs sept enfants, dont trois seulement atteignent l&rsquo;\u00e2ge adulte\u00a0: lui-m\u00eame, Kaspar-Karl (1774-1815) et Johann (1776-1848).<\/span><\/p>\n<p><span style=\"color: #777777; font-family: Arial;\">M\u00eame si les relations entre Ludwig et son p\u00e8re sont bien plus complexes que la violence d&rsquo;une \u00e9ducation caricatur\u00e9e \u00e0 l&rsquo;extr\u00eame par certains biographes, la vie de Johann ne fut pas un exemple de temp\u00e9rance et de rigueur. Son alcoolisme d\u00e9grada peu \u00e0 peu ses capacit\u00e9s \u00e0 assumer ses obligations familiales et Ludwig van Beethoven dut assumer de plus en plus les charges de la famille gr\u00e2ce \u00e0 son talent de musicien.<\/span><\/p>\n<p><span style=\"color: #777777; font-family: Arial;\">Christine Mondon pr\u00e9cise que jamais Beethoven ne se plaindra de son p\u00e8re et qu&rsquo;il lui sera toujours reconnaissant de l&rsquo;avoir initi\u00e9 \u00e0 la musique. :<br \/>\n<\/span><\/p>\n<p style=\"margin-left: 28pt;\"><span style=\"color: #c00000; font-family: Arial;\">\u00abUn document manuscrit permet de constater sa reconnaissance : il s&rsquo;agit d&rsquo;une copie effectu\u00e9e par son p\u00e8re d&rsquo;une partition de C.P.E. Bach qu&rsquo;il aimait chanter et o\u00f9 Ludwig inscrit : \u00ab \u00c9crit par mon cher p\u00e8re. \u00bb\u00bb<br \/>\n<\/span><span style=\"color: #c00000; font-family: Arial;\"><em>Beethoven l&rsquo;incomparable page 19<br \/>\n<\/em><\/span><\/p>\n<p><span style=\"color: #777777; font-family: Arial;\">Comme \u0153uvre aujourd&rsquo;hui je propose d&rsquo;aborder le cycle le plus remarquable de Beethoven, celui des quatuors \u00e0 cordes. Il faut bien sur d\u00e9buter par les premiers\u00a0:<br \/>\n<\/span><\/p>\n<p><span style=\"color: #777777; font-family: Arial;\">&lt;<span style=\"color: #0000ff;\"><a style=\"color: #0000ff;\" href=\"https:\/\/www.youtube.com\/watch?v=RiXsGWruH8I\">Andante cantabile con variazioni<\/a><\/span>&gt; du quatuor \u00e0 cordes opus 18 N\u00b05 jou\u00e9 par le Quatuor Emerson.<br \/>\n<\/span><\/p>\n<p><span style=\"color: #777777; font-family: Arial;\">Et pour \u00e9couter le quatuor dans son int\u00e9gralit\u00e9 voici la version lumineuse du &lt;<a href=\"https:\/\/www.youtube.com\/watch?v=KPaJ4vf2uYs\"><span style=\"color: #0000ff;\">Quatuor Alban Berg de Vienne<\/span><\/a>&gt;<br \/>\n<\/span><\/p>\n<p><span style=\"color: #800000;\">&lt;1508&gt;<\/span><\/p>\n","protected":false},"excerpt":{"rendered":"<p>\u00ab Ce grand p\u00e8re [Ludwig l&rsquo;ancien] va lui permettre de se forger le mythe de la grandeur et du grand individu qui n&rsquo;arr\u00eatera pas de le porter et de le pousser. \u00bb Bernard Fournier Le 15 d\u00e9cembre constitue le premier<\/p>\n","protected":false},"author":1,"featured_media":0,"comment_status":"open","ping_status":"closed","sticky":false,"template":"","format":"standard","meta":{"footnotes":""},"categories":[1],"tags":[47,17,20],"class_list":["post-10409","post","type-post","status-publish","format-standard","hentry","category-motdujour","tag-allemagne","tag-histoire","tag-musique"],"_links":{"self":[{"href":"https:\/\/lemotdujour.fr\/index.php?rest_route=\/wp\/v2\/posts\/10409","targetHints":{"allow":["GET"]}}],"collection":[{"href":"https:\/\/lemotdujour.fr\/index.php?rest_route=\/wp\/v2\/posts"}],"about":[{"href":"https:\/\/lemotdujour.fr\/index.php?rest_route=\/wp\/v2\/types\/post"}],"author":[{"embeddable":true,"href":"https:\/\/lemotdujour.fr\/index.php?rest_route=\/wp\/v2\/users\/1"}],"replies":[{"embeddable":true,"href":"https:\/\/lemotdujour.fr\/index.php?rest_route=%2Fwp%2Fv2%2Fcomments&post=10409"}],"version-history":[{"count":14,"href":"https:\/\/lemotdujour.fr\/index.php?rest_route=\/wp\/v2\/posts\/10409\/revisions"}],"predecessor-version":[{"id":12649,"href":"https:\/\/lemotdujour.fr\/index.php?rest_route=\/wp\/v2\/posts\/10409\/revisions\/12649"}],"wp:attachment":[{"href":"https:\/\/lemotdujour.fr\/index.php?rest_route=%2Fwp%2Fv2%2Fmedia&parent=10409"}],"wp:term":[{"taxonomy":"category","embeddable":true,"href":"https:\/\/lemotdujour.fr\/index.php?rest_route=%2Fwp%2Fv2%2Fcategories&post=10409"},{"taxonomy":"post_tag","embeddable":true,"href":"https:\/\/lemotdujour.fr\/index.php?rest_route=%2Fwp%2Fv2%2Ftags&post=10409"}],"curies":[{"name":"wp","href":"https:\/\/api.w.org\/{rel}","templated":true}]}}