{"id":10402,"date":"2020-12-14T00:41:17","date_gmt":"2020-12-13T23:41:17","guid":{"rendered":"http:\/\/lemotdujour.fr\/?p=10402"},"modified":"2021-01-17T23:56:13","modified_gmt":"2021-01-17T22:56:13","slug":"lundi-14-decembre-2020","status":"publish","type":"post","link":"https:\/\/lemotdujour.fr\/?p=10402","title":{"rendered":"Lundi 14 d\u00e9cembre 2020"},"content":{"rendered":"<div class=\"mdjTexte\">\u00ab\u00a0La trahison du biographe de Beethoven. \u00bb<\/div>\n<div class=\"mdjAuteur\">La biographie d&rsquo;Anton Schindler a fait longtemps autorit\u00e9 jusqu&rsquo;\u00e0 ce que l&rsquo;on constate qu&rsquo;il y avait des falsifications.<\/div>\n<p><span style=\"color: #777777; font-family: Arial;\">Quand on lit plusieurs r\u00e9cits sur une personne et que ces diff\u00e9rents r\u00e9cits sont identiques, il y a deux hypoth\u00e8ses\u00a0: la premi\u00e8re c&rsquo;est que ce qui est relat\u00e9 constitue la v\u00e9rit\u00e9, la seconde est que tous ces r\u00e9cits se fondent sur une source unique qui a initi\u00e9 le r\u00e9cit.<br \/>\n<\/span><\/p>\n<p><span style=\"color: #777777; font-family: Arial;\">Beethoven a eu une enfance tr\u00e8s malheureuse. Son p\u00e8re ayant cru percevoir en lui un nouveau petit Mozart a voulu faire de lui un singe savant. Pour ce faire, il l&rsquo;astreignait avec beaucoup de violence \u00e0 des le\u00e7ons de piano qu&rsquo;il lui prodiguait. Souvent, il \u00e9tait ivre et rentrait alors \u00e0 la maison le soir, r\u00e9veillait le petit Ludwig qui dormait et l&rsquo;obligeait alors \u00e0 jouer du piano en le frappant chaque fois qu&rsquo;il commettait une erreur.<br \/>\n<\/span><\/p>\n<p><span style=\"color: #777777; font-family: Arial;\">Quand j&rsquo;\u00e9tais \u00e9tudiant en droit, au d\u00e9but des ann\u00e9es 1980, la question de l&rsquo;avortement, malgr\u00e9 la Loi Veil, \u00e9tait encore tr\u00e8s pr\u00e9sente.<br \/>\n<\/span><\/p>\n<p><span style=\"color: #777777; font-family: Arial;\">Un professeur de droit nous a racont\u00e9 une histoire\u00a0: Un professeur de m\u00e9decine faisait cours devant un amphith\u00e9\u00e2tre d&rsquo;\u00e9tudiants en m\u00e9decine. Et il a propos\u00e9 \u00e0 ses \u00e9l\u00e8ves de donner leur opinion sur le cas d&rsquo;une femme enceinte qui serait venu le voir en consultation. Le professeur \u00e9num\u00e8re alors la liste des maladies de la m\u00e8re et aussi du p\u00e8re, tout en d\u00e9crivant la situation sociale du couple. Et il pose la question \u00e0 ses \u00e9l\u00e8ves, si cette femme vous demande s&rsquo;il \u00e9tait sage d&rsquo;avorter que lui r\u00e9pondriez-vous\u00a0? La r\u00e9ponse de la salle fut tr\u00e8s majoritairement pour le conseil d&rsquo;avorter. Et\u2026 \u00e0 ce moment-l\u00e0 le professeur triomphant annonce\u00a0: \u00ab\u00a0Vous venez de tuer Beethoven\u00a0!\u00a0\u00bb.<br \/>\n<\/span><\/p>\n<p><span style=\"color: #777777; font-family: Arial;\">J&rsquo;ai entendu cette histoire \u00e0 la m\u00eame \u00e9poque, \u00e0 la radio.<br \/>\n<\/span><\/p>\n<p><span style=\"color: #777777; font-family: Arial;\">Je ne sais pas si elle est exacte et si vraiment un professeur de m\u00e9decine s&rsquo;est livr\u00e9 \u00e0 cette mise en sc\u00e8ne.<br \/>\n<\/span><\/p>\n<p><span style=\"color: #777777; font-family: Arial;\">De toute fa\u00e7on cette histoire ne dit rien de pertinent sur l&rsquo;avortement, mais dit tout sur l&rsquo;image v\u00e9hicul\u00e9e par des ann\u00e9es de r\u00e9cit sur Beethoven et sa famille.<br \/>\n<\/span><\/p>\n<p><img loading=\"lazy\" decoding=\"async\" class=\"alignleft\" src=\"https:\/\/lemotdujour.fr\/wp-content\/uploads\/2020\/12\/121320_2323_Lundi14dcem1.jpg\" alt=\"\" width=\"329\" height=\"508\" align=\"left\" \/><span style=\"color: #777777; font-family: Arial;\">R\u00e9cemment j&rsquo;ai lu un livre \u00e9crit par plusieurs auteurs et notamment par l&rsquo;historienne <strong>Elisabeth Brisson<\/strong>\u00a0: \u00ab<span style=\"color: #0000ff;\">\u00a0<\/span><a href=\"https:\/\/books.google.fr\/books\/about\/Beethoven_et_apr%C3%A8s.html?id=alTGDwAAQBAJ&amp;printsec=frontcover&amp;source=kp_read_button&amp;redir_esc=y\"><span style=\"color: #0000ff;\"><strong>Beethoven\u00a0 et apr\u00e8s<\/strong><\/span>\u00a0<\/a>\u00bb.<br \/>\n<\/span><\/p>\n<p><span style=\"color: #777777; font-family: Arial;\">Une des parties \u00e9crites par Elisabeth Brisson\u00a0: \u00ab\u00a0<strong>Les enjeux d&rsquo;une biographie<\/strong>\u00a0\u00bb m&rsquo;a appris comment un homme qui avait \u00e9t\u00e9, lors des derniers mois de la vie de Beethoven son secr\u00e9taire, a jou\u00e9 un r\u00f4le trouble dans l&rsquo;\u00e9laboration du r\u00e9cit de la vie de Beethoven.<br \/>\n<\/span><\/p>\n<p><span style=\"color: #777777; font-family: Arial;\">Tr\u00e8s rapidement apr\u00e8s la mort de Beethoven, le 26 mars 1827, il est apparu essentiel \u00e0 l&rsquo;entourage de Beethoven d&rsquo;\u00e9crire une biographie du \u00ab\u00a0grand homme\u00a0\u00bb.<br \/>\n<\/span><\/p>\n<p><span style=\"color: #777777; font-family: Arial;\">Au d\u00e9part le projet est entre les mains de <strong>Stephan von Breuning<\/strong> qui est le tuteur de Karl, le neveu que Beethoven avait adopt\u00e9 \u00e0 la suite de la mort de son fr\u00e8re, et qui est donc ex\u00e9cuteur testamentaire puisque Karl est l&rsquo;h\u00e9ritier.<br \/>\n<\/span><\/p>\n<p><span style=\"color: #777777; font-family: Arial;\">Mais un autre personnage est imm\u00e9diatement intervenu, cet homme est <strong>Anton Schindler<\/strong> qui \u00e9tait le secr\u00e9taire de Beethoven, c&rsquo;est en tout cas lui qui est rest\u00e9 le plus continuellement pr\u00e8s de Beethoven lors des derniers mois de sa vie.<br \/>\n<\/span><\/p>\n<p><span style=\"color: #777777; font-family: Arial;\">Anton Schindler, n\u00e9 en Moravie, \u00e9tait venu \u00e0 Vienne faire des \u00e9tudes de droit et il est devenu clerc de notaire. Mais parall\u00e8lement il se consacre \u00e0 la musique et joue du violon. C&rsquo;est en 1814, alors qu&rsquo;il a 19 ans, qu&rsquo;il rencontre Beethoven dont il devient le secr\u00e9taire b\u00e9n\u00e9vole d\u00e8s 1822 (vivant m\u00eame dans la maison du compositeur).\u00a0 Apr\u00e8s une brouille de deux ans qui d\u00e9bute en mai 1824, Schindler r\u00e9int\u00e8gre le cercle des amis du compositeur jusqu&rsquo;\u00e0 la mort de ce dernier, donc de 1826 \u00e0 1827.<br \/>\n<\/span><\/p>\n<p><span style=\"color: #777777; font-family: Arial;\">C&rsquo;est donc Stephan von Breuning et Anton Schindler qui apr\u00e8s concertation d\u00e9cid\u00e8rent de r\u00e9partir la nombreuse documentation de Beethoven en vue d&rsquo;\u00e9crire une biographie entre les trois personnes qui \u00e9taient, selon eux, les plus proches de Beethoven, c&rsquo;est-\u00e0-dire eux deux et Franz Wegeler, l&rsquo;ami de jeunesse \u00e0 Bonn. C&rsquo;est \u00e0 ce dernier que revenait de rassembler et de trier les informations sur la p\u00e9riode de Bonn. Anton Schindler ferait la m\u00eame chose pour la derni\u00e8re p\u00e9riode de 1814 \u00e0 1827 et Stephan Breuning s&rsquo;occuperait de la p\u00e9riode m\u00e9diane.<br \/>\n<\/span><\/p>\n<p><span style=\"color: #777777; font-family: Arial;\">Et suite \u00e0 ce travail, il \u00e9tait pr\u00e9vu de confier le travail d&rsquo;\u00e9criture de la biographie \u00e0 un \u00e9crivain sp\u00e9cialis\u00e9 dans le monde musical.<br \/>\n<\/span><\/p>\n<p><span style=\"color: #777777; font-family: Arial;\">Ce plan ordonn\u00e9 allait se heurter \u00e0 une premi\u00e8re difficult\u00e9 Stephan Breuning meurt le 14 juin 1827, soit moins de 3 mois apr\u00e8s la mort de Beethoven. l<br \/>\n<\/span><\/p>\n<p><span style=\"color: #777777; font-family: Arial;\">Elisabeth Brisson pr\u00e9cise que Schindler\u00a0:<br \/>\n<\/span><\/p>\n<p style=\"margin-left: 28pt;\"><span style=\"color: #c00000; font-family: Arial;\">\u00ab\u00a0n&rsquo;a \u00e9t\u00e9 proche de Beethoven qu&rsquo;en 1823 et 1824, avant les quelques mois de fin 1826, d\u00e9but 1827\u00a0\u00bb<br \/>\n<\/span><\/p>\n<p><span style=\"color: #777777; font-family: Arial;\">Schindler entend cependant bien tenir un r\u00f4le \u00e9minent dans l&rsquo;\u00e9laboration de la biographie de Beethoven et en retirer gloire et quelques revenus substantiels.<br \/>\n<\/span><\/p>\n<p><span style=\"color: #777777; font-family: Arial;\">Or, le nouveau tuteur de Karl qui prend la place de Stephan von Breuning est beaucoup moins bien dispos\u00e9 \u00e0 son \u00e9gard et par voie de presse appelle tous ceux qui ont connu Beethoven \u00e0 envoyer leurs t\u00e9moignages et \u00e0 contribuer \u00e0 une souscription destin\u00e9e \u00e0 une biographie.<br \/>\n<\/span><\/p>\n<p><span style=\"color: #777777; font-family: Arial;\">Cette initiative n&rsquo;est pas du go\u00fbt de Schindler qui va d\u00e9sormais user de tous les moyens pour convaincre tous les \u00e9diteurs que c&rsquo;est lui qui d\u00e9tient les cl\u00e9s de la biographie. Il va d\u00e9rober des documents, utiliser les premiers travaux de Wegeler et se vanter que c&rsquo;est lui qui poss\u00e8de les documents et objets de Beethoven les plus importants pour sa biographie. Il d\u00e9cide d&rsquo;\u00e9crire lui-m\u00eame la biographie, sans passer par un professionnel. Il ne dit rien de ses intentions \u00e0 Wegeler ni qu&rsquo;il utilise d\u00e9j\u00e0 les \u00e9crits que ce dernier lui a fait parvenir. Parall\u00e8lement il fait de nombreuses conf\u00e9rences pendant lesquelles il pr\u00e9sente sa vision de Beethoven.<br \/>\n<\/span><\/p>\n<p><span style=\"color: #777777; font-family: Arial;\">Finalement, Wegeler au bout de plusieurs ann\u00e9es commence \u00e0 se m\u00e9fier puis \u00e0 comprendre le r\u00f4le trouble de Schindler. Il va tenter alors d&rsquo;\u00e9crire une biographie avec un \u00e9l\u00e8ve et autre proche de Beethoven. Biographie qui sera publi\u00e9 en 1838, 11 ans apr\u00e8s la mort de Beethoven.<br \/>\n<\/span><\/p>\n<p><span style=\"color: #777777; font-family: Arial;\">En raison de ses man\u0153uvres et de la r\u00e9putation qu&rsquo;il \u00e9tait arriv\u00e9 \u00e0 se faire sur la place de Vienne Schindler parvient \u00e0 convaincre que cette biographie n&rsquo;est pas sinc\u00e8re car elle contredit en plusieurs points ce qu&rsquo;il affirmait dans ses conf\u00e9rences.<br \/>\n<\/span><\/p>\n<p><span style=\"color: #777777; font-family: Arial;\">Finalement, Schindler va sortir une premi\u00e8re biographie en 1840 puis de nouvelles versions en 1845 et 1860 qui vont s&rsquo;imposer comme la biographie de Beethoven.<br \/>\n<\/span><\/p>\n<p><span style=\"color: #777777; font-family: Arial;\">Et pendant plus de 100 ans des livres parlant de Beethoven vont reprendre telles quelles les affirmations et le r\u00e9cit de Schindler, jusqu&rsquo;\u00e0 ce que de vrais historiens revenant aux t\u00e9moignages et aux documents primaires vont \u00e9mettre de s\u00e9rieux doutes.<br \/>\n<\/span><\/p>\n<p><span style=\"color: #777777; font-family: Arial;\">Aujourd&rsquo;hui, il apparait que Schindler a falsifi\u00e9 des documents de Beethoven, notamment les cahiers de conversation qui permettaient \u00e0 Beethoven de communiquer avec ses interlocuteurs malgr\u00e9 sa surdit\u00e9. Il a ainsi ajout\u00e9 du texte \u00e0 ces cahiers et il semble m\u00eame qu&rsquo;il ait d\u00e9truit plusieurs de ces sources pr\u00e9cieuses d&rsquo;informations sur Beethoven.<br \/>\n<\/span><\/p>\n<p><span style=\"color: #777777; font-family: Arial;\">C&rsquo;est pourquoi beaucoup de propos de Beethoven qu&rsquo;on a r\u00e9p\u00e9t\u00e9s \u00e0 l&rsquo;envi sont aujourd&rsquo;hui remis en question.<br \/>\n<\/span><\/p>\n<p><span style=\"color: #777777; font-family: Arial;\">Le fameux \u00ab pom pom pom \u00bb du d\u00e9but de la cinqui\u00e8me symphonie qui serait \u00ab le destin qui frappe \u00e0 la porte \u00bb c&rsquo;est du Schindler, est ce que c&rsquo;est du Beethoven ? nul ne le sait.<br \/>\n<\/span><\/p>\n<p><span style=\"color: #777777; font-family: Arial;\">Elisabeth Brisson conteste surtout la vision doloriste de l&rsquo;enfance de Beethoven et le mythe du Beethoven r\u00e9publicain\u00a0:<br \/>\n<\/span><\/p>\n<p style=\"margin-left: 28pt;\"><span style=\"color: #c00000; font-family: Arial;\">\u00ab\u00a0Fausses anecdotes et vision doloriste de Beethoven c\u00f4toyant celle du Beethoven r\u00e9publicain se sont transform\u00e9es en clich\u00e9s qui ont la vie dure [\u2026] l&rsquo;attribution \u00e0 Beethoven d&rsquo;une pens\u00e9e politique r\u00e9publicaine alors qu&rsquo;il n&rsquo;a cess\u00e9 de chercher l&rsquo;appui de m\u00e9c\u00e8nes aristocrates et de souverains ou l&rsquo;image d&rsquo;un enfant battu, choy\u00e9 par la haute soci\u00e9t\u00e9 de Bonn, accabl\u00e9 par un terrible destin, abandonn\u00e9 de tous et offrant sa vie pour sauver l&rsquo;humanit\u00e9 auquel il apporte la Joie\u2026Les \u00e9chos de cette vision h\u00e9ro\u00efque, construite de toutes pi\u00e8ces, se retrouvent dans les monuments, \u00e9rig\u00e9s en l&rsquo;honneur de Beethoven \u00e0 Bonn en 1845, puis \u00e0 Vienne en 1878, comme dans la \u00ab\u00a0Vie de Beethoven\u00a0\u00bb par Romain Rolland publi\u00e9e en 1903\u00a0\u00bb<br \/>\n<\/span><span style=\"color: #c00000; font-family: Arial;\"><em>Page 100<br \/>\n<\/em><\/span><\/p>\n<p><span style=\"color: #777777; font-family: Arial;\">Quand un biographe trahit comme l&rsquo;a fait Schindler, le probl\u00e8me est que l&rsquo;on ne sait plus si ce qui est dit est vrai ou faux. Tout ce que Schindler a \u00e9crit n&rsquo;est pas faux, mais on ne sait pas le d\u00e9terminer, en l&rsquo;absence d&rsquo;autres sources. D\u00e9s lors, tout ce qu&rsquo;il \u00e9crit devient suspect, peu fiable, on ne peut pas se fonder sur ses \u00e9crits.<br \/>\n<\/span><\/p>\n<p><span style=\"color: #777777; font-family: Arial;\">Mon p\u00e8re aimait r\u00e9p\u00e9ter que Beethoven aurait dit\u00a0: \u00ab\u00a0<span style=\"color: #c00000;\">Je pr\u00e9f\u00e8re un arbre \u00e0 un homme<span style=\"color: #777777;\">\u00a0\u00bb. Je ne suis plus certain que cette phrase f\u00fbt prononc\u00e9e un jour.<br \/>\n<\/span><\/span><\/span><\/p>\n<p><span style=\"color: #777777; font-family: Arial;\">Et m\u00eame l&rsquo;enfance de Beethoven et notamment sa relation avec son p\u00e8re devient sujet \u00e0 pol\u00e9mique.<br \/>\n<\/span><\/p>\n<p><span style=\"color: #777777; font-family: Arial;\">Ce n&rsquo;est pas que le p\u00e8re de Beethoven ne fut pas tr\u00e8s s\u00e9v\u00e8re et m\u00eame violent.<br \/>\n<\/span><\/p>\n<p><span style=\"color: #777777; font-family: Arial;\">Mais comme je l&rsquo;ai \u00e9crit dans la s\u00e9rie consacr\u00e9e \u00e0 Camus, la violence \u00e0 l&rsquo;\u00e9gard des enfants fut longtemps la norme.<br \/>\n<\/span><\/p>\n<p><span style=\"color: #777777; font-family: Arial;\">Pour autant des d\u00e9couvertes r\u00e9centes notamment une lettre que Beethoven a \u00e9crit en 1795, \u00e0 son ami de Bonn Heinrich von Struve qui l&rsquo;informait de la mort de sa m\u00e8re, lui r\u00e9v\u00e9lait combien la mort de sa m\u00e8re mais aussi de son p\u00e8re l&rsquo;avait touch\u00e9es et que<br \/>\n<\/span><\/p>\n<p style=\"margin-left: 28pt;\"><span style=\"color: #c00000; font-family: Arial;\">\u00ab\u00a0La disparition d&rsquo;un des membres de famille a rompu l&rsquo;harmonie d&rsquo;un tout\u00a0\u00bb<br \/>\n<em>Cit\u00e9 par Elisabeth Brisson dans \u00ab\u00a0Beethoven et apr\u00e8s\u00a0\u00bb page 30<br \/>\n<\/em><\/span><\/p>\n<p><span style=\"color: #777777; font-family: Arial;\">Il faut donc se m\u00e9fier de ce que l&rsquo;on raconte sur Beethoven, tout n&rsquo;est pas vrai et le probl\u00e8me vient de loin\u2026 du d\u00e9but.<br \/>\n<\/span><\/p>\n<p><span style=\"color: #777777; font-family: Arial;\">Et comme j&rsquo;ai parl\u00e9 du \u00ab\u00a0Pom pom pom\u00a0\u00bb de la 5 \u00e8me symphonie que tout le monde connait je vous propose le mouvement lent de cette symphonie\u00a0:<br \/>\n<\/span><\/p>\n<p><span style=\"color: #777777; font-family: Arial;\">&lt;<a href=\"https:\/\/www.youtube.com\/watch?v=aSksyvuwSCI\"><span style=\"color: #0000ff;\">Andante moto de la 5<sup>\u00e8me<\/sup> symphonie<\/span><\/a>&gt; par l&rsquo;Orchestre Philharmonique de Berlin et Karajan. Et si vous voulez la voir en entier, je vous propose toujours Karajan mais avec en plus un int\u00e9r\u00eat cin\u00e9matographique, car c&rsquo;est le cin\u00e9aste fran\u00e7ais Henri-Georges Clouzot qui a film\u00e9 et cela donne un r\u00e9sultat visuel tr\u00e8s \u00e9tonnant tout en n&rsquo;enlevant rien \u00e0 la qualit\u00e9 de l&rsquo;interpr\u00e9tation : &lt;<span style=\"color: #0000ff;\"><a style=\"color: #0000ff;\" href=\"https:\/\/www.youtube.com\/watch?v=f6N18Ok4xhg\">La 5\u00e8me par Karajan film\u00e9 par Clouzot<\/a><\/span>&gt;<br \/>\n<\/span><\/p>\n<p><span style=\"color: maroon; font-family: Arial;\">&lt;1507&gt;<\/span><\/p>\n","protected":false},"excerpt":{"rendered":"<p>\u00ab\u00a0La trahison du biographe de Beethoven. \u00bb La biographie d&rsquo;Anton Schindler a fait longtemps autorit\u00e9 jusqu&rsquo;\u00e0 ce que l&rsquo;on constate qu&rsquo;il y avait des falsifications. Quand on lit plusieurs r\u00e9cits sur une personne et que ces diff\u00e9rents r\u00e9cits sont identiques,<\/p>\n","protected":false},"author":1,"featured_media":0,"comment_status":"open","ping_status":"closed","sticky":false,"template":"","format":"standard","meta":{"footnotes":""},"categories":[1],"tags":[148,17,20],"class_list":["post-10402","post","type-post","status-publish","format-standard","hentry","category-motdujour","tag-autriche","tag-histoire","tag-musique"],"_links":{"self":[{"href":"https:\/\/lemotdujour.fr\/index.php?rest_route=\/wp\/v2\/posts\/10402","targetHints":{"allow":["GET"]}}],"collection":[{"href":"https:\/\/lemotdujour.fr\/index.php?rest_route=\/wp\/v2\/posts"}],"about":[{"href":"https:\/\/lemotdujour.fr\/index.php?rest_route=\/wp\/v2\/types\/post"}],"author":[{"embeddable":true,"href":"https:\/\/lemotdujour.fr\/index.php?rest_route=\/wp\/v2\/users\/1"}],"replies":[{"embeddable":true,"href":"https:\/\/lemotdujour.fr\/index.php?rest_route=%2Fwp%2Fv2%2Fcomments&post=10402"}],"version-history":[{"count":4,"href":"https:\/\/lemotdujour.fr\/index.php?rest_route=\/wp\/v2\/posts\/10402\/revisions"}],"predecessor-version":[{"id":10609,"href":"https:\/\/lemotdujour.fr\/index.php?rest_route=\/wp\/v2\/posts\/10402\/revisions\/10609"}],"wp:attachment":[{"href":"https:\/\/lemotdujour.fr\/index.php?rest_route=%2Fwp%2Fv2%2Fmedia&parent=10402"}],"wp:term":[{"taxonomy":"category","embeddable":true,"href":"https:\/\/lemotdujour.fr\/index.php?rest_route=%2Fwp%2Fv2%2Fcategories&post=10402"},{"taxonomy":"post_tag","embeddable":true,"href":"https:\/\/lemotdujour.fr\/index.php?rest_route=%2Fwp%2Fv2%2Ftags&post=10402"}],"curies":[{"name":"wp","href":"https:\/\/api.w.org\/{rel}","templated":true}]}}