{"id":1040,"date":"2015-03-18T01:00:00","date_gmt":"2015-03-17T22:00:00","guid":{"rendered":"http:\/\/lemotdujour.fr\/?p=1040"},"modified":"2017-05-08T13:25:01","modified_gmt":"2017-05-08T11:25:01","slug":"mercredi-18-mars-2015","status":"publish","type":"post","link":"https:\/\/lemotdujour.fr\/?p=1040","title":{"rendered":"Mercredi 18 mars 2015"},"content":{"rendered":"<div class=\"mdjDate\">Mercredi 18 mars 2015<\/div>\n<div class=\"mdjTexte\">\u00abCes moutons sont de v\u00e9ritables tondeuses \u00e0 gazon \u00e9cologiques et d\u2019excellents d\u00e9sherbants\u00bb <\/div>\n<div class=\"mdjAuteur\">Emilie Delloye promoteur immobilier \u00e0 Lyon<\/div>\n<div class=\"mdjComplements\">Un article du Figaro a attir\u00e9 mon attention sur un complexe immobilier en train de se construire \u00e0 Lyon.<\/div>\n<div class=\"mdjComplements\">On parle d&rsquo;immobilier de luxe, avec des appartements \u00e0 6000 euros le m2 en moyenne.<\/div>\n<div class=\"mdjComplements\">J&rsquo;entends les parisiens rire : \u00ab\u00a0Menfin Alain !\u00a0 6000 euros ce n&rsquo;est pas du luxe, c&rsquo;est en dessous du prix\u00a0 standard parisien\u00a0\u00bb<\/div>\n<div class=\"mdjComplements\">D&rsquo;accord, mais nous parlons de Lyon et d&rsquo;un projet qu&rsquo;on pourrait appeler : \u00abdes bobos, des appartements et des moutons\u00bb <\/div>\n<div class=\"mdjComplements\">De quoi s&rsquo;agit-il ?<\/div>\n<div class=\"mdjComplements\"> \u00abUn terrain de deux hectares sur les hauteurs de la colline de Fourvi\u00e8re \u00e0 Lyon &#8211; qui a abrit\u00e9 pendant 200 ans des s\u0153urs vivant en autarcie &#8211; va accueillir un complexe immobilier haut-de-gamme d\u2019ici \u00e0 2017. Pr\u00e9sent\u00e9 par le promoteur LEM au salon de l\u2019immobilier de Lyon, Lugdunum, en r\u00e9f\u00e9rence au nom gallo-romain d\u2019origine celtique de la m\u00e9tropole lyonnaise, [ce projet] veut conjuguer haut standing, qualit\u00e9 de vie et respect de l\u2019environnement. Et la r\u00e9sidence va accueillir des locataires pour le moins inattendus en milieu urbain: un troupeau de moutons d\u2019Ouessant et des ruches!<\/div>\n<div class=\"mdjComplements\">Pour son premier programme immobilier, Emilie Delloye, dirigeante de LEM et h\u00e9riti\u00e8re du groupe sucrier la Vermandoise a vu les choses en grand pour le terrain sur les hauteurs de Fourvi\u00e8re. \u00abJ\u2019ai eu un v\u00e9ritable coup de foudre pour ce terrain et l\u2019atmosph\u00e8re qui s\u2019en d\u00e9gageait\u00bb, d\u00e9clarait Emilie Delloye lors de la pr\u00e9sentation du projet en f\u00e9vrier dernier. Avant m\u00eame de consulter des architectes, la dirigeante de LEM rencontre des paysagistes parmi lesquels elle choisit C\u00e9dric Chardon. Ce dernier a la d\u00e9licate mission d\u2019harmoniser les espaces verts d\u00e9j\u00e0 pr\u00e9sents avec les futures habitations. Il d\u00e9veloppe l\u2019id\u00e9e de cr\u00e9er \u00abune grande broderie v\u00e9g\u00e9tale\u00bb, inspir\u00e9e par la soierie lyonnaise, qui tissera le lien entre le b\u00e2ti et le parc. Mais les v\u00e9ritables stars du verger de 8000 m\u00b2 sont&#8230;des moutons d\u2019Ouessant.<\/div>\n<div class=\"mdjComplements\">Depuis trois semaines, ils sont cinq \u00e0 pa\u00eetre tranquillement. \u00abCe sont les v\u00e9ritables ambassadeurs du projet\u00bb, confie Emilie Delloye. \u00abSi les acheteurs ont \u00e9t\u00e9 surpris au d\u00e9but, ils ont tr\u00e8s vite \u00e9t\u00e9 s\u00e9duits. Ces moutons sont de v\u00e9ritables tondeuses \u00e0 gazon \u00e9cologiques et d\u2019excellents d\u00e9sherbants\u00bb, ajoute-t-elle.<\/div>\n<div class=\"mdjComplements\">Depuis plusieurs ann\u00e9es, l\u2019\u00e9cop\u00e2turage se r\u00e9pand dans les villes fran\u00e7aises. Ainsi \u00e0 Lyon, un troupeau de moutons a \u00e9t\u00e9 install\u00e9 au Fort de Loyasse sur un espace de 28.000 m\u00b2. \u00c0 Courbet (Seine-Saint-Denis), des moutons tondent depuis deux ans les parcelles vertes appartenant \u00e0 la ville. Ils permettraient \u00e0 la mairie d\u2019\u00e9conomiser 24.000 euros par an!<\/div>\n<div class=\"mdjComplements\">Enfin, Emilie Delloye souhaite introduire davantage de biodiversit\u00e9 dans son projet immobilier. Trois ruches seront install\u00e9es dans le verger de la r\u00e9sidence: \u00ables abeilles sont en danger. La r\u00e9implantation de ruches en ville est un mouvement qui se r\u00e9pand, mais il y a encore trop peu de projets\u00bb. Le miel produit par les abeilles sera redistribu\u00e9 \u00e0 l\u2019ensemble des propri\u00e9taires, qui devront d\u00e9bourser entre 400.000 et 700.000 euros pour acheter un appartement sur les lieux. \u00bb<\/div>\n<div class=\"mdjComplements\"><a href=\"http:\/\/immobilier.lefigaro.fr\/article\/des-moutons-dans-un-complexe-immobilier-de-luxe-a-lyon_b3225eb2-c810-11e4-9980-f2a3d1e434f6\/\">&lt;Des moutons dans un complexe immobilier de luxe \u00e0 Lyon&gt;<\/a><\/div>\n<div class=\"mdjComplements\">C&rsquo;est une piste pour rapprocher les citadins de plus en plus nombreux de la ruralit\u00e9 en faisant entrer la campagne \u00e0 la ville.<\/div>\n","protected":false},"excerpt":{"rendered":"<p>Mercredi 18 mars 2015 \u00abCes moutons sont de v\u00e9ritables tondeuses \u00e0 gazon \u00e9cologiques et d\u2019excellents d\u00e9sherbants\u00bb Emilie Delloye promoteur immobilier \u00e0 Lyon Un article du Figaro a attir\u00e9 mon attention sur un complexe immobilier en train de se construire \u00e0<\/p>\n","protected":false},"author":1,"featured_media":0,"comment_status":"closed","ping_status":"closed","sticky":false,"template":"","format":"standard","meta":{"footnotes":""},"categories":[1],"tags":[],"class_list":["post-1040","post","type-post","status-publish","format-standard","hentry","category-motdujour"],"_links":{"self":[{"href":"https:\/\/lemotdujour.fr\/index.php?rest_route=\/wp\/v2\/posts\/1040","targetHints":{"allow":["GET"]}}],"collection":[{"href":"https:\/\/lemotdujour.fr\/index.php?rest_route=\/wp\/v2\/posts"}],"about":[{"href":"https:\/\/lemotdujour.fr\/index.php?rest_route=\/wp\/v2\/types\/post"}],"author":[{"embeddable":true,"href":"https:\/\/lemotdujour.fr\/index.php?rest_route=\/wp\/v2\/users\/1"}],"replies":[{"embeddable":true,"href":"https:\/\/lemotdujour.fr\/index.php?rest_route=%2Fwp%2Fv2%2Fcomments&post=1040"}],"version-history":[{"count":1,"href":"https:\/\/lemotdujour.fr\/index.php?rest_route=\/wp\/v2\/posts\/1040\/revisions"}],"predecessor-version":[{"id":1041,"href":"https:\/\/lemotdujour.fr\/index.php?rest_route=\/wp\/v2\/posts\/1040\/revisions\/1041"}],"wp:attachment":[{"href":"https:\/\/lemotdujour.fr\/index.php?rest_route=%2Fwp%2Fv2%2Fmedia&parent=1040"}],"wp:term":[{"taxonomy":"category","embeddable":true,"href":"https:\/\/lemotdujour.fr\/index.php?rest_route=%2Fwp%2Fv2%2Fcategories&post=1040"},{"taxonomy":"post_tag","embeddable":true,"href":"https:\/\/lemotdujour.fr\/index.php?rest_route=%2Fwp%2Fv2%2Ftags&post=1040"}],"curies":[{"name":"wp","href":"https:\/\/api.w.org\/{rel}","templated":true}]}}