{"id":10383,"date":"2020-12-11T00:18:00","date_gmt":"2020-12-10T23:18:00","guid":{"rendered":"http:\/\/lemotdujour.fr\/?p=10383"},"modified":"2020-12-23T15:28:13","modified_gmt":"2020-12-23T14:28:13","slug":"vendredi-11-decembre-2020","status":"publish","type":"post","link":"https:\/\/lemotdujour.fr\/?p=10383","title":{"rendered":"Vendredi 11 d\u00e9cembre 2020"},"content":{"rendered":"<div class=\"mdjTexte\">\u00ab\u00a0Beethoven est le premier [musicien] \u00e0 avoir mis l\u2019homme au centre. \u00bb<\/div>\n<div class=\"mdjAuteur\">Fran\u00e7ois-Fr\u00e9d\u00e9ric Guy<\/div>\n<p><span style=\"color: #777777; font-family: Arial;\">Hier j&rsquo;abordais le monument qui se dresse sur le monde de l&rsquo;art et de la musique.<br \/>\n<\/span><\/p>\n<p><span style=\"color: #777777; font-family: Arial;\">Aujourd&rsquo;hui je voudrais parler de l&rsquo;humanit\u00e9 de Beethoven.<br \/>\n<\/span><\/p>\n<p><span style=\"color: #777777; font-family: Arial;\">Pour ce faire, je vais faire appel \u00e0 un pianiste fran\u00e7ais qui a exprim\u00e9 avec des mots simples l&rsquo;exp\u00e9rience que je peux vivre avec Beethoven.<br \/>\n<\/span><\/p>\n<p><span style=\"color: #777777; font-family: Arial;\">La Radio-T\u00e9l\u00e9vision Belge et notamment sa cha\u00eene Musiq3 a consacr\u00e9 plusieurs \u00e9missions \u00e0 Beethoven qu&rsquo;elle a appel\u00e9 le &lt;<a href=\"https:\/\/www.rtbf.be\/auvio\/emissions\/detail_ludwig-van-beethoven?id=16047\"><span style=\"color: #0000ff;\">feuilleton Beethoven<\/span><\/a>&gt; qui compte dix \u00e9pisodes d&rsquo;une heure chacun.<br \/>\n<\/span><\/p>\n<p><span style=\"color: #777777; font-family: Arial;\">Le premier \u00e9pisode donne la parole \u00e0 <strong>Fran\u00e7ois-Fr\u00e9d\u00e9ric Guy<\/strong> qui pr\u00e9sente Beethoven ainsi\u00a0:<br \/>\n<\/span><\/p>\n<p style=\"margin-left: 28pt;\"><span style=\"color: #c00000; font-family: Arial;\">\u00abBeethoven est le premier, j&rsquo;en suis certain, \u00e0 avoir mis l&rsquo;homme au centre, l&rsquo;id\u00e9al humain, c&rsquo;est-\u00e0-dire l&rsquo;homme au sens de la transcendance, l&rsquo;homme au sens de l&rsquo;humanit\u00e9.<br \/>\n<\/span><\/p>\n<p style=\"margin-left: 28pt;\"><span style=\"color: #c00000; font-family: Arial;\"><img loading=\"lazy\" decoding=\"async\" class=\"wp-image-10394 alignright\" src=\"https:\/\/lemotdujour.fr\/wp-content\/uploads\/2020\/12\/Beethoven-2\u00e8me-mot.jpg\" alt=\"\" width=\"228\" height=\"286\" srcset=\"https:\/\/lemotdujour.fr\/wp-content\/uploads\/2020\/12\/Beethoven-2\u00e8me-mot.jpg 817w, https:\/\/lemotdujour.fr\/wp-content\/uploads\/2020\/12\/Beethoven-2\u00e8me-mot-239x300.jpg 239w, https:\/\/lemotdujour.fr\/wp-content\/uploads\/2020\/12\/Beethoven-2\u00e8me-mot-768x963.jpg 768w\" sizes=\"auto, (max-width: 228px) 100vw, 228px\" \/>Transcender les diff\u00e9rences, transcender les cultures, et puis faire que le genre humain cette fameuse \u00ab\u00a0Br\u00fcderei\u00a0\u00bb\u00a0; la fraternit\u00e9 qui caract\u00e9rise l&rsquo;\u0153uvre de Beethoven [soit] mise au centre.<br \/>\n<\/span><\/p>\n<p style=\"margin-left: 28pt;\"><span style=\"color: #c00000; font-family: Arial;\">Il y a eu des g\u00e9nies avant Beethoven, \u00e9videmment ! Je parle uniquement musicalement : on peut citer Bach, Haendel, Mozart, Haydn, mais Beethoven est le premier \u00e0 mettre l&rsquo;homme au centre.<br \/>\n<\/span><span style=\"color: #c00000; font-family: Arial;\">Et non pas \u00e0 glorifier un Dieu qu&rsquo;on esp\u00e8re immense, solaire \u00e0 l&rsquo;image de ce qu&rsquo;a fait Bach ou Haendel et m\u00eame Mozart dans un certain sens. Mozart avait ce lien divin, il existe des manuscrits de ses \u0153uvres presque sans aucune rature, il avait ce c\u00f4t\u00e9 et on disait mais ce n&rsquo;est pas l&rsquo;\u0153uvre d&rsquo;un homme, c&rsquo;est l&rsquo;\u0153uvre d&rsquo;un Dieu.<br \/>\n<\/span><\/p>\n<p style=\"margin-left: 28pt;\"><span style=\"color: #c00000; font-family: Arial;\">Alors que Beethoven c&rsquo;est tout le contraire. [\u2026] <\/span><span style=\"color: #c00000; font-family: Arial;\">C&rsquo;est un travailleur laborieux. Il met beaucoup de temps \u00e0 trouver son th\u00e8me, \u00e0 lui donner sa forme.<br \/>\n<\/span><\/p>\n<p style=\"margin-left: 28pt;\"><span style=\"color: #c00000; font-family: Arial;\">Il barbouille inlassablement ses carnets qu&rsquo;il a toujours sur lui pendant ses nombreuses promenades pour arriver finalement \u00e0 l&rsquo;\u00e9preuve finale.<br \/>\n<\/span><\/p>\n<p style=\"margin-left: 28pt;\"><span style=\"color: #c00000; font-family: Arial;\">Donc c&rsquo;est l&rsquo;homme, c&rsquo;est le labeur et en m\u00eame temps la glorification de l&rsquo;homme, de tous les sentiments humains qui sont exprim\u00e9s.<br \/>\n<\/span><\/p>\n<p style=\"margin-left: 28pt;\"><span style=\"color: #c00000; font-family: Arial;\">Je tiens vraiment \u00e0 le dire, c&rsquo;est le premier qui ose. Avant on parle de la divinit\u00e9, on parle de Dieu, on parle des grandes choses, mais Beethoven parle de l&rsquo;homme. Il parle aussi de ses turpitudes, ses vicissitudes, ses d\u00e9sespoirs, ses petitesses, autant que de sa mystique, de sa grandeur, de ses aspirations au divin. A surpasser sa condition pour arriver \u00e0 un id\u00e9al humain. Et cela c&rsquo;est vraiment la d\u00e9finition de l&rsquo;\u0153uvre de Beethoven.<br \/>\n<\/span><\/p>\n<p style=\"margin-left: 28pt;\"><span style=\"color: #c00000; font-family: Arial;\">Et arriver \u00e0 exprimer cela avec des symboles, des notes de musique sur un papier, moi je trouve cela exceptionnel, probablement unique.<br \/>\n<em>Fran\u00e7ois-Fr\u00e9d\u00e9ric Guy de 6:38 \u00e0 8:45 de l&rsquo;\u00e9mission<\/em><br \/>\n<\/span><\/p>\n<p><span style=\"color: #777777; font-family: Arial;\">Vous trouverez cet \u00e9pisode derri\u00e8re ce lien\u00a0: &lt;<span style=\"color: #0000ff;\"><a style=\"color: #0000ff;\" href=\"https:\/\/www.rtbf.be\/auvio\/detail_feuilleton-ludwig-van-beethoven?id=2592777\">Episode 1<\/a><\/span>&gt;<br \/>\n<\/span><\/p>\n<p><a href=\"https:\/\/fr.m.wikipedia.org\/wiki\/Fichier:BeethovenGhostManuscript.jpg\"><img loading=\"lazy\" decoding=\"async\" class=\"alignleft\" src=\"https:\/\/lemotdujour.fr\/wp-content\/uploads\/2020\/12\/121020_2308_Vendredi11d1.jpg\" alt=\"\" width=\"428\" height=\"350\" align=\"left\" border=\"0\" \/><\/a><span style=\"color: #777777; font-family: Arial;\">C&rsquo;est peu dire que Beethoven \u00e9crivait sa musique avec des ratures et des corrections.<br \/>\n<\/span><\/p>\n<p><span style=\"color: #777777; font-family: Arial;\">Mais ce qui me semble essentiel dans ce qu&rsquo;exprime Fran\u00e7ois-Fr\u00e9d\u00e9ric Guy, c&rsquo;est en effet, l&rsquo;abandon de la divinit\u00e9 pour parler de l&rsquo;essentiel, de la vie, des \u00e9motions.<br \/>\n<\/span><\/p>\n<p><span style=\"color: #777777; font-family: Arial;\">Pour \u00e9voquer la profondeur de l&rsquo;\u00eatre Beethoven se tourne r\u00e9solument vers l&rsquo;homme et l&rsquo;humanisme.<br \/>\n<\/span><\/p>\n<p><span style=\"color: #777777; font-family: Arial;\">Dieu, il le cherchait dans la nature, c&rsquo;\u00e9tait un panth\u00e9iste qui quelquefois faisait quelques concessions, de savoir vivre en soci\u00e9t\u00e9, \u00e0 la religion dominante catholique. Il a ainsi \u00e9crit deux messes sur le texte canonique.<br \/>\n<\/span><\/p>\n<p><span style=\"color: #777777; font-family: Arial;\"><img loading=\"lazy\" decoding=\"async\" class=\" wp-image-10390 alignleft\" src=\"https:\/\/lemotdujour.fr\/wp-content\/uploads\/2020\/12\/121020_2308_Vendredi11d2.jpg\" alt=\"\" width=\"205\" height=\"382\" srcset=\"https:\/\/lemotdujour.fr\/wp-content\/uploads\/2020\/12\/121020_2308_Vendredi11d2.jpg 400w, https:\/\/lemotdujour.fr\/wp-content\/uploads\/2020\/12\/121020_2308_Vendredi11d2-161x300.jpg 161w\" sizes=\"auto, (max-width: 205px) 100vw, 205px\" \/>Mais dans ses carnets intimes, Beethoven \u00e9crivait en 1812 :<br \/>\n<\/span><\/p>\n<p style=\"margin-left: 28pt;\"><span style=\"color: #c00000; font-family: Arial;\">\u00ab\u00a0Car le sort a donn\u00e9 \u00e0 l&rsquo;homme cette facult\u00e9\u00a0: le courage de tout supporter jusqu&rsquo;\u00e0 la fin\u00a0\u00bb (29)<br \/>\n<\/span><\/p>\n<p><span style=\"color: #777777; font-family: Arial;\">Nulle question du Dieu des chr\u00e9tiens dans cette affirmation.<br \/>\n<\/span><\/p>\n<p><span style=\"color: #777777; font-family: Arial;\">En 1815, il \u00e9crivait\u00a0:<br \/>\n<\/span><\/p>\n<p style=\"margin-left: 28pt;\"><span style=\"color: #c00000; font-family: Arial;\">\u00ab\u00a0Dieu des for\u00eats, Dieu tout-puissant\u00a0! Je suis b\u00e9ni, je suis heureux dans ces bois, o\u00f9 chaque arbre me fait entendre Ta voix. Quelle splendeur, oh Seigneur\u00a0! Ces for\u00eats, ces vallons respirent le calme, la paix, la paix qu&rsquo;il faut pour Te servir\u00a0!\u00a0\u00bb (58)<br \/>\n<\/span><\/p>\n<p><span style=\"color: #777777; font-family: Arial;\">Et en 1816\u00a0:<br \/>\n<\/span><\/p>\n<p style=\"margin-left: 28pt;\"><span style=\"color: #c00000; font-family: Arial;\">\u00ab\u00a0Ne nous r\u00e9fugions pas dans la pauvret\u00e9 pour nous pr\u00e9munir contre la perte de la fortune\u00a0; ne nous privons pas d&rsquo;avoir des amis pour nous \u00e9pargner la douleur de les perdre\u00a0; ne craignons pas, enfin, d&rsquo;engendrer des enfants dans la crainte que la mort ne nous les ravisse. Trouvons un pr\u00e9servatif \u00e0 ces maux dans notre seule raison.\u00a0\u00bb (88)<br \/>\n<\/span><\/p>\n<p><span style=\"color: #777777; font-family: Arial;\">Trouvons dans notre seule raison\u2026<br \/>\n<\/span><\/p>\n<p><span style=\"color: #777777; font-family: Arial;\">Il lui arrivait de faire appel \u00e0 Dieu, mais ce n&rsquo;\u00e9tait jamais le Dieu dont parlait l\u2019\u00c9glise catholique.<br \/>\n<\/span><\/p>\n<p><span style=\"color: #777777; font-family: Arial;\">C&rsquo;est donc bien l&rsquo;humain ; l&rsquo;humanit\u00e9 qui \u00e9tait son horizon, avec sa grandeur et ses faiblesses.<br \/>\n<\/span><\/p>\n<p><span style=\"color: #777777; font-family: Arial;\">Et c&rsquo;est de cela qu&rsquo;il parle dans ses \u0153uvres.<br \/>\n<\/span><\/p>\n<p><span style=\"color: #777777; font-family: Arial;\">Il y a bien s\u00fbr des \u0153uvres de circonstances et m\u00eame de l&rsquo;humour, nous y reviendrons certainement. <\/span><span style=\"color: #777777; font-family: Arial;\">Mais quand il nous touche au plus profond, ce sont les cordes humaines qui sont en nous qui vibrent, l&rsquo;\u00e9motion du miracle de la vie.<br \/>\n<\/span><\/p>\n<p><span style=\"color: #777777; font-family: Arial;\"><img loading=\"lazy\" decoding=\"async\" class=\"wp-image-10498 alignleft\" src=\"https:\/\/lemotdujour.fr\/wp-content\/uploads\/2020\/12\/Beethoven-genies-et-realites.jpg\" alt=\"\" width=\"276\" height=\"414\" srcset=\"https:\/\/lemotdujour.fr\/wp-content\/uploads\/2020\/12\/Beethoven-genies-et-realites.jpg 461w, https:\/\/lemotdujour.fr\/wp-content\/uploads\/2020\/12\/Beethoven-genies-et-realites-200x300.jpg 200w\" sizes=\"auto, (max-width: 276px) 100vw, 276px\" \/>Dans l&rsquo;ouvrage \u00ab\u00a0<strong>Beethoven<\/strong>\u00a0\u00bb paru dans la collection G\u00e9nie et R\u00e9alit\u00e9s de Hachette, d\u00e9j\u00e0 cit\u00e9 hier, une des parties est r\u00e9dig\u00e9e par <strong>Jules Romain<\/strong>, l&rsquo;\u00e9crivain inoubliable de \u00ab\u00a0<a href=\"https:\/\/fr.wikipedia.org\/wiki\/Knock_ou_le_Triomphe_de_la_m%C3%A9decine\"><span style=\"color: #0000ff;\">Knock<\/span><\/a> \u00bb. <\/span><span style=\"color: #777777; font-family: Arial;\">Le chapitre qui lui ait r\u00e9serv\u00e9 a pour titre \u00ab\u00a0<strong>Beethoven tel qu&rsquo;en lui-m\u00eame<\/strong>\u00a0\u00bb<br \/>\n<\/span><\/p>\n<p><span style=\"color: #777777; font-family: Arial;\">Il \u00e9crit\u00a0:<br \/>\n<\/span><\/p>\n<p style=\"margin-left: 28pt;\"><span style=\"color: #c00000; font-family: Arial;\">\u00ab\u00a0Beethoven est \u00e0 l&rsquo;origine d&rsquo;une innovation beaucoup plus consid\u00e9rable, qui eut pour effet une \u00e9l\u00e9vation de la musique quant \u00e0 sa fonction spirituelle et \u00e0 sa dignit\u00e9. [\u2026]. Mais l&rsquo;on peut soutenir, en gros, qu&rsquo;avec Beethoven la musique se met au niveau des t\u00e9moignages les plus \u00e9lev\u00e9s que l&rsquo;\u00e2me humaine peut donner d&rsquo;elle-m\u00eame. [\u2026] Avec Beethoven, c&rsquo;est la premi\u00e8re fois que la musique partage avec la grande po\u00e9sie et la philosophie la t\u00e2che et l&rsquo;honneur de prononcer librement sur le monde, sur la place et la destin\u00e9e de l&rsquo;homme. [\u2026] Tout se passe, dans des cas privil\u00e9gi\u00e9s, comme si le discours musical allait \u00e9veiller dans l&rsquo;\u00e2me de l&rsquo;auditeur, par r\u00e9sonance, des pens\u00e9es de m\u00eame esp\u00e8ce que celles qui ont \u00e9t\u00e9 \u00e0 l&rsquo;origine de ce discours. Sans doute, faut-il que l&rsquo;\u00e2me de l&rsquo;auditeur soit capable de les accueillir\u00a0; ou mieux, de les d\u00e9couvrir au fond d&rsquo;elle-m\u00eame\u00a0; autrement dit, de traduire en pens\u00e9es plus ou moins distinctes ou radicalement ineffables, mais pareillement issues de ces profondeurs, le rayonnement modul\u00e9 qu&rsquo;elle re\u00e7oit.\u00a0\u00bb<br \/>\n<\/span><span style=\"color: #c00000; font-family: Arial;\"><em>Beethoven, Hachette, Collection \u00ab\u00a0G\u00e9nies et R\u00e9alit\u00e9s\u00a0\u00bb Page 251-252<br \/>\n<\/em><\/span><\/p>\n<p><span style=\"color: #777777; font-family: Arial;\">Les mots sont bien fragiles et imparfaits pour d\u00e9crire cette exp\u00e9rience.<br \/>\n<\/span><\/p>\n<p><span style=\"color: #777777; font-family: Arial;\">Il faut se tourner vers la musique pour comprendre, ressentir pour comprendre.<br \/>\n<\/span><\/p>\n<p><span style=\"color: #777777; font-family: Arial;\">Aujourd&rsquo;hui je ne peux que vous proposer une \u0153uvre de Beethoven jou\u00e9e par <strong>Fran\u00e7ois Fr\u00e9d\u00e9ric Guy<\/strong> qui en est un interpr\u00e8te remarquable.<br \/>\n<\/span><\/p>\n<p><span style=\"color: #777777; font-family: Arial;\">Il joue, dans un bis, &lt;<span style=\"color: #0000ff;\"><a style=\"color: #0000ff;\" href=\"https:\/\/www.youtube.com\/watch?v=k1jkx6mQrVQ\">L&rsquo;Adagio Cantabile<\/a><\/span>&gt; de la <strong>8<sup>\u00e8me<\/sup> Sonate de piano opus 13<\/strong> appel\u00e9e \u00ab\u00a0<strong>Path\u00e9tique<\/strong>\u00a0\u00bb. Il s&rsquo;agit du deuxi\u00e8me mouvement.<br \/>\n<\/span><\/p>\n<p><span style=\"color: #777777; font-family: Arial;\">Et si vous avez encore quelques minutes \u2026<br \/>\n<\/span><\/p>\n<p><span style=\"color: #777777; font-family: Arial;\">Ce bis concluait son interpr\u00e9tation du concerto de piano N\u00b05 <strong>\u00ab\u00a0L&#8217;empereur<\/strong>\u00a0\u00bb avec l&rsquo;orchestre Philharmonique de radio France dirig\u00e9 par Philippe Jordan. Les 3 mouvements sont en ligne. Mais pour entendre le mieux l&rsquo;humanisme s&rsquo;exprimer par des notes, il faut toujours aller vers les mouvements lents. Nul artifice pour faire briller, il n&rsquo;y a que l&rsquo;\u00e9motion \u00e0 faire partager. C&rsquo;est dans ces moments qu&rsquo;on entend ce que le compositeur est capable d&rsquo;exprimer et ce que le musicien est en mesure de communiquer\u00a0:<br \/>\n<\/span><\/p>\n<p><span style=\"color: #777777; font-family: Arial;\">&lt; <a href=\"https:\/\/www.youtube.com\/watch?v=PHTdeCxlZ54\"><span style=\"color: #0000ff;\">Adagio Un Poco Mosso du concerto N\u00b0 5 opus 73<\/span><\/a>&gt;<br \/>\n<\/span><\/p>\n<p><span style=\"color: maroon; font-family: Arial;\">&lt;1506&gt;<\/span><\/p>\n","protected":false},"excerpt":{"rendered":"<p>\u00ab\u00a0Beethoven est le premier [musicien] \u00e0 avoir mis l\u2019homme au centre. \u00bb Fran\u00e7ois-Fr\u00e9d\u00e9ric Guy Hier j&rsquo;abordais le monument qui se dresse sur le monde de l&rsquo;art et de la musique. Aujourd&rsquo;hui je voudrais parler de l&rsquo;humanit\u00e9 de Beethoven. Pour ce<\/p>\n","protected":false},"author":1,"featured_media":0,"comment_status":"open","ping_status":"closed","sticky":false,"template":"","format":"standard","meta":{"footnotes":""},"categories":[1],"tags":[46,54,20],"class_list":["post-10383","post","type-post","status-publish","format-standard","hentry","category-motdujour","tag-art","tag-humanisme","tag-musique"],"_links":{"self":[{"href":"https:\/\/lemotdujour.fr\/index.php?rest_route=\/wp\/v2\/posts\/10383","targetHints":{"allow":["GET"]}}],"collection":[{"href":"https:\/\/lemotdujour.fr\/index.php?rest_route=\/wp\/v2\/posts"}],"about":[{"href":"https:\/\/lemotdujour.fr\/index.php?rest_route=\/wp\/v2\/types\/post"}],"author":[{"embeddable":true,"href":"https:\/\/lemotdujour.fr\/index.php?rest_route=\/wp\/v2\/users\/1"}],"replies":[{"embeddable":true,"href":"https:\/\/lemotdujour.fr\/index.php?rest_route=%2Fwp%2Fv2%2Fcomments&post=10383"}],"version-history":[{"count":10,"href":"https:\/\/lemotdujour.fr\/index.php?rest_route=\/wp\/v2\/posts\/10383\/revisions"}],"predecessor-version":[{"id":10502,"href":"https:\/\/lemotdujour.fr\/index.php?rest_route=\/wp\/v2\/posts\/10383\/revisions\/10502"}],"wp:attachment":[{"href":"https:\/\/lemotdujour.fr\/index.php?rest_route=%2Fwp%2Fv2%2Fmedia&parent=10383"}],"wp:term":[{"taxonomy":"category","embeddable":true,"href":"https:\/\/lemotdujour.fr\/index.php?rest_route=%2Fwp%2Fv2%2Fcategories&post=10383"},{"taxonomy":"post_tag","embeddable":true,"href":"https:\/\/lemotdujour.fr\/index.php?rest_route=%2Fwp%2Fv2%2Ftags&post=10383"}],"curies":[{"name":"wp","href":"https:\/\/api.w.org\/{rel}","templated":true}]}}