{"id":1038,"date":"2015-03-17T01:00:00","date_gmt":"2015-03-16T22:00:00","guid":{"rendered":"http:\/\/lemotdujour.fr\/?p=1038"},"modified":"2023-11-20T22:36:46","modified_gmt":"2023-11-20T21:36:46","slug":"mardi-17-mars-2015","status":"publish","type":"post","link":"https:\/\/lemotdujour.fr\/?p=1038","title":{"rendered":"Mardi 17 mars 2015"},"content":{"rendered":"<div class=\"mdjDate\">Mardi 17 mars 2015<\/div>\n<div class=\"mdjTexte\">\u00abLa d\u00e9claration Balfour\u00bb<\/div>\n<div class=\"mdjAuteur\">Lettre ouverte du 2 novembre 1917 sign\u00e9e par Arthur Balfour, le ministre des affaires \u00e9trang\u00e8res du Royaume-Uni.<\/div>\n<p><span style=\"color: #777777; font-family: Arial;\">Les \u00e9lections isra\u00e9liennes ont lieu ce 17 mars 2015. J&rsquo;ai appris en marge d&rsquo;un reportage sur ces \u00e9lections que la r\u00e9sidence du premier ministre isra\u00e9lien \u00e0 J\u00e9rusalem jouxte la \u00ab\u00a0<strong>rue Arthur Balfour<\/strong>\u00a0\u00bb. Tout un symbole !<br \/>\n<\/span><\/p>\n<p><span style=\"color: #777777; font-family: Arial;\">C&rsquo;est l&rsquo;occasion de revenir sur un des \u00e9v\u00e8nements de la guerre d&rsquo;il y a 100 ans (14-18) qui aura un impact immense sur le monde de l&rsquo;apr\u00e8s-guerre et \u00e9claire les \u00e9v\u00e8nements et les conflits d&rsquo;aujourd&rsquo;hui.<br \/>\n<\/span><\/p>\n<p><span style=\"color: #777777; font-family: Arial;\">Ce sujet est si riche que seul un livre serait capable d&rsquo;en expliquer la complexit\u00e9, les racines et ses cons\u00e9quences.<br \/>\n<\/span><\/p>\n<p><span style=\"color: #777777; font-family: Arial;\">Je vais toutefois essayer en quelques mots de donner des \u00e9l\u00e9ments de compr\u00e9hension.<br \/>\n<\/span><\/p>\n<p><img decoding=\"async\" class=\"alignleft\" src=\"https:\/\/lemotdujour.fr\/wp-content\/uploads\/2023\/11\/112023_2129_Lundixxfvri1.jpg\" alt=\"\" align=\"left\" \/><span style=\"color: #777777; font-family: Arial;\">\u00ab\u00a0<strong>La d\u00e9claration Balfour<\/strong>\u00a0\u00bb est une lettre ouverte du Ministre des affaires \u00e9trang\u00e8res, de la Grande Bretagne, Lord Arthur James Balfour, \u00e0 la communaut\u00e9 juive, repr\u00e9sent\u00e9e par <strong>Lord Rothschild<\/strong>, pour soutenir l&rsquo;objectif de cr\u00e9er \u00ab <strong>un foyer national juif<\/strong> \u00bb en Palestine.<br \/>\n<\/span><\/p>\n<p><span style=\"color: #777777; font-family: Arial;\">Pour comprendre l&rsquo;impact de cet acte, il faut d\u00e9crire plusieurs \u00ab\u00a0dynamiques\u00a0\u00bb ou \u00ab\u00a0situations\u00a0\u00bb qui s&rsquo;entrecroisent dans cette d\u00e9claration.<br \/>\n<\/span><\/p>\n<p><span style=\"color: #777777; font-family: Arial;\"><strong>1\u00b0<\/strong> La Palestine : En 1914, la Palestine fait partie de l&rsquo;Empire ottoman. C&rsquo;est l&rsquo;une des derni\u00e8res r\u00e9gions que garde l&rsquo;Empire en d\u00e9clin. En 1914, la population juive en Palestine est faible.<a href=\"http:\/\/fr.wikipedia.org\/wiki\/Palestine_mandataire\"><span style=\"color: blue; text-decoration: underline;\">&lt;Wikip\u00e9dia annonce 55 000 juifs pour 560 000 Arabes&gt;<\/span><\/a>, soit moins de 10%<br \/>\n<\/span><\/p>\n<p><span style=\"color: #777777; font-family: Arial;\"><strong>2\u00b0<\/strong> Au sein de la communaut\u00e9 juive des pays europ\u00e9ens, en raison de multiples pers\u00e9cutions et notamment de terribles pogroms en Russie, a \u00e9merg\u00e9 un mouvement sioniste. Le principal dirigeant de ce mouvement <strong>Theodor Herzl<\/strong> a \u00e9galement insist\u00e9 dans ses m\u00e9moires sur l&rsquo;importance de l&rsquo;affaire Dreyfus dans son engagement dans ce mouvement, car si la France des droits de l&rsquo;Homme a pu vivre une affaire Dreyfus c&rsquo;est que les juifs ne sont en s\u00e9curit\u00e9 nulle part. Journaliste viennois, Theodor Herzl, publie \u00ab L&rsquo;\u00e9tat des Juifs \u00bb (Der Judenstaat) dans lequel il promeut la cr\u00e9ation d&rsquo;un \u00e9tat pour les Juifs et en d\u00e9taille les institutions et le fonctionnement. Il cr\u00e9e aussi l&rsquo;organisation sioniste dont le premier congr\u00e8s se r\u00e9unit \u00e0 B\u00e2le en 1897. En 1901, Herzl rencontre le sultan Abd\u00fclhamid II et lui propose, en vain, d&rsquo;\u00e9ponger les dettes de l&#8217;empire ottoman par un consortium bancaire international en \u00e9change du retrait des Turcs de Palestine. A la suite de cet \u00e9chec, Herzl examina avec int\u00e9r\u00eat l&rsquo;id\u00e9e de Joseph Chamberlain, alors secr\u00e9taire d\u2019\u00c9tat britannique aux colonies, d&rsquo;installer la nation isra\u00e9lienne en Ouganda. Mais, un an apr\u00e8s la mort d&rsquo;Herzl, le congr\u00e8s sioniste de 1905 rejeta finalement ce projet, estimant que la place d&rsquo;Isra\u00ebl ne pouvait se situer qu&rsquo;en Palestine, et se donna pour nouveau porte-parole <strong>Chaim Weizmann<\/strong>. <a href=\"http:\/\/fr.wikipedia.org\/wiki\/Theodor_Herzl\"><span style=\"color: blue; text-decoration: underline;\">&lt;Plus de d\u00e9tails&gt;<\/span><\/a><br \/>\n<\/span><\/p>\n<p><span style=\"color: #777777; font-family: Arial;\"><strong>3\u00b0<\/strong> Au d\u00e9but de la guerre 14-18, la puissante communaut\u00e9 juive am\u00e9ricaine soutient plut\u00f4t l&rsquo;Allemagne et l&rsquo;Autriche car le pays le plus anti-s\u00e9mite est la Russie et les communaut\u00e9s juives en Autriche et en Allemagne, en 1914, sont plut\u00f4t bien int\u00e9gr\u00e9es et font partie de l&rsquo;\u00e9lite artistique, litt\u00e9raire et aussi du monde des affaires de ces pays. Les Britanniques qui ont pour alli\u00e9 la Russie ont donc quelques difficult\u00e9s \u00e0 obtenir le soutien de la communaut\u00e9 juive am\u00e9ricaine.<br \/>\n<\/span><\/p>\n<p><span style=\"color: #777777; font-family: Arial;\"><strong><img loading=\"lazy\" decoding=\"async\" class=\"size-full wp-image-15129 alignright\" src=\"https:\/\/lemotdujour.fr\/wp-content\/uploads\/2023\/11\/112023_2129_Lundixxfvri2.jpg\" alt=\"\" width=\"255\" height=\"338\" srcset=\"https:\/\/lemotdujour.fr\/wp-content\/uploads\/2023\/11\/112023_2129_Lundixxfvri2.jpg 255w, https:\/\/lemotdujour.fr\/wp-content\/uploads\/2023\/11\/112023_2129_Lundixxfvri2-226x300.jpg 226w\" sizes=\"auto, (max-width: 255px) 100vw, 255px\" \/>4\u00b0<\/strong> Et puis, il y a le r\u00f4le de <strong>Chaim Weizmann<\/strong>. Chaim Weizmann est tr\u00e8s investi dans le congr\u00e8s sioniste mais il est aussi un chimiste de grand talent.<br \/>\n<\/span><\/p>\n<p><span style=\"color: #777777; font-family: Arial;\">Or, devenu professeur \u00e0 l&rsquo;universit\u00e9 de Manchester \u00e0 partir de 1904, il s&rsquo;installe en Grande-Bretagne. Il devient sujet de sa Majest\u00e9 en 1910, et s&rsquo;investit dans l&rsquo;effort de guerre britannique durant la Premi\u00e8re Guerre mondiale.<br \/>\n<\/span><\/p>\n<p><span style=\"color: #777777; font-family: Arial;\">Au d\u00e9but du XXe si\u00e8cle, la sup\u00e9riorit\u00e9 de l&rsquo;industrie chimique allemande par rapport aux industries \u00e9trang\u00e8res est \u00e9crasante. Apr\u00e8s la stabilisation des fronts, \u00e0 la fin de 1914, tous les bellig\u00e9rants sont confront\u00e9s \u00e0 une p\u00e9nurie de munitions, en particulier en ce qui concerne l&rsquo;artillerie.<br \/>\n<\/span><\/p>\n<p><span style=\"color: #777777; font-family: Arial;\">L&rsquo;ac\u00e9tone avait une grande importance militaire, elle servait de solvant dans la fabrication de cordite, explosif employ\u00e9 par l&rsquo;artillerie navale anglaise. Priv\u00e9e d&rsquo;ac\u00e9tone, la marine anglaise aurait d\u00fb changer tous ses canons.<br \/>\n<\/span><\/p>\n<p><span style=\"color: #777777; font-family: Arial;\">Or les allemands avaient coup\u00e9 la route d&rsquo;approvisionnement de ce produit. Instruit de ces circonstances, Weizmann tenta et r\u00e9ussit dans son laboratoire de Manchester une synth\u00e8se de ce corps par fermentation bact\u00e9riologique et il r\u00e9ussit. Le gouvernement britannique demanda \u00e0 Weizmann de produire 30 000 tonnes et ce dernier arriva \u00e0 faire produire cette quantit\u00e9. Il devint conseiller \u00e0 l&rsquo;Amiraut\u00e9 dont le chef \u00e9tait depuis peu <strong>Balfour<\/strong> (qui succ\u00e9da \u00e0 <strong>Churchill<\/strong>) et au minist\u00e8re des munitions o\u00f9 le Ministre est Lloyd George.<br \/>\n<\/span><\/p>\n<p><span style=\"color: #777777; font-family: Arial;\">Apr\u00e8s la guerre, Lloyd George a complaisamment r\u00e9pandu la l\u00e9gende selon laquelle il avait \u00e9t\u00e9 converti au sionisme par l&rsquo;ac\u00e9tone.<br \/>\n<\/span><\/p>\n<p><span style=\"color: #777777; font-family: Arial;\">Il est certain que si le gouvernement britannique en 1917 (avec Lloyd Georges comme premier Ministre et Balfour comme ministre des affaires \u00e9trang\u00e8res) avait consid\u00e9r\u00e9 que la d\u00e9claration Balfour n&rsquo;\u00e9tait pas conforme \u00e0 l&rsquo;int\u00e9r\u00eat strat\u00e9gique de la Grande Bretagne, il ne l&rsquo;aurait pas faite.<br \/>\n<\/span><\/p>\n<p><span style=\"color: #777777; font-family: Arial;\">Mais toute cette histoire a permis que Weizmann connaisse tr\u00e8s bien ces hommes cl\u00e9s et lui donne les moyens de faire du lobbying tr\u00e8s actif et du c\u00f4t\u00e9 britannique la sympathie pour un homme qui a aid\u00e9 leur effort de guerre ne peut \u00eatre sous-estim\u00e9.<br \/>\n<\/span><\/p>\n<p><span style=\"color: #777777; font-family: Arial;\">Il me faut abr\u00e9ger par 4 faits :<br \/>\n<\/span><\/p>\n<p><span style=\"color: #777777; font-family: Arial;\"><strong>1\u00b0<\/strong> La d\u00e9claration Balfour va changer la r\u00e9partition de la population en Palestine en encourageant l&rsquo;immigration juive. Les juifs seront 84 000 en 1922 et 174\u00a0606 en 1931 et <strong>608 000 pour 1 200 000 Arabes en 1948<\/strong>, soit quand m\u00eame 1\/3 et 2\/3 au moment de la cr\u00e9ation de l&rsquo;Etat d&rsquo;Isra\u00ebl.<br \/>\n<\/span><\/p>\n<p><span style=\"color: #777777; font-family: Arial;\"><strong>2\u00b0<\/strong> A la fin de la guerre 14\/18, deux empires se sont \u00e9croul\u00e9s :<br \/>\n<\/span><\/p>\n<p><span style=\"color: #777777; font-family: Arial;\">L&rsquo;Empire austro Hongrois pour lequel les alli\u00e9s ont cr\u00e9\u00e9s des \u00e9tats-nations dirig\u00e9s par des nationaux : Yougoslavie, Tch\u00e9coslovaquie \u2026<br \/>\n<\/span><\/p>\n<p><span style=\"color: #777777; font-family: Arial;\">L&rsquo;Empire ottoman o\u00f9 il n&rsquo;y a pas eu cr\u00e9ation d&rsquo;\u00e9tats nations mais des protectorats confi\u00e9s \u00e0 la Grande Bretagne et la France.<br \/>\n<\/span><\/p>\n<p><span style=\"color: #777777; font-family: Arial;\">Or il est bien \u00e9vident que si des Etats avaient \u00e9t\u00e9 cr\u00e9\u00e9s au moyen orient apr\u00e8s 1918, la Palestine aurait \u00e9t\u00e9 soit un Etat arabe ind\u00e9pendant soit plus probablement une r\u00e9gion ins\u00e9r\u00e9e dans un Etat Arabe plus vaste.<br \/>\n<\/span><\/p>\n<p><span style=\"color: #777777; font-family: Arial;\"><strong>3\u00b0<\/strong> D&rsquo;ailleurs, les Britanniques parall\u00e8lement \u00e0 la d\u00e9claration Balfour ont fait des promesses aux Arabes qui ne pourront que se sentir trahis. Ainsi les Britanniques ont promis au <strong>ch\u00e9rif Hussein qui gouverne La Mecque<\/strong> tous les territoires arabes sous occupation turque\u2026. y compris Palestine et Syrie.<br \/>\n<\/span><\/p>\n<p><span style=\"color: #777777; font-family: Arial;\">Le colonel T.E. Lawrence a jou\u00e9 un grand r\u00f4le dans ces relations, notamment pour conseiller les soldats arabes \u00e0 lutter contre les troupes ottomanes. Il y gagna le surnom de \u00ab <strong>Lawrence d&rsquo;Arabie<\/strong> \u00bb, sujet d&rsquo;un film mythique de David Lean. <\/span><\/p>\n<p><span style=\"color: #777777; font-family: Arial;\"><strong>4\u00b0<\/strong> Le 9 d\u00e9cembre 1917, un mois apr\u00e8s la d\u00e9claration Balfour, le g\u00e9n\u00e9ral britannique Robert Allenby entre \u00e0 J\u00e9rusalem sans coup f\u00e9rir. Son arm\u00e9e, venue d&rsquo;\u00c9gypte, compte trois bataillons juifs. <\/span><\/p>\n<p><span style=\"color: #777777; font-family: Arial;\">C&rsquo;en est donc fini d&rsquo;onze si\u00e8cles de domination musulmane sur la Ville sainte, arabe puis turque (mis \u00e0 part l&rsquo;interm\u00e8de crois\u00e9). Commence le protectorat compliqu\u00e9 de l&#8217;empire britannique. <\/span><\/p>\n<p><span style=\"color: #777777; font-family: Arial;\">Mais ceci est une autre Histoire. <\/span><\/p>\n<p><span style=\"color: #777777; font-family: Arial;\">Il semble quand m\u00eame incontournable de citer la d\u00e9claration Balfour :<br \/>\n<\/span><\/p>\n<p><img loading=\"lazy\" decoding=\"async\" class=\"alignright\" src=\"https:\/\/lemotdujour.fr\/wp-content\/uploads\/2023\/11\/112023_2129_Lundixxfvri3.jpg\" alt=\"\" width=\"463\" height=\"611\" align=\"left\" \/><span style=\"color: #c00000; font-family: Arial;\">\u00ab Cher Lord Rothschild,<br \/>\n<\/span><\/p>\n<p style=\"margin-left: 28pt;\"><span style=\"color: #c00000; font-family: Arial;\">J&rsquo;ai le plaisir de vous adresser, au nom du gouvernement de Sa Majest\u00e9, la d\u00e9claration ci-dessous de sympathie \u00e0 l&rsquo;adresse des aspirations sionistes, d\u00e9claration soumise au Parlement et approuv\u00e9e par lui.<br \/>\n<\/span><\/p>\n<p style=\"margin-left: 28pt;\"><span style=\"color: #c00000; font-family: Arial;\">Le gouvernement de Sa Majest\u00e9 envisage favorablement l&rsquo;\u00e9tablissement en Palestine d&rsquo;un foyer national pour le peuple juif, et emploiera tous ses efforts pour faciliter la r\u00e9alisation de cet objectif, \u00e9tant clairement entendu que rien ne sera fait qui puisse porter atteinte ni aux droits civils et religieux des collectivit\u00e9s non juives existant en Palestine, ni aux droits et au statut politique dont les Juifs jouissent dans tout autre pays.<br \/>\n<\/span><\/p>\n<p style=\"margin-left: 28pt;\"><span style=\"color: #c00000; font-family: Arial;\">Je vous serais reconnaissant de bien vouloir porter cette d\u00e9claration \u00e0 la connaissance de la F\u00e9d\u00e9ration sioniste.<br \/>\n<\/span><\/p>\n<p style=\"margin-left: 28pt;\"><span style=\"color: #c00000; font-family: Arial;\">Arthur James Balfour \u00bb<br \/>\n<\/span><\/p>\n<p><span style=\"color: #777777; font-family: Arial;\">Je tire toutes ces informations d&rsquo;un livre que j&rsquo;avais lu il y a quelques ann\u00e9es (c&rsquo;\u00e9tait avant Internet) :\u00a0\u00ab\u00a0<strong>La d\u00e9claration Balfour aux sources de l\u2019\u00c9tat d&rsquo;Isra\u00ebl par Jean-Pierre Alem<\/strong>\u00a0\u00bb aux \u00e9ditions Complexe.<br \/>\n<\/span><\/p>\n<p><span style=\"color: #777777; font-family: Arial;\">Par ailleurs l&rsquo;Histoire de la Palestine depuis la fin du XIX\u00e8me si\u00e8cle est remarquablement d\u00e9crite dans ces deux documentaires de la cha\u00eene Histoire : <a href=\"https:\/\/www.youtube.com\/watch?v=v8sVUO5iFBw\"><span style=\"color: blue; text-decoration: underline;\">&lt; Palestine, Histoire d&rsquo;une terre 1880 \u2013 1950 Partie 1\/2&gt;<\/span><\/a> et <a href=\"https:\/\/www.youtube.com\/watch?v=c2PfW0hcPzg\"><span style=\"color: blue; text-decoration: underline;\">&lt; Palestine, Histoire d&rsquo;une terre 1880 \u2013 1950 Partie 2\/2&gt;<\/span><\/a><br \/>\n<\/span><\/p>\n<p><span style=\"color: #777777; font-family: Arial;\">L&rsquo;Histoire nous explique le pr\u00e9sent<br \/>\n<\/span><\/p>\n<p><span style=\"color: #c00000; font-family: Arial;\">&lt;456&gt;<\/span><\/p>\n","protected":false},"excerpt":{"rendered":"<p>Mardi 17 mars 2015 \u00abLa d\u00e9claration Balfour\u00bb Lettre ouverte du 2 novembre 1917 sign\u00e9e par Arthur Balfour, le ministre des affaires \u00e9trang\u00e8res du Royaume-Uni. Les \u00e9lections isra\u00e9liennes ont lieu ce 17 mars 2015. J&rsquo;ai appris en marge d&rsquo;un reportage sur<\/p>\n","protected":false},"author":1,"featured_media":0,"comment_status":"closed","ping_status":"closed","sticky":false,"template":"","format":"standard","meta":{"footnotes":""},"categories":[1],"tags":[118,134,201,196],"class_list":["post-1038","post","type-post","status-publish","format-standard","hentry","category-motdujour","tag-14-18","tag-antisemitisme","tag-palestine","tag-royaume-uni"],"_links":{"self":[{"href":"https:\/\/lemotdujour.fr\/index.php?rest_route=\/wp\/v2\/posts\/1038","targetHints":{"allow":["GET"]}}],"collection":[{"href":"https:\/\/lemotdujour.fr\/index.php?rest_route=\/wp\/v2\/posts"}],"about":[{"href":"https:\/\/lemotdujour.fr\/index.php?rest_route=\/wp\/v2\/types\/post"}],"author":[{"embeddable":true,"href":"https:\/\/lemotdujour.fr\/index.php?rest_route=\/wp\/v2\/users\/1"}],"replies":[{"embeddable":true,"href":"https:\/\/lemotdujour.fr\/index.php?rest_route=%2Fwp%2Fv2%2Fcomments&post=1038"}],"version-history":[{"count":2,"href":"https:\/\/lemotdujour.fr\/index.php?rest_route=\/wp\/v2\/posts\/1038\/revisions"}],"predecessor-version":[{"id":15134,"href":"https:\/\/lemotdujour.fr\/index.php?rest_route=\/wp\/v2\/posts\/1038\/revisions\/15134"}],"wp:attachment":[{"href":"https:\/\/lemotdujour.fr\/index.php?rest_route=%2Fwp%2Fv2%2Fmedia&parent=1038"}],"wp:term":[{"taxonomy":"category","embeddable":true,"href":"https:\/\/lemotdujour.fr\/index.php?rest_route=%2Fwp%2Fv2%2Fcategories&post=1038"},{"taxonomy":"post_tag","embeddable":true,"href":"https:\/\/lemotdujour.fr\/index.php?rest_route=%2Fwp%2Fv2%2Ftags&post=1038"}],"curies":[{"name":"wp","href":"https:\/\/api.w.org\/{rel}","templated":true}]}}