{"id":10375,"date":"2020-12-10T00:02:00","date_gmt":"2020-12-09T23:02:00","guid":{"rendered":"http:\/\/lemotdujour.fr\/?p=10375"},"modified":"2020-12-10T16:18:21","modified_gmt":"2020-12-10T15:18:21","slug":"jeudi-10-decembre-2020","status":"publish","type":"post","link":"https:\/\/lemotdujour.fr\/?p=10375","title":{"rendered":"Jeudi 10 d\u00e9cembre 2020"},"content":{"rendered":"<div class=\"mdjTexte\">\u00ab Beethoven : sans lequel la musique de notre temps ne saurait exister \u00bb<\/div>\n<div class=\"mdjAuteur\">Jean Barraqu\u00e9<\/div>\n<p><span style=\"color: #777777; font-family: Arial;\"><strong>Ludwig van\u00a0Beethoven<\/strong>\u00a0a \u00e9t\u00e9\u00a0<strong>baptis\u00e9 le 17 d\u00e9cembre 1770 \u00e0 Bonn. <\/strong><\/span><span style=\"color: #777777; font-family: Arial;\">Il est n\u00e9 \u00e0 cette date ou avant cette date. On ne connait pas la date exacte, parce qu&rsquo;\u00e0 cette \u00e9poque les registres de naissance \u00e9taient tenus par l\u2019\u00c9glise. Et, ce qui int\u00e9ressait l&rsquo;\u00e9glise \u00e9tait l&rsquo;accueil de l&rsquo;enfant au sein de la communaut\u00e9 des croyants, donc le bapt\u00eame et non la naissance du corps physique.<br \/>\n<\/span><\/p>\n<p><span style=\"color: #777777; font-family: Arial;\">Ce que nous savons c&rsquo;est qu&rsquo;\u00e0 cette \u00e9poque, la croyance religieuse imposait de baptiser tr\u00e8s rapidement l&rsquo;enfant, car le pire \u00e9tait \u00e0 craindre si l&rsquo;enfant devait mourir avant d&rsquo;avoir connu le sacrement de l&rsquo;\u00e9glise. Or la mortalit\u00e9 infantile \u00e9tait tr\u00e8s importante. C&rsquo;est pourquoi les historiens s\u00e9rieux \u00e9crivent que Beethoven est n\u00e9 le 15 ou le 16 d\u00e9cembre 1770. Il est m\u00eame possible qu&rsquo;il soit n\u00e9 le jour de son bapt\u00eame.<br \/>\n<\/span><\/p>\n<p><span style=\"color: #777777; font-family: Arial;\">Toujours est-il que <strong>c&rsquo;\u00e9tait donc il y a un quart de mill\u00e9naire<\/strong>. Et c&rsquo;est pourquoi, je me lance dans une nouvelle s\u00e9rie pour parler de Beethoven, essayer d&rsquo;approcher ce monument pourtant si profond\u00e9ment humain.<br \/>\n<\/span><\/p>\n<p><span style=\"color: #777777; font-family: Arial;\">Comment faire\u00a0? Comment d\u00e9buter pour aborder ce g\u00e9ant de la musique et de l&rsquo;Art\u00a0?<br \/>\n<\/span><\/p>\n<p><img loading=\"lazy\" decoding=\"async\" class=\"alignleft\" src=\"https:\/\/lemotdujour.fr\/wp-content\/uploads\/2020\/12\/120920_2252_Jeudi10dcem1.jpg\" alt=\"\" width=\"434\" height=\"506\" align=\"left\" \/><span style=\"color: #777777; font-family: Arial;\">Bonn a \u00e9rig\u00e9 une statue \u00e0 son enfant le plus c\u00e9l\u00e8bre. Une photo montre cette statue en 1945 apr\u00e8s que les alli\u00e9s aient bombard\u00e9 la ville et ont en fait un monceau de ruines. La statue de Beethoven \u00e9tait rest\u00e9e debout.<br \/>\n<\/span><\/p>\n<p><span style=\"color: #777777; font-family: Arial;\">Ce monument Beethoven est une grande statue en bronze qui se dresse sur la M\u00fcnsterplatz \u00e0 Bonn et a \u00e9t\u00e9 inaugur\u00e9 le 12 ao\u00fbt 1845, en l&rsquo;honneur du 75e anniversaire de la naissance du compositeur.<br \/>\n<\/span><\/p>\n<p><span style=\"color: #777777; font-family: Arial;\">Quand il y eut en 1972, l&rsquo;attaque terroriste contre les athl\u00e8tes isra\u00e9liens lors des jeux olympiques de Munich, il fut d\u00e9cid\u00e9 malgr\u00e9 le deuil de continuer. Le Pr\u00e9sident du CIO, Avery Brundage d\u00e9clara\u00a0: \u00ab\u00a0<a href=\"https:\/\/information.tv5monde.com\/info\/munich-il-y-quarante-ans-septembre-noir-et-colere-de-dieu-3691\"><span style=\"color: #0000ff;\">The Games must go on<\/span>\u00a0<\/a>\u00bb et on joua Beethoven pour essayer d&rsquo;apaiser et donner la force de continuer. Je ne dis rien sur cette d\u00e9cision de continuer mais sur le fait qu&rsquo;il est apparu naturel de jouer une \u0153uvre de Beethoven, en l&rsquo;occurrence je m&rsquo;en souviens il s&rsquo;agissait de l&rsquo;Ouverture d&rsquo;Egmont et non de la marche fun\u00e8bre \u00e9voqu\u00e9e par l&rsquo;article vers lequel je renvoie.<br \/>\n<\/span><\/p>\n<p><span style=\"color: #777777; font-family: Arial;\">Et ce n&rsquo;est pas qu&rsquo;en Allemagne. Quand la France fut assaillie par les terribles attentats du 13 novembre 2015, que des fous de Dieu, des terroristes islamistes tir\u00e8rent avec des armes de guerre dans les rues de Paris et dans la salle du Bataclan, il fut d\u00e9cid\u00e9 de se recueillir lors d&rsquo;une c\u00e9r\u00e9monie &lt;<a href=\"https:\/\/fr.wikipedia.org\/wiki\/Hommages_aux_victimes_des_attentats_du_13_novembre_2015_en_France\"><span style=\"color: #0000ff;\">aux Invalides<\/span><\/a>&gt; et \u2026\u00a0:<br \/>\n<\/span><\/p>\n<p style=\"margin-left: 28pt;\"><span style=\"color: #c00000; font-family: Arial;\">\u00ab\u00a0La c\u00e9r\u00e9monie d&rsquo;hommage est ponctu\u00e9e par la musique de l&rsquo;orchestre de la Garde r\u00e9publicaine et du ch\u0153ur de l&rsquo;Arm\u00e9e fran\u00e7aise qui interpr\u00e8tent, pendant l&rsquo;arriv\u00e9e des familles et des personnalit\u00e9s, la \u00ab marche fun\u00e8bre \u00bb (deuxi\u00e8me mouvement) de la 3e symphonie, puis le deuxi\u00e8me mouvement de la 7e symphonie de Ludwig van Beethoven\u00a0\u00bb<br \/>\n<\/span><\/p>\n<p><span style=\"color: #777777; font-family: Arial;\">Il y eut aussi d&rsquo;autres \u0153uvres, mais spontan\u00e9ment et pour commencer on pensa \u00e0 Beethoven, debout, au milieu des ruines.<br \/>\n<\/span><\/p>\n<p><span style=\"color: #777777; font-family: Arial;\">Beethoven est aussi associ\u00e9e \u00e0 des moments plus euphoriques. <\/span><span style=\"color: #777777; font-family: Arial;\">Pour la chute du mur de Berlin on joua la 9<sup>\u00e8me<\/sup> symphonie et Bernstein rempla\u00e7a le mot \u00ab\u00a0<strong>Freude<\/strong>\u00a0\u00bb, \u00ab\u00a0joie\u00a0\u00bb par \u00ab\u00a0<strong>Freiheit<\/strong>\u00a0\u00bb \u00ab\u00a0libert\u00e9\u00a0\u00bb mais cela je l&rsquo;ai d\u00e9j\u00e0 racont\u00e9 lors du mot du jour sur la derni\u00e8re symphonie de Beethoven.<br \/>\n<\/span><\/p>\n<p><span style=\"color: #777777; font-family: Arial;\">Je suis n\u00e9 dans une famille de musiciens et d\u00e8s mon enfance le nom de Beethoven \u00e9tait un nom familier, le nom du compositeur, du musicien par excellence. <\/span><span style=\"color: #777777; font-family: Arial;\">Que ce soit mon p\u00e8re dont c&rsquo;est l&rsquo;anniversaire de sa naissance aujourd&rsquo;hui, mon oncle Louis ou mon fr\u00e8re G\u00e9rard, le mot de Beethoven \u00e9tait toujours prononc\u00e9 avec d\u00e9f\u00e9rence et l&rsquo;\u00e9vidence que c&rsquo;\u00e9tait le plus grand.<br \/>\n<\/span><\/p>\n<p><span style=\"color: #777777; font-family: Arial;\">Cette \u00e9vidence a \u00e9t\u00e9 un peu remise en question ces derni\u00e8res d\u00e9cennies.<br \/>\n<\/span><\/p>\n<p><span style=\"color: #777777; font-family: Arial;\">Ainsi, Nikolaus Harnoncourt, ce musicien disruptif qui a r\u00e9volutionn\u00e9 l&rsquo;interpr\u00e9tation des \u0153uvres baroques puis classiques, r\u00e9pondait au questionnaire de Proust en d\u00e9cembre 2009. A l&rsquo;interrogation\u00a0: \u00ab\u00a0Vos compositeurs pr\u00e9f\u00e9r\u00e9s\u00a0?\u00a0\u00bb, il r\u00e9pondit\u00a0:<br \/>\n<\/span><\/p>\n<p style=\"margin-left: 28pt;\"><span style=\"color: #c00000; font-family: Arial;\">\u00ab\u00a0Bach et Mozart.\u00a0\u00bb<br \/>\n<\/span><\/p>\n<p><span style=\"color: #777777; font-family: Arial;\">Et devant l&rsquo;\u00e9tonnement du journaliste Ga\u00e9tan Naulleau\u00a0: \u00ab\u00a0Pas Beethoven\u00a0?\u00a0\u00bb, il expliqua \u00a0:<br \/>\n<\/span><\/p>\n<p style=\"margin-left: 28pt;\"><span style=\"color: #c00000; font-family: Arial;\">\u00ab\u00a0C&rsquo;est un des tr\u00e8s tr\u00e8s grands cr\u00e9ateurs, soit. Mais si vous prenez tous les grands compositeurs, c\u00f4te \u00e0 c\u00f4te, vous voyez deux t\u00eates qui d\u00e9passent. Deux seulement.\u00a0\u00bb<br \/>\n<em>Rapport\u00e9s dans le Magazine Diapason N\u00b0 645 d&rsquo;avril 2016 page 27<\/em><br \/>\n<\/span><\/p>\n<p><span style=\"color: #777777; font-family: Arial;\">Je me suis exprim\u00e9 plusieurs fois sur la vacuit\u00e9 de vouloir \u00e9tablir, \u00e0 l&rsquo;\u00e9gal d&rsquo;une comp\u00e9tition sportive, un classement dans le monde de l&rsquo;art et des cr\u00e9ateurs.<br \/>\n<\/span><\/p>\n<p><span style=\"color: #777777; font-family: Arial;\">Pourtant cette affirmation d&rsquo;Harnoncourt m&rsquo;a choqu\u00e9.<br \/>\n<\/span><\/p>\n<p><img loading=\"lazy\" decoding=\"async\" class=\"alignright\" src=\"https:\/\/lemotdujour.fr\/wp-content\/uploads\/2020\/12\/120920_2252_Jeudi10dcem2.jpg\" alt=\"\" width=\"396\" height=\"350\" align=\"left\" \/><span style=\"color: #777777; font-family: Arial;\">Que l&rsquo;on associe Bach, Mozart et Beethoven dans un panth\u00e9on de la musique me parait assez sage. Mais qu&rsquo;on en dissocie Beethoven pour dire qu&rsquo;il ne fait pas partie des t\u00eates qui d\u00e9passent me semblent une erreur de jugement assez \u00e9tonnante.<br \/>\n<\/span><\/p>\n<p><span style=\"color: #777777; font-family: Arial;\">Jean-S\u00e9bastien Bach fut immense, il a pouss\u00e9 la musique \u00e0 des sommets de beaut\u00e9 et d&rsquo;\u00e9quilibre qui semblaient inaccessibles mais en restant dans les codes de l&rsquo;acad\u00e9misme musical.<br \/>\n<\/span><\/p>\n<p><span style=\"color: #777777; font-family: Arial;\">Wolfgang Amadeus Mozart fut simplement divin, sa capacit\u00e9 d&rsquo;inventer des phrases musicales inattendues, de cr\u00e9er une tension dramatique dans ses op\u00e9ras, de faire jaillir, \u00e0 partir de quelques notes, une beaut\u00e9 ineffable, \u00e9taient uniques. Mais lui aussi est rest\u00e9 dans les formes et normes qu&rsquo;on lui avait apprises.<br \/>\n<\/span><\/p>\n<p><span style=\"color: #777777; font-family: Arial;\">Bref, on composait de la musique de la m\u00eame fa\u00e7on avant et apr\u00e8s Bach, avant et apr\u00e8s Mozart. <\/span><span style=\"color: #777777; font-family: Arial;\">Rien de tel pour celui dont nous f\u00eatons les 250 ans, il y eut un avant et un apr\u00e8s Beethoven.<br \/>\n<\/span><\/p>\n<p><span style=\"color: #777777; font-family: Arial;\">Au c\u0153ur de l&rsquo;\u0153uvre de Beethoven il y a trois grands cycles qui ont r\u00e9volutionn\u00e9 la musique et la mani\u00e8re de composer\u00a0:<br \/>\n<\/span><\/p>\n<ul>\n<li><span style=\"color: #777777; font-family: Arial;\">Les 9 symphonies<br \/>\n<\/span><\/li>\n<li><span style=\"color: #777777; font-family: Arial;\">Les 32 Sonates pour piano<br \/>\n<\/span><\/li>\n<li><span style=\"color: #777777; font-family: Arial;\">Les 16 Quatuors \u00e0 cordes<br \/>\n<\/span><\/li>\n<\/ul>\n<p><span style=\"color: #777777; font-family: Arial;\">Il \u00e9crivit bien s\u00fbr d&rsquo;autres \u0153uvres sublimes des concertos de piano, le concerto de violon, les sonates pour violoncelle et violon, la Missa Solemnis et les \u00e9tonnantes Variations Diabelli etc\u2026<br \/>\n<\/span><\/p>\n<p><span style=\"color: #777777; font-family: Arial;\">Mais pour les symphonies, les sonates de piano et les quatuors il y eut encore plus clairement que pour les autres, un Avant et un apr\u00e8s.<br \/>\n<\/span><\/p>\n<p><span style=\"color: #777777; font-family: Arial;\">Il est connu que Brahms n&rsquo;osa pas composer de symphonie parce qu&rsquo;il pensait qu&rsquo;il n&rsquo;arriverait pas \u00e0 \u00e9crire de telles \u0153uvres apr\u00e8s lui. Il attendit l&rsquo;\u00e2ge de 40 ans pour oser la premi\u00e8re.<br \/>\n<\/span><\/p>\n<p><span style=\"color: #777777; font-family: Arial;\">Avant il disait\u00a0:<br \/>\n<\/span><\/p>\n<p style=\"margin-left: 28pt;\"><span style=\"color: #c00000; font-family: Arial;\">\u00ab Je ne composerai jamais de symphonie ! Vous n&rsquo;imaginez pas quel courage il faudrait quand on entend toujours derri\u00e8re soi les pas d&rsquo;un g\u00e9ant [Beethoven] ! \u00bb<br \/>\n<a href=\"https:\/\/www.francemusique.fr\/emissions\/le-van-beethoven\/johannes-brahms-sur-les-traces-de-beethoven-88320\"><em><span style=\"color: #0000ff;\">Propos tenus par Brahms<\/span><\/em><\/a><em> au chef d&rsquo;orchestre Hermann Levi en 1872.<br \/>\n<\/em><\/span><\/p>\n<p><span style=\"color: #777777; font-family: Arial;\">Franz Schubert, cet autre g\u00e9nie se sentait trop petit pour oser l&rsquo;approcher.<br \/>\n<\/span><\/p>\n<p><span style=\"color: #777777; font-family: Arial;\">Franz Liszt, immense virtuose du piano, fut un des premiers en capacit\u00e9 technique de jouer les pi\u00e8ces pour piano d&rsquo;une incroyable difficult\u00e9. <\/span><span style=\"color: #777777; font-family: Arial;\">Dans un \u00e9lan de passion dont il \u00e9tait capable, il d\u00e9clara\u00a0:<br \/>\n<\/span><\/p>\n<p style=\"margin-left: 28pt;\"><span style=\"color: #c00000; font-family: Arial;\">\u00ab\u00a0Pour nous musiciens, l&rsquo;\u0153uvre de Beethoven est semblable \u00e0 la colonne de nu\u00e9e et de feu qui conduisit les Isra\u00e9lites \u00e0 travers le d\u00e9sert &#8211; colonne de nu\u00e9e pour nous conduire le jour &#8211; colonne de feu pour nous \u00e9clairer la nuit afin que nous marchions jour et nuit.\u00a0\u00bb<br \/>\n<\/span><span style=\"color: #c00000; font-family: Arial;\"><em>Franz Liszt trouv\u00e9 sur le site de <a href=\"https:\/\/www.francemusique.fr\/emissions\/le-van-beethoven\/une-statue-pour-beethoven-75324\"><span style=\"color: #0000ff;\">France musique<\/span><\/a><br \/>\n<\/em><\/span><\/p>\n<p><span style=\"color: #777777; font-family: Arial;\">Son gendre Richard Wagner avait aussi une relation tr\u00e8s reconnaissante, je dirai de disciple, \u00e0 l&rsquo;\u00e9gard de Beethoven. C&rsquo;est tout naturellement qu&rsquo;il d\u00e9cida que la premi\u00e8re \u0153uvre qui serait jou\u00e9e pour inaugurer <span style=\"text-decoration: line-through;\">son temple<\/span> th\u00e9\u00e2tre de Bayreuth serait la 9<sup>\u00e8me<\/sup> symphonie de Beethoven. Il consacra, aussi, un livre au ma\u00eetre pour le centenaire de sa naissance, en 1870, et \u00e9crivit dans sa lettre sur la musique :<br \/>\n<\/span><\/p>\n<p style=\"margin-left: 28pt;\"><span style=\"color: #c00000; font-family: Arial;\">\u00ab\u00a0La symphonie de Beethoven se dresse aujourd&rsquo;hui devant nous comme une colonne qui indique \u00e0 l&rsquo;art une nouvelle p\u00e9riode.\u00a0\u00bb<br \/>\n<\/span><span style=\"color: #c00000; font-family: Arial;\"><em>Richard Wagner cit\u00e9 par Classica de D\u00e9cembre 2019 \u2013 Janvier 2020 page 45<br \/>\n<\/em><\/span><\/p>\n<p><img loading=\"lazy\" decoding=\"async\" class=\"alignleft\" src=\"https:\/\/lemotdujour.fr\/wp-content\/uploads\/2020\/12\/120920_2252_Jeudi10dcem3.jpg\" alt=\"\" width=\"368\" height=\"491\" align=\"left\" \/><span style=\"color: #777777; font-family: Arial;\">Et Berlioz entra\u00eena les fran\u00e7ais dans un culte tout aussi lyrique\u00a0:<br \/>\n<\/span><\/p>\n<p style=\"margin-left: 28pt;\"><span style=\"color: #c00000; font-family: Arial;\">\u00ab\u00a0Les Grecs avaient divinis\u00e9 Hom\u00e8re, tant que Beethoven n&rsquo;aura pas son temple, on m\u00e9ritera le nom de barbares qu&rsquo;ils nous avaient donn\u00e9s\u00a0\u00bb.<br \/>\n<em>cit\u00e9 par Classica de D\u00e9cembre 2019 \u2013 Janvier 2020 page 44<\/em><br \/>\n<\/span><\/p>\n<p><span style=\"color: #777777; font-family: Arial;\">La Soci\u00e9t\u00e9 des concerts du conservatoire \u00e0 Paris fut fond\u00e9e en 1828. Cette institution avec son premier chef <a href=\"https:\/\/fr.wikipedia.org\/wiki\/Fran%C3%A7ois-Antoine_Habeneck\"><span style=\"color: #0000ff;\">Fran\u00e7ois-Antoine Habeneck<\/span><\/a> se constitua en v\u00e9ritable temple d\u00e9di\u00e9 \u00e0 l&rsquo;\u0153uvre du ma\u00eetre de Vienne n\u00e9 \u00e0 Bonn. Il r\u00e9unissait un public socialement bigarr\u00e9 mais uni par une m\u00eame ferveur \u00e9crit ce m\u00eame magazine.<br \/>\n<\/span><\/p>\n<p><span style=\"color: #777777; font-family: Arial;\">Ce culte d\u00e9buta du vivant du compositeur. Les contemporains de Beethoven avaient pleinement conscience qu&rsquo;un g\u00e9nie musical vivaient au milieu d&rsquo;eux. Et cela m\u00eame si toutes ses \u0153uvres, notamment les plus novatrices et que la post\u00e9rit\u00e9 classe tout en haut des chefs d&rsquo;\u0153uvre de la musique, n&rsquo;\u00e9taient pas comprises et appr\u00e9ci\u00e9es \u00e0 leur juste valeur.<br \/>\n<\/span><\/p>\n<p style=\"margin-left: 28pt;\"><span style=\"color: #c00000; font-family: Arial;\">\u00ab L&rsquo;impact de la musique de Beethoven fut imm\u00e9diat et durable. Aucun autre compositeur, ne connut de son vivant une telle gloire, \u00e0 l&rsquo;exception peut-\u00eatre de Wagner. \u00bb<br \/>\n<em>Bertrand Dernoncourt, Classica-R\u00e9pertoire Novembre 2007, page 40<\/em><br \/>\n<\/span><\/p>\n<p><span style=\"color: #777777; font-family: Arial;\">La v\u00e9rit\u00e9 historique montre que Beethoven fut d\u00e9j\u00e0 un mythe de son vivant\u00a0:<br \/>\n<\/span><\/p>\n<p style=\"margin-left: 28pt;\"><span style=\"color: #c00000; font-family: Arial;\">\u00ab De son vivant, Beethoven \u00e9tait d\u00e9j\u00e0 un mythe, ce que l&rsquo;on appellerait aujourd&rsquo;hui un compositeur \u00ab culte \u00bb. Si cela n&rsquo;avait pas \u00e9t\u00e9 le cas, cet homme que certaines l\u00e9gendes, nous ont montr\u00e9 pauvre et isol\u00e9, n&rsquo;aurait pas \u00e9t\u00e9 accompagn\u00e9 \u00e0 sa derni\u00e8re demeure par une foule immense \u2013 On parle de 20 000 personnes. \u00bb<br \/>\n<em>Jacques Bonnaure &#8211; Classica octobre 2016 page 54<br \/>\n<\/em><\/span><\/p>\n<p><span style=\"color: #777777; font-family: Arial;\">Finalement Nikolaus Harnoncourt a exprim\u00e9 une autre perspective apr\u00e8s avoir enregistr\u00e9 l&rsquo;int\u00e9grale des symphonies, avec l&rsquo;Orchestre de Chambre d&rsquo;Europe. Interpr\u00e9tation qui a \u00e9t\u00e9 encens\u00e9e par l&rsquo;ensemble des critiques, alors que je la trouve, parfois, un peu brutale . Le magazine Harmonie l&rsquo;avait alors interrog\u00e9 et il disait :<br \/>\n<\/span><\/p>\n<p style=\"margin-left: 28pt;\"><span style=\"color: #c00000; font-family: Arial;\">\u00ab\u00a0Mon approche vient de Haydn et Mozart mais Beethoven est absolument personnel, et diff\u00e9rent de l&rsquo;un comme de l&rsquo;autre. Il franchit un palier. J&rsquo;ai longtemps fait la grande erreur de juger la qualit\u00e9 et l&rsquo;intensit\u00e9 de Beethoven avec des crit\u00e8res issus de Mozart ou Haydn. Mais la mesure de Beethoven est autre, il ne suit pas les traces de Mozart et de Haydn\u00a0: cette dimension qui repr\u00e9sente une r\u00e9elle coupure, fait toute la grandeur et la sp\u00e9cificit\u00e9 de sa musique\u00a0\u00bb<br \/>\n<span style=\"text-decoration: underline;\"><em>Harmonie Propos recueillis par Remy Louis<\/em><br \/>\n<\/span><\/span><\/p>\n<p><span style=\"color: #777777; font-family: Arial;\">Mais si Harnoncourt vient de la musique ancienne vers Beethoven, il faut plut\u00f4t lire les musiciens contemporains pour percevoir ce qu&rsquo;ils doivent \u00e0 Beethoven.<br \/>\n<\/span><\/p>\n<p><span style=\"color: #777777; font-family: Arial;\">C&rsquo;est le cas <span style=\"color: #0000ff;\"><a style=\"color: #0000ff;\" href=\"https:\/\/fr.wikipedia.org\/wiki\/Andr%C3%A9_Boucourechliev\">d&rsquo;Andr\u00e9 Boucourechliev<\/a><\/span> qui parla de\u00a0:<br \/>\n<\/span><\/p>\n<p style=\"margin-left: 28pt;\"><span style=\"color: #c00000; font-family: Arial;\">\u00ab\u00a0La puissance subversive d&rsquo;un des artistes les plus in\u00e9puisablement actuels du monde\u00a0\u00bb<br \/>\n<\/span><\/p>\n<p><span style=\"color: #777777; font-family: Arial;\"><img loading=\"lazy\" decoding=\"async\" class=\"wp-image-10377 alignright\" src=\"https:\/\/lemotdujour.fr\/wp-content\/uploads\/2020\/12\/Le-Beethoven-de-Boucourechliev.jpg\" alt=\"\" width=\"200\" height=\"330\" srcset=\"https:\/\/lemotdujour.fr\/wp-content\/uploads\/2020\/12\/Le-Beethoven-de-Boucourechliev.jpg 1214w, https:\/\/lemotdujour.fr\/wp-content\/uploads\/2020\/12\/Le-Beethoven-de-Boucourechliev-182x300.jpg 182w, https:\/\/lemotdujour.fr\/wp-content\/uploads\/2020\/12\/Le-Beethoven-de-Boucourechliev-622x1024.jpg 622w, https:\/\/lemotdujour.fr\/wp-content\/uploads\/2020\/12\/Le-Beethoven-de-Boucourechliev-768x1265.jpg 768w, https:\/\/lemotdujour.fr\/wp-content\/uploads\/2020\/12\/Le-Beethoven-de-Boucourechliev-932x1536.jpg 932w\" sizes=\"auto, (max-width: 200px) 100vw, 200px\" \/>Ce compositeur qui d\u00e9c\u00e9da en 1997 avait consacr\u00e9 un livre c\u00e9l\u00e8bre \u00e0 \u00ab\u00a0<span style=\"color: #0000ff;\"><a style=\"color: #0000ff;\" href=\"https:\/\/www.seuil.com\/ouvrage\/beethoven-andre-boucourechliev\/9782757878255\">Beethoven<\/a><\/span> \u00bb paru, en 1963, dans la collection Solf\u00e8ge et republi\u00e9. <\/span><span style=\"color: #777777; font-family: Arial;\">Ce livre commence ainsi<br \/>\n<\/span><\/p>\n<p style=\"margin-left: 28pt;\"><span style=\"color: #c00000; font-family: Arial;\">\u00ab\u00a0De tous les cr\u00e9ateurs dont les chefs-d&rsquo;\u0153uvre d\u00e9fient le temps et mod\u00e8lent le visage de notre civilisation, Beethoven est sans doute celui que chacun de nous a recr\u00e9\u00e9 pour son propre compte avec le sentiment de la plus absolue certitude. Universellement reconnu dans l&rsquo;\u00e9vidence de son g\u00e9nie et de sa grandeur morale, il appartient \u00e0 tous, et \u00e0 chacun diversement. Son \u0153uvre livre \u00e0 chacun un message particulier, un secret propre, et l&rsquo;homme lui-m\u00eame exalte une id\u00e9e, une mesure de l&rsquo;homme exemplaires. Au-del\u00e0 du musicien, Beethoven est devenu un symbole, ou mille symboles exaltants, exalt\u00e9s, contradictoires. Tradition et r\u00e9volution, justice et oppression, volont\u00e9 et d\u00e9sespoir, solitude, fraternit\u00e9, joie, renoncement ont \u00e9lu comme signe ce m\u00eame homme, cette musique. Toutes les id\u00e9ologies, toutes les morales, toutes les esth\u00e9tiques lui ont dress\u00e9 leurs monuments, lui ont d\u00e9di\u00e9 leurs \u00e9pigraphes, consacr\u00e9 leurs ouvrages savants. [\u2026] Plus que toute autre, l&rsquo;\u0153uvre de Beethoven poss\u00e8de le don de la migration perp\u00e9tuelle, et rend un sens au mot galvaud\u00e9 d&rsquo;\u00ab immortelle \u00bb. Ce privil\u00e8ge est celui de l&rsquo;esprit moderne.\u00a0\u00bb<br \/>\n<\/span><\/p>\n<p><span style=\"color: #777777; font-family: Arial;\">J&rsquo;aurai pu choisir comme exergue de ce premier mot sur Beethoven\u00a0: \u00ab\u00a0[\u2026] <strong>Plus que toute autre, l&rsquo;\u0153uvre de Beethoven poss\u00e8de le don de la migration perp\u00e9tuelle, et rend un sens au mot galvaud\u00e9 d&rsquo;\u00ab immortelle<\/strong> \u00bb.<br \/>\n<\/span><\/p>\n<p><span style=\"color: #777777; font-family: Arial;\">J&rsquo;aurais aussi pu puiser dans cette description <a href=\"https:\/\/www.musicologie.org\/Biographies\/j\/jolivet_andre.html\"><span style=\"color: #0000ff;\">d&rsquo;Andr\u00e9 Jolivet<\/span><\/a> (1905-1974)<br \/>\n<\/span><\/p>\n<p style=\"margin-left: 28pt;\"><span style=\"color: #c00000; font-family: Arial;\">\u00ab\u00a0Alors que la musique se manifeste par un Lully, un Bach ou un Mozart, Beethoven, lui agit sur la musique. Sa m\u00e9lodie devient un geste sonore, son \u0153uvre un acte. La production de Beethoven marque une \u00e9tape de la pens\u00e9e humaine. Depuis la Renaissance, l&rsquo;Art se d\u00e9naturait, il devenait \u00ab\u00a0Beaux-Arts\u00a0\u00bb.<br \/>\n<\/span><\/p>\n<p style=\"margin-left: 28pt;\"><span style=\"color: #c00000; font-family: Arial;\">Beethoven brise cette \u00e9volution et, magnifiant l&rsquo;humain, retrouve le sens du sacr\u00e9. Cet homme vit pleinement son \u00e9poque, il s&rsquo;int\u00e8gre \u00e0 l&rsquo;histoire de son temps. Mais d\u00e9j\u00e0 il annonce ce que Berlioz et Wagner issus de lui, puis Debussy, pr\u00e9pareront pour leurs h\u00e9ritiers du XX\u00e8me si\u00e8cle\u00a0: le retour au sacr\u00e9.\u00bb<br \/>\n<\/span><span style=\"color: #c00000; font-family: Arial;\"><em>Beethoven, Hachette, Collection \u00ab\u00a0G\u00e9nies et R\u00e9alit\u00e9s\u00a0\u00bb Page 199<br \/>\n<\/em><\/span><\/p>\n<p><span style=\"color: #777777; font-family: Arial;\"><img loading=\"lazy\" decoding=\"async\" class=\"wp-image-10378 alignleft\" src=\"https:\/\/lemotdujour.fr\/wp-content\/uploads\/2020\/12\/Statue-Bonn.jpg\" alt=\"\" width=\"217\" height=\"144\" srcset=\"https:\/\/lemotdujour.fr\/wp-content\/uploads\/2020\/12\/Statue-Bonn.jpg 602w, https:\/\/lemotdujour.fr\/wp-content\/uploads\/2020\/12\/Statue-Bonn-300x199.jpg 300w\" sizes=\"auto, (max-width: 217px) 100vw, 217px\" \/>Mais je pr\u00e9f\u00e8re finalement la formule simple et juste d&rsquo;un autre compositeur, <a href=\"https:\/\/fr.wikipedia.org\/wiki\/Jean_Barraqu%C3%A9\"><span style=\"color: #0000ff;\">Jean Barraqu\u00e9<\/span><\/a> (1928-1973) \u00a0:<br \/>\n<\/span><\/p>\n<p style=\"margin-left: 28pt;\"><span style=\"color: #c00000; font-family: Arial;\">\u00ab Beethoven : sans lequel la musique de notre temps ne saurait exister \u00bb<br \/>\n<em>cit\u00e9 par Classica de D\u00e9cembre 2019 \u2013 Janvier 2020 page 45<\/em><br \/>\n<\/span><\/p>\n<p><span style=\"color: #777777; font-family: Arial;\">C&rsquo;est probablement par les ruptures qu&rsquo;il a cr\u00e9\u00e9es et les ouvertures des champs du possible que son monument artistique est le plus exceptionnel.<\/span><\/p>\n<p><span style=\"color: #777777; font-family: Arial;\">Pour finir ce premier mot de la s\u00e9rie je propose une \u0153uvre de piano\u00a0: &lt;<a href=\"https:\/\/www.youtube.com\/watch?v=OIaU_n_tgls\"><span style=\"color: #0000ff;\">3<sup>\u00e8me<\/sup> mouvement de la sonate \u00ab\u00a0temp\u00eate\u00a0\u00bb par Sviatoslav Richter<\/span><\/a>&gt;<br \/>\n<\/span><\/p>\n<p><span style=\"color: #777777; font-family: Arial;\">Et pour replacer ce mouvement dans son contexte\u00a0: &lt;<span style=\"color: #0000ff;\"><a style=\"color: #0000ff;\" href=\"https:\/\/www.youtube.com\/watch?v=tiJjoFQtMvg\">Daniel Barenbo\u00efm joue la sonate N\u00b017 \u00ab\u00a0la temp\u00eate\u00a0\u00bb dans son int\u00e9gralit\u00e9<\/a><\/span>&gt;<br \/>\n<\/span><\/p>\n<p><span style=\"color: maroon; font-family: Arial;\">&lt;1505&gt;<\/span><\/p>\n","protected":false},"excerpt":{"rendered":"<p>\u00ab Beethoven : sans lequel la musique de notre temps ne saurait exister \u00bb Jean Barraqu\u00e9 Ludwig van\u00a0Beethoven\u00a0a \u00e9t\u00e9\u00a0baptis\u00e9 le 17 d\u00e9cembre 1770 \u00e0 Bonn. Il est n\u00e9 \u00e0 cette date ou avant cette date. On ne connait pas la<\/p>\n","protected":false},"author":1,"featured_media":0,"comment_status":"open","ping_status":"closed","sticky":false,"template":"","format":"standard","meta":{"footnotes":""},"categories":[1],"tags":[47,148,17,20],"class_list":["post-10375","post","type-post","status-publish","format-standard","hentry","category-motdujour","tag-allemagne","tag-autriche","tag-histoire","tag-musique"],"_links":{"self":[{"href":"https:\/\/lemotdujour.fr\/index.php?rest_route=\/wp\/v2\/posts\/10375","targetHints":{"allow":["GET"]}}],"collection":[{"href":"https:\/\/lemotdujour.fr\/index.php?rest_route=\/wp\/v2\/posts"}],"about":[{"href":"https:\/\/lemotdujour.fr\/index.php?rest_route=\/wp\/v2\/types\/post"}],"author":[{"embeddable":true,"href":"https:\/\/lemotdujour.fr\/index.php?rest_route=\/wp\/v2\/users\/1"}],"replies":[{"embeddable":true,"href":"https:\/\/lemotdujour.fr\/index.php?rest_route=%2Fwp%2Fv2%2Fcomments&post=10375"}],"version-history":[{"count":5,"href":"https:\/\/lemotdujour.fr\/index.php?rest_route=\/wp\/v2\/posts\/10375\/revisions"}],"predecessor-version":[{"id":10382,"href":"https:\/\/lemotdujour.fr\/index.php?rest_route=\/wp\/v2\/posts\/10375\/revisions\/10382"}],"wp:attachment":[{"href":"https:\/\/lemotdujour.fr\/index.php?rest_route=%2Fwp%2Fv2%2Fmedia&parent=10375"}],"wp:term":[{"taxonomy":"category","embeddable":true,"href":"https:\/\/lemotdujour.fr\/index.php?rest_route=%2Fwp%2Fv2%2Fcategories&post=10375"},{"taxonomy":"post_tag","embeddable":true,"href":"https:\/\/lemotdujour.fr\/index.php?rest_route=%2Fwp%2Fv2%2Ftags&post=10375"}],"curies":[{"name":"wp","href":"https:\/\/api.w.org\/{rel}","templated":true}]}}