{"id":10353,"date":"2020-12-09T04:35:00","date_gmt":"2020-12-09T03:35:00","guid":{"rendered":"http:\/\/lemotdujour.fr\/?p=10353"},"modified":"2020-12-07T01:12:00","modified_gmt":"2020-12-07T00:12:00","slug":"mercredi-9-decembre-2020","status":"publish","type":"post","link":"https:\/\/lemotdujour.fr\/?p=10353","title":{"rendered":"Mercredi 9 d\u00e9cembre 2020"},"content":{"rendered":"<div class=\"mdjTexte\">\u00ab\u00a0Pause (Pr\u00e9paration pour une s\u00e9rie sur Beethoven)\u00a0\u00bb<\/div>\n<div class=\"mdjAuteur\">Un jour sans mot du jour nouveau<\/div>\n<p><span style=\"color: #777777; font-family: Arial;\">A partir de demain, je vais tenter de commencer une s\u00e9rie de mots du jour consacr\u00e9s \u00e0 Beethoven, n\u00e9 il y a un quart de mill\u00e9naire.<br \/>\n<\/span><\/p>\n<p><img decoding=\"async\" class=\"alignleft\" src=\"https:\/\/lemotdujour.fr\/wp-content\/uploads\/2020\/12\/120720_0005_Mercredi9dc1.jpg\" alt=\"\" align=\"left\" \/><span style=\"color: #777777; font-family: Arial;\">Le cap des 1500 mots du jour a \u00e9t\u00e9 franchi, quasi sans le dire.<br \/>\n<\/span><\/p>\n<p><span style=\"color: #777777; font-family: Arial;\">Tel ne fut pas le cas pour le 1000<sup>\u00e8me<\/sup> mot du jour pour lequel j&rsquo;avais fait appel \u00e0 Beethoven et \u00e0 son exergue de la \u00ab\u00a0<strong>Missa Solemnis<\/strong>\u00a0\u00bb<br \/>\n<\/span><\/p>\n<p><span style=\"color: navy; font-family: Arial;\"><span style=\"color: #0000ff;\">\u00ab<\/span><a href=\"https:\/\/lemotdujour.fr\/?p=3849\"><span style=\"color: #0000ff;\">Venue du c\u0153ur puisse t&rsquo;elle retrouver le chemin du c\u0153ur\u00a0\u00bb<\/span><strong><br \/>\n<\/strong><\/a><\/span><\/p>\n<p><span style=\"color: #777777; font-family: Arial;\">Et une autre fois aussi, il a \u00e9t\u00e9 question d&rsquo;une \u0153uvre de Beethoven\u00a0: La 9\u00e8me symphonie.<br \/>\n<\/span><\/p>\n<p><span style=\"color: #777777; font-family: Arial;\">C&rsquo;\u00e9tait le 14 septembre 2015 apr\u00e8s une interpr\u00e9tation de L&rsquo;orchestre National de Lyon sous la direction de Leonard Slatkin\u00a0:<br \/>\n<\/span><\/p>\n<p><span style=\"color: navy; font-family: Arial;\"><span style=\"color: #0000ff;\">\u00ab<a style=\"color: #0000ff;\" href=\"https:\/\/lemotdujour.fr\/?p=1234\">Alle Menschen werden Br\u00fcder<\/a><\/span>\u00a0\u00bb<\/span><\/p>\n<p><span style=\"color: #777777; font-family: Arial;\">Il est tout \u00e0 fait possible que cette s\u00e9rie soit entrecoup\u00e9e de \u00ab pause(s)\u00a0\u00bb tant le sujet me semble difficile.<br \/>\n<\/span><\/p>\n<p><span style=\"color: maroon; font-family: Arial;\">&lt;Mot sans num\u00e9ro&gt;<\/span><\/p>\n","protected":false},"excerpt":{"rendered":"<p>\u00ab\u00a0Pause (Pr\u00e9paration pour une s\u00e9rie sur Beethoven)\u00a0\u00bb Un jour sans mot du jour nouveau A partir de demain, je vais tenter de commencer une s\u00e9rie de mots du jour consacr\u00e9s \u00e0 Beethoven, n\u00e9 il y a un quart de mill\u00e9naire.<\/p>\n","protected":false},"author":1,"featured_media":0,"comment_status":"open","ping_status":"closed","sticky":false,"template":"","format":"standard","meta":{"footnotes":""},"categories":[1],"tags":[96],"class_list":["post-10353","post","type-post","status-publish","format-standard","hentry","category-motdujour","tag-pause"],"_links":{"self":[{"href":"https:\/\/lemotdujour.fr\/index.php?rest_route=\/wp\/v2\/posts\/10353","targetHints":{"allow":["GET"]}}],"collection":[{"href":"https:\/\/lemotdujour.fr\/index.php?rest_route=\/wp\/v2\/posts"}],"about":[{"href":"https:\/\/lemotdujour.fr\/index.php?rest_route=\/wp\/v2\/types\/post"}],"author":[{"embeddable":true,"href":"https:\/\/lemotdujour.fr\/index.php?rest_route=\/wp\/v2\/users\/1"}],"replies":[{"embeddable":true,"href":"https:\/\/lemotdujour.fr\/index.php?rest_route=%2Fwp%2Fv2%2Fcomments&post=10353"}],"version-history":[{"count":3,"href":"https:\/\/lemotdujour.fr\/index.php?rest_route=\/wp\/v2\/posts\/10353\/revisions"}],"predecessor-version":[{"id":10357,"href":"https:\/\/lemotdujour.fr\/index.php?rest_route=\/wp\/v2\/posts\/10353\/revisions\/10357"}],"wp:attachment":[{"href":"https:\/\/lemotdujour.fr\/index.php?rest_route=%2Fwp%2Fv2%2Fmedia&parent=10353"}],"wp:term":[{"taxonomy":"category","embeddable":true,"href":"https:\/\/lemotdujour.fr\/index.php?rest_route=%2Fwp%2Fv2%2Fcategories&post=10353"},{"taxonomy":"post_tag","embeddable":true,"href":"https:\/\/lemotdujour.fr\/index.php?rest_route=%2Fwp%2Fv2%2Ftags&post=10353"}],"curies":[{"name":"wp","href":"https:\/\/api.w.org\/{rel}","templated":true}]}}