{"id":10347,"date":"2020-12-08T03:00:00","date_gmt":"2020-12-08T02:00:00","guid":{"rendered":"http:\/\/lemotdujour.fr\/?p=10347"},"modified":"2020-12-08T10:01:45","modified_gmt":"2020-12-08T09:01:45","slug":"mardi-8-decembre-2020","status":"publish","type":"post","link":"https:\/\/lemotdujour.fr\/?p=10347","title":{"rendered":"Mardi 8 d\u00e9cembre 2020"},"content":{"rendered":"<div class=\"mdjTexte\">\u00ab La f\u00eate des lumi\u00e8res \u00e0 Lyon \u00bb<\/div>\n<div class=\"mdjAuteur\">Une f\u00eate qui se passe, chaque ann\u00e9e, le 8 d\u00e9cembre<\/div>\n<p><span style=\"color: #777777; font-family: Arial;\">Voil\u00e0 un mot du jour qui au d\u00e9part me paraissait simple\u00a0:<br \/>\n<\/span><\/p>\n<p><img decoding=\"async\" class=\"alignleft\" src=\"https:\/\/lemotdujour.fr\/wp-content\/uploads\/2020\/12\/120620_2300_Mardi8dcemb1.jpg\" alt=\"\" align=\"left\" \/><span style=\"color: #777777; font-family: Arial;\">La ville de Lyon \u00e9tait menac\u00e9e par la peste au XVII\u00e8me si\u00e8cle. A cette \u00e9poque, Il n&rsquo;existait pas ces grands laboratoires comme Pfizer, Moderna, Sanofi ou Boiron vers qui se tourner pour trouver un m\u00e9dicament ou un vaccin. Alors les notables de Lyon appel\u00e9s \u00ab les \u00e9chevins \u00bb se sont adress\u00e9s \u00e0 une autorit\u00e9 \u00e0 laquelle ils avaient acc\u00e8s : la Vierge Marie qui disposait d&rsquo;une chapelle sur la colline de Fourvi\u00e8re. Ils ont donc pri\u00e9 la Vierge Marie pour qu&rsquo;elle \u00e9loigne de Lyon cette terrible maladie. Et ils promettaient, en \u00e9change, de faire chaque ann\u00e9e une f\u00eate en son honneur. C&rsquo;est l&rsquo;origine de la f\u00eate des lumi\u00e8res, parce que le r\u00e9cit raconte que Lyon a \u00e9t\u00e9 pr\u00e9serv\u00e9e de la peste. Et chaque ann\u00e9e, les lyonnais remercie Marie en faisant un p\u00e8lerinage vers Fourvi\u00e8re et tous les lyonnais mettent des petites bougies, le 8 d\u00e9cembre, appel\u00e9es \u00ab<strong>lumignons<\/strong> \u00bb \u00e0 leur fen\u00eatre\u00a0 pour comm\u00e9morer la promesse des \u00e9chevins et le miracle de la vierge Marie.<br \/>\n<\/span><\/p>\n<p><span style=\"color: #777777; font-family: Arial;\">A ce stade, on peut \u00e9mettre trois hypoth\u00e8ses\u00a0:<br \/>\n<\/span><\/p>\n<ul>\n<li><span style=\"color: #777777; font-family: Arial;\">La premi\u00e8re c&rsquo;est de croire cette histoire au premier degr\u00e9. Les \u00e9chevins ont fait appel \u00e0 une divinit\u00e9 de cette religion polyth\u00e9iste qu&rsquo;est le christianisme catholique&#8230; J&rsquo;entends des protestations qui disent que je blasph\u00e8me : le christianisme catholique est un monoth\u00e9isme ! Moi je suis d\u00e9sol\u00e9, d\u00e9j\u00e0 quand on m&rsquo;explique qu&rsquo;il y a Dieu, le fils de Dieu et le Saint Esprit, il faut parler d&rsquo;un monoth\u00e9isme pluriel. Apr\u00e8s, si l&rsquo;on rajoute les saints et la vierge Marie que l&rsquo;on peut prier pour obtenir des miracles, ce qui est l&rsquo;apanage des dieux, il me semble \u00e9vident que nous sommes en pr\u00e9sence d&rsquo;un polyth\u00e9isme. Il y a certes une hi\u00e9rarchie, mais la statue que l&rsquo;on adore et qui r\u00e9alise ce qu&rsquo;on lui demande est un dieu ou une d\u00e9esse. Donc les \u00e9chevins ont invoqu\u00e9 la vierge Marie et ont eu gain de cause. Peut-\u00eatre que G\u00e9rard Collomb, \u00e9chevin moderne aurait d\u00fb tenter au d\u00e9but de l&rsquo;ann\u00e9e une d\u00e9marche analogue pour la COVID 19 ? Qui sait, \u00e7a aurait pu marcher.<br \/>\n<\/span><\/li>\n<li><span style=\"color: #777777; font-family: Arial;\">La deuxi\u00e8me, pourrait s&rsquo;appuyer sur les d\u00e9couvertes les plus r\u00e9centes qui d\u00e9montrent la force de l&rsquo;esprit humain pour lutter contre les maladies. Ainsi le fait de croire sinc\u00e8rement que la Vierge Marie soit en mesure d&rsquo;\u00e9carter la maladie a permis aux lyonnais et \u00e0 la force de leur esprit, habit\u00e9 par cette croyance, de lutter efficacement contre la maladie. Dans ce cas, il n&rsquo;\u00e9tait pas pertinent pour G\u00e9rard Collomb de pratiquer cette d\u00e9marche. La croyance n&rsquo;est plus au niveau suffisant.<br \/>\n<\/span><\/li>\n<li><span style=\"color: #777777; font-family: Arial;\">La troisi\u00e8me est que par le hasard de l&rsquo;\u00e9volution des \u00e9pid\u00e9mies, des routes de commerce et de voyage et par les effets d&rsquo;un confinement s\u00e9rieux la ville de Lyon a pu lutter efficacement contre le fl\u00e9au.<br \/>\n<\/span><\/li>\n<\/ul>\n<p><span style=\"color: #777777; font-family: Arial;\">Je n&rsquo;imagine pas une quatri\u00e8me hypoth\u00e8se qui serait que le r\u00e9cit est faux sur les cons\u00e9quences et que la peste a quand m\u00eame continu\u00e9 \u00e0 toucher s\u00e9rieusement les lyonnais..<br \/>\n<\/span><\/p>\n<p><img loading=\"lazy\" decoding=\"async\" class=\"alignright\" src=\"https:\/\/lemotdujour.fr\/wp-content\/uploads\/2020\/12\/120620_2300_Mardi8dcemb2.jpg\" alt=\"\" width=\"386\" height=\"275\" align=\"left\" \/><span style=\"color: #777777; font-family: Arial;\">J&rsquo;en \u00e9tais l\u00e0, pour expliquer que le maire de Lyon, Michel Noir avait d\u00e9cid\u00e9, en 1989, d&rsquo;accompagner la f\u00eate spontan\u00e9e des habitants et des croyants par des mises en lumi\u00e8re de certains monuments. A partir de 1999, la municipalit\u00e9 a propos\u00e9 des animations plus importantes r\u00e9alis\u00e9es par des professionnels du spectacle. Ces animations lumineuses qui rivalisent par leur cr\u00e9ativit\u00e9 et par les moyens qu&rsquo;elles mobilisent ont transform\u00e9 cette f\u00eate locale en un rendez-vous touristique faisant venir \u00e0 Lyon, chaque ann\u00e9e, un plus grand nombre de visiteurs. En <span style=\"color: #0000ff;\"><a style=\"color: #0000ff;\" href=\"https:\/\/www.francetvinfo.fr\/culture\/musique\/jazz\/la-fete-des-lumieres-de-lyon-belle-affluence-en-depit-des-circonstances_3303251.html\">2018<\/a><\/span>, 1,8 millions de personnes auraient particip\u00e9 \u00e0 cette f\u00eate. Et cette affluence \u00e9tait en recul par rapport aux pr\u00e9c\u00e9dentes ann\u00e9es, en raison des mesures de s\u00e9curit\u00e9 mises en place en raison du terrorisme.<br \/>\n<\/span><\/p>\n<p><span style=\"color: #777777; font-family: Arial;\">Certains lyonnais expriment cependant leur d\u00e9saccord car cette f\u00eate institutionnelle et organis\u00e9e trahirait la tradition.<br \/>\n<\/span><\/p>\n<p><span style=\"color: #777777; font-family: Arial;\"><img loading=\"lazy\" decoding=\"async\" class=\"wp-image-10369 alignleft\" src=\"https:\/\/lemotdujour.fr\/wp-content\/uploads\/2020\/12\/Les-lumignons4.jpg\" alt=\"\" width=\"397\" height=\"298\" srcset=\"https:\/\/lemotdujour.fr\/wp-content\/uploads\/2020\/12\/Les-lumignons4.jpg 2048w, https:\/\/lemotdujour.fr\/wp-content\/uploads\/2020\/12\/Les-lumignons4-300x225.jpg 300w, https:\/\/lemotdujour.fr\/wp-content\/uploads\/2020\/12\/Les-lumignons4-1024x768.jpg 1024w, https:\/\/lemotdujour.fr\/wp-content\/uploads\/2020\/12\/Les-lumignons4-768x576.jpg 768w, https:\/\/lemotdujour.fr\/wp-content\/uploads\/2020\/12\/Les-lumignons4-1536x1152.jpg 1536w\" sizes=\"auto, (max-width: 397px) 100vw, 397px\" \/>Et je pouvais conclure triomphalement que cette ann\u00e9e, gr\u00e2ce au COVID 19, la f\u00eate traditionnelle \u00e9tait enfin de retour et que chaque lyonnais pouvait se r\u00e9jouir, en mettant des lumignons \u00e0 ses fen\u00eatres, de renouer avec une f\u00eate chaleureuse et se fondant dans la tradition lyonnaise tout en \u00e9vitant les exc\u00e8s du tourisme \u00e9chevel\u00e9.<br \/>\n<\/span><\/p>\n<p><span style=\"color: #777777; font-family: Arial;\">En moins de 700 mots, l&rsquo;article \u00e9tait achev\u00e9.<br \/>\n<\/span><\/p>\n<p><span style=\"color: #777777; font-family: Arial;\">Mais d\u00e8s que j&rsquo;ai voulu voir d&rsquo;un peu plus pr\u00e8s je me suis rendu compte que si ma conclusion gardait sa pertinence, l&rsquo;histoire de l&rsquo;origine est plus compliqu\u00e9e.<br \/>\n<\/span><\/p>\n<p><span style=\"color: #777777; font-family: Arial;\">Sur <span style=\"color: #0000ff;\"><a style=\"color: #0000ff;\" href=\"https:\/\/www.fetedeslumieres.lyon.fr\/fr\/page\/histoire-de-la-fete\">le site officiel<\/a> <\/span>de la f\u00eate des lumi\u00e8res on trouve le r\u00e9cit suivant\u00a0:<br \/>\n<\/span><\/p>\n<p style=\"margin-left: 28pt;\"><span style=\"color: #c00000; font-family: Arial;\">\u00ab Une premi\u00e8re \u00e9glise d\u00e9di\u00e9e \u00e0 la Vierge est construite \u00e0 Fourvi\u00e8re en 1168. Elle est ravag\u00e9e lors des guerres de religions qui opposent catholiques et protestants (1562). Restaur\u00e9e, elle accueille les voeux successifs des habitants et des \u00e9chevins face aux \u00e9pid\u00e9mies. Le 8 septembre 1643, les \u00e9diles et conseillers municipaux de l&rsquo;\u00e9poque (le pr\u00e9v\u00f4t des marchands et les \u00e9chevins), montent \u00e0 Fourvi\u00e8re pour demander \u00e0 la Vierge Marie de prot\u00e9ger la ville de la peste qui arrive du sud de la France. Ils font le voeu de renouveler ce p\u00e8lerinage si Lyon est \u00e9pargn\u00e9e. Ce v\u0153u est toujours honor\u00e9 le 8 septembre.<br \/>\n<\/span><\/p>\n<p style=\"margin-left: 28pt;\"><span style=\"color: #c00000; font-family: Arial;\">En 1850, les autorit\u00e9s religieuses lancent un concours pour la r\u00e9alisation d&rsquo;une statue, envisag\u00e9e comme un signal religieux au sommet de la colline de Fourvi\u00e8re. C&rsquo;est le sculpteur Joseph-Hugues Fabisch qui r\u00e9alise cette statue dans son atelier des quais de Sa\u00f4ne.<br \/>\n<\/span><\/p>\n<p style=\"margin-left: 28pt;\"><span style=\"color: #c00000; font-family: Arial;\">L&rsquo;inauguration initialement pr\u00e9vue le 8 septembre 1852 est repouss\u00e9e au 8 d\u00e9cembre en raison d&rsquo;une crue de la Sa\u00f4ne. Le jour venu, le mauvais temps va de nouveau contrarier les r\u00e9jouissances : les autorit\u00e9s religieuses sont sur le point d&rsquo;annuler l&rsquo;inauguration. Finalement le ciel se d\u00e9gage&#8230; Spontan\u00e9ment, les Lyonnais disposent des bougies \u00e0 leurs fen\u00eatres, et \u00e0 la nuit tomb\u00e9e, la ville enti\u00e8re est illumin\u00e9e. Les autorit\u00e9s religieuses suivent le mouvement et la chapelle de Fourvi\u00e8re appara\u00eet alors dans la nuit.<br \/>\n<\/span><\/p>\n<p style=\"margin-left: 28pt;\"><span style=\"color: #c00000; font-family: Arial;\">Ce soir-l\u00e0, une v\u00e9ritable f\u00eate est n\u00e9e !\u00a0\u00bb<br \/>\n<\/span><\/p>\n<p><img loading=\"lazy\" decoding=\"async\" class=\"alignleft\" src=\"https:\/\/lemotdujour.fr\/wp-content\/uploads\/2020\/12\/120620_2300_Mardi8dcemb3.jpg\" alt=\"\" width=\"423\" height=\"244\" align=\"left\" \/><span style=\"color: #777777; font-family: Arial;\">Le 8 d\u00e9cembre dans le calendrier chr\u00e9tien correspond \u00e0 la f\u00eate de l&rsquo;immacul\u00e9e conception, donc \u00e0 la f\u00eate de la vierge Marie. Le 8 d\u00e9cembre date donc non de la premi\u00e8re d\u00e9marche des \u00e9chevins en 1643, mais d&rsquo;une f\u00eate ult\u00e9rieure pour inaugurer une statue de la Vierge qui cependant avait vocation \u00e0 comm\u00e9morer le \u00ab\u00a0miracle\u00a0\u00bb du XVII\u00e8me si\u00e8cle.<br \/>\n<\/span><\/p>\n<p><span style=\"color: #777777; font-family: Arial;\">&lt;<span style=\"color: #0000ff;\"><a style=\"color: #0000ff;\" href=\"https:\/\/www.lyoncapitale.fr\/culture\/fete-des-lumieres-8-decembre-l-origine-ce-n-est-pas-la-peste-a-lyon\/\">Lyon Capitale<\/a><\/span>&gt; conteste ce r\u00e9cit \u00e0 la fois sur la date du premier p\u00e8lerinage des \u00e9chevins et sur la maladie contre laquelle les lyonnais devaient lutter\u00a0:<br \/>\n<\/span><\/p>\n<p style=\"margin-left: 28pt;\"><span style=\"color: #c00000; font-family: Arial;\">\u00ab\u00a0Ainsi, le 12 mars 1643, [les] \u00e9chevins demandent \u00e0 la Vierge Marie de prot\u00e9ger la ville d&rsquo;une \u00e9pid\u00e9mie de peste (<strong>il s&rsquo;agissait en fait du scorbut<\/strong>). Ils promettent en \u00e9change de faire construire deux statues de la Vierge et de renouveler ces v\u0153ux chaque ann\u00e9e, le 8 septembre, jour de la Nativit\u00e9 de la Vierge. Lyon est \u00e9pargn\u00e9, les \u00e9chevins respectent leur promesse et renouvellent ce v\u0153u par la suite chaque ann\u00e9e. <strong>Durant certaines p\u00e9riodes la tradition dispara\u00eet, notamment sous la R\u00e9volution<\/strong>.<br \/>\n<\/span><\/p>\n<p style=\"margin-left: 28pt;\"><span style=\"color: #c00000; font-family: Arial;\">\u00c0 la fin des ann\u00e9es 1840, l&rsquo;\u00e9glise de Notre-Dame-de-Fourvi\u00e8re, l\u00e0 o\u00f9 les Lyonnais se rendaient pour comm\u00e9morer le v\u0153u des \u00e9chevins, a bien vieilli. Les diff\u00e9rents bombardements qui ont touch\u00e9 la ville durant la R\u00e9volution puis lors des r\u00e9voltes des canuts ont ab\u00eem\u00e9 les b\u00e2timents de la ville. D\u00e8s lors, sans que cela soit li\u00e9 \u00e0 la moindre demande ou promesse faite \u00e0 Marie, les autorit\u00e9s religieuses d\u00e9cident qu&rsquo;il faut faire reconstruire le clocher en plus grand. Elles d\u00e9cident \u00e9galement d&rsquo;y installer une statue majestueuse de la Vierge, de cinq m\u00e8tres de haut. Un concours est organis\u00e9 pour trouver celui qui r\u00e9alisera la Vierge et le sculpteur Fabisch est choisi.<br \/>\n<\/span><\/p>\n<p style=\"margin-left: 28pt;\"><img loading=\"lazy\" decoding=\"async\" class=\"alignright\" src=\"https:\/\/lemotdujour.fr\/wp-content\/uploads\/2020\/12\/120620_2300_Mardi8dcemb4.jpg\" alt=\"\" width=\"345\" height=\"260\" align=\"left\" \/><span style=\"color: #c00000; font-family: Arial;\">Vient alors une grande question pour les autorit\u00e9s eccl\u00e9siastiques : quel sera le jour de l&rsquo;inauguration de la statue, sachant qu&rsquo;une f\u00eate mariale doit \u00eatre privil\u00e9gi\u00e9e. On pense au 15 ao\u00fbt, mais ce n&rsquo;est plus possible, puisqu&rsquo;il est consacr\u00e9 \u00e0 la Saint-Napol\u00e9on, mise en place par Napol\u00e9on III le 16 f\u00e9vrier 1852. La f\u00eate suivante est le 8 septembre, date qui va \u00eatre choisie jusqu&rsquo;\u00e0 ce qu&rsquo;un \u00e9v\u00e9nement ext\u00e9rieur change tout. Durant l&rsquo;\u00e9t\u00e9 1852, la ville est inond\u00e9e, l&rsquo;atelier du fondeur de la statue est touch\u00e9. Les autorit\u00e9s d\u00e9cident de repousser les festivit\u00e9s \u00e0 la f\u00eate mariale suivante : le 8 d\u00e9cembre, jour de la conception de la Vierge selon la Bible.<br \/>\n<\/span><\/p>\n<p style=\"margin-left: 28pt;\"><span style=\"color: #c00000; font-family: Arial;\">Fin 1852, la ville se pr\u00e9pare \u00e0 f\u00eater l&rsquo;inauguration de la statue qui est alors cach\u00e9e sous un drap, attendant d&rsquo;\u00eatre d\u00e9voil\u00e9e. La f\u00eate est d\u00e9j\u00e0 commerciale puisque les journaux de l&rsquo;\u00e9poque vantent les m\u00e9rites des vendeurs de lumignons et autres \u00e9clairages, et certaines publicit\u00e9s sont publi\u00e9es dans la presse. N\u00e9anmoins, le 8 d\u00e9cembre, des orages violents \u00e9clatent, les autorit\u00e9s religieuses d\u00e9cident de repousser les festivit\u00e9s au dimanche 12 d\u00e9cembre. Les Lyonnais habitu\u00e9s aux illuminations, une tradition r\u00e9guli\u00e8re depuis des si\u00e8cles dans les grandes villes, d\u00e9cident de placer des bougies \u00e0 leurs fen\u00eatres. La foule envahit les rues, les boutiques qui vendent des \u00e9clairages sont prises d&rsquo;assaut. Ce n&rsquo;est plus l&rsquo;\u00c9glise qui impose le programme \u00e0 la ville, mais bien l&rsquo;inverse. Les autorit\u00e9s d\u00e9cident de suivre le mouvement, et illuminent Fourvi\u00e8re. N\u00e9anmoins, les festivit\u00e9s officielles pour c\u00e9l\u00e9brer cette nouvelle statue se d\u00e9rouleront ensuite du 12 au 19 d\u00e9cembre. Au final, la tradition retiendra la date choisie par les Lyonnais, celle qui perdurera jusqu&rsquo;\u00e0 nous.\u00a0\u00bb<br \/>\n<\/span><\/p>\n<p><span style=\"color: #777777; font-family: Arial;\">Et puis sur le<span style=\"color: #0000ff;\"> <a style=\"color: #0000ff;\" href=\"https:\/\/www.fourviere.org\/fr\/vie-du-site-notre-dame-de-fourviere\/lhistoire\/du-moyen-age-aux-premiers-voeux\/\">site officiel de notre Dame de Fourvi\u00e8re<\/a><\/span>, l&rsquo;auteur essaie de trouver un compromis entre le scorbut et la peste\u00a0:<br \/>\n<\/span><\/p>\n<p style=\"margin-left: 28pt;\"><span style=\"color: #c00000; font-family: Arial;\">\u00ab\u00a01638 : V\u0153u de l&rsquo;aum\u00f4ne g\u00e9n\u00e9rale\u00a0: Alors qu&rsquo;une grave \u00e9pid\u00e9mie de scorbut atteint les enfants de la ville et que rien ne semble pouvoir enrayer cette maladie, les administrations de l&rsquo;H\u00f4pital d\u00e9cident de monter en procession \u00e0 Fourvi\u00e8re. Progressivement, la maladie diminue et dispara\u00eet. Jamais elle ne revint \u00e0 Lyon.<br \/>\n<\/span><\/p>\n<p style=\"margin-left: 28pt;\"><span style=\"color: #c00000; font-family: Arial;\">1643 : V\u0153u des Echevins\u00a0: En 1643, alors que la peste fait rage en Europe, la ville de Lyon est menac\u00e9e par ce fl\u00e9au. Les notables d\u00e9cident alors de placer la ville sous la protection de la Vierge Marie. Ainsi, le 8 septembre 1643, f\u00eate de la Nativit\u00e9 de la Vierge, le pr\u00e9v\u00f4t des marchands (\u00e9quivalent de notre maire) et ses quatre \u00e9chevins (adjoints), accompagn\u00e9s d&rsquo;une foule de Lyonnais, montent en procession \u00e0 la colline de Fourvi\u00e8re.<br \/>\n<\/span><\/p>\n<p style=\"margin-left: 28pt;\"><span style=\"color: #c00000; font-family: Arial;\">C&rsquo;est dans la chapelle de la Vierge qu&rsquo;ils font le v\u0153u de monter chaque 8 septembre pour entendre la messe et offrir \u00e0 l&rsquo;archev\u00eaque sept livres de cire en cierges et flambeaux, et un \u00e9cu d&rsquo;or si leur souhait est exauc\u00e9.<br \/>\n<\/span><\/p>\n<p style=\"margin-left: 28pt;\"><span style=\"color: #c00000; font-family: Arial;\">La cit\u00e9 ayant \u00e9t\u00e9 \u00e9pargn\u00e9e, la tradition se perp\u00e9tue encore aujourd&rsquo;hui, manifestant ainsi l&rsquo;attachement de tous les Lyonnais \u00e0 la Vierge qui prot\u00e8ge leur ville.\u00a0\u00bb<br \/>\n<\/span><\/p>\n<p><span style=\"color: #777777; font-family: Arial;\">Donc selon ce site il y avait bien peste en 1643 et le scorbut aurait d\u00e9ferl\u00e9 en 1638.<br \/>\n<\/span><\/p>\n<p><span style=\"color: #777777; font-family: Arial;\">Bref, d\u00e8s qu&rsquo;on creuse un peu tout devient toujours compliqu\u00e9.<br \/>\n<\/span><\/p>\n<p><span style=\"color: #777777; font-family: Arial;\">Mais ce qui est certain c&rsquo;est que les lyonnais f\u00eatent chaque ann\u00e9e la f\u00eate des lumi\u00e8res, le 8 d\u00e9cembre, que c&rsquo;est une f\u00eate catholique.<br \/>\n<\/span><\/p>\n<p><span style=\"color: #777777; font-family: Arial;\">Et que cette ann\u00e9e, il n&rsquo;y aura pas de f\u00eate organis\u00e9e et touristique.<br \/>\n<\/span><\/p>\n<p><span style=\"color: maroon; font-family: Arial;\">&lt;1504&gt;<\/span><\/p>\n","protected":false},"excerpt":{"rendered":"<p>\u00ab La f\u00eate des lumi\u00e8res \u00e0 Lyon \u00bb Une f\u00eate qui se passe, chaque ann\u00e9e, le 8 d\u00e9cembre Voil\u00e0 un mot du jour qui au d\u00e9part me paraissait simple\u00a0: La ville de Lyon \u00e9tait menac\u00e9e par la peste au XVII\u00e8me<\/p>\n","protected":false},"author":1,"featured_media":0,"comment_status":"open","ping_status":"closed","sticky":false,"template":"","format":"standard","meta":{"footnotes":""},"categories":[1],"tags":[17,45,34],"class_list":["post-10347","post","type-post","status-publish","format-standard","hentry","category-motdujour","tag-histoire","tag-lyon","tag-religion"],"_links":{"self":[{"href":"https:\/\/lemotdujour.fr\/index.php?rest_route=\/wp\/v2\/posts\/10347","targetHints":{"allow":["GET"]}}],"collection":[{"href":"https:\/\/lemotdujour.fr\/index.php?rest_route=\/wp\/v2\/posts"}],"about":[{"href":"https:\/\/lemotdujour.fr\/index.php?rest_route=\/wp\/v2\/types\/post"}],"author":[{"embeddable":true,"href":"https:\/\/lemotdujour.fr\/index.php?rest_route=\/wp\/v2\/users\/1"}],"replies":[{"embeddable":true,"href":"https:\/\/lemotdujour.fr\/index.php?rest_route=%2Fwp%2Fv2%2Fcomments&post=10347"}],"version-history":[{"count":7,"href":"https:\/\/lemotdujour.fr\/index.php?rest_route=\/wp\/v2\/posts\/10347\/revisions"}],"predecessor-version":[{"id":10371,"href":"https:\/\/lemotdujour.fr\/index.php?rest_route=\/wp\/v2\/posts\/10347\/revisions\/10371"}],"wp:attachment":[{"href":"https:\/\/lemotdujour.fr\/index.php?rest_route=%2Fwp%2Fv2%2Fmedia&parent=10347"}],"wp:term":[{"taxonomy":"category","embeddable":true,"href":"https:\/\/lemotdujour.fr\/index.php?rest_route=%2Fwp%2Fv2%2Fcategories&post=10347"},{"taxonomy":"post_tag","embeddable":true,"href":"https:\/\/lemotdujour.fr\/index.php?rest_route=%2Fwp%2Fv2%2Ftags&post=10347"}],"curies":[{"name":"wp","href":"https:\/\/api.w.org\/{rel}","templated":true}]}}