{"id":10335,"date":"2020-12-07T01:14:00","date_gmt":"2020-12-07T00:14:00","guid":{"rendered":"http:\/\/lemotdujour.fr\/?p=10335"},"modified":"2020-12-21T07:46:30","modified_gmt":"2020-12-21T06:46:30","slug":"lundi-7-decembre-2020","status":"publish","type":"post","link":"https:\/\/lemotdujour.fr\/?p=10335","title":{"rendered":"Lundi 7 d\u00e9cembre 2020"},"content":{"rendered":"<div class=\"mdjTexte\">\u00ab Tous les mots du jour sur De Gaulle que je n\u2019\u00e9crirai pas. \u00bb<\/div>\n<div class=\"mdjAuteur\">Un acte manqu\u00e9 mais \u00e9crit<\/div>\n<p><span style=\"color: #777777; font-family: Arial;\">L&rsquo;ann\u00e9e 2020 restera probablement dans l&rsquo;Histoire comme celle o\u00f9 une grande partie de l&rsquo;Humanit\u00e9, pour lutter contre une pand\u00e9mie, a fait appel \u00e0 cette technique archa\u00efque du confinement.<br \/>\n<\/span><\/p>\n<p><span style=\"color: #777777; font-family: Arial;\">Ce confinement et la Covid19 auront beaucoup occup\u00e9 notre temps de cerveau disponible et peut \u00eatre m\u00eame un peu plus\u2026<br \/>\n<\/span><\/p>\n<p><span style=\"color: #777777; font-family: Arial;\">Dans mon \u00e9criture du mot du jour, je n&rsquo;ai pas \u00e9chapp\u00e9 \u00e0 cette pente qui a consist\u00e9 \u00e0 accorder une grande place \u00e0 ces sujets.<br \/>\n<\/span><\/p>\n<p><span style=\"color: #777777; font-family: Arial;\">Or, 2020 est proche de son terme et elle est aussi une ann\u00e9e de trois grands anniversaires que je cite dans l&rsquo;ordre chronologique inverse :<br \/>\n<\/span><\/p>\n<ul>\n<li><span style=\"color: #777777; font-family: Arial;\">Le 60<sup>\u00e8me<\/sup> anniversaire de la mort d&rsquo;Albert Camus<br \/>\n<\/span><\/li>\n<li><span style=\"color: #777777; font-family: Arial;\">Le 130<sup>\u00e8me<\/sup> anniversaire de la naissance de Charles de Gaulle, mais aussi le 80<sup>\u00e8me<\/sup> anniversaire de l&rsquo;appel du 18 juin et encore le 50<sup>\u00e8me<\/sup> anniversaire de sa mort.<br \/>\n<\/span><\/li>\n<li><span style=\"color: #777777; font-family: Arial;\">Le 250<sup>\u00e8me<\/sup> anniversaire de la naissance de Ludwig van Beethoven<br \/>\n<\/span><\/li>\n<\/ul>\n<p><span style=\"color: #777777; font-family: Arial;\">Je voulais consacrer une s\u00e9rie de mots du jour \u00e0 chacun de ces 3 grands hommes.<br \/>\n<\/span><\/p>\n<p><span style=\"color: #777777; font-family: Arial;\">R\u00e9gis Debray dit souvent\u00a0:<br \/>\n<\/span><\/p>\n<p style=\"margin-left: 28pt;\"><span style=\"color: #c00000; font-family: Arial;\">\u00ab\u00a0La culture, c&rsquo;est le culte de nos grands morts\u00a0\u00bb<br \/>\n<\/span><\/p>\n<p><span style=\"color: #777777; font-family: Arial;\">La s\u00e9rie sur Camus a \u00e9t\u00e9 \u00e9crite. Mais je n&rsquo;ai pas la possibilit\u00e9 et l&rsquo;\u00e9nergie d&rsquo;\u00e9crire deux autres s\u00e9ries, d&rsquo;ici la fin de l&rsquo;ann\u00e9e.<br \/>\n<\/span><\/p>\n<p><img decoding=\"async\" src=\"https:\/\/lemotdujour.fr\/wp-content\/uploads\/2020\/12\/120520_0014_Lundi7dcemb1.png\" alt=\"\" align=\"left\" \/><span style=\"color: #777777; font-family: Arial;\">Il faut donc faire un choix. Ce choix sera d&rsquo;\u00e9carter celui qui occupe une place de centriste, dans l&rsquo;\u00e9num\u00e9ration chronologique cit\u00e9e ci-dessus.<br \/>\n<\/span><\/p>\n<p><span style=\"color: #777777; font-family: Arial;\">Mais je vais quand m\u00eame, sans d\u00e9velopper, citer quelques questions que j&rsquo;aurais aim\u00e9 poser et certaines r\u00e9flexions qui me viennent parfois, \u00e0 l&rsquo;\u00e9coute de certains propos d&rsquo;hommes politiques ou de commentateurs.<br \/>\n<\/span><\/p>\n<p><span style=\"color: #777777; font-family: Arial;\">Car en effet, quand on \u00e9coute aujourd&rsquo;hui les repr\u00e9sentants de tout l&rsquo;\u00e9chiquier politique, tous se r\u00e9clament de l&rsquo;h\u00e9ritage de De Gaulle et surtout on a l&rsquo;impression que sous sa pr\u00e9sidence nous vivions un \u00e2ge d&rsquo;or et dans un monde o\u00f9 tout n&rsquo;\u00e9tait qu&rsquo;ordre, luxe et volupt\u00e9.<br \/>\n<\/span><\/p>\n<p><span style=\"color: #777777; font-family: Arial;\">Il ne s&rsquo;agit pas de contester la dimension historique de Charles De Gaulle et son r\u00f4le positif et \u00e9minent pour la France et encore ses qualit\u00e9s d&rsquo;homme D\u2019\u00c9tat.<br \/>\n<\/span><\/p>\n<p><span style=\"color: #777777; font-family: Arial;\">Mais il s&rsquo;agit de s&rsquo;interroger si on n&rsquo;en fait pas un peu trop\u00a0?<br \/>\n<\/span><\/p>\n<p><span style=\"color: #777777; font-family: Arial;\">Et une autre question\u00a0: Est-ce que vraiment vous auriez envie, si la possibilit\u00e9 technique \u00e9tait \u00e0 votre port\u00e9e, de revenir vivre dans la France de De Gaulle\u00a0?<br \/>\n<\/span><\/p>\n<p><span style=\"color: #777777; font-family: Arial;\">J&rsquo;aurais fait appel \u00e0 Jacques Julliard pour reconna\u00eetre que \u00ab<a href=\"https:\/\/www.lefigaro.fr\/vox\/culture\/jacques-julliard-de-gaulle-etait-un-genie-de-l-incarnation-20201127\"><strong><span style=\"color: #0000ff;\">De Gaulle \u00e9tait un g\u00e9nie de l&rsquo;incarnation<\/span><\/strong><\/a>\u00bb, incarnation de l\u2019\u00c9tat et de la France.<br \/>\n<\/span><\/p>\n<p><span style=\"color: #777777; font-family: Arial;\">J&rsquo;aurais beaucoup utilis\u00e9 des chroniques de Thomas Legrand sur France Inter et La Croix, pour approfondir certains sujets\u00a0:<br \/>\n<\/span><\/p>\n<p><span style=\"color: #777777; font-family: Arial;\">Et soit j&rsquo;aurais nuanc\u00e9 le propos de Julliard ou j&rsquo;aurais \u00e9crit un autre mot du jour sur cette autre r\u00e9alit\u00e9\u00a0:\u00a0 \u00ab\u00a0 <a href=\"https:\/\/www.la-croix.com\/Debats\/Gaulle-lincarnation-drame-successeurs-2020-08-08-1201108302\"><strong><span style=\"color: #0000ff;\">De Gaulle et l&rsquo;incarnation\u2026 le drame de ses successeurs<\/span><\/strong><span style=\"color: #0000ff;\">\u2026<\/span><\/a>\u00a0\u00bb<br \/>\n<\/span><\/p>\n<p><span style=\"color: #777777; font-family: Arial;\">Il aurait alors fallu, entre autres questions, reparler de ces institutions de la V\u00e8me r\u00e9publique qui avait \u00e9t\u00e9 faites pour De Gaulle. Le pouvoir disproportionn\u00e9 d&rsquo;un seul homme en est le fruit. Encore faut-il se rappeler que De Gaulle avait institu\u00e9, en quelque sorte, le r\u00e9f\u00e9rendum r\u00e9vocatoire. Il consid\u00e9rait que le Pr\u00e9sident de la R\u00e9publique avait un lien fort et particulier avec le peuple qui pouvait justifier ce pouvoir. C&rsquo;est pour cela qu&rsquo;il a impos\u00e9 la r\u00e9forme de l&rsquo;\u00e9lection au suffrage universel du pr\u00e9sident. Mais dans l&rsquo;esprit et dans la pratique de De Gaulle, il \u00e9tait n\u00e9cessaire de retourner r\u00e9guli\u00e8rement devant le peuple, entre les \u00e9lections, par la voie du r\u00e9f\u00e9rendum pour s&rsquo;assurer que ce lien particulier existait toujours et en cas de d\u00e9saveu, il fallait partir. C&rsquo;est qu&rsquo;il a fait.<br \/>\n<\/span><\/p>\n<p><span style=\"color: #777777; font-family: Arial;\">Aucun de ses successeurs n&rsquo;a eu ce cran.<br \/>\n<\/span><\/p>\n<p><span style=\"color: #777777; font-family: Arial;\"><img loading=\"lazy\" decoding=\"async\" class=\"size-full wp-image-10332 alignleft\" src=\"https:\/\/lemotdujour.fr\/wp-content\/uploads\/2020\/12\/120520_0014_Lundi7dcemb2.jpg\" alt=\"\" width=\"371\" height=\"274\" srcset=\"https:\/\/lemotdujour.fr\/wp-content\/uploads\/2020\/12\/120520_0014_Lundi7dcemb2.jpg 371w, https:\/\/lemotdujour.fr\/wp-content\/uploads\/2020\/12\/120520_0014_Lundi7dcemb2-300x222.jpg 300w\" sizes=\"auto, (max-width: 371px) 100vw, 371px\" \/>Certains diront que cette mani\u00e8re de pratiquer le r\u00e9f\u00e9rendum n&rsquo;est pas sain parce qu&rsquo;il le pousse vers le pl\u00e9biscite. C&rsquo;est vrai, mais le pouvoir excessif du pr\u00e9sident de la r\u00e9publique n&rsquo;est pas sain non plus et le r\u00e9f\u00e9rendum r\u00e9vocatoire donnait au moins la possibilit\u00e9 de mettre fin au mandat quand le peuple n&rsquo;avait plus confiance en son monarque r\u00e9publicain.<br \/>\n<\/span><\/p>\n<p><span style=\"color: #777777; font-family: Arial;\">Un autre sujet qui me tient \u00e0 c\u0153ur c&rsquo;est que De Gaulle fut un des premiers adepte des fake news, ou pour parler fran\u00e7ais des infox.<br \/>\n<\/span><\/p>\n<p><span style=\"color: #777777; font-family: Arial;\">Thomas Legrand parle de \u00ab\u00a0<a href=\"https:\/\/www.la-croix.com\/Debats\/mythes-mensonges-general-2020-08-20-1201109954\"><strong><span style=\"color: #0000ff;\">Mythes et de mensonges de De Gaulle<\/span><\/strong>\u00a0<\/a>\u00bb<br \/>\n<\/span><\/p>\n<p><span style=\"color: #777777; font-family: Arial;\">Parce que quand m\u00eame il a pr\u00e9tendu que\u00a0:<br \/>\n<\/span><\/p>\n<ul>\n<li><span style=\"color: #777777; font-family: Arial;\">La France n&rsquo;avait pas perdu la guerre en 1940<br \/>\n<\/span><\/li>\n<li><span style=\"color: #777777; font-family: Arial;\">Qu&rsquo;elle l&rsquo;avait gagn\u00e9e en 1945<br \/>\n<\/span><\/li>\n<li><span style=\"color: #777777; font-family: Arial;\">Que la France \u00e9tait uniform\u00e9ment r\u00e9sistante sauf quelques cas tr\u00e8s marginaux<br \/>\n<\/span><\/li>\n<li><span style=\"color: #777777; font-family: Arial;\">Que le R\u00e9gime de Vichy n&rsquo;a jamais repr\u00e9sent\u00e9 la France<br \/>\n<\/span><\/li>\n<li><span style=\"color: #777777; font-family: Arial;\">Que la France est rest\u00e9e une des grandes Nations qui influence les affaires du monde<br \/>\n<\/span><\/li>\n<\/ul>\n<p><span style=\"color: #777777; font-family: Arial;\">C&rsquo;est ce qui s&rsquo;appelle un r\u00e9cit, en l&rsquo;occurrence le r\u00e9cit gaulliste. Le r\u00e9cit comme pour les religions, n&rsquo;a qu&rsquo;un rapport t\u00e9nu avec la r\u00e9alit\u00e9 et la v\u00e9rit\u00e9 mais constitue le fondement de la croyance. Or la croyance est essentielle pour que la soci\u00e9t\u00e9 tienne ensemble. Le r\u00e9cit permet de croire \u00e0 quelque chose qui nous d\u00e9passe et nous survit.<br \/>\n<\/span><\/p>\n<p><span style=\"color: #777777; font-family: Arial;\">La revue \u00ab\u00a0L&rsquo;Histoire\u00a0\u00bb avait aussi \u00e9crit sur ce sujet\u00a0: \u00ab\u00a0<a href=\"https:\/\/www.lhistoire.fr\/le-mensonge-patriotique-du-g%C3%A9n%C3%A9ral-de-gaulle\"><span style=\"color: #0000ff;\">Le mensonge patriotique<\/span> <\/a>\u00bb qui permettra par ce fameux r\u00e9cit \u00e0 ce que la France ne tombe pas dans la guerre civile \u00e0 la sortie de la guerre.<br \/>\n<\/span><\/p>\n<p><span style=\"color: #777777; font-family: Arial;\">A c\u00f4t\u00e9 de ces mythes, il y a les mensonges comme celle de &lsquo;Alg\u00e9rie Fran\u00e7aise et le fameux\u00a0: \u00ab\u00a0Je vous ai compris\u00a0\u00bb.<br \/>\n<\/span><\/p>\n<p><span style=\"color: #777777; font-family: Arial;\">J&rsquo;aurais aussi souhait\u00e9 m&rsquo;interroger sur les sujets\u00a0:<br \/>\n<\/span><\/p>\n<ul>\n<li><span style=\"color: #777777; font-family: Arial;\"><strong>\u00ab\u00a0De Gaulle et la libert\u00e9 de l&rsquo;information\u00a0\u00bb<br \/>\n<\/strong><\/span><\/li>\n<\/ul>\n<p><span style=\"color: #777777; font-family: Arial;\">La presse \u00e9crite \u00e9tait \u00e0 peu pr\u00e8s libre, en revanche les sources principales d&rsquo;information du plus grand nombre de fran\u00e7ais : la t\u00e9l\u00e9vision et la radio \u00e9taient s\u00e9v\u00e8rement encadr\u00e9s. Il existait un ministre de l&rsquo;Information. Les titres du journal de 20 heures \u00e9taient envoy\u00e9s \u00e0 ce ministre avant diffusion. Les membres de l&rsquo;opposition n&rsquo;\u00e9taient jamais invit\u00e9 \u00e0 la t\u00e9l\u00e9vision sauf pendant les campagnes \u00e9lectorales. Il faut se rappeler que la radio faisait partie de l&rsquo;ORTF, c&rsquo;est-\u00e0-dire de la m\u00eame maison que la t\u00e9l\u00e9vision et ne jouissait \u00e9galement que d&rsquo;une libert\u00e9 surveill\u00e9e. Aucune radio priv\u00e9e ne pouvait \u00e9mettre sur le sol fran\u00e7ais. D&rsquo;o\u00f9 la notion de <strong>radio p\u00e9riph\u00e9rique<\/strong> qui est une station de radio que l&rsquo;on pouvait \u00e9couter en France jusqu&rsquo;en 1981, mais dont l&rsquo;\u00e9metteur ne se trouvait pas sur le sol fran\u00e7ais. On peut citer, parmi les plus connues, Europe 1, RTL et RMC, respectivement bas\u00e9es en Allemagne de l&rsquo;Ouest, au Luxembourg et \u00e0 Monaco.<br \/>\n<\/span><\/p>\n<ul>\n<li><span style=\"color: #777777; font-family: Arial;\"><strong>\u00ab\u00a0De Gaulle et la soci\u00e9t\u00e9 fran\u00e7aise\u00a0: le culte du chef, de la hi\u00e9rarchie et du paternalisme\u00a0\u00bb<br \/>\n<\/strong><\/span><\/li>\n<\/ul>\n<p><span style=\"color: #777777; font-family: Arial;\">C&rsquo;\u00e9tait aussi une soci\u00e9t\u00e9 bien plus machiste qu&rsquo;aujourd&rsquo;hui et en tout cas tr\u00e8s corset\u00e9e. Mai 68 n&rsquo;est pas sorti de nulle part, mais d&rsquo;une soci\u00e9t\u00e9 qui \u00e9tait devenu assez invivable pour de jeunes \u00e9nergies et \u00e9pris de libert\u00e9 de m\u0153urs, d&rsquo;information.<br \/>\n<\/span><\/p>\n<p><span style=\"color: #777777; font-family: Arial;\">Il y aurait aussi eu des r\u00e9flexions sur <strong>\u00ab\u00a0la corruption<\/strong>\u00a0\u00bb \u00e0 cette \u00e9poque. On vante toujours l&rsquo;honn\u00eatet\u00e9 de Gaulle et tr\u00e8s probablement \u00e0 juste titre. Mais ce n&rsquo;\u00e9tait pas le cas de plusieurs personnes de son entourage.<br \/>\n<\/span><\/p>\n<p><span style=\"color: #777777; font-family: Arial;\">Et dans ce cadre il aurait fallu parler du \u00ab\u00a0<a href=\"https:\/\/fr.wikipedia.org\/wiki\/Service_d%27action_civique\"><span style=\"color: #0000ff;\"><strong>Service d&rsquo;action civique<\/strong><\/span>\u00a0<\/a>\u00bb connu sous l&rsquo;acronyme \u00ab\u00a0<strong>SAC<\/strong>\u00a0\u00bb<br \/>\n<\/span><\/p>\n<ul>\n<li><span style=\"color: #777777; font-family: Arial;\"><strong>\u00ab De Gaulle et l&rsquo;\u00e9conomie \u00bb<br \/>\n<\/strong><\/span><\/li>\n<\/ul>\n<p><span style=\"color: #777777; font-family: Arial;\">Dans ce domaine il eut fallu parler du PLAN, de la politique industrielle, de l&rsquo;id\u00e9e de la participation et aussi \u00ab\u00a0<a href=\"https:\/\/fr.wikipedia.org\/wiki\/La_politique_de_la_France_ne_se_fait_pas_%C3%A0_la_corbeille\"><span style=\"color: #0000ff;\">que la politique de la France ne se faisait pas \u00e0 la corbeille<\/span>\u00a0<\/a>\u00bb<br \/>\n<\/span><\/p>\n<p><span style=\"color: #777777; font-family: Arial;\"><img loading=\"lazy\" decoding=\"async\" class=\" wp-image-10333 alignleft\" src=\"https:\/\/lemotdujour.fr\/wp-content\/uploads\/2020\/12\/120520_0014_Lundi7dcemb3.jpg\" alt=\"\" width=\"252\" height=\"339\" srcset=\"https:\/\/lemotdujour.fr\/wp-content\/uploads\/2020\/12\/120520_0014_Lundi7dcemb3.jpg 273w, https:\/\/lemotdujour.fr\/wp-content\/uploads\/2020\/12\/120520_0014_Lundi7dcemb3-223x300.jpg 223w\" sizes=\"auto, (max-width: 252px) 100vw, 252px\" \/>Et tant d&rsquo;autres sujets qui serait venu au cours de l&rsquo;\u00e9criture, le rapport compliqu\u00e9 avec les \u00c9tats-Unis et la Grande Bretagne, la r\u00e9conciliation avec l&rsquo;Allemagne, la d\u00e9colonisation\u2026.<br \/>\n<\/span><\/p>\n<p><span style=\"color: #777777; font-family: Arial;\">Voici la liste des articles de \u00ab\u00a0<strong>La Croix<\/strong> \u00bb dans lesquels j&rsquo;aurais puis\u00e9s :<br \/>\n<\/span><\/p>\n<p><span style=\"color: blue; font-family: Arial; text-decoration: underline;\">De Gaulle, un r\u00e9cit hors du commun &#8211; Aujourd&rsquo;hui, la construction du mythe. De Gaulle, le mythe fran\u00e7ais (1\/8)<a href=\"https:\/\/www.la-croix.com\/Debats\/Gaulle-participation-timide-troisieme-voie-2020-07-16-1201105169\"><br \/>\n<\/a><\/span><\/p>\n<p><span style=\"color: blue; font-family: Arial;\"><span style=\"text-decoration: underline;\">De Gaulle\u2009: la participation, une timide troisi\u00e8me voie &#8211; Aujourd&rsquo;hui, \u00ab\u2009la question sociale\u2009\u00bb. De Gaulle, le mythe fran\u00e7ais (2\/8)<\/span><span style=\"color: #777777;\"><br \/>\n<\/span><\/span><\/p>\n<p><a href=\"https:\/\/www.la-croix.com\/Debats\/Charles-Gaulle-catholique-2020-07-23-1201106118\"><span style=\"color: blue; font-family: Arial; text-decoration: underline;\">De Gaulle, le catholique &#8211; Aujourd&rsquo;hui, sa foi, entretenue comme un jardin secret. De Gaulle, le mythe fran\u00e7ais (3\/8)<\/span><\/a><a href=\"https:\/\/www.la-croix.com\/Debats\/Gaulle-Volatile-2020-07-26-1201106458\"><span style=\"font-family: Arial;\"><br \/>\n<\/span><\/a><\/p>\n<p><span style=\"color: blue; font-family: Arial; text-decoration: underline;\">De Gaulle et le Volatile &#8211; Aujourd&rsquo;hui, ses prises de bec avec \u00ab\u2009Le Canard encha\u00een\u00e9\u2009\u00bb. De Gaulle, le mythe fran\u00e7ais (4\/8)<a href=\"https:\/\/www.la-croix.com\/Debats\/Gaulle-meme-Le-Pen-2020-08-07-1201108205\"><br \/>\n<\/a><\/span><\/p>\n<p><span style=\"color: blue; font-family: Arial; text-decoration: underline;\">De Gaulle\u2026 m\u00eame Le\u00a0Pen\u2009! &#8211; Aujourd&rsquo;hui, l&rsquo;hommage opportuniste rendu par Marine Le\u00a0Pen. De Gaulle, le mythe fran\u00e7ais (5\/8)<a href=\"https:\/\/www.la-croix.com\/Debats\/Gaulle-lincarnation-drame-successeurs-2020-08-08-1201108302\"><br \/>\n<\/a><\/span><\/p>\n<p><span style=\"color: blue; font-family: Arial; text-decoration: underline;\">De Gaulle et l&rsquo;incarnation\u2026 le drame de ses successeurs\u2026- Aujourd&rsquo;hui, l&rsquo;incarnation de la France. De Gaulle, le mythe fran\u00e7ais (6\/8)<a href=\"https:\/\/www.la-croix.com\/Debats\/mythes-mensonges-general-2020-08-20-1201109954\"><br \/>\n<\/a><\/span><\/p>\n<p><span style=\"color: blue; font-family: Arial; text-decoration: underline;\">Les mythes (et mensonges) du g\u00e9n\u00e9ral &#8211; Aujourd&rsquo;hui, des coups de bluff magistraux. De Gaulle, le mythe fran\u00e7ais (7\/8)<a href=\"https:\/\/www.la-croix.com\/Debats\/Gaulle-lhomme-pouvait-2020-08-21-1201110113\"><br \/>\n<\/a><\/span><\/p>\n<p><span style=\"color: blue; font-family: Arial; text-decoration: underline;\">De Gaulle, l&rsquo;homme qui pouvait &#8211; Aujourd&rsquo;hui, la nostalgie d&rsquo;un pr\u00e9sident en pleine puissance. De Gaulle, le mythe fran\u00e7ais (8\/8)<br \/>\n<\/span><\/p>\n<p><span style=\"color: #777777; font-family: Arial;\">Et puis les \u00e9missions de Thomas Legrand\u00a0sur France Inter\u00a0:<br \/>\n<\/span><\/p>\n<p><a href=\"https:\/\/www.franceinter.fr\/emissions\/de-gaulle-2020\/archives-27-06-2020-24-08-2020\"><span style=\"font-family: Arial;\"><span style=\"color: #0000ff;\">https:\/\/www.franceinter.fr\/emissions\/de-gaulle-2020\/archives-27-06-2020-24-08-2020<\/span><\/span><\/a><span style=\"color: #777777; font-family: Arial;\"><br \/>\n<\/span><\/p>\n<p><span style=\"color: #777777; font-family: Arial;\">La liste des \u00e9missions<br \/>\n<\/span><\/p>\n<ul style=\"margin-left: 60pt;\">\n<li><a href=\"https:\/\/www.franceinter.fr\/emissions\/de-gaulle-2020\/de-gaulle-2020-23-aout-2020\"><span style=\"font-family: Arial;\"><span style=\"color: #0000ff;\">Vers un \u00e9colo-gaullisme ? Entretien avec David Dja\u00efz et Yannick Jadot <\/span><\/span><\/a><span style=\"color: #0000ff; font-family: Arial;\">23 ao\u00fbt 2020 Par\u00a0 <a style=\"color: #0000ff;\" href=\"https:\/\/www.franceinter.fr\/personnes\/thomas-legrand\">Thomas Legrand<\/a><br \/>\n<\/span><\/li>\n<li><span style=\"color: #0000ff;\"><a style=\"color: #0000ff;\" href=\"https:\/\/www.franceinter.fr\/emissions\/de-gaulle-2020\/de-gaulle-2020-16-aout-2020\"><span style=\"font-family: Arial;\">De Gaulle, le gaullisme et la France\u00a0: de l&rsquo;\u00e9nigme \u00e0 l&rsquo;h\u00e9ritage politique <\/span><\/a><span style=\"font-family: Arial;\">16 ao\u00fbt 2020 Par\u00a0 <a style=\"color: #0000ff;\" href=\"https:\/\/www.franceinter.fr\/personnes\/thomas-legrand\">Thomas Legrand<\/a><br \/>\n<\/span><\/span><\/li>\n<li><span style=\"color: #0000ff;\"><a style=\"color: #0000ff;\" href=\"https:\/\/www.franceinter.fr\/emissions\/de-gaulle-2020\/de-gaulle-2020-09-aout-2020\"><span style=\"font-family: Arial;\">De Gaulle et Le Canard encha\u00een\u00e9 avec le journaliste Claude Angeli <\/span><\/a><span style=\"font-family: Arial;\">09 ao\u00fbt 2020 Par\u00a0 <a style=\"color: #0000ff;\" href=\"https:\/\/www.franceinter.fr\/personnes\/thomas-legrand\">Thomas Legrand<\/a><br \/>\n<\/span><\/span><\/li>\n<li><span style=\"color: #0000ff;\"><a style=\"color: #0000ff;\" href=\"https:\/\/www.franceinter.fr\/emissions\/de-gaulle-2020\/de-gaulle-2020-02-aout-2020\"><span style=\"font-family: Arial;\">La Ve R\u00e9publique de De Gaulle est-elle toujours pertinente ? Avec la juriste Anne Levade <\/span><\/a><span style=\"font-family: Arial;\">02 ao\u00fbt 2020 Par\u00a0 <a style=\"color: #0000ff;\" href=\"https:\/\/www.franceinter.fr\/personnes\/thomas-legrand\">Thomas Legrand<\/a><br \/>\n<\/span><\/span><\/li>\n<li><span style=\"color: #0000ff;\"><a style=\"color: #0000ff;\" href=\"https:\/\/www.franceinter.fr\/emissions\/de-gaulle-2020\/de-gaulle-2020-26-juillet-2020\"><span style=\"font-family: Arial;\">De Gaulle, d\u00e9colonisateur par d\u00e9faut ? Avec Benjamin Stora <\/span><\/a><span style=\"font-family: Arial;\">26 juil. 2020 Par\u00a0 <a style=\"color: #0000ff;\" href=\"https:\/\/www.franceinter.fr\/personnes\/thomas-legrand\">Thomas Legrand<\/a><br \/>\n<\/span><\/span><\/li>\n<li><span style=\"color: #0000ff;\"><a style=\"color: #0000ff;\" href=\"https:\/\/www.franceinter.fr\/emissions\/de-gaulle-2020\/de-gaulle-2020-19-juillet-2020\"><span style=\"font-family: Arial;\">\u00ab\u00a0Le mirage de la participation\u00a0\u00bb avec Bruno Le Maire et G\u00e9rald Darmanin <\/span><\/a><span style=\"font-family: Arial;\">19 juil. 2020 Par\u00a0 <a style=\"color: #0000ff;\" href=\"https:\/\/www.franceinter.fr\/personnes\/thomas-legrand\">Thomas Legrand<\/a><br \/>\n<\/span><\/span><\/li>\n<li><span style=\"color: #0000ff;\"><a style=\"color: #0000ff;\" href=\"https:\/\/www.franceinter.fr\/emissions\/de-gaulle-2020\/de-gaulle-2020-12-juillet-2020\"><span style=\"font-family: Arial;\">De Gaulle et les gauchistes, avec Serge July <\/span><\/a><span style=\"font-family: Arial;\">12 juil. 2020 Par\u00a0 <a style=\"color: #0000ff;\" href=\"https:\/\/www.franceinter.fr\/personnes\/thomas-legrand\">Thomas Legrand<\/a><br \/>\n<\/span><\/span><\/li>\n<li><span style=\"color: #0000ff;\"><a style=\"color: #0000ff;\" href=\"https:\/\/www.franceinter.fr\/emissions\/de-gaulle-2020\/de-gaulle-2020-05-juillet-2020\"><span style=\"font-family: Arial;\">De Gaulle vu d&rsquo;Angleterre et ses relations avec Churchill <\/span><\/a><span style=\"font-family: Arial;\">05 juil. 2020 Par\u00a0 <a style=\"color: #0000ff;\" href=\"https:\/\/www.franceinter.fr\/personnes\/thomas-legrand\">Thomas Legrand<\/a><br \/>\n<\/span><\/span><\/li>\n<li><span style=\"color: #0000ff;\"><a style=\"color: #0000ff;\" href=\"https:\/\/www.franceinter.fr\/emissions\/de-gaulle-2020\/de-gaulle-2020-28-juin-2020\"><span style=\"font-family: Arial;\">Le mythe de Gaulle <\/span><\/a><\/span><span style=\"color: #777777; font-family: Arial;\"><span style=\"color: #0000ff;\">28 juin 2020<\/span><br \/>\n<\/span><\/li>\n<\/ul>\n<p><span style=\"color: #777777; font-family: Arial;\"><img loading=\"lazy\" decoding=\"async\" class=\"wp-image-10334 alignleft\" src=\"https:\/\/lemotdujour.fr\/wp-content\/uploads\/2020\/12\/120520_0014_Lundi7dcemb4.jpg\" alt=\"\" width=\"296\" height=\"226\" srcset=\"https:\/\/lemotdujour.fr\/wp-content\/uploads\/2020\/12\/120520_0014_Lundi7dcemb4.jpg 640w, https:\/\/lemotdujour.fr\/wp-content\/uploads\/2020\/12\/120520_0014_Lundi7dcemb4-300x229.jpg 300w\" sizes=\"auto, (max-width: 296px) 100vw, 296px\" \/>En tout cas, pour moi la r\u00e9ponse \u00e0 la question pos\u00e9e au d\u00e9but est claire\u00a0: je ne souhaiterais pas revenir \u00e0 l&rsquo;\u00e9poque de De Gaulle, et je trouve assez vain de vouloir aujourd&rsquo;hui se r\u00e9clamer du Gaullisme dans un monde qui a si profond\u00e9ment chang\u00e9.<br \/>\n<\/span><\/p>\n<p><span style=\"color: #777777; font-family: Arial;\">Le personnage et le r\u00f4le de De Gaulle reste dans l&rsquo;Histoire absolument consid\u00e9rable et je reviendrai vers le livre de Daniel Cordier \u00ab\u00a0<strong>Alias Caracalla<\/strong>\u00a0\u00bb qui montre un homme exceptionnel face \u00e0 des d\u00e9fis qui semblaient hors de port\u00e9e et qu&rsquo;il a surmont\u00e9 gr\u00e2ce \u00e0 sa force int\u00e9rieure et son amour pour la France.<br \/>\n<\/span><\/p>\n<p><span style=\"color: maroon; font-family: Arial;\">&lt;1503&gt;<\/span><\/p>\n","protected":false},"excerpt":{"rendered":"<p>\u00ab Tous les mots du jour sur De Gaulle que je n\u2019\u00e9crirai pas. \u00bb Un acte manqu\u00e9 mais \u00e9crit L&rsquo;ann\u00e9e 2020 restera probablement dans l&rsquo;Histoire comme celle o\u00f9 une grande partie de l&rsquo;Humanit\u00e9, pour lutter contre une pand\u00e9mie, a fait<\/p>\n","protected":false},"author":1,"featured_media":0,"comment_status":"open","ping_status":"closed","sticky":false,"template":"","format":"standard","meta":{"footnotes":""},"categories":[1],"tags":[15,17,29],"class_list":["post-10335","post","type-post","status-publish","format-standard","hentry","category-motdujour","tag-france","tag-histoire","tag-hommage"],"_links":{"self":[{"href":"https:\/\/lemotdujour.fr\/index.php?rest_route=\/wp\/v2\/posts\/10335","targetHints":{"allow":["GET"]}}],"collection":[{"href":"https:\/\/lemotdujour.fr\/index.php?rest_route=\/wp\/v2\/posts"}],"about":[{"href":"https:\/\/lemotdujour.fr\/index.php?rest_route=\/wp\/v2\/types\/post"}],"author":[{"embeddable":true,"href":"https:\/\/lemotdujour.fr\/index.php?rest_route=\/wp\/v2\/users\/1"}],"replies":[{"embeddable":true,"href":"https:\/\/lemotdujour.fr\/index.php?rest_route=%2Fwp%2Fv2%2Fcomments&post=10335"}],"version-history":[{"count":7,"href":"https:\/\/lemotdujour.fr\/index.php?rest_route=\/wp\/v2\/posts\/10335\/revisions"}],"predecessor-version":[{"id":10473,"href":"https:\/\/lemotdujour.fr\/index.php?rest_route=\/wp\/v2\/posts\/10335\/revisions\/10473"}],"wp:attachment":[{"href":"https:\/\/lemotdujour.fr\/index.php?rest_route=%2Fwp%2Fv2%2Fmedia&parent=10335"}],"wp:term":[{"taxonomy":"category","embeddable":true,"href":"https:\/\/lemotdujour.fr\/index.php?rest_route=%2Fwp%2Fv2%2Fcategories&post=10335"},{"taxonomy":"post_tag","embeddable":true,"href":"https:\/\/lemotdujour.fr\/index.php?rest_route=%2Fwp%2Fv2%2Ftags&post=10335"}],"curies":[{"name":"wp","href":"https:\/\/api.w.org\/{rel}","templated":true}]}}