{"id":10321,"date":"2020-12-04T00:58:10","date_gmt":"2020-12-03T23:58:10","guid":{"rendered":"http:\/\/lemotdujour.fr\/?p=10321"},"modified":"2020-12-07T18:47:45","modified_gmt":"2020-12-07T17:47:45","slug":"lundi-xx-decembre-2020","status":"publish","type":"post","link":"https:\/\/lemotdujour.fr\/?p=10321","title":{"rendered":"Vendredi 4 d\u00e9cembre 2020"},"content":{"rendered":"<div class=\"mdjTexte\">\u00ab\u00a0J&rsquo;ai parfois, l&rsquo;impression que lorsqu&rsquo;on parle de soi, on fait une sorte de cadeau aux autres en leur disant : vous voyez vous n&rsquo;\u00eates pas seul\u00a0\u00bb<\/div>\n<div class=\"mdjAuteur\">Anne Sylvestre<\/div>\n<p><span style=\"color: #777777; font-family: Arial;\">Il n&rsquo;\u00e9tait pas dans mes projets d&rsquo;\u00e9crire tout de suite un nouveau mot du jour consacr\u00e9 \u00e0 cette enchanteresse des mots et des chansons.<br \/>\n<\/span><\/p>\n<p><span style=\"color: #777777; font-family: Arial;\">Mais voil\u00e0, un vieil homme est mort, il avait \u00e9t\u00e9 \u00e9lu pr\u00e9sident de la r\u00e9publique il y a 46 ans, je n&rsquo;avais pas encore le droit de vote. C&rsquo;\u00e9tait il y a donc tr\u00e8s longtemps.<br \/>\n<\/span><\/p>\n<p><span style=\"color: #777777; font-family: Arial;\">Et puis hop, toute l&rsquo;espace m\u00e9diatique ne parle plus que de lui, il n&rsquo;y a plus de place pour la chanteuse de \u00ab\u00a0<a href=\"https:\/\/www.youtube.com\/watch?v=WQuAugvtp2Y&amp;feature=youtu.be\"><span style=\"color: #0000ff;\">J&rsquo;aime les gens qui doutent<\/span>\u00a0<\/a>\u00bb<br \/>\n<\/span><\/p>\n<p style=\"margin-left: 28pt;\"><span style=\"color: #c00000; font-family: Arial;\">J&rsquo;aime les gens qui doutent, les gens qui trop \u00e9coutent leur c\u0153ur se balancer<br \/>\nJ&rsquo;aime les gens qui disent et qui se contredisent et sans se d\u00e9noncer<br \/>\nJ&rsquo;aime les gens qui tremblent, que parfois ils ne semblent capables de juger<br \/>\n<\/span><\/p>\n<p><span style=\"color: #777777; font-family: Arial;\">Marc m&rsquo;a \u00e9crit pour me dire qu&rsquo;il aimait aussi la version de Vincent Delerm\u00a0: &lt;<a href=\"https:\/\/www.youtube.com\/watch?v=qM1XxVZH-I0\"><span style=\"color: #0000ff;\">Ici il la chante avec Jeanne Cherhal, et Albin de la Simone<\/span><\/a>&gt;<br \/>\n<\/span><\/p>\n<p><span style=\"color: #777777; font-family: Arial;\">Ce n&rsquo;est pas que celui qui jouait de l&rsquo;accord\u00e9on \u00e0 l&rsquo;Elys\u00e9e fut un homme sans qualit\u00e9.<br \/>\n<\/span><\/p>\n<p><span style=\"color: #777777; font-family: Arial;\">Je lui consacrerai peut-\u00eatre des mots du jour, mais pas aujourd&rsquo;hui.<br \/>\n<\/span><\/p>\n<p><span style=\"color: #777777; font-family: Arial;\">Aujourd&rsquo;hui je veux continuer d&rsquo;\u00e9voquer celle qui a \u00e9crit la chanson que ma belle-maman adorait comme me l&rsquo;a r\u00e9v\u00e9l\u00e9e Annie\u00a0: &lt;<a href=\"https:\/\/www.youtube.com\/watch?v=2Ao4jhrMGfY\"><span style=\"color: #0000ff;\">Cl\u00e9mence en vacances<\/span><\/a>&gt;<br \/>\n<\/span><\/p>\n<p style=\"margin-left: 28pt;\"><span style=\"color: #c00000; font-family: Arial;\">Cl\u00e9mence, Cl\u00e9mence<br \/>\nA pris des vacances<br \/>\nCl\u00e9mence ne fait plus rien<br \/>\nCl\u00e9mence, Cl\u00e9mence<br \/>\nEst comme en enfance<br \/>\nCl\u00e9mence va bien<br \/>\n<\/span><\/p>\n<p><span style=\"color: #777777; font-family: Arial;\">Elle n&rsquo;avait jamais fait la Une des magazines<br \/>\n<\/span><\/p>\n<p><span style=\"color: #777777; font-family: Arial;\">Parce que vous comprenez, ce n&rsquo;est pas juste !<br \/>\n<\/span><\/p>\n<p><span style=\"color: #777777; font-family: Arial;\">Cette fois, l&rsquo;hommage \u00e9tait unanime, tout le monde avait enfin reconnu son talent, tout le monde l&rsquo;aimait.<br \/>\n<\/span><\/p>\n<p><span style=\"color: #777777; font-family: Arial;\">Alors Paris-Match, l&rsquo;Express et tous les autres pr\u00e9voyaient de mettre l&rsquo;auteure d&rsquo;une <strong>\u00ab\u00a0sorci\u00e8re comme une autre<\/strong>\u00a0\u00bb en couverture. Christiane nous a envoy\u00e9 un lien vers une interpr\u00e9tation de &lt;<a href=\"https:\/\/www.youtube.com\/watch?v=COMDaYKJCWs\"><span style=\"color: #0000ff;\">Pauline Julie<\/span>n<\/a>&gt;<br \/>\n<\/span><\/p>\n<p><span style=\"color: #777777; font-family: Arial;\">Mais pour les couvertures, c&rsquo;est rat\u00e9\u00a0!<br \/>\n<\/span><\/p>\n<p><span style=\"color: #777777; font-family: Arial;\">Nous verrons sur les couvertures le cr\u00e2ne d\u00e9garni du ch\u00e2telain <em>de <\/em>Chanonat qui s&rsquo;est retir\u00e9 dans l&rsquo;Aveyron<em>.<\/em><br \/>\n<\/span><\/p>\n<p><span style=\"color: #777777; font-family: Arial;\">Alors moi j&rsquo;ai continu\u00e9 \u00e0 chercher des vid\u00e9os sur internet<br \/>\n<\/span><\/p>\n<p><span style=\"color: #777777; font-family: Arial;\">Et j&rsquo;ai trouv\u00e9, Patrick Simonin qui l&rsquo;avait interview\u00e9\u00a0&lt;<span style=\"color: #0000ff;\"><a style=\"color: #0000ff;\" href=\"https:\/\/www.youtube.com\/watch?v=3oETYuyxg_A\">Sur TV 5 Monde<\/a><\/span>&gt;; Elle avait 63 ans et f\u00eatait les 40 ans de sc\u00e8ne.<br \/>\n<\/span><\/p>\n<p><a href=\"https:\/\/www.youtube.com\/watch?v=3oETYuyxg_A\"><img loading=\"lazy\" decoding=\"async\" class=\"alignleft\" src=\"https:\/\/lemotdujour.fr\/wp-content\/uploads\/2020\/12\/120320_2354_LundiXXdcem1.jpg\" alt=\"\" width=\"342\" height=\"192\" align=\"left\" border=\"0\" \/><\/a><span style=\"color: #777777; font-family: Arial;\">Lors de l&rsquo;\u00e9mission elle a dit\u00a0:<br \/>\n<\/span><\/p>\n<p style=\"margin-left: 28pt;\"><span style=\"color: #c00000; font-family: Arial;\">\u00ab [Mes chansons] c&rsquo;est la vie, c&rsquo;est les gens qui m&rsquo;int\u00e9ressent.<br \/>\n<\/span><\/p>\n<p style=\"margin-left: 28pt;\"><span style=\"color: #c00000; font-family: Arial;\">Ce qui leur arrive. Ce qu&rsquo;ils disent, qu&rsquo;ils vivent.<br \/>\n<\/span><\/p>\n<p style=\"margin-left: 28pt;\"><span style=\"color: #c00000; font-family: Arial;\">Quand on parle de soi, on parle des autres.<br \/>\n<\/span><\/p>\n<p style=\"margin-left: 28pt;\"><span style=\"color: #c00000; font-family: Arial;\"><strong>J&rsquo;ai parfois, l&rsquo;impression que lorsqu&rsquo;on parle de soi, on fait une sorte de cadeau aux autres en leur disant : vous voyez vous n&rsquo;\u00eates pas seul.<br \/>\n<\/strong><\/span><\/p>\n<p style=\"margin-left: 28pt;\"><span style=\"color: #c00000; font-family: Arial;\">Je me consid\u00e8re un peu comme une sorte d&rsquo;\u00e9crivain public.<br \/>\n<\/span><\/p>\n<p style=\"margin-left: 28pt;\"><span style=\"color: #c00000; font-family: Arial;\">Parce qu&rsquo;il se trouve que j&rsquo;ai un don de dire les choses.<br \/>\n<\/span><\/p>\n<p style=\"margin-left: 28pt;\"><span style=\"color: #c00000; font-family: Arial;\">Alors je dis peut-\u00eatre les choses \u00e0 la place d&rsquo;autres qui ne trouvent pas les mots.\u00a0\u00bb<br \/>\n<\/span><\/p>\n<p><span style=\"color: #777777; font-family: Arial;\">Et puis j&rsquo;ai trouv\u00e9 une trace encore plus ancienne\u00a0: &lt;<span style=\"color: #0000ff;\"><a style=\"color: #0000ff;\" href=\"https:\/\/www.youtube.com\/watch?v=cpzyGE0IGMY&amp;t=8s\">Radioscopie de Chancel en 1978<\/a><\/span>&gt;<br \/>\n<\/span><\/p>\n<p><span style=\"color: #777777; font-family: Arial;\">Et puis ce duo avec Pauline Julien cit\u00e9 ci-avant\u00a0: &lt; &lt;<a href=\"https:\/\/www.youtube.com\/watch?v=9tnfasRHWyI\"><span style=\"color: #0000ff;\">Rien qu&rsquo;une fois<\/span><\/a>&gt;<br \/>\n<\/span><\/p>\n<p><span style=\"color: #777777; font-family: Arial;\">Dans une interview que j&rsquo;ai regard\u00e9, elle reprochait au journaliste de ne parler que de ces chansons s\u00e9rieuses, alors qu&rsquo;elle a \u00e9crit beaucoup de chansons pleines d&rsquo;humour.<br \/>\n<\/span><\/p>\n<p><span style=\"color: #777777; font-family: Arial;\">Et j&rsquo;ai trouv\u00e9 son jubil\u00e9 des 50 ans de sc\u00e8ne &lt;<a href=\"https:\/\/www.youtube.com\/watch?v=0LEguZpRBrc&amp;t=365s\"><span style=\"color: #0000ff;\">Concert au Trianon &#8211; 2007<\/span><\/a>&gt; et c&rsquo;est vrai qu&rsquo;elle est tr\u00e8s dr\u00f4le<br \/>\n<\/span><\/p>\n<p><span style=\"color: #777777; font-family: Arial;\">Dans ce spectacle elle chante notamment : &lt;<a href=\"https:\/\/www.youtube.com\/watch?v=9uIAHH84jw0\"><span style=\"color: #0000ff;\">\u00c7a ne se voit pas du tout<\/span><\/a>&gt;<br \/>\n<\/span><\/p>\n<p><a href=\"https:\/\/www.chez-mon-libraire.fr\/livre\/9782757878774-coquelicot-et-autres-mots-que-j-aime-anne-sylvestre\/\"><img loading=\"lazy\" decoding=\"async\" class=\"wp-image-10327 alignleft\" src=\"https:\/\/lemotdujour.fr\/wp-content\/uploads\/2020\/12\/Coquelicot-Anne-Sylvestre.jpg\" alt=\"\" width=\"126\" height=\"179\" srcset=\"https:\/\/lemotdujour.fr\/wp-content\/uploads\/2020\/12\/Coquelicot-Anne-Sylvestre.jpg 351w, https:\/\/lemotdujour.fr\/wp-content\/uploads\/2020\/12\/Coquelicot-Anne-Sylvestre-211x300.jpg 211w\" sizes=\"auto, (max-width: 126px) 100vw, 126px\" \/><\/a><span style=\"color: #777777; font-family: Arial;\">Fran\u00e7ois Busnel l&rsquo;avait re\u00e7u \u00e0 la Grande librairie parce qu&rsquo;elle venait d&rsquo;\u00e9crire &lt;<strong>Coquelicot<\/strong>&gt; un livre sur ses mots pr\u00e9f\u00e9r\u00e9s. Ce m\u00eame soir Daniel Pennac \u00e9tait invit\u00e9 aussi. Vous apprendrez le sens du verbe\u00a0: \u00ab\u00a0<strong>d\u00e9barouler\u00a0<\/strong>\u00bb<br \/>\n<\/span><\/p>\n<p><span style=\"color: #777777; font-family: Arial;\">Et puis il y a les cinq \u00e9missions de H\u00e9l\u00e8ne Haz\u00e9ra <span style=\"color: #0000ff;\"><a style=\"color: #0000ff;\" href=\"https:\/\/www.franceculture.fr\/emissions\/a-voix-nue-anne-sylvestre\">\u00ab\u00a0A voix nue\u00a0<\/a>\u00bb<\/span> qui datent de 2002.<br \/>\n<\/span><\/p>\n<p><span style=\"color: #777777; font-family: Arial;\">Et pour finir un autre moment d&rsquo;humour : &lt; <a href=\"https:\/\/www.youtube.com\/watch?v=GCmdwdfKK_E\"><span style=\"color: #0000ff;\">Petit bonhomme<\/span> <\/a>&gt;<br \/>\n<\/span><\/p>\n<p><span style=\"color: maroon; font-family: Arial;\">&lt;1502&gt;<\/span><\/p>\n","protected":false},"excerpt":{"rendered":"<p>\u00ab\u00a0J&rsquo;ai parfois, l&rsquo;impression que lorsqu&rsquo;on parle de soi, on fait une sorte de cadeau aux autres en leur disant : vous voyez vous n&rsquo;\u00eates pas seul\u00a0\u00bb Anne Sylvestre Il n&rsquo;\u00e9tait pas dans mes projets d&rsquo;\u00e9crire tout de suite un nouveau<\/p>\n","protected":false},"author":1,"featured_media":0,"comment_status":"open","ping_status":"closed","sticky":false,"template":"","format":"standard","meta":{"footnotes":""},"categories":[1],"tags":[29,20,8],"class_list":["post-10321","post","type-post","status-publish","format-standard","hentry","category-motdujour","tag-hommage","tag-musique","tag-poesie"],"_links":{"self":[{"href":"https:\/\/lemotdujour.fr\/index.php?rest_route=\/wp\/v2\/posts\/10321","targetHints":{"allow":["GET"]}}],"collection":[{"href":"https:\/\/lemotdujour.fr\/index.php?rest_route=\/wp\/v2\/posts"}],"about":[{"href":"https:\/\/lemotdujour.fr\/index.php?rest_route=\/wp\/v2\/types\/post"}],"author":[{"embeddable":true,"href":"https:\/\/lemotdujour.fr\/index.php?rest_route=\/wp\/v2\/users\/1"}],"replies":[{"embeddable":true,"href":"https:\/\/lemotdujour.fr\/index.php?rest_route=%2Fwp%2Fv2%2Fcomments&post=10321"}],"version-history":[{"count":8,"href":"https:\/\/lemotdujour.fr\/index.php?rest_route=\/wp\/v2\/posts\/10321\/revisions"}],"predecessor-version":[{"id":10368,"href":"https:\/\/lemotdujour.fr\/index.php?rest_route=\/wp\/v2\/posts\/10321\/revisions\/10368"}],"wp:attachment":[{"href":"https:\/\/lemotdujour.fr\/index.php?rest_route=%2Fwp%2Fv2%2Fmedia&parent=10321"}],"wp:term":[{"taxonomy":"category","embeddable":true,"href":"https:\/\/lemotdujour.fr\/index.php?rest_route=%2Fwp%2Fv2%2Fcategories&post=10321"},{"taxonomy":"post_tag","embeddable":true,"href":"https:\/\/lemotdujour.fr\/index.php?rest_route=%2Fwp%2Fv2%2Ftags&post=10321"}],"curies":[{"name":"wp","href":"https:\/\/api.w.org\/{rel}","templated":true}]}}