{"id":1032,"date":"2015-03-12T01:00:00","date_gmt":"2015-03-11T22:00:00","guid":{"rendered":"http:\/\/lemotdujour.fr\/?p=1032"},"modified":"2017-05-08T13:24:55","modified_gmt":"2017-05-08T11:24:55","slug":"jeudi-12-mars-2015","status":"publish","type":"post","link":"https:\/\/lemotdujour.fr\/?p=1032","title":{"rendered":"Jeudi 12 mars 2015"},"content":{"rendered":"<div class=\"mdjDate\">Jeudi 12 mars 2015<\/div>\n<div class=\"mdjTexte\">\u00ab Je suis l&rsquo;homme de l&rsquo;an 2000<br \/>Je suis sans probl\u00e8me<br \/>Ma vie est facile<br \/>Je ne pense plus du tout<br \/>Nous avons un roi qui pense pour nous<br \/>C&rsquo;est L&rsquo;ordinateur \u00bb<\/div>\n<div class=\"mdjAuteur\">Henri Salvador [1968]<\/div>\n<div class=\"mdjComplements\">C&rsquo;est une petite chanson pr\u00e9monitoire que j&rsquo;ai d\u00e9couverte gr\u00e2ce aux matins de France Culture du 05\/03\/2015 <\/div>\n<div class=\"mdjComplements\">Henri Salvador la chantait en 1968, j&rsquo;avais 10 ans, c&rsquo;\u00e9tait donc il y a 47 ans&#8230;<\/div>\n<div class=\"mdjComplements\">Pour en mesurer le c\u00f4t\u00e9 visionnaire, il faut rappeler les dates suivantes :<\/div>\n<p>C&rsquo;est en Juillet 1981 que sort le tout premier IBM PC, avec ms dos, 13 ans apr\u00e8s la chanson<\/p>\n<p>Le premier Macintosh, le Macintosh 128K, est lanc\u00e9 le 24 janvier 1984.<\/p>\n<p>Le Global Positioning System (GPS) \u2013 a \u00e9t\u00e9 rendu possible par une constellation de 24 satellites. Le premier satellite exp\u00e9rimental fut lanc\u00e9 en 1978, mais l&rsquo;ensemble des 24 satellites ne fut op\u00e9rationnelle qu&rsquo;en 1995. Cette technologie \u00e9tait alors utilis\u00e9e \u00e0 usage exclusivement militaire. Et ce n&rsquo;est qu&rsquo;en 2000 que le pr\u00e9sident Bill Clinton confirme l&rsquo;int\u00e9r\u00eat de la technologie \u00e0 des fins civiles et autorise une diffusion non restreinte des signaux GPS, permettant une pr\u00e9cision d&rsquo;une dizaine de m\u00e8tres et une d\u00e9mocratisation de la technologie au grand public \u00e0 partir du milieu des ann\u00e9es 2000.<\/p>\n<p>Et m\u00eame s&rsquo;il y avait des pr\u00e9mices, il faudra attendre le d\u00e9but des ann\u00e9es 1990 pour voir le d\u00e9veloppement d&rsquo;Internet. Et encore, il faut savoir qu&rsquo;il y avait 100 000 ordinateurs connect\u00e9s en 1989, que la barre du million a \u00e9t\u00e9 franchie en 1992. En 1996, 10 000 000 d\u2019ordinateurs \u00e9taient connect\u00e9s et c&rsquo;est \u00e0 l\u2019aube du XXI\u00e8me si\u00e8cle qu&rsquo;on recensait 200 000 000 d\u2019utilisateurs dans le monde. C&rsquo;est uniquement lors de cette derni\u00e8re \u00e9tape qu&rsquo;on a vraiment pu parler d&rsquo;un monde connect\u00e9.<\/p>\n<div class=\"mdjComplements\">Tout cela pour dire que sans l&rsquo;ordinateur personnel, sans le GPS et sans internet le monde que chante Salvador n&rsquo;est pas possible.<\/div>\n<div class=\"mdjComplements\">Or en 1968, rien de tout cela n&rsquo;existait.<\/div>\n<div class=\"mdjComplements\">Voici les paroles<\/div>\n<div class=\"mdjCiter\">\u00abJe suis l&rsquo;homme de l&rsquo;an 2000<\/div>\n<div class=\"mdjCiter\">Je suis sans probl\u00e8me<\/div>\n<div class=\"mdjCiter\">Ma vie est facile<\/div>\n<div class=\"mdjCiter\">Je ne pense plus du tout<\/div>\n<div class=\"mdjCiter\">Nous avons un roi qui pense pour nous<\/div>\n<div class=\"mdjCiter\">C&rsquo;est<\/div>\n<div class=\"mdjCiter\">Beta gamma<\/div>\n<div class=\"mdjCiter\">Beta gamma<\/div>\n<div class=\"mdjCiter\">Beta gamma<\/div>\n<div class=\"mdjCiter\">L&rsquo;or-di-na-teur<\/div>\n<div class=\"mdjCiter\">Je suis l&rsquo;homme qui n&rsquo;a plus faim<\/div>\n<div class=\"mdjCiter\">Je ne comprends pas pourquoi les anciens<\/div>\n<div class=\"mdjCiter\">Avaient tant de plaisir \u00e0 manger<\/div>\n<div class=\"mdjCiter\">J&rsquo;avale des pilules qui sont fabriqu\u00e9es<\/div>\n<div class=\"mdjCiter\">Par<\/div>\n<div class=\"mdjCiter\">refrain<\/div>\n<div class=\"mdjCiter\">Quand je vais me promener<\/div>\n<div class=\"mdjCiter\">Je ne vais jamais au hasard<\/div>\n<div class=\"mdjCiter\">J&rsquo;ai une voiture t\u00e9l\u00e9guid\u00e9e<\/div>\n<div class=\"mdjCiter\">L&rsquo;itin\u00e9raire est fait avant mon d\u00e9part<\/div>\n<div class=\"mdjCiter\">Par<\/div>\n<div class=\"mdjCiter\">refrain<\/div>\n<div class=\"mdjCiter\">Pour les filles, pas de probl\u00e8me<\/div>\n<div class=\"mdjCiter\">Je ne perds pas mon temps \u00e0 leur dire je t&rsquo;aime<\/div>\n<div class=\"mdjCiter\">Tous les soirs je dois aller chercher<\/div>\n<div class=\"mdjCiter\">Une fille qui \u00e0 chaque fois est s\u00e9lectionn\u00e9e<\/div>\n<div class=\"mdjCiter\">Par<\/div>\n<div class=\"mdjCiter\">refrain<\/div>\n<div class=\"mdjCiter\">Quand je pense aux arri\u00e9r\u00e9s<\/div>\n<div class=\"mdjCiter\">Qui ne pouvaient pas vivre sans amour<\/div>\n<div class=\"mdjCiter\">Je vous dis qu&rsquo;on est bien mieux de nos jours<\/div>\n<div class=\"mdjCiter\">Pour l&rsquo;homme de l&rsquo;an 2000 le bonheur parfait<\/div>\n<div class=\"mdjCiter\">C&rsquo;est<\/div>\n<div class=\"mdjCiter\">refrain<\/div>\n<div class=\"mdjCiter\">Nous sommes tous conditionn\u00e9s<\/div>\n<div class=\"mdjCiter\">Alors l\u00e0-bas Descartes et la pens\u00e9e<\/div>\n<div class=\"mdjCiter\">Nous vivons l&rsquo;\u00e2ge d&rsquo;or je vous le dis<\/div>\n<div class=\"mdjCiter\">Moi, je ne pense plus donc je suis<\/div>\n<div class=\"mdjCiter\">Vive<\/div>\n<div class=\"mdjCiter\">refrain<\/div>\n<div class=\"mdjCiter\">L&rsquo;or-di-na-teur<\/div>\n<div class=\"mdjCiter\">L&rsquo;or-di-na-teur \u00a0 \u00bb<\/div>\n<div class=\"mdjComplements\">Et en musique cela fait : <a href=\"https:\/\/www.youtube.com\/watch?v=0mlzyYoyLhA\">&lt;https:\/\/www.youtube.com\/watch?v=0mlzyYoyLhA&gt;<\/a><\/div>\n<div class=\"mdjComplements\">Chapeau l&rsquo;artiste<\/div>\n","protected":false},"excerpt":{"rendered":"<p>Jeudi 12 mars 2015 \u00ab Je suis l&rsquo;homme de l&rsquo;an 2000Je suis sans probl\u00e8meMa vie est facileJe ne pense plus du toutNous avons un roi qui pense pour nousC&rsquo;est L&rsquo;ordinateur \u00bb Henri Salvador [1968] C&rsquo;est une petite chanson pr\u00e9monitoire que<\/p>\n","protected":false},"author":1,"featured_media":0,"comment_status":"closed","ping_status":"closed","sticky":false,"template":"","format":"standard","meta":{"footnotes":""},"categories":[1],"tags":[],"class_list":["post-1032","post","type-post","status-publish","format-standard","hentry","category-motdujour"],"_links":{"self":[{"href":"https:\/\/lemotdujour.fr\/index.php?rest_route=\/wp\/v2\/posts\/1032","targetHints":{"allow":["GET"]}}],"collection":[{"href":"https:\/\/lemotdujour.fr\/index.php?rest_route=\/wp\/v2\/posts"}],"about":[{"href":"https:\/\/lemotdujour.fr\/index.php?rest_route=\/wp\/v2\/types\/post"}],"author":[{"embeddable":true,"href":"https:\/\/lemotdujour.fr\/index.php?rest_route=\/wp\/v2\/users\/1"}],"replies":[{"embeddable":true,"href":"https:\/\/lemotdujour.fr\/index.php?rest_route=%2Fwp%2Fv2%2Fcomments&post=1032"}],"version-history":[{"count":1,"href":"https:\/\/lemotdujour.fr\/index.php?rest_route=\/wp\/v2\/posts\/1032\/revisions"}],"predecessor-version":[{"id":1033,"href":"https:\/\/lemotdujour.fr\/index.php?rest_route=\/wp\/v2\/posts\/1032\/revisions\/1033"}],"wp:attachment":[{"href":"https:\/\/lemotdujour.fr\/index.php?rest_route=%2Fwp%2Fv2%2Fmedia&parent=1032"}],"wp:term":[{"taxonomy":"category","embeddable":true,"href":"https:\/\/lemotdujour.fr\/index.php?rest_route=%2Fwp%2Fv2%2Fcategories&post=1032"},{"taxonomy":"post_tag","embeddable":true,"href":"https:\/\/lemotdujour.fr\/index.php?rest_route=%2Fwp%2Fv2%2Ftags&post=1032"}],"curies":[{"name":"wp","href":"https:\/\/api.w.org\/{rel}","templated":true}]}}