{"id":10308,"date":"2020-12-03T00:50:05","date_gmt":"2020-12-02T23:50:05","guid":{"rendered":"http:\/\/lemotdujour.fr\/?p=10308"},"modified":"2020-12-03T01:01:37","modified_gmt":"2020-12-03T00:01:37","slug":"jeudi-03-decembre-2020","status":"publish","type":"post","link":"https:\/\/lemotdujour.fr\/?p=10308","title":{"rendered":"Jeudi 03 d\u00e9cembre 2020"},"content":{"rendered":"<div class=\"mdjTexte\">\u00ab\u00a0Juste une femme\u00a0\u00bb.<\/div>\n<div class=\"mdjAuteur\">Anne Sylvestre, titre d\u2019une chanson et d\u2019un album<\/div>\n<p><span style=\"color: #777777; font-family: Arial;\">Aujourd&rsquo;hui, je ne saurais parler que d&rsquo;Anne Sylvestre.<br \/>\n<\/span><\/p>\n<p><span style=\"color: #777777; font-family: Arial;\">J&rsquo;aurais pu conna\u00eetre ses fabulettes, alors que j&rsquo;\u00e9tais enfant puisque le premier album est paru en 1962, j&rsquo;avais quatre ans.<br \/>\n<\/span><\/p>\n<p><img loading=\"lazy\" decoding=\"async\" class=\"alignleft\" src=\"https:\/\/lemotdujour.fr\/wp-content\/uploads\/2020\/12\/120220_2336_Jeudi03dcem1.jpg\" alt=\"\" width=\"271\" height=\"303\" align=\"left\" \/><span style=\"color: #777777; font-family: Arial;\">Mais il n&rsquo;en fut pas ainsi, je l&rsquo;ai connue alors que j&rsquo;\u00e9tais devenu p\u00e8re et que j&rsquo;\u00e9coutais ces merveilles avec mes enfants.<br \/>\n<\/span><\/p>\n<p><span style=\"color: #777777; font-family: Arial;\">Ces chansons sont toujours des histoires qu&rsquo;elle raconte avec malice \u00ab\u00a0<strong>Le Toboggan<\/strong>\u00a0\u00bb, avec du v\u00e9cu \u00ab <strong>Les Sandouiches Au Jambon <\/strong>\u00bb, p\u00e9dagogie familiale \u00ab <strong>C\u00e9cile et C\u00e9line <\/strong>\u00bb, naturaliste \u00ab <strong>Tant De Choses <\/strong>\u00bb, po\u00e9sie \u00ab <strong>Balan Balan\u00e7oire <\/strong>\u00bb, lumineuse \u00ab <strong>La Petite Rivi\u00e8re <\/strong>\u00bb.<br \/>\n<\/span><\/p>\n<p><span style=\"color: #777777; font-family: Arial;\">Les paroles sont simples, compr\u00e9hensibles par des enfants mais les phrases ont du sens et expliquent les choses de la vie.<br \/>\n<\/span><\/p>\n<p><span style=\"color: #777777; font-family: Arial;\">Je prends l&rsquo;exemple de cette chanson \u00ab <strong>Je t&rsquo;aime <\/strong>\u00bb\u00a0:<br \/>\n<\/span><\/p>\n<p style=\"margin-left: 28pt;\"><span style=\"color: #c00000; font-family: Arial;\">Ce sont les mots les plus doux<br \/>\nComme deux bras autour du cou<br \/>\nComme un grand rayon de soleil<br \/>\nCe sont des mots Merveille<br \/>\nCe sont des mots l\u00e9gers, l\u00e9gers<br \/>\nUn papillon qui vient voler<br \/>\nPour faire plaisir \u00e0 une fleur<br \/>\nCe sont des mots Douceur<br \/>\n<\/span><\/p>\n<p style=\"margin-left: 28pt;\"><span style=\"color: #c00000; font-family: Arial;\">Ce sont des mots tout ronronnants<br \/>\nComme le chat quand il est content<br \/>\nComme le duvet d&rsquo;un poussin<br \/>\nCe sont des mots C\u00e2lin<br \/>\nCe sont des mots qui tiennent chaud<br \/>\nComme la laine sur le dos<br \/>\nComme une lampe dans le noir<br \/>\nCe sont des mots Espoir<br \/>\n<\/span><\/p>\n<p style=\"margin-left: 28pt;\"><span style=\"color: #c00000; font-family: Arial;\">Ce sont des mots qu&rsquo;on peut garder<br \/>\nDans son c\u0153ur toute la journ\u00e9e<br \/>\nOn peut les dire et les redire<br \/>\nCe sont des mots Sourire<br \/>\nCe sont les mots les plus pr\u00e9cieux<br \/>\nC&rsquo;est la prunelle de tes yeux<br \/>\nTu n&rsquo;entendras jamais les m\u00eames<br \/>\nEcoute bien: je t&rsquo;aime<br \/>\n<\/span><\/p>\n<p><span style=\"color: #777777; font-family: Arial;\">Mais c&rsquo;est encore plus tard que j&rsquo;ai appris qu&rsquo;Anne Sylvestre n&rsquo;\u00e9tait pas qu&rsquo;une chanteuse pour enfants bien qu&rsquo;elle fut \u00ab\u00a0fabuleuse\u00a0\u00bb dans cette qu\u00eate de distraire, d&rsquo;enchanter et d&rsquo;enseigner les enfants.<br \/>\n<\/span><\/p>\n<p><span style=\"color: #777777; font-family: Arial;\">Elle \u00e9tait chanteuse tout simplement, chanteuse avec des textes d&rsquo;une po\u00e9sie, d&rsquo;une profondeur et d&rsquo;une force extraordinaire.<br \/>\n<\/span><\/p>\n<p><span style=\"color: #777777; font-family: Arial;\">Le sp\u00e9cialiste de musique, Bertrand Dicale, donne un avis avec lequel je suis pleinement d&rsquo;accord\u00a0: \u00ab\u00a0<a href=\"https:\/\/www.francetvinfo.fr\/culture\/musique\/chanson-francaise\/anne-sylvestre-etait-une-des-plus-grandes-plumes-de-l-histoire-de-la-chanson-francaise-selon-bertrand-dicale_4202595.html\"><span style=\"color: #0000ff;\">Anne Sylvestre \u00e9tait une des plus grandes plumes de l&rsquo;histoire de la chanson<\/span><\/a><span style=\"color: #0000ff;\">\u00a0<\/span>\u00bb<br \/>\n<\/span><\/p>\n<p><span style=\"color: #777777; font-family: Arial;\">Je lis aussi\u00a0:<br \/>\n<\/span><\/p>\n<p style=\"margin-left: 28pt;\"><span style=\"color: #c00000; font-family: Arial;\">\u00ab\u00a0On doit \u00e0 cette femme des morceaux gigantesques d&rsquo;intelligence et de subtilit\u00e9\u00a0\u00bb<br \/>\n<em>Val\u00e9rie Lehoux, T\u00e9l\u00e9rama, 17 septembre 2007.<br \/>\n<\/em><\/span><\/p>\n<p><img loading=\"lazy\" decoding=\"async\" class=\"alignleft\" src=\"https:\/\/lemotdujour.fr\/wp-content\/uploads\/2020\/12\/120220_2336_Jeudi03dcem2.jpg\" alt=\"\" width=\"264\" height=\"265\" align=\"left\" \/><span style=\"color: #777777; font-family: Arial;\">Elle savait parler aux enfants comme aux adultes, de sujets l\u00e9gers et de sujets beaucoup plus durs.<br \/>\n<\/span><\/p>\n<p><span style=\"color: #777777; font-family: Arial;\">Elle a toujours d\u00e9fendu la cause des femmes et d\u00e9nonc\u00e9 la violence et l&rsquo;injustice dont elles \u00e9taient victimes.<br \/>\n<\/span><\/p>\n<p><span style=\"color: #777777; font-family: Arial;\">Et j&rsquo;ai choisi comme exergue de ce 1501<sup>\u00e8me<\/sup> mot du jour, le titre d&rsquo;une de ses chansons \u00ab\u00a0f\u00e9ministes\u00a0\u00bb qui \u00e9tait aussi un titre d&rsquo;album\u00a0: \u00ab\u00a0<strong>Juste une femme<\/strong>\u00a0\u00bb. Et j&rsquo;ai trouv\u00e9 pertinent de citer des extraits de cette chanson tout au long de cet article.<br \/>\n<\/span><\/p>\n<p style=\"text-align: right;\"><span style=\"color: #7030a0; font-family: Verdana;\"><strong>\u00ab\u00a0Petite bedaine<br \/>\nPetite sal&rsquo;t\u00e9 dans le regard<br \/>\nPetite fredaine<br \/>\nPetite pouss\u00e9e dans les coins\u00a0\u00bb<br \/>\n<\/strong><\/span><\/p>\n<p><span style=\"color: #777777; font-family: Arial;\">Cette chanson a \u00e9t\u00e9 cr\u00e9\u00e9e en 2013, Anne Sylvestre a presque 80 ans puisqu&rsquo;elle n\u00e9e le 20 juin 1934 \u00e0 Lyon. Elle \u00e9crit cette chanson dans la suite de \u00ab l&rsquo;affaire DSK \u00bb, et ne le cache pas aux journalistes qui l&rsquo;interviewent alors. Elle exprime sa col\u00e8re face \u00e0 tous ceux qui relativisent la gravit\u00e9 des agressions sexuelles. Le texte d&rsquo;Anne Sylvestre jette au monde l&rsquo;indignation et l&rsquo;exasp\u00e9ration qui explosera quatre ans plus tard des dizaines de milliers de femmes, lors de la d\u00e9ferlante #Metoo.<br \/>\n<\/span><\/p>\n<p><span style=\"color: #777777; font-family: Arial;\">Mais ce n&rsquo;\u00e9tait pas sa premi\u00e8re chanson qu&rsquo;on peut d\u00e9clarer f\u00e9ministe\u00a0: \u00ab<strong>\u00a0La Faute \u00e0 Eve\u00a0<\/strong>\u00bb<strong>,<\/strong> \u00ab<strong>\u00a0La vaisselle<\/strong>\u00a0\u00bb, \u00ab\u00a0<strong>Une sorci\u00e8re comme les autres<\/strong>\u00a0\u00bb, et \u00ab\u00a0<strong>Rose<\/strong>\u00a0\u00bb peuvent \u00eatre class\u00e9s ainsi.<\/span><\/p>\n<p style=\"text-align: right;\"><span style=\"color: #7030a0; font-family: Verdana;\"><strong>\u00ab\u00a0C&rsquo;est juste une femme<br \/>\nC&rsquo;est juste une femme \u00e0 saloper<br \/>\nJuste une femme \u00e0 d\u00e9valuer\u00a0\u00bb<br \/>\n<\/strong><\/span><\/p>\n<p><span style=\"color: #777777; font-family: Arial;\">Un seul mot du jour lui a \u00e9t\u00e9 d\u00e9di\u00e9 jusqu&rsquo;\u00e0 pr\u00e9sent. C&rsquo;\u00e9tait lors de la s\u00e9rie sur mai 68 et le mot du jour \u00e0 la lutte pour la d\u00e9p\u00e9nalisation de l&rsquo;avortement. Elle avait \u00e9crit en 1973 la chanson : \u00ab <strong>Non, Non tu n&rsquo;as pas de nom<\/strong>\u00a0\u00bb<br \/>\n<\/span><\/p>\n<p><span style=\"color: #777777;\"><span style=\"font-family: Arial;\">J&rsquo;avais pris pour exergue un extrait de cette chanson\u00a0: \u00ab\u00a0<a href=\"https:\/\/lemotdujour.fr\/?p=4856\"><strong><span style=\"color: #0000ff;\">Ils en ont bien de la chance, ceux qui croient que \u00e7a se pense. \u00c7a se hurle \u00e7a se souffre, c&rsquo;est la mort et c&rsquo;est le gouffre<\/span><\/strong><\/a><\/span><span style=\"font-family: Verdana;\"><span style=\"color: #0000ff;\">\u00a0<\/span><span style=\"color: navy;\"><strong>\u00bb<\/strong><\/span><\/span><span style=\"color: #777777; font-family: Arial;\"><br \/>\n<\/span><\/span><\/p>\n<p><span style=\"color: #777777; font-family: Arial;\">Cette chanson avait \u00e9t\u00e9 \u00e9crite, deux ans apr\u00e8s le manifeste publi\u00e9 en 1971 par Le Nouvel Observateur dans lequel 343 Fran\u00e7aises c\u00e9l\u00e8bres reconnaissant avoir avort\u00e9. L&rsquo;ann\u00e9e suivante, le \u00ab proc\u00e8s de Bobigny \u00bb, celui d&rsquo;une jeune fille ayant avort\u00e9 avec l&rsquo;aide de sa m\u00e8re et d\u00e9fendue par Gis\u00e8le Halimi, fait grand bruit puis en 1973, 331 m\u00e9decins d\u00e9clarent publiquement avoir pratiqu\u00e9 des avortements, crime que la loi punit s\u00e9v\u00e8rement.<br \/>\n<\/span><\/p>\n<p><span style=\"color: #777777; font-family: Arial;\">Anne Sylvestre \u00e9crit l&rsquo;hymne de cette lutte. Mais elle pr\u00e9cisait que ce n&rsquo;\u00e9tait pas une chanson sur l&rsquo;avortement, mais une chanson sur l&rsquo;enfant ou le non-enfant.<br \/>\n<\/span><\/p>\n<p style=\"text-align: right;\"><span style=\"color: #7030a0; font-family: Verdana;\"><strong> \u00ab\u00a0Petit pouvoir, p&rsquo;tit chefaillon<br \/>\nPetite ordure<br \/>\nPetit voisin, p&rsquo;tit professeur<br \/>\nMains baladeuses\u00a0\u00bb<br \/>\n<\/strong><\/span><\/p>\n<p><img loading=\"lazy\" decoding=\"async\" class=\"alignleft\" src=\"https:\/\/lemotdujour.fr\/wp-content\/uploads\/2020\/12\/120220_2336_Jeudi03dcem3.jpg\" alt=\"\" width=\"294\" height=\"436\" align=\"left\" \/><span style=\"color: #777777; font-family: Arial;\">Elle portait une blessure int\u00e9rieure.<br \/>\n<\/span><\/p>\n<p><span style=\"color: #777777; font-family: Arial;\">Daniel Cordier \u00e9tait du c\u00f4t\u00e9 de la France Libre et De Gaulle, le p\u00e8re d&rsquo;Anne Sylvestre \u00e9tait de l&rsquo;autre c\u00f4t\u00e9, celui de P\u00e9tain et du R\u00e9gime de Vichy.<br \/>\n<\/span><\/p>\n<p><span style=\"color: #777777; font-family: Arial;\">Car elle est n\u00e9e Anne-Marie Beugras. Son p\u00e8re, Albert Beugras, fut l&rsquo;un des bras droits du collaborateur Jacques Doriot pendant la seconde guerre mondiale. Sauv\u00e9 de justesse de la condamnation \u00e0 mort \u00e0 la Lib\u00e9ration, il purgea dix ans de prison \u00e0 Fresnes. Elle ne s&rsquo;est lib\u00e9r\u00e9e de ce secret que dans les ann\u00e9es 1990. Elle le partageait avec <strong>sa s\u0153ur Marie Chaix<\/strong>, \u00e9crivaine et secr\u00e9taire de Barbara.<br \/>\n<\/span><\/p>\n<p><span style=\"color: #777777; font-family: Arial;\">&lt;<span style=\"color: #0000ff;\"><a style=\"color: #0000ff;\" href=\"https:\/\/www.lemonde.fr\/culture\/article\/2020\/12\/01\/anne-sylvestre-autrice-de-chansons-pour-enfants-et-artiste-feministe-est-morte_6061785_3246.html\">Le Monde<\/a><\/span>&gt; dans l&rsquo;hommage qu&rsquo;il lui a consacr\u00e9, en dit davantage\u00a0:<br \/>\n<\/span><\/p>\n<p style=\"margin-left: 28pt;\"><span style=\"color: #c00000; font-family: Arial;\">\u00ab\u00a0Marie Chaix, [\u2026] raconte, dans Les Lauriers du lac de Constance (Seuil, 1974), la fuite, lors de la d\u00e9b\u00e2cle allemande \u2013 \u00ab Anne, assise pr\u00e8s de toi, muette, serrant sa poup\u00e9e \u00bb \u2013, l&rsquo;arriv\u00e9e semi-clandestine chez un oncle, \u00e0 Suresnes (Hauts-de-Seine), la disparition de leur fr\u00e8re, Jean, sous un bombardement, les hommes arm\u00e9s qui viennent quelques jours plus tard, cherchant Albert Beugras. \u00ab Et la famille du tra\u00eetre. \u00bb Marie a 3 ans, Anne 10.<br \/>\n<\/span><\/p>\n<p style=\"margin-left: 28pt;\"><span style=\"color: #c00000; font-family: Arial;\">Longtemps Anne Sylvestre a cach\u00e9 son secret, refusant de dire que Marie Chaix \u00e9tait sa s\u0153ur : \u00ab J&rsquo;avais 10 ans, la photo d&rsquo;Albert Beugras \u00e9tait partout, des pages enti\u00e8res dans les journaux. C&rsquo;\u00e9tait mon p\u00e8re, un p\u00e8re aimant. Je suis all\u00e9e \u00e0 son proc\u00e8s, maman y tenait, elle a eu raison. On m&rsquo;avait mise \u00e0 l&rsquo;\u00e9cole chez les dominicaines. Mes camarades chapitr\u00e9es par leurs parents, m&rsquo;ont plac\u00e9e en quarantaine. La directrice, qui \u00e9tait la s\u0153ur du colonel R\u00e9my, r\u00e9sistant notoire, elle-m\u00eame d\u00e9port\u00e9e, m&rsquo;a d\u00e9fendue et sauv\u00e9e. \u00bb<br \/>\n<\/span><\/p>\n<p style=\"margin-left: 28pt;\"><span style=\"color: #c00000; font-family: Arial;\">[\u2026] Elle aime les marges et d\u00e9teste la droite radicale. En 1997, elle publie un album succulent, Chante\u2026 au bord de La Fontaine, douze chansons invent\u00e9es \u00e0 partir du fabuliste, d\u00e9nonciation des loups patrons de bistrots glauques, qui font la peau du petit mouton noir et fris\u00e9 qui a tagg\u00e9 leurs murs. \u00ab Le racisme, la banalisation de la discrimination me font froid dans le dos, et cette fa\u00e7on de dire : \u00ab\u00a0On n&rsquo;y peut rien\u00a0\u00bb ! \u00bb, dit-elle alors. Le spectacle est cr\u00e9\u00e9 \u00e0 La Comedia de Toulon, \u00ab en solidarit\u00e9 pour ce th\u00e9\u00e2tre qui avait en face de lui une mairie Front national \u00bb.<br \/>\n<\/span><\/p>\n<p><span style=\"color: #777777; font-family: Arial;\">Anne Sylvestre \u00e9crira une chansons paru dans l&rsquo;album \u00ab\u00a0<strong>D&rsquo;amour et de mots<\/strong>\u00a0\u00bb, sorti en 1994. Cette chanson a pour titre \u00ab<strong>Rom\u00e9o et Judith<\/strong>\u00bb. Elle y chante ces vers<br \/>\n<\/span><\/p>\n<p style=\"margin-left: 28pt;\"><span style=\"color: #c00000; font-family: Arial;\">\u00abJ&rsquo;ai souffert du mauvais c\u00f4t\u00e9<br \/>\nDans mon enfance d\u00e9vast\u00e9e<br \/>\nMais dois-je me sentir coupable\u00bb<br \/>\n<\/span><\/p>\n<p><span style=\"color: #777777; font-family: Arial;\">On ne choisit pas ses parents<br \/>\n<\/span><\/p>\n<p style=\"text-align: right;\"><span style=\"color: #7030a0; font-family: Verdana;\"><strong> \u00ab\u00a0Mais c&rsquo;est pas grave<br \/>\nC&rsquo;est juste une femme<br \/>\nC&rsquo;est juste une femme \u00e0 humilier<br \/>\nJuste une femme \u00e0 dilapider\u00a0\u00bb<br \/>\n<\/strong><\/span><\/p>\n<p><a href=\"https:\/\/next.liberation.fr\/musique\/2019\/09\/12\/anne-sylvestre-chant-hors-champ_1750948\"><span style=\"font-family: Arial;\"><span style=\"color: #0000ff;\">&lt;Lib\u00e9ration a republi\u00e9 un portrait de 2019&gt;<\/span><\/span><\/a><span style=\"font-family: Arial;\"><span style=\"color: #777777;\"> la qualifie justement d&rsquo;artiste f\u00e9ministe et libre. <\/span><\/span><span style=\"color: #777777; font-family: Arial;\">Dans cet article, le journaliste pose <strong>la question<\/strong>\u00a0: \u00ab Mais ces chansons, elles ne sont jamais vraiment pass\u00e9es \u00e0 la radio. Pourquoi ?\u00a0\u00bb.<br \/>\n<\/span><\/p>\n<p><span style=\"color: #777777; font-family: Arial;\">La r\u00e9ponse d&rsquo;Anne Sylvestre est dubitative\u00a0:<br \/>\n<\/span><\/p>\n<p style=\"margin-left: 28pt;\"><span style=\"color: #c00000; font-family: Arial;\">\u00abIl ne faut pas trop faire r\u00e9fl\u00e9chir les gens, j&rsquo;imagine.\u00bb<br \/>\n<\/span><\/p>\n<p><span style=\"color: #777777; font-family: Arial;\">Les m\u00e9dias sont, en effet, pass\u00e9s grandement \u00e0 c\u00f4t\u00e9 de son immense talent. Pour ma part, je ne l&rsquo;ai compris que r\u00e9cemment il y a environ 5 ans, apr\u00e8s avoir entendu une \u00e9mission de radio.<br \/>\n<\/span><\/p>\n<p><span style=\"color: #777777; font-family: Arial;\">Alors Pourquoi\u00a0?<br \/>\n<\/span><\/p>\n<p><span style=\"color: #777777; font-family: Arial;\">\u00ab\u00a0Le Monde \u00a0\u00bb sugg\u00e8re\u00a0:<br \/>\n<\/span><\/p>\n<p style=\"margin-left: 28pt;\"><span style=\"color: #c00000; font-family: Arial;\">\u00ab\u00a0Anne Sylvestre n&rsquo;a pas toujours eu la place qu&rsquo;elle m\u00e9ritait dans la chanson fran\u00e7aise. Il est vrai qu&rsquo;elle n&rsquo;a pas tout fait pour. Elle n&rsquo;\u00e9tait pas tous les jours de bonne humeur. \u00ab\u00a0\u00bb<br \/>\n<\/span><\/p>\n<p><span style=\"color: #777777; font-family: Arial;\">Une autre explication se trouve peut-\u00eatre dans les sujets abord\u00e9s par la chanteuse.<br \/>\n<\/span><\/p>\n<p><span style=\"color: #777777; font-family: Arial;\">Parmi ses premi\u00e8res remarquables chansons, en 1959 avec \u00ab <strong>Mon mari est parti<\/strong>\u00bb qui est une chanson sur la guerre \u00e0 l&rsquo;heure o\u00f9 la France est aux prises avec ce qu&rsquo;on appelle les \u00ab\u00e9v\u00e9nements\u00bb en Alg\u00e9rie.<br \/>\n<\/span><\/p>\n<p><span style=\"color: #777777; font-family: Arial;\">Et Pendant toute sa carri\u00e8re, elle s&rsquo;int\u00e9resse aux faits de soci\u00e9t\u00e9, et notamment \u00e0 la condition des femmes, revendiquant le terme de chanteuse \u00ab f\u00e9ministe \u00bb, qui fut parfois lourd \u00e0 porter. Elle dit elle-m\u00eame<br \/>\n<\/span><\/p>\n<p style=\"margin-left: 28pt;\"><span style=\"color: #c00000; font-family: Arial;\">\u00ab Je suppose que \u00e7a m&rsquo;a frein\u00e9e dans ma carri\u00e8re parce que j&rsquo;\u00e9tais l&#8217;emmerdeuse de service, mais ma foi, si c&rsquo;\u00e9tait le prix \u00e0 payer&#8230; \u00bb<br \/>\n<\/span><\/p>\n<p><span style=\"color: #777777; font-family: Arial;\">Mais l&rsquo;explication qui semble la plus vraisemblable est que c&rsquo;est l&rsquo;immense succ\u00e8s des <strong>\u00ab Fabulettes \u00bb <\/strong>qui a vampiris\u00e9 l&rsquo;autre partie de son \u0153uvre<strong>.<br \/>\n<\/strong><\/span><\/p>\n<p><span style=\"color: #777777; font-family: Arial;\">Elle a racont\u00e9 \u00e0 <span style=\"color: #0000ff;\"><a style=\"color: #0000ff;\" href=\"https:\/\/www.franceculture.fr\/emissions\/continent-musiques\/continent-vinyles-avec-anne-sylvestre\">&lt;France Culture&gt;<\/a><\/span> que le succ\u00e8s des fabulettes ont peut \u00eatre jou\u00e9 un r\u00f4le de frein pour la r\u00e9putation de sa carri\u00e8re de chanteuse universelle\u00a0:<br \/>\n<\/span><\/p>\n<p style=\"margin-left: 28pt;\"><span style=\"color: #c00000; font-family: Arial;\">\u00ab\u00a0Je ne me suis pas m\u00e9fi\u00e9 suffisamment puisque beaucoup de gens ont continu\u00e9 \u00e0 me consid\u00e9rer comme une chanteuse pour enfants, sans faire attention du tout \u00e0 mon r\u00e9pertoire qui est quand m\u00eame un r\u00e9pertoire de chanteuse pour les \u00ab\u00a0gens\u00a0\u00bb, les adultes.<br \/>\n<\/span><\/p>\n<p style=\"margin-left: 28pt;\"><span style=\"color: #c00000; font-family: Arial;\">Ainsi, elle \u00e9voque l&rsquo;anecdote de cette petite fille \u00e0 qui l&rsquo;on demandait de citer des chanteuses qu&rsquo;elle aimait. La liste de chanteuses et chanteurs passant \u00e0 la radio s&rsquo;allonge. \u00ab\u00a0Mais, et Anne Sylvestre que tu aimes tant ?\u00a0\u00bb. La petite fille de r\u00e9pondre \u00e9tonn\u00e9e : \u00ab\u00a0Oooh, mais ce n&rsquo;est pas pareil, Anne Sylvestre ce n&rsquo;est pas une chanteuse !\u00a0\u00bb. La chanteuse sourit : \u00ab\u00a0Vous voyez, moi j&rsquo;\u00e9tais un meuble\u00a0\u00bb.\u00a0\u00bb<br \/>\n<\/span><\/p>\n<p><img loading=\"lazy\" decoding=\"async\" class=\"alignright\" src=\"https:\/\/lemotdujour.fr\/wp-content\/uploads\/2020\/12\/120220_2336_Jeudi03dcem4.jpg\" alt=\"\" width=\"304\" height=\"456\" align=\"left\" \/><span style=\"color: #777777; font-family: Arial;\">Ainsi le succ\u00e8s des Fabulettes, soutenues par toutes les \u00e9coles de France, dont les ventes se comptent en millions ont conduit l&rsquo;auteure-compositrice-interpr\u00e8te y \u00eatre exclusivement identifi\u00e9e, alors qu&rsquo;elle avait \u00e9crit pr\u00e8s de quatre cents chansons \u00ab adultes \u00bb, dont des chefs-d&rsquo;\u0153uvre tels que \u00ab\u00a0<strong>Lazare et C\u00e9cile<\/strong>\u00a0\u00bb, \u00ab\u00a0<strong>Les Gens qui doutent<\/strong>\u00a0\u00bb, \u00ab\u00a0<strong>Maryvonne<\/strong>\u00a0\u00bb<br \/>\n<\/span><\/p>\n<p><span style=\"color: #777777; font-family: Arial;\">Le Monde rapporte sa col\u00e8re devant une \u00ab\u00a0fake news\u00a0\u00bb\u00a0:<br \/>\n<\/span><\/p>\n<p style=\"margin-left: 28pt;\"><span style=\"color: #c00000; font-family: Arial;\">\u00ab On a dit : quand Anne Sylvestre a eu moins de succ\u00e8s, elle s&rsquo;est reclass\u00e9e dans la chanson pour enfants. Faux.<br \/>\nCe sont deux r\u00e9pertoires distincts, deux activit\u00e9s parall\u00e8les.<br \/>\nJ&rsquo;ai commenc\u00e9 \u00e0 chanter en 1957 et, d\u00e8s 1961, je me suis mise \u00e0 \u00e9crire des chansons pour les enfants, par plaisir et pour ma fille. Parce que je voulais retarder la cr\u00e9tinisation\u2026<br \/>\nEn 1963, pour me faire plaisir, Philips avait accept\u00e9 d&rsquo;enregistrer un 45-tours o\u00f9 il y avait Veux-tu monter sur mon bateau, H\u00e9risson.<br \/>\nJe savais ce qui est au centre des pr\u00e9occupations quotidiennes des enfants, le r\u00f4le du v\u00e9lo, des nouilles\u2026<br \/>\nAvec les Fabulettes, j&rsquo;ai pu les structurer, leur donner le go\u00fbt de la libert\u00e9, du plaisir de chanter. \u00bb<br \/>\n<\/span><\/p>\n<p><span style=\"color: #777777; font-family: Arial;\">Anne Sylvestre a toujours refus\u00e9 de chanter ses Fabulettes sur sc\u00e8ne. Elle a dit\u00a0:<br \/>\n<\/span><\/p>\n<p style=\"margin-left: 28pt;\"><span style=\"color: #c00000; font-family: Arial;\">\u00ab\u00a0 Et puis une salle remplie d&rsquo;enfants\u2026 \u00e7a me fait peur !\u00bb<br \/>\n<\/span><\/p>\n<p><span style=\"color: #777777; font-family: Arial;\">Et dans <span style=\"color: #0000ff;\"><a style=\"color: #0000ff;\" href=\"https:\/\/www.franceculture.fr\/emissions\/la-grande-table-1ere-partie\/anne-sylvestre\">la Grande table du 06\/02\/2014<\/a><\/span> elle a dit\u00a0:<br \/>\n<\/span><\/p>\n<p style=\"margin-left: 28pt;\"><span style=\"color: #c00000; font-family: Arial;\">\u00ab Je suis heureuse et fi\u00e8re d&rsquo;avoir \u00e9crit les Fabulettes. Mais je ne suis pas une chanteuse pour enfants. \u00bb<br \/>\n<\/span><\/p>\n<p><span style=\"color: #777777; font-family: Arial;\">Mais celles et ceux qui ont \u00e9cout\u00e9 avec attention son autre r\u00e9pertoire savent combien il est grand.<br \/>\n<\/span><\/p>\n<p><a href=\"https:\/\/www.&lt;TELERAMA&gt;\"><span style=\"font-family: Arial;\"><span style=\"color: #0000ff;\">&lt;TELERAMA&gt;<\/span><\/span><\/a><span style=\"color: #777777; font-family: Arial;\"> raconte<br \/>\n<\/span><\/p>\n<p style=\"margin-left: 28pt;\"><span style=\"color: #c00000; font-family: Arial;\">\u00ab\u00a0Une jeune femme vient de lui sourire. Sans rien dire. Mais avec dans les yeux une joyeuse reconnaissance. \u00ab Voil\u00e0 ce qui arrive dans la rue : des gens m&rsquo;offrent leur sourire. C&rsquo;est joli. \u00bb Ceux-l\u00e0, c&rsquo;est s\u00fbr, ont \u00e9cout\u00e9 son \u0153uvre. Pas seulement ses Fabulettes pour enfants mais aussi ses chansons pour adultes. Ils savent combien elles sont pr\u00e9cieuses. Pour qui conna\u00eet le r\u00e9pertoire fran\u00e7ais, le nom d&rsquo;Anne Sylvestre \u00e9gale ceux de Brassens, Brel, \u00adBarbara, Ferr\u00e9, Trenet. On ne le dit pas assez ? Si seulement les radios et les t\u00e9l\u00e9s avaient daign\u00e9 diffuser ses chansons, tout le monde saurait. Mais l&rsquo;histoire s&rsquo;est \u00e9crite autrement, et le tr\u00e9sor s&rsquo;est partag\u00e9 avec plus de discr\u00e9tion, sc\u00e8ne apr\u00e8s sc\u00e8ne, disque apr\u00e8s disque.\u00a0\u00bb<br \/>\n<\/span><\/p>\n<p style=\"text-align: right;\"><span style=\"color: #7030a0; font-family: Verdana;\"><strong>\u00ab\u00a0Mais c&rsquo;est pas grave<br \/>\nC&rsquo;est juste une femme<br \/>\nC&rsquo;est juste une femme \u00e0 bafouer<br \/>\nJuste une femme \u00e0 d\u00e9sesp\u00e9rer\u00a0\u00bb<br \/>\n<\/strong><\/span><\/p>\n<p><span style=\"color: #777777; font-family: Arial;\">Christine Sim\u00e9one a titr\u00e9 son hommage\u00a0: <span style=\"color: #0000ff;\"><a style=\"color: #0000ff;\" href=\"https:\/\/www.franceinter.fr\/culture\/mort-d-anne-sylvestre-apres-300-chansons-et-une-vie-passee-a-raconter-les-gens\">&lt;Mort d&rsquo;Anne Sylvestre apr\u00e8s 300 chansons et une vie pass\u00e9e \u00e0 raconter les gens&gt;<\/a><\/span> et nous apprend qu&rsquo;Anne Sylvestre est l&rsquo;autrice de 18 albums de \u00ab\u00a0Fabulettes\u00a0\u00bb, pour les enfants, et d&rsquo;une vingtaine d&rsquo;albums pour les adultes. Parisienne et citadine dans l&rsquo;\u00e2me, Anne Sylvestre est mont\u00e9e pour la premi\u00e8re fois sur sc\u00e8ne en 1957, dans le cabaret parisien \u00ab\u00a0La Colombe\u00a0\u00bb o\u00f9 ont \u00e9galement d\u00e9but\u00e9 Jean Ferrat, Pierre Perret, Guy B\u00e9art ou Georges Moustaki.<br \/>\n<\/span><\/p>\n<p><span style=\"color: #777777; font-family: Arial;\">Et elle cite Georges Brassens qui \u00e9crit, en 1962, au dos d&rsquo;une des pochettes de disques d&rsquo;Anne Sylvestre :<br \/>\n<\/span><\/p>\n<p style=\"margin-left: 28pt;\"><span style=\"color: #c00000; font-family: Arial;\">\u00ab\u00a0On commence \u00e0 s&rsquo;apercevoir qu&rsquo;avant sa venue dans la chanson, il nous manquait quelque chose et quelque chose d&rsquo;important.\u00a0\u00bb<br \/>\n<\/span><\/p>\n<p><a href=\"https:\/\/www.telerama.fr\/musique\/mort-danne-sylvestre-les-gens-qui-doutentjuste-une-femme...-ses-dix-plus-grandes-chansons-6757203.php\"><span style=\"font-family: Arial;\"><span style=\"color: #0000ff;\">&lt;TELERAMA&gt;<\/span><\/span><\/a> <span style=\"color: #777777; font-family: Arial;\">a tent\u00e9 de s\u00e9lectionner les dix plus grandes chansons d&rsquo;Anne Sylvestre, \u00ab\u00a0<strong>Juste une femme<\/strong>\u00a0\u00bb en fait partie. Et ajoute\u00a0:<br \/>\n<\/span><\/p>\n<p style=\"margin-left: 28pt;\"><span style=\"color: #c00000; font-family: Arial;\">\u00ab\u00a0Nous en avons choisi dix\u2026Nous aurions pu en prendre vingt, ou trente, tant [son] r\u00e9pertoire est l&rsquo;un des plus riches et des plus beaux de la chanson fran\u00e7aise. Curieusement m\u00e9connu, mais \u00e0 la hauteur de ceux de Barbara, Brassens, Brel.\u00a0\u00bb<br \/>\n<\/span><\/p>\n<p><img loading=\"lazy\" decoding=\"async\" class=\"alignleft\" src=\"https:\/\/lemotdujour.fr\/wp-content\/uploads\/2020\/12\/120220_2336_Jeudi03dcem5.jpg\" alt=\"\" width=\"341\" height=\"341\" align=\"left\" \/><span style=\"color: #777777; font-family: Arial;\">Il est difficile de choisir parmi tant de beaut\u00e9s, j&rsquo;avoue une faiblesse pour cette chanson \u00ab <strong>\u00c9crire pour ne pas mourir<\/strong>\u00a0\u00bb<br \/>\n<\/span><\/p>\n<p><span style=\"color: #777777; font-family: Arial;\">Elle a dit<br \/>\n<\/span><\/p>\n<p style=\"margin-left: 28pt;\"><span style=\"color: #c00000; font-family: Arial;\">\u00ab \u00c9crire pour ne pas mourir, \u00e9crire fait beaucoup de bien. \u00bb<br \/>\n<\/span><\/p>\n<p><span style=\"color: #777777; font-family: Arial;\">Et aussi \u00ab\u00a0<span style=\"color: #c00000;\">Je me vois comme un \u00e9crivain public : je trouve les mots<span style=\"color: #777777;\">\u00a0\u00bb ou encore \u00ab\u00a0<span style=\"color: #c00000;\">Les mots, il faut les laisser venir, et il faut aller les chercher<span style=\"color: #777777;\">\u00a0\u00bb<br \/>\n<\/span><\/span><\/span><\/span><\/span><\/p>\n<p><span style=\"color: #777777; font-family: Arial;\">Elle n&rsquo;a pas arr\u00eat\u00e9.<br \/>\n<\/span><\/p>\n<p><span style=\"color: #777777; font-family: Arial;\">\u00ab <span style=\"color: #c00000;\">Y a-t-il une vie apr\u00e8s la sc\u00e8ne ? Je m&rsquo;aper\u00e7ois, apr\u00e8s cinquante ans de chanson, qu&rsquo;\u00e0 part ma famille et mes amis proches, il n&rsquo;y a qu&rsquo;une seule chose qui m&rsquo;int\u00e9resse, \u00e9crire et chanter. C&rsquo;est mon bonheur, c&rsquo;est ma vie <span style=\"color: #777777;\">\u00bb, racontait-elle \u00e0 Bertrand Dicale dans les pages du Figaro pour<br \/>\n<\/span><\/span><\/span><\/p>\n<p><span style=\"color: #777777; font-family: Arial;\">Jamais elle n&rsquo;a pos\u00e9 le micro. Elle avait encore une tourn\u00e9e pr\u00e9vue pour jouer son spectacle \u00ab\u00a0Nouveaux man\u00e8ges\u00a0\u00bb, notamment quatre dates \u00e0 la Cigale en janvier 2021.<br \/>\n<\/span><\/p>\n<p style=\"text-align: right;\"><span style=\"color: #7030a0; font-family: Verdana;\"><strong>Mais d\u00e8s qu\u2019une femme [&#8230;]<br \/>\nEst trait\u00e9e comme un paillasson<br \/>\nEt quelle que soit la fa\u00e7on<br \/>\nQuelle que soit la femme<br \/>\nDites-vous qu&rsquo;il y a mort d&rsquo;\u00e2me<br \/>\n<\/strong><\/span><\/p>\n<p style=\"text-align: right;\"><span style=\"color: #7030a0; font-family: Verdana;\"><strong>C&rsquo;est pas un drame<br \/>\nJuste des femmes\u00a0\u00bb<br \/>\n<\/strong><\/span><\/p>\n<p><span style=\"color: #777777; font-family: Arial;\">Le texte int\u00e9gral de \u00ab\u00a0Juste une femme\u00a0\u00bb peut \u00eatre trouv\u00e9 &lt;<a href=\"https:\/\/www.paroles.net\/anne-sylvestre\/paroles-juste-une-femme\"><span style=\"color: #0000ff;\">ICI<\/span><\/a>&gt; et son interpr\u00e9tation &lt;<a href=\"https:\/\/www.youtube.com\/watch?v=72egvR70EyM\"><span style=\"color: #0000ff;\">ICI<\/span><\/a>&gt;<br \/>\n<\/span><\/p>\n<p><span style=\"color: #777777; font-family: Arial;\">Je vous donne aussi le lien vers &lt;<span style=\"color: #0000ff;\"><a style=\"color: #0000ff;\" href=\"https:\/\/www.youtube.com\/watch?v=tXSmBXgxaXc\">Ecrire pour ne pas mourir<\/a><\/span>&gt; elle chante dans l&rsquo;\u00e9mission de Pivot, puis r\u00e9pond \u00e0 ses questions.<br \/>\n<\/span><\/p>\n<p><span style=\"color: #777777; font-family: Arial;\">Et je finirai par ce bel hommage du <a href=\"https:\/\/tenoua.org\/anne-sylvestre\/\"><span style=\"color: #0000ff;\">Rabbin Delphine Horvilleur<\/span><\/a>\u00a0:<br \/>\n<\/span><\/p>\n<p style=\"margin-left: 28pt;\"><span style=\"color: #c00000; font-family: Arial;\">\u00ab\u00a0Anne Sylvestre<br \/>\nBien souvent, on me demande qui je r\u00eaverais de rencontrer.<br \/>\nDepuis longtemps, c&rsquo;est ton nom que je cite.<br \/>\nJe r\u00eavais de te croiser, pour simplement de te dire merci.\u00a0\u00bb<br \/>\n<\/span><\/p>\n<p><span style=\"color: #800000; font-family: Arial;\">&lt;1501&gt;<\/span><\/p>\n","protected":false},"excerpt":{"rendered":"<p>\u00ab\u00a0Juste une femme\u00a0\u00bb. Anne Sylvestre, titre d\u2019une chanson et d\u2019un album Aujourd&rsquo;hui, je ne saurais parler que d&rsquo;Anne Sylvestre. J&rsquo;aurais pu conna\u00eetre ses fabulettes, alors que j&rsquo;\u00e9tais enfant puisque le premier album est paru en 1962, j&rsquo;avais quatre ans. Mais<\/p>\n","protected":false},"author":1,"featured_media":0,"comment_status":"open","ping_status":"closed","sticky":false,"template":"","format":"standard","meta":{"footnotes":""},"categories":[1],"tags":[29,20,8],"class_list":["post-10308","post","type-post","status-publish","format-standard","hentry","category-motdujour","tag-hommage","tag-musique","tag-poesie"],"_links":{"self":[{"href":"https:\/\/lemotdujour.fr\/index.php?rest_route=\/wp\/v2\/posts\/10308","targetHints":{"allow":["GET"]}}],"collection":[{"href":"https:\/\/lemotdujour.fr\/index.php?rest_route=\/wp\/v2\/posts"}],"about":[{"href":"https:\/\/lemotdujour.fr\/index.php?rest_route=\/wp\/v2\/types\/post"}],"author":[{"embeddable":true,"href":"https:\/\/lemotdujour.fr\/index.php?rest_route=\/wp\/v2\/users\/1"}],"replies":[{"embeddable":true,"href":"https:\/\/lemotdujour.fr\/index.php?rest_route=%2Fwp%2Fv2%2Fcomments&post=10308"}],"version-history":[{"count":6,"href":"https:\/\/lemotdujour.fr\/index.php?rest_route=\/wp\/v2\/posts\/10308\/revisions"}],"predecessor-version":[{"id":10319,"href":"https:\/\/lemotdujour.fr\/index.php?rest_route=\/wp\/v2\/posts\/10308\/revisions\/10319"}],"wp:attachment":[{"href":"https:\/\/lemotdujour.fr\/index.php?rest_route=%2Fwp%2Fv2%2Fmedia&parent=10308"}],"wp:term":[{"taxonomy":"category","embeddable":true,"href":"https:\/\/lemotdujour.fr\/index.php?rest_route=%2Fwp%2Fv2%2Fcategories&post=10308"},{"taxonomy":"post_tag","embeddable":true,"href":"https:\/\/lemotdujour.fr\/index.php?rest_route=%2Fwp%2Fv2%2Ftags&post=10308"}],"curies":[{"name":"wp","href":"https:\/\/api.w.org\/{rel}","templated":true}]}}