{"id":10302,"date":"2020-12-02T00:05:23","date_gmt":"2020-12-01T23:05:23","guid":{"rendered":"http:\/\/lemotdujour.fr\/?p=10302"},"modified":"2020-12-02T00:05:00","modified_gmt":"2020-12-01T23:05:00","slug":"mercredi-2-decembre-2020","status":"publish","type":"post","link":"https:\/\/lemotdujour.fr\/?p=10302","title":{"rendered":"Mercredi 2 d\u00e9cembre 2020"},"content":{"rendered":"<div class=\"mdjTexte\">\u00ab\u00a0C&rsquo;est mon lib\u00e9rateur. [Daniel Cordier] ne supportait pas les gens enferm\u00e9s, la souffrance des autres\u00a0\u00bb<\/div>\n<div class=\"mdjAuteur\">Herv\u00e9 Vilard qui parle de son tuteur l\u00e9gal\u00a0: Daniel Cordier<\/div>\n<p><span style=\"color: #777777; font-family: Arial;\">Depuis le confinement, pendant lequel j&rsquo;ai d\u00e9couvert Augustin Trapenard qui lisait ce que d&rsquo;autres avaient \u00e9crit dans ces lumineuses &lt;<a href=\"https:\/\/www.franceinter.fr\/emissions\/lettres-d-interieur-par-augustin-trapenard\"><span style=\"color: blue; text-decoration: underline;\">Lettres d&rsquo;int\u00e9rieur<\/span><\/a>&gt;, j&rsquo;\u00e9coute souvent son \u00e9mission \u00abboomerang\u00bb sur France Inter. J&rsquo;\u00e9coute, au moins, le d\u00e9but pour mesurer si son invit\u00e9 m&rsquo;int\u00e9resse. Le vendredi 13 novembre, il avait &lt;<span style=\"color: #0000ff;\"><a style=\"color: #0000ff;\" href=\"https:\/\/www.franceinter.fr\/emissions\/boomerang\/boomerang-13-novembre-2020\">Rancard avec Herv\u00e9 Vilard<\/a><\/span>&gt;.<br \/>\n<\/span><\/p>\n<p><span style=\"color: #777777; font-family: Arial;\">A priori, cet entretien n&rsquo;avait pas grande chance de m&rsquo;int\u00e9resser.<br \/>\n<\/span><\/p>\n<p><span style=\"color: #777777; font-family: Arial;\">Pourtant, quand j&rsquo;ai entendu le d\u00e9but du r\u00e9cit d&rsquo;Herv\u00e9 Villard, j&rsquo;ai \u00e9t\u00e9 saisi.<br \/>\n<\/span><\/p>\n<p><span style=\"color: #777777; font-family: Arial;\">Herv\u00e9 Vilard, le chanteur populaire que tout le monde conna\u00eet, m\u00eame moi, pour la chanson&lt;<a href=\"https:\/\/www.youtube.com\/watch?v=uNtgESmPzUE\"><span style=\"color: #0000ff;\">Capri c&rsquo;est fini<\/span><\/a>&gt; a eu une enfance terrible.<br \/>\n<\/span><\/p>\n<p><span style=\"color: #777777; font-family: Arial;\">Herv\u00e9 Vilard est orphelin de p\u00e8re. Il ne le rencontra jamais. Sa m\u00e8re est d\u00e9chue de ses droits maternels quand il a 6 ans. Il sera envoy\u00e9 \u00e0 l&rsquo;orphelinat Saint-Vincent-de-Paul, situ\u00e9 \u00e0 Paris.<br \/>\n<\/span><\/p>\n<p><span style=\"color: #777777; font-family: Arial;\">Dans cet orphelinat il est battu et subit des viols \u00e0 r\u00e9p\u00e9tition d\u00e8s son arriv\u00e9e.<br \/>\n<\/span><\/p>\n<p><span style=\"color: #777777; font-family: Arial;\">Il &lt;<span style=\"color: #0000ff;\"><a style=\"color: #0000ff;\" href=\"https:\/\/www.dailymotion.com\/video\/xgcviy\">raconte<\/a><\/span> &gt;:<br \/>\n<\/span><\/p>\n<p style=\"margin-left: 28pt;\"><span style=\"color: #c00000; font-family: Arial;\">\u00ab Ils laissaient tomber le crayon, se penchaient et baissaient notre braguette. On se laissait un peu tripoter parce qu&rsquo;on avait le droit \u00e0 des bonbons. \u00c7a m&rsquo;est arriv\u00e9 mais pas avec des cur\u00e9s. \u00c7a m&rsquo;est arriv\u00e9 en orphelinat. M\u00eame les juges dans les ann\u00e9es 1950 faisaient des attouchements sur les enfants de l&rsquo;orphelinat Saint-Vincent-de-Paul. \u00bb<br \/>\n<\/span><\/p>\n<p><img loading=\"lazy\" decoding=\"async\" class=\"alignleft\" src=\"https:\/\/lemotdujour.fr\/wp-content\/uploads\/2020\/12\/120120_2248_Mercredi2dc1.jpg\" alt=\"\" width=\"268\" height=\"343\" align=\"left\" \/><span style=\"color: #777777; font-family: Arial;\">Et \u00e0 Seize ans, il fugue. Il fr\u00e9quente loubards et prostitu\u00e9es dans le quartier de Pigalle.<br \/>\n<\/span><\/p>\n<p><span style=\"color: #777777; font-family: Arial;\">Il fait aussi des s\u00e9jours dans des maisons de redressement.<br \/>\n<\/span><\/p>\n<p><span style=\"color: #777777; font-family: Arial;\">Et puis un jour, devant la gare Montparnasse, il voit un homme en train de peindre mais qui surtout dispose d&rsquo;un sandwich. Le peintre s&rsquo;appelle Dado. Il pense que cet adolescent s&rsquo;int\u00e9resse \u00e0 sa peinture, mais comprend vite que c&rsquo;est le sandwich qui est l&rsquo;objet du d\u00e9sir du jeune affam\u00e9.<br \/>\n<\/span><\/p>\n<p><span style=\"color: #777777; font-family: Arial;\">Alors il lui offre la moiti\u00e9 de son sandwich et l&rsquo;invite au vernissage de son exposition qui est organis\u00e9 dans une galerie de Daniel Cordier\u00a0:<br \/>\n<\/span><\/p>\n<p style=\"margin-left: 28pt;\"><span style=\"color: #c00000; font-family: Arial;\">\u00ab Viens samedi \u00e0 mon vernissage, tu pourras t&rsquo;en mettre plein la cloche. Lave ta chemise, c&rsquo;est dans les beaux quartiers. \u00bb<br \/>\n<\/span><\/p>\n<p><span style=\"color: #777777; font-family: Arial;\">Dans l&rsquo;\u00e9mission boomerang il raconte ce qui se passera \u00e0 ce vernissage mais &lt;<span style=\"color: #0000ff;\"><a style=\"color: #0000ff;\" href=\"https:\/\/www.parismatch.com\/People\/Musique\/Dado-m-a-sauve-de-la-misere-Herve-Vilard-789240\">Paris Match<\/a><\/span>&gt; le fait aussi\u00a0:<br \/>\n<\/span><\/p>\n<p style=\"margin-left: 28pt;\"><span style=\"color: #c00000; font-family: Arial;\">\u00ab\u00a0Je me rends \u00e0 la galerie, rue de Miromesnil. Ce peintre, c&rsquo;est Dado, tignasse hirsute. Il y a l\u00e0 les Rothschild, les Noailles, Daniel Cordier, le secr\u00e9taire de Jean Moulin&#8230; Dado me pr\u00e9sente : \u00ab C&rsquo;est mon petit prot\u00e9g\u00e9. \u00bb A 21 heures tout le monde s&rsquo;en va, et moi je suis encore l\u00e0 ! Ne restent plus que Dado, Marie-Laure de Noailles, Mme de Rothschild et Daniel Cordier, qui me demandent o\u00f9 je vis. Moi qui ai toujours menti sur mes parents, je dis la v\u00e9rit\u00e9 : \u00ab Je suis \u00e9vad\u00e9 de l&rsquo;orphelinat. \u00bb Ils me r\u00e9pondent : \u00ab Tu vas y retourner et nous allons t&rsquo;en faire sortir. \u00bb J&rsquo;ob\u00e9is.<br \/>\n<\/span><\/p>\n<p style=\"margin-left: 28pt;\"><span style=\"color: #c00000; font-family: Arial;\">Daniel Cordier tient parole et devient mon tuteur. Mon destin bascule. Je d\u00e9jeune \u00e0 sa table, entour\u00e9 des grands de ce monde, Andr\u00e9 Malraux, Yvonne de Gaulle, Mend\u00e8s France, Mitterrand&#8230;\u00a0\u00bb<br \/>\n<\/span><\/p>\n<p><span style=\"color: #777777; font-family: Arial;\">Sur <span style=\"color: #0000ff;\"><a style=\"color: #0000ff;\" href=\"https:\/\/www.rtl.fr\/actu\/debats-societe\/hommage-a-daniel-cordier-je-lui-dois-ma-liberte-le-savoir-dit-herve-vilard-7800929693\">&lt;RTL&gt;<\/a><\/span> il rapporte que Daniel Cordier n&rsquo;a eu qu&rsquo;une exigence\u00a0:<br \/>\n<\/span><\/p>\n<p style=\"margin-left: 28pt;\"><span style=\"color: #c00000; font-family: Arial;\">\u00ab\u00a0En \u00e9change je m&rsquo;\u00e9tais engag\u00e9 \u00e0 \u00eatre un gar\u00e7on droit\u00a0\u00bb<br \/>\n<\/span><\/p>\n<p><span style=\"color: #777777; font-family: Arial;\">Et il ajoute \u00e0 propos de Daniel Cordier\u00a0:<br \/>\n<\/span><\/p>\n<p style=\"margin-left: 28pt;\"><span style=\"color: #c00000; font-family: Arial;\">\u00ab\u00a0C&rsquo;est mon lib\u00e9rateur. Il ne supportait pas les gens enferm\u00e9s, la souffrance des autres, et quand il a vu ce gosse d\u00e9s\u0153uvr\u00e9, il n&rsquo;a pas pu s&rsquo;en emp\u00eacher, comme il n&rsquo;avait pas pu s&#8217;emp\u00eacher d&rsquo;aller au combat \u00e0 20 ans. Je lui dois ma libert\u00e9, le savoir, la connaissance, tout ce qu&rsquo;il &lsquo;a appris, le monde, mon succ\u00e8s<strong>.\u00a0\u00bb<br \/>\n<\/strong><\/span><\/p>\n<p><img loading=\"lazy\" decoding=\"async\" class=\"alignleft\" src=\"https:\/\/lemotdujour.fr\/wp-content\/uploads\/2020\/12\/120120_2248_Mercredi2dc2.jpg\" alt=\"\" width=\"388\" height=\"178\" align=\"left\" \/><span style=\"color: #777777; font-family: Arial;\">Invit\u00e9 de l&rsquo;\u00e9mission <span style=\"color: #0000ff;\"><a style=\"color: #0000ff;\" href=\"https:\/\/www.youtube.com\/watch?v=RZtNfOfUnts\">C \u00e0 vous du 25 novembre<\/a><\/span>, Herv\u00e9 Vilard dit\u00a0:<br \/>\n<\/span><\/p>\n<p style=\"margin-left: 28pt;\"><span style=\"color: #c00000; font-family: Arial;\">\u00ab\u00a0Je n&rsquo;ai pas connu le Daniel Cordier de la r\u00e9sistance. Je suis n\u00e9 apr\u00e8s la guerre. J&rsquo;ai connu le passeur d&rsquo;art\u00a0\u00bb,<br \/>\n<\/span><\/p>\n<p><span style=\"color: #777777; font-family: Arial;\">Sur paris Match il raconte\u00a0:<br \/>\n<\/span><\/p>\n<p style=\"margin-left: 28pt;\"><span style=\"color: #c00000; font-family: Arial;\">\u00ab\u00a0Lors d&rsquo;un d\u00e9jeuner, Cordier l&rsquo;interroge : \u00ab Que veux-tu faire ? \u00bb Je r\u00e9ponds sans r\u00e9fl\u00e9chir : \u00ab Chanteur. \u00bb Il me trouve un emploi de disquaire sur les Champs-Elys\u00e9es, me fait prendre des cours de chant. Je deviens le disquaire pr\u00e9f\u00e9r\u00e9 de la Callas, de Karajan, de Claude Fran\u00e7ois&#8230; Ils me donnent des billets pour leurs concerts. Au bout d&rsquo;un an, je signe un contrat chez Philips.\u00a0\u00bb<br \/>\n<\/span><\/p>\n<p><span style=\"color: #777777; font-family: Arial;\">Dans \u00ab<strong>Boomerang<\/strong>\u00bb, il raconte qu&rsquo;il n&rsquo;aimait pas beaucoup Malraux qui fr\u00e9quentait beaucoup Daniel Cordier alors que ce dernier emmenait Herv\u00e9 Vilard, un peu partout.<br \/>\n<\/span><\/p>\n<p><span style=\"color: #777777; font-family: Arial;\">C&rsquo;est ainsi qu&rsquo;il a assist\u00e9 avec son tuteur et Malraux \u00e0 l&rsquo;inauguration du fameux plafond du Palais Garnier peint par Chagall. <\/span><span style=\"color: #777777; font-family: Arial;\">Et c&rsquo;est peu apr\u00e8s que Cordier annonce \u00e0 Malraux que son jeune prot\u00e9g\u00e9 allait embrasser la carri\u00e8re de chanteur.<br \/>\n<\/span><\/p>\n<p><span style=\"color: #777777; font-family: Arial;\">Malraux dit alors :<br \/>\n<\/span><\/p>\n<p style=\"margin-left: 28pt;\"><span style=\"color: #c00000; font-family: Arial;\">\u00ab Pourquoi ne le dirigez-vous pas autrement ? La chanson est un art mineur&#8230; \u00bb<br \/>\n<\/span><\/p>\n<p><span style=\"color: #777777; font-family: Arial;\">On entend encore toute la fiert\u00e9 d&rsquo;Herv\u00e9 Vilard de rapporter son interpellation\u00a0:<br \/>\n<\/span><\/p>\n<p style=\"margin-left: 28pt;\"><span style=\"color: #c00000; font-family: Arial;\">\u00ab Monsieur le Ministre, allez \u00e9couter Brel, il chante actuellement \u00e0 l&rsquo;Olympia, \u00e7a vaut bien un Chagall. \u00bb<br \/>\n<\/span><\/p>\n<p><span style=\"color: #777777; font-family: Arial;\">La r\u00e9action de Cordier est admirable\u00a0:<br \/>\n<\/span><\/p>\n<p style=\"margin-left: 28pt;\"><span style=\"color: #c00000; font-family: Arial;\">\u00ab Il est pr\u00eat, je peux le l\u00e2cher ! \u00bb<br \/>\n<\/span><\/p>\n<p><span style=\"color: #777777; font-family: Arial;\">Et Vilard d&rsquo;ajouter, Je prends mon envol, mes ann\u00e9es de mis\u00e8re sont derri\u00e8re moi. Je resterai proche de celui qui a rendu tout cela possible, cet homme extraordinaire.<br \/>\n<\/span><\/p>\n<p><span style=\"color: #777777; font-family: Arial;\"><strong>\u00ab\u00a0Il y a des \u00eatres qui justifient le monde, qui aident \u00e0 vivre par leur seule pr\u00e9sence.\u00a0\u00bb<br \/>\n<\/strong><\/span><span style=\"color: #777777; font-family: Arial;\"><strong><em>Camus<br \/>\n<\/em><\/strong><\/span><\/p>\n<p><span style=\"color: #c00000; font-family: Arial;\">&lt;1500&gt;<\/span><\/p>\n","protected":false},"excerpt":{"rendered":"<p>\u00ab\u00a0C&rsquo;est mon lib\u00e9rateur. [Daniel Cordier] ne supportait pas les gens enferm\u00e9s, la souffrance des autres\u00a0\u00bb Herv\u00e9 Vilard qui parle de son tuteur l\u00e9gal\u00a0: Daniel Cordier Depuis le confinement, pendant lequel j&rsquo;ai d\u00e9couvert Augustin Trapenard qui lisait ce que d&rsquo;autres avaient<\/p>\n","protected":false},"author":1,"featured_media":0,"comment_status":"open","ping_status":"closed","sticky":false,"template":"","format":"standard","meta":{"footnotes":""},"categories":[1],"tags":[46,17,54],"class_list":["post-10302","post","type-post","status-publish","format-standard","hentry","category-motdujour","tag-art","tag-histoire","tag-humanisme"],"_links":{"self":[{"href":"https:\/\/lemotdujour.fr\/index.php?rest_route=\/wp\/v2\/posts\/10302","targetHints":{"allow":["GET"]}}],"collection":[{"href":"https:\/\/lemotdujour.fr\/index.php?rest_route=\/wp\/v2\/posts"}],"about":[{"href":"https:\/\/lemotdujour.fr\/index.php?rest_route=\/wp\/v2\/types\/post"}],"author":[{"embeddable":true,"href":"https:\/\/lemotdujour.fr\/index.php?rest_route=\/wp\/v2\/users\/1"}],"replies":[{"embeddable":true,"href":"https:\/\/lemotdujour.fr\/index.php?rest_route=%2Fwp%2Fv2%2Fcomments&post=10302"}],"version-history":[{"count":4,"href":"https:\/\/lemotdujour.fr\/index.php?rest_route=\/wp\/v2\/posts\/10302\/revisions"}],"predecessor-version":[{"id":10307,"href":"https:\/\/lemotdujour.fr\/index.php?rest_route=\/wp\/v2\/posts\/10302\/revisions\/10307"}],"wp:attachment":[{"href":"https:\/\/lemotdujour.fr\/index.php?rest_route=%2Fwp%2Fv2%2Fmedia&parent=10302"}],"wp:term":[{"taxonomy":"category","embeddable":true,"href":"https:\/\/lemotdujour.fr\/index.php?rest_route=%2Fwp%2Fv2%2Fcategories&post=10302"},{"taxonomy":"post_tag","embeddable":true,"href":"https:\/\/lemotdujour.fr\/index.php?rest_route=%2Fwp%2Fv2%2Ftags&post=10302"}],"curies":[{"name":"wp","href":"https:\/\/api.w.org\/{rel}","templated":true}]}}