{"id":1028,"date":"2015-03-10T01:00:00","date_gmt":"2015-03-09T22:00:00","guid":{"rendered":"http:\/\/lemotdujour.fr\/?p=1028"},"modified":"2018-02-04T21:22:11","modified_gmt":"2018-02-04T20:22:11","slug":"mardi-10-mars-2015","status":"publish","type":"post","link":"https:\/\/lemotdujour.fr\/?p=1028","title":{"rendered":"Mardi 10 mars 2015"},"content":{"rendered":"<div class=\"mdjDate\">Mardi 10 mars 2015<\/div>\n<div class=\"mdjTexte\">\u00ab Un\u00a0 Etat illib\u00e9ral \u00bb<\/div>\n<div class=\"mdjAuteur\">Viktor Orban<\/div>\n<div class=\"mdjComplements\">La Hongrie est depuis 4 ans gouvern\u00e9e par un Premier ministre, Viktor Orb\u00e1n, et son parti le Fidesz.<\/div>\n<div class=\"mdjComplements\">Fustigeant l\u2019attitude de Bruxelles vis-\u00e0-vis du Kremlin, il vient d\u2019accueillir Vladimir Poutine \u00e0 Budapest, rompant ainsi la distance tacitement observ\u00e9e depuis l\u2019aggravation de la crise ukrainienne<\/div>\n<div class=\"mdjComplements\">Le 26 juillet 2014 lors de l\u2019universit\u00e9 d\u2019\u00e9t\u00e9 de son parti il a invent\u00e9 ce concept d&rsquo;un Etat\u00ab illib\u00e9ral \u00bb qu&rsquo;on peut aussi traduire par \u00ab non lib\u00e9ral \u00bb. Viktor Orban n\u2019a pas dit ce qu\u2019il entend par \u00ab Etat non lib\u00e9ral (\u00abilliber\u00e1lis\u00bb) \u00bb<\/div>\n<div class=\"mdjComplements\">Mais il a cit\u00e9 ses mod\u00e8les :\u00a0 la Russie, la Chine et la Turquie.<\/div>\n<div class=\"mdjComplements\">Il a notamment soulign\u00e9 que ces syst\u00e8mes politiques\u00a0 \u00ab dont l\u2019\u00e9conomie est plus comp\u00e9titive que celle des pays occidentaux \u00bb, doivent inspirer son pays \u00ab la Hongrie devra construire d\u00e9sormais un Etat\u00ab illib\u00e9ral \u00bb bas\u00e9 sur le travail, la d\u00e9mocratie \u00e0 l\u2019occidentale ayant fait son temps\u00bb.<\/div>\n<div class=\"mdjComplements\">Gr\u00e2ce \u00e0 l&rsquo;\u00e9mission \u00ab\u00a0Affaires \u00e9trang\u00e8res\u00a0\u00bb de Christine Ockrent du 28 f\u00e9vrier : <span style=\"color: #0000ff;\"><a style=\"color: #0000ff;\" href=\"http:\/\/www.franceculture.fr\/emission-affaires-etrangeres-l-exception-hongroise-2015-02-28\">&lt;http:\/\/www.franceculture.fr\/emission-affaires-etrangeres-l-exception-hongroise-2015-02-28&gt;<\/a><\/span> j&rsquo;ai pu comprendre un peu mieux.<\/div>\n<div class=\"mdjComplements\">La d\u00e9mocratie, dans son esprit, c&rsquo;est de permettre au peuple de choisir son chef.<\/div>\n<div class=\"mdjComplements\">Une fois le chef d\u00e9sign\u00e9, il va gouverner de mani\u00e8re autoritaire en \u00e9liminant ou du moins en diminuant fortement les contres pouvoirs : Le pouvoir judiciaire, les m\u00e9dias, les organisations non gouvernementales et tous les pouvoirs interm\u00e9diaires : syndicat, associations etc&#8230;<\/div>\n<div class=\"mdjComplements\">C&rsquo;est \u00e0 peu pr\u00e8s ce qu&rsquo;ont fait les nazis et Hitler, de mani\u00e8re certes plus brutale et eux, une fois \u00e9lu par le peuple, ils ont supprim\u00e9 la d\u00e9mocratie.<\/div>\n<div class=\"mdjComplements\">Orban ou ses mod\u00e8les Poutine et Erdogan sont \u00e9lus par des \u00e9lections r\u00e9guli\u00e8res et \u00e0 peu pr\u00e8s libres m\u00eame si les opposants ont du mal \u00e0 se faire entendre, voire \u00e0 se pr\u00e9senter. Mais une fois \u00e9lu, ils gouvernent avec une forte dose de nationalisme et l&rsquo;id\u00e9e qu&rsquo;ils se font de l&rsquo;int\u00e9r\u00eat g\u00e9n\u00e9ral.<\/div>\n<div class=\"mdjComplements\">Les d\u00e9cisions sont prises plus rapidement que dans nos d\u00e9mocraties lib\u00e9rales mais la corruption est plut\u00f4t plus grande.<\/div>\n<div class=\"mdjComplements\">Le plus comique dans l\u2019histoire est que ce m\u00eame Viktor Orb\u00e1n est celui qui, voici 25 ans, se r\u00e9clamait d\u2019un syst\u00e8me lib\u00e9ral et l\u2019ennemi acharn\u00e9 des Russes. Lui qui ne jure plus que par son ami Poutine et met en place un Etat hypercentralis\u00e9 nationalisant \u00e0 tour de bras, ennemi d\u00e9clar\u00e9 du monde occidental, \u2026 finalement proche de ce que nous a offert le r\u00e9gime communiste.<\/div>\n<div class=\"mdjComplements\">Pour ma part, je ne pense pas qu&rsquo;un pays dirig\u00e9 par un tel syst\u00e8me politique a sa place dans l&rsquo;Union europ\u00e9enne.<\/div>\n<div class=\"mdjComplements\">Mais j&rsquo;ai le soup\u00e7on que certaines parties de la population europ\u00e9enne et fran\u00e7aise souhaiteraient pour leur pays la mise en place d&rsquo;une d\u00e9mocratie ill\u00e9b\u00e9rale, avec un dirigeant fort \u00e9lu et qui ensuite gouvernerait de mani\u00e8re autoritaire.<\/div>\n<div class=\"mdjComplements\">Il y a bien longtemps, au si\u00e8cle des lumi\u00e8res, la tentation du despote \u00e9clair\u00e9 \u00e9tait apparue. L&rsquo;exp\u00e9rience de l&rsquo;Histoire ne nous a pas vraiment donn\u00e9 d&rsquo;exemple positif.<\/div>\n<div class=\"mdjComplements\"><span style=\"color: #800000;\">&lt;451&gt;<\/span><\/div>\n","protected":false},"excerpt":{"rendered":"<p>Mardi 10 mars 2015 \u00ab Un\u00a0 Etat illib\u00e9ral \u00bb Viktor Orban La Hongrie est depuis 4 ans gouvern\u00e9e par un Premier ministre, Viktor Orb\u00e1n, et son parti le Fidesz. Fustigeant l\u2019attitude de Bruxelles vis-\u00e0-vis du Kremlin, il vient d\u2019accueillir Vladimir<\/p>\n","protected":false},"author":1,"featured_media":0,"comment_status":"closed","ping_status":"closed","sticky":false,"template":"","format":"standard","meta":{"footnotes":""},"categories":[1],"tags":[77,50,3],"class_list":["post-1028","post","type-post","status-publish","format-standard","hentry","category-motdujour","tag-democratie","tag-europe","tag-politique"],"_links":{"self":[{"href":"https:\/\/lemotdujour.fr\/index.php?rest_route=\/wp\/v2\/posts\/1028","targetHints":{"allow":["GET"]}}],"collection":[{"href":"https:\/\/lemotdujour.fr\/index.php?rest_route=\/wp\/v2\/posts"}],"about":[{"href":"https:\/\/lemotdujour.fr\/index.php?rest_route=\/wp\/v2\/types\/post"}],"author":[{"embeddable":true,"href":"https:\/\/lemotdujour.fr\/index.php?rest_route=\/wp\/v2\/users\/1"}],"replies":[{"embeddable":true,"href":"https:\/\/lemotdujour.fr\/index.php?rest_route=%2Fwp%2Fv2%2Fcomments&post=1028"}],"version-history":[{"count":3,"href":"https:\/\/lemotdujour.fr\/index.php?rest_route=\/wp\/v2\/posts\/1028\/revisions"}],"predecessor-version":[{"id":4136,"href":"https:\/\/lemotdujour.fr\/index.php?rest_route=\/wp\/v2\/posts\/1028\/revisions\/4136"}],"wp:attachment":[{"href":"https:\/\/lemotdujour.fr\/index.php?rest_route=%2Fwp%2Fv2%2Fmedia&parent=1028"}],"wp:term":[{"taxonomy":"category","embeddable":true,"href":"https:\/\/lemotdujour.fr\/index.php?rest_route=%2Fwp%2Fv2%2Fcategories&post=1028"},{"taxonomy":"post_tag","embeddable":true,"href":"https:\/\/lemotdujour.fr\/index.php?rest_route=%2Fwp%2Fv2%2Ftags&post=1028"}],"curies":[{"name":"wp","href":"https:\/\/api.w.org\/{rel}","templated":true}]}}