{"id":1026,"date":"2015-03-09T01:00:00","date_gmt":"2015-03-08T22:00:00","guid":{"rendered":"http:\/\/lemotdujour.fr\/?p=1026"},"modified":"2017-05-08T13:24:53","modified_gmt":"2017-05-08T11:24:53","slug":"lundi-9-mars-2015","status":"publish","type":"post","link":"https:\/\/lemotdujour.fr\/?p=1026","title":{"rendered":"Lundi 9 mars 2015"},"content":{"rendered":"<div class=\"mdjDate\">Lundi 9 mars 2015<\/div>\n<div class=\"mdjTexte\">\u00ab La d\u00e9connexion des \u00e9lites \u00bb<\/div>\n<div class=\"mdjAuteur\">Laure Bellot<\/div>\n<div class=\"mdjComplements\">Laure Bellot est journaliste au Monde. Elle vient de publier un livre : <strong>\u00ab <\/strong>La D\u00e9connexion des \u00e9lites. Comment Internet d\u00e9range l\u2019ordre \u00e9tabli<strong><em> \u00bb<\/em><\/strong><em>, de Laure Belot, Les Ar\u00e8nes, 320 p., 20 \u20ac.<\/em><\/div>\n<div class=\"mdjComplements\">Elle \u00e9tait l&rsquo;invit\u00e9 de Nicolas Demorand dans son \u00e9mission un jour dans le Monde du 27 f\u00e9vrier 2014 : <a href=\"http:\/\/www.franceinter.fr\/emission-un-jour-dans-le-monde-internet-la-deconnexions-de-elites\">http:\/\/www.franceinter.fr\/emission-un-jour-dans-le-monde-internet-la-deconnexions-de-elites<\/a><\/div>\n<div class=\"mdjComplements\">Un iPhone est plus puissant que l&rsquo;ordinateur de la fus\u00e9e Apollo en 1970. <\/div>\n<div class=\"mdjComplements\">Les fondateurs de Google, d&rsquo;Amazon, de Microsoft et de Facebook font partie des vingt-cinq plus grosses fortunes de la plan\u00e8te. <\/div>\n<div class=\"mdjComplements\">Des secteurs \u00e9conomiques entiers sont bouscul\u00e9s. Cette acc\u00e9l\u00e9ration du monde laisse sur le bord de la route une \u00e9lite d\u00e9pass\u00e9e : des \u00e9narques, des intellectuels, des politiques, des chercheurs, des banquiers, des chefs d&rsquo;entreprise ne saisissent pas les nouveaux usages qui sont en train de balayer les habitudes et les normes. Internet a contrecarr\u00e9 l&rsquo;ordre \u00e9tabli. Le pouvoir change de mains.<\/div>\n<div class=\"mdjComplements\">Laure Bellot a d&rsquo;abord \u00e9crit un article dans le Monde en D\u00e9cembre 2013 dont le titre \u00e9tait\u00a0 \u00ab\u00a0Les \u00e9lites d\u00e9bord\u00e9es par le num\u00e9rique\u00a0\u00bb, que vous trouverez en pi\u00e8ce jointe.<\/div>\n<div class=\"mdjComplements\">Elle \u00e9crivait : <\/div>\n<div class=\"mdjCiter\"><strong>\u00ab <\/strong>Massivement, et mondialement, l\u2019outil Internet engendre de nouvelles pratiques \u00e9conomiques et soci\u00e9tales. Les internautes tissent des liens horizontaux, ach\u00e8tent et vendent sur Leboncoin.fr, pratiquent le covoiturage gr\u00e2ce \u00e0 BlaBlaCar, conduisent la voiture de leur voisin au moyen de Ouicar.fr, s\u2019entraident sur Craigslist.org, se logent sur Airbnb.com\u2026<\/div>\n<div class=\"mdjCiter\">On pourrait dire que ces usagers court-circuitent les interm\u00e9diaires, mais ce terme signifierait qu\u2019ils y mettent une volont\u00e9 politique. Or ces pratiques ne sont pas clivantes au sens droite-gauche. Issus de tous bords, les citoyens s\u2019emparent d\u2019Internet pour agir diff\u00e9remment et r\u00e9inventent la soci\u00e9t\u00e9 \u00e0 leur \u00e9chelle. Sans m\u00eame le chercher, ils questionnent l\u2019organisation pyramidale gouvern\u00e9e par les \u201csachants\u201d \u00bb<\/div>\n<div class=\"mdjComplements\">Elle montrait que le probl\u00e8me \u00e9tait g\u00e9n\u00e9rationnel, l&rsquo;article parlait m\u00eame de probl\u00e8me g\u00e9n\u00e9rationnel violent. Mais elle ajoutait que le probl\u00e8me n\u2019est pas seulement g\u00e9n\u00e9rationnel\u00a0 mais bel et bien fran\u00e7ais<\/div>\n<div class=\"mdjComplements\">Et elle citait l\u2019\u00e9ditorialiste britannique Simon Kuper, qui le 10 mai 2013, \u00e9crivait dans le <em>Financial Times<\/em><\/div>\n<div class=\"mdjCiter\">\u00ab Les \u00e9lites fran\u00e7aises n\u2019ont pas \u00e9t\u00e9 entra\u00een\u00e9es \u00e0 r\u00e9ussir dans le monde, mais dans le centre de Paris. \u00bb et aussi le constitutionnaliste Dominique Rousseau : \u00ab Le probl\u00e8me en France n\u2019est pas tant la d\u00e9connexion des \u00e9lites que la nature m\u00eame de l\u2019\u00e9lite, recroquevill\u00e9e sur les \u00e9narques, que l\u2019on retrouve partout, dans les banques, les assurances, les grands groupes, les cabinets d\u2019avocats, les cabinets minist\u00e9riels, \u00e0 l\u2019Elys\u00e9e, \u00e0 la direction des partis politiques\u2026 Cette \u00e9lite parisienne unidimensionnelle, qui manque de diversit\u00e9, manque aussi de capteurs pour saisir la soci\u00e9t\u00e9. Autant l\u2019\u201c\u00e9narchie\u201d a \u00e9t\u00e9 tr\u00e8s utile pour construire la nation, autant actuellement, compte tenu de cette r\u00e9volution num\u00e9rique, elle devient un obstacle. \u00bb\u00a0<\/div>\n<div class=\"mdjComplements\">Et c&rsquo;est encore Dominique Rousseau qu&rsquo;elle citait pour finir cet article :<\/div>\n<div class=\"mdjCiter\">\u00ab La technologie a toujours \u00e9t\u00e9 un \u00e9l\u00e9ment perturbateur [&#8230;]. L\u2019imprimerie a permis \u00e0 des gens qui n\u2019\u00e9taient pas connect\u00e9s de le devenir. Au num\u00e9rique de jouer son r\u00f4le. Dans l\u2019histoire, les s\u00e9quences sont toujours les m\u00eames : le vieux, la crise, puis le neuf. Le moment est dangereux et passionnant.\u00a0 [&#8230;] La d\u00e9mocratie ne peut vivre sans \u00e9lite. Elle est constitu\u00e9e d\u2019un ensemble de personnages qui ont sur la soci\u00e9t\u00e9 un savoir, une connaissance, une comp\u00e9tence. \u00bb <\/div>\n<div class=\"mdjComplements\">Mais qui constituera l\u2019\u00e9lite de demain ?<\/div>\n<div class=\"mdjComplements\">Cet article avait fait grand bruit. Beaucoup de personnes immerg\u00e9es dans ce nouveau monde sont all\u00e9es vers elles pour lui dire qu&rsquo;enfin dans un article d&rsquo;un journal de l&rsquo;\u00e9lite, ils avaient le sentiment d&rsquo;\u00eatre compris.<\/div>\n<div class=\"mdjComplements\">Elle raconte que par la suite elle est retourn\u00e9e vers les \u00e9lites de pouvoir en France et qu&rsquo;elle a \u00e9t\u00e9 choqu\u00e9e par le manque de connaissance des \u00e9volutions techniques qu&rsquo;elle constatait souvent aupr\u00e8s d&rsquo;eux, il n&rsquo;\u00e9tait m\u00eame pas question d&rsquo;essayer de comprendre ce que cela pouvait avoir pour impact social, il existait une m\u00e9connaissance de base. Ces deux faits l&rsquo;ont incit\u00e9e \u00e0 \u00e9crire le livre qu&rsquo;elle vient de publier. <\/div>\n<div class=\"mdjComplements\">Voici une pr\u00e9sentation vid\u00e9o du livre par l&rsquo;auteur elle-m\u00eame : <a href=\"http:\/\/www.dailymotion.com\/video\/x2gxf0j\">&lt;http:\/\/www.dailymotion.com\/video\/x2gxf0j<\/a>&gt;<\/div>\n<div class=\"mdjComplements\">Et une interview dans le parisien : <a href=\"http:\/\/www.leparisien.fr\/magazine\/grand-angle\/laure-belot-la-societe-a-desormais-un-porte-voix-22-01-2015-4469255.php\">http:\/\/www.leparisien.fr\/magazine\/grand-angle\/laure-belot-la-societe-a-desormais-un-porte-voix-22-01-2015-4469255.php<\/a><\/div>\n<div class=\"mdjComplements\">Il existe aussi des points de vue critiques sur les conclusions de Laure Bellot, notamment celui-ci \u00e9crit en r\u00e9ponse \u00e0 son article de 2013 :<a href=\"http:\/\/laspic.hypotheses.org\/2082\"> http:\/\/laspic.hypotheses.org\/2082<\/a><\/div>\n<div class=\"mdjComplements\"><a href=\"http:\/\/www.franceculture.fr\/emission-les-matins-pourquoi-nos-elites-n%E2%80%99ont-elles-pas-cru-aux-pouvoirs-d%E2%80%99internet-2015-03-05\">&lt;Laure Bellot \u00e9tait aussi invit\u00e9e des matins de France Culture : Pourquoi nos \u00e9lites n\u2019ont-elles pas cru aux pouvoirs d\u2019internet 2015-03-05&gt;<\/a><\/div>\n","protected":false},"excerpt":{"rendered":"<p>Lundi 9 mars 2015 \u00ab La d\u00e9connexion des \u00e9lites \u00bb Laure Bellot Laure Bellot est journaliste au Monde. Elle vient de publier un livre : \u00ab La D\u00e9connexion des \u00e9lites. Comment Internet d\u00e9range l\u2019ordre \u00e9tabli \u00bb, de Laure Belot, Les<\/p>\n","protected":false},"author":1,"featured_media":0,"comment_status":"closed","ping_status":"closed","sticky":false,"template":"","format":"standard","meta":{"footnotes":""},"categories":[1],"tags":[],"class_list":["post-1026","post","type-post","status-publish","format-standard","hentry","category-motdujour"],"_links":{"self":[{"href":"https:\/\/lemotdujour.fr\/index.php?rest_route=\/wp\/v2\/posts\/1026","targetHints":{"allow":["GET"]}}],"collection":[{"href":"https:\/\/lemotdujour.fr\/index.php?rest_route=\/wp\/v2\/posts"}],"about":[{"href":"https:\/\/lemotdujour.fr\/index.php?rest_route=\/wp\/v2\/types\/post"}],"author":[{"embeddable":true,"href":"https:\/\/lemotdujour.fr\/index.php?rest_route=\/wp\/v2\/users\/1"}],"replies":[{"embeddable":true,"href":"https:\/\/lemotdujour.fr\/index.php?rest_route=%2Fwp%2Fv2%2Fcomments&post=1026"}],"version-history":[{"count":1,"href":"https:\/\/lemotdujour.fr\/index.php?rest_route=\/wp\/v2\/posts\/1026\/revisions"}],"predecessor-version":[{"id":1027,"href":"https:\/\/lemotdujour.fr\/index.php?rest_route=\/wp\/v2\/posts\/1026\/revisions\/1027"}],"wp:attachment":[{"href":"https:\/\/lemotdujour.fr\/index.php?rest_route=%2Fwp%2Fv2%2Fmedia&parent=1026"}],"wp:term":[{"taxonomy":"category","embeddable":true,"href":"https:\/\/lemotdujour.fr\/index.php?rest_route=%2Fwp%2Fv2%2Fcategories&post=1026"},{"taxonomy":"post_tag","embeddable":true,"href":"https:\/\/lemotdujour.fr\/index.php?rest_route=%2Fwp%2Fv2%2Ftags&post=1026"}],"curies":[{"name":"wp","href":"https:\/\/api.w.org\/{rel}","templated":true}]}}