{"id":10254,"date":"2020-12-01T00:38:06","date_gmt":"2020-11-30T23:38:06","guid":{"rendered":"http:\/\/lemotdujour.fr\/?p=10254"},"modified":"2020-12-01T09:21:36","modified_gmt":"2020-12-01T08:21:36","slug":"mardi-1-decembre-2020","status":"publish","type":"post","link":"https:\/\/lemotdujour.fr\/?p=10254","title":{"rendered":"Mardi 1 d\u00e9cembre 2020"},"content":{"rendered":"<div class=\"mdjTexte\">\u00ab\u00a0Subitement, mon fanatisme aveugle m\u2019accable : c\u2019est donc \u00e7a l\u2019antis\u00e9mitisme !\u00a0\u00bb<\/div>\n<div class=\"mdjAuteur\">Daniel Cordier, \u00ab\u00a0Alias Caracalla\u00a0\u00bb<\/div>\n<p><span style=\"color: #777777; font-family: Arial;\">Apr\u00e8s la fameuse \u00e9mission \u00ables Dossiers de l&rsquo;\u00e9cran\u00bb, dans laquelle Daniel Cordier a eu le sentiment d&rsquo;avoir trahi Jean Moulin en ne parvenant pas \u00e0 le d\u00e9fendre des attaques que Frenay avait lanc\u00e9 contre lui, il a d&rsquo;abord \u00e9crit des livres d&rsquo;Histoire sur Jean Moulin :<br \/>\n<\/span><\/p>\n<ul>\n<li><span style=\"color: #777777; font-family: Arial;\">1983 : <strong>Jean Moulin et le Conseil national de la R\u00e9sistance<\/strong>, Paris, \u00e9d. CNRS<br \/>\n<\/span><\/li>\n<li><span style=\"color: #777777; font-family: Arial;\">1989-1993 : <strong>Jean Moulin. L&rsquo;Inconnu du Panth\u00e9on<\/strong>, 3 vol. , Paris, \u00e9d. Jean-Claude Latt\u00e8s De la naissance de Jean Moulin \u00e0 1941.<br \/>\n<\/span><\/li>\n<li><span style=\"color: #777777; font-family: Arial;\">1999 : <strong>Jean Moulin. La R\u00e9publique des catacombes<\/strong>, Paris, \u00e9d. Gallimard R\u00e9capitulation du pr\u00e9c\u00e9dent ; action de Jean Moulin de 1941 \u00e0 sa mort ; post\u00e9rit\u00e9 de son action et de sa m\u00e9moire.<br \/>\n<\/span><\/li>\n<\/ul>\n<p><span style=\"color: #777777; font-family: Arial;\">Puis, avec Alain Finkielkraut et Thomas Piketty, il a particip\u00e9 \u00e0 un ouvrage sur un autre h\u00e9ros de la r\u00e9sistance : Pierre Brossolette, arr\u00eat\u00e9 et tortur\u00e9 par la Gestapo, qui avait choisi de se suicider en se jetant par la fen\u00eatre du si\u00e8ge de la Gestapo, avenue Foch.<br \/>\n<\/span><\/p>\n<ul>\n<li><span style=\"color: #777777; font-family: Arial;\">2001 : <strong>Pierre Brossolette ou Le Destin d&rsquo;un h\u00e9ros<\/strong>, Paris, \u00e9ditions du Tricorne, \u00e9crit avec 43<br \/>\n<\/span><\/li>\n<\/ul>\n<p><span style=\"color: #777777; font-family: Arial;\">Et c&rsquo;est apr\u00e8s ces travaux que Daniel Cordier a \u00e9crit le r\u00e9cit pr\u00e9cis des faits auxquels il a particip\u00e9 et qui se sont d\u00e9roul\u00e9s entre le 17 juin 1940 et le 23 juin 1943 : \u00ab<strong>Alias Caracalla<\/strong>\u00bb.<br \/>\n<\/span><\/p>\n<p><span style=\"color: #777777; font-family: Arial;\">La premi\u00e8re date correspond au jour du discours de P\u00e9tain, dans lequel se trouve cet appel insupportable \u00e0 Daniel Cordier :<br \/>\n<\/span><\/p>\n<p style=\"margin-left: 28pt;\"><span style=\"color: #c00000; font-family: Arial;\">\u00ab\u00a0C&rsquo;est le c\u0153ur serr\u00e9 que je vous dis aujourd&rsquo;hui qu&rsquo;il faut cesser le combat.<br \/>\nJe me suis adress\u00e9 cette nuit \u00e0 l&rsquo;adversaire pour lui demander s&rsquo;il est pr\u00eat \u00e0 rechercher avec nous, entre soldats, apr\u00e8s la lutte et dans l&rsquo;honneur, les moyens de mettre un terme aux hostilit\u00e9s.\u00a0\u00bb<br \/>\n<\/span><\/p>\n<p><span style=\"color: #777777; font-family: Arial;\">La seconde date est le lendemain de l&rsquo;arrestation de \u00ab\u00a0Rex\u00a0\u00bb, Jean Moulin, le 22 juin 1943, \u00e0 Caluire.<br \/>\n<\/span><\/p>\n<p><span style=\"color: #777777; font-family: Arial;\">Entre temps, il raconte son d\u00e9part vers Londres, sa rencontre des Forces fran\u00e7aises libres puis son retour en France et son r\u00f4le aupr\u00e8s de Jean Moulin.<br \/>\n<\/span><\/p>\n<p><span style=\"color: #777777; font-family: Arial;\">C&rsquo;est absolument passionnant, on ne se rend pas compte que le livre compte 1000 pages (<em>dans l&rsquo;\u00e9dition Folio<\/em>).<br \/>\n<\/span><\/p>\n<p><span style=\"color: #777777; font-family: Arial;\">L&rsquo;essentiel se passe \u00e0 Lyon. Il arrive \u00e0 Lyon le 28 juillet 1942, le 30 juillet il rencontre Rex et le 1<sup>er<\/sup> ao\u00fbt il commence sa mission de secr\u00e9taire.<br \/>\n<\/span><\/p>\n<p><span style=\"color: #777777; font-family: Arial;\">Puis, pour des raisons strat\u00e9giques il est d\u00e9cid\u00e9 de transf\u00e9rer le quartier g\u00e9n\u00e9ral \u00e0 Paris et il part pour Paris le 24 mars 1943, pour organiser avec ses amis l&rsquo;arriv\u00e9e de Jean Moulin.<br \/>\n<\/span><\/p>\n<p><span style=\"color: #777777; font-family: Arial;\">Ce livre raconte la lumineuse personnalit\u00e9 de Jean Moulin et son combat incessant pour arriver \u00e0 coordonner les diff\u00e9rents mouvements de r\u00e9sistance et leur faire accepter le leadership de De Gaulle.<br \/>\n<\/span><\/p>\n<p><span style=\"color: #777777; font-family: Arial;\">Tout ce qu&rsquo;il raconte est magnifiquement r\u00e9sum\u00e9 par cette formule de Bidault : \u00ab <strong>Les r\u00e9sistants c&rsquo;est comme les trotskystes, avec un, tu fais un Parti, avec deux, tu fais un congr\u00e8s, avec trois, tu fais une scission<\/strong>\u00bb<br \/>\n<\/span><\/p>\n<p><span style=\"color: #777777; font-family: Arial;\">Cordier n&rsquo;est pas membre de la r\u00e9sistance, il prend exactement les m\u00eames risques, mais lui est un soldat, un soldat disciplin\u00e9 des Forces Fran\u00e7aises Libres, totalement d\u00e9vou\u00e9 \u00e0 Rex.<br \/>\n<\/span><\/p>\n<p><span style=\"color: #777777; font-family: Arial;\">Au d\u00e9but du livre, un texte d&rsquo;Yves Farge, r\u00e9sistant et futur ministre du ravitaillement est cit\u00e9\u00a0:<br \/>\n<\/span><\/p>\n<p style=\"margin-left: 28pt;\"><span style=\"color: #c00000; font-family: Arial;\">\u00ab\u00a0Nous avions \u00ab\u00a0notre\u00a0\u00bb Jacques Inaudi\u00a0: Cordier, que l&rsquo;on appelait Alain \u00e0 Lyon et Michel \u00e0 Paris. Il ne notait rien\u00a0: il savait tout. \u00ab\u00a0Bonaventure n&rsquo;oubliez pas que le douze du mois prochain on vous attend \u00e0 Grenoble, place aux Herbes, \u00e0 neuf heures du matin\u00a0\u00bb et il partait \u00e0 grandes enjamb\u00e9es, d\u00e9sinvolte, tr\u00e8s jeune homme du monde \u00e0 marier et efficace en diable.\u00a0\u00bb<br \/>\n<em>Yves Farge, \u00ab\u00a0Rebelles, soldats et citoyens.<br \/>\n<\/em><\/span><\/p>\n<p><span style=\"color: #777777; font-family: Arial;\">Mais pourquoi <strong>Caracalla\u00a0<\/strong>?<br \/>\n<\/span><\/p>\n<p><span style=\"color: #777777; font-family: Arial;\">&lt;<\/span><span style=\"font-family: Arial;\"><a href=\"https:\/\/fr.wikipedia.org\/wiki\/Caracalla\"><span style=\"color: #0000ff;\">Caracalla<\/span><\/a><\/span><span style=\"color: #777777; font-family: Arial;\">&gt; est le nom d&rsquo;un personnage historique peu recommandable. Il fut empereur romain de 211 \u00e0 217. fils et successeur de Septime S\u00e9v\u00e8re. Il assassina son fr\u00e8re, cela est un fait historique \u00e9tabli. Certains pr\u00e9tendent qu&rsquo;il a aussi tu\u00e9 son p\u00e8re. Il fut lui-m\u00eame assassin\u00e9.<br \/>\n<\/span><\/p>\n<p><span style=\"color: #777777; font-family: Arial;\">Mais il pr\u00e9sente une particularit\u00e9 : <strong>il est n\u00e9 le 4 avril 188 \u00e0 Lyon, <\/strong>Lugdunum \u00e0 l&rsquo;\u00e9poque. Il n&rsquo;est pas le seul, l&#8217;empereur Claude qui a r\u00e9gn\u00e9 entre Caligula et N\u00e9ron est aussi n\u00e9 \u00e0 Lyon.<br \/>\n<\/span><\/p>\n<p><img loading=\"lazy\" decoding=\"async\" class=\"alignleft\" src=\"https:\/\/lemotdujour.fr\/wp-content\/uploads\/2020\/12\/113020_2330_Mardi1dcemb1.jpg\" alt=\"\" width=\"199\" height=\"302\" align=\"left\" \/><span style=\"color: #777777; font-family: Arial;\">Daniel Cordier explique en pr\u00e9ambule de son livre, la raison de l&rsquo;utilisation de ce nom\u00a0:<br \/>\n<\/span><\/p>\n<p style=\"margin-left: 28pt;\"><span style=\"color: #c00000; font-family: Arial;\">\u00ab\u00a0En 1943, je fis la connaissance de Roger Vailland, dont je devins l&rsquo;ami. Apr\u00e8s la lib\u00e9ration, il m&rsquo;offrit \u00ab\u00a0<strong>Dr\u00f4le de jeu<\/strong>\u00a0\u00bb, r\u00e9cit \u00e0 peine romanc\u00e9 de notre relation. \u00ab\u00a0J&rsquo;ai choisi pour votre personnage le pseudonyme de <strong>Caracalla.<\/strong> J&rsquo;esp\u00e8re qu&rsquo;il vous plaira.\u00a0\u00bb Aujourd&rsquo;hui, pour retracer une aventure qui fut, par ses co\u00efncidences, ses coups de th\u00e9\u00e2tre et ses trag\u00e9dies, essentiellement romanesque, ce pseudonyme imaginaire a ma pr\u00e9f\u00e9rence sur tous ceux qui me furent attribu\u00e9s dans la R\u00e9sistance \u00bb,<br \/>\n<\/span><\/p>\n<p><span style=\"color: #777777; font-family: Arial;\">Lors de la sortie de \u00ab\u00a0<strong>Alias Caracalla<\/strong>\u00a0\u00bb, en 2009, &lt;<a href=\"https:\/\/www.lemonde.fr\/livres\/article\/2009\/06\/18\/alias-caracalla-de-daniel-cordier_1208207_3260.html\"><span style=\"color: #0000ff;\">Le monde<\/span><\/a>&gt; avait comment\u00e9\u00a0:<br \/>\n<\/span><\/p>\n<p style=\"margin-left: 28pt;\"><span style=\"color: #c00000; font-family: Arial;\">\u00ab\u00a0Ces 900 pages sont \u00e9blouissantes. Elles constituent l&rsquo;un des t\u00e9moignages les plus pr\u00e9cis, les plus honn\u00eates et les plus bouleversants qui aient jamais \u00e9t\u00e9 publi\u00e9s sur la R\u00e9sistance. Celui d&rsquo;un homme dont le destin fut doublement exceptionnel. D&rsquo;abord parce que Daniel Cordier compta parmi les tout premiers Fran\u00e7ais \u00e0 rejoindre Londres, d\u00e8s le 25 juin 1940, \u00e0 l&rsquo;\u00e2ge de 19 ans. Ensuite parce qu&rsquo;il fut, pendant onze mois, le secr\u00e9taire de Jean Moulin, et \u00e0 ce titre la personne qui connut le mieux celui sur qui comptait le g\u00e9n\u00e9ral de Gaulle pour rallier autour de lui la R\u00e9sistance int\u00e9rieure.\u00a0\u00bb<br \/>\n<\/span><\/p>\n<p><span style=\"color: #777777; font-family: Arial;\">Le monde re\u00e7oit aussi le t\u00e9moignage de Cordier\u00a0:<br \/>\n<\/span><\/p>\n<p style=\"margin-left: 28pt;\"><span style=\"color: #c00000; font-family: Arial;\">\u00ab\u00a0Exceptionnel ? Le qualificatif met visiblement Daniel Cordier mal \u00e0 l&rsquo;aise. \u00ab\u00a0Vous savez, j&rsquo;ai vraiment le sentiment de ne pas avoir fait grand-chose pendant cette p\u00e9riode\u00a0\u00bb, dit aujourd&rsquo;hui cet homme de 88 ans. Coquetterie ? Fausse modestie ? \u00ab\u00a0Non, je vous assure. Quand je suis parti \u00e0 Londres, je n&rsquo;avais qu&rsquo;une obsession : tuer du boche. Or, quatre ans plus tard, \u00e0 la Lib\u00e9ration, je n&rsquo;en avais toujours pas tu\u00e9 un seul. Cela a \u00e9t\u00e9 le d\u00e9sespoir de ma vie. C&rsquo;est sans doute pour cela que j&rsquo;ai tellement attendu avant de publier ce livre. Je ne voyais pas en quoi mes souvenirs pouvaient int\u00e9resser les gens.\u00a0\u00bb<br \/>\n<\/span><\/p>\n<p><span style=\"color: #777777; font-family: Arial;\">Mais il y a aussi une autre raison pour laquelle Daniel Cordier a attendu 64 ans pour r\u00e9diger ses m\u00e9moires de guerre. Il l&rsquo;explique\u00a0:<br \/>\n<\/span><\/p>\n<p style=\"margin-left: 28pt;\"><span style=\"color: #c00000; font-family: Arial;\">\u00ab\u00a0Quand je me suis d\u00e9cid\u00e9 \u00e0 raconter ma vie, je me suis dit qu&rsquo;il fallait que je dise toute la v\u00e9rit\u00e9, sans rien cacher. Or il y a une chose dont je ne voulais pas parler, une chose affreuse, impardonnable, c&rsquo;est l&rsquo;antis\u00e9mitisme qui \u00e9tait le mien \u00e0 l&rsquo;\u00e9poque. Cela m&rsquo;a pris du temps d&rsquo;accepter d&rsquo;en parler.\u00a0\u00bb<br \/>\n<\/span><\/p>\n<p><span style=\"color: #777777; font-family: Arial;\">Et c&rsquo;est un extrait du livre sur ce sujet que je veux partager aujourd&rsquo;hui.<br \/>\n<\/span><\/p>\n<p><span style=\"color: #777777; font-family: Arial;\">Les juifs ne portaient pas l&rsquo;\u00e9toile jaune en zone libre, P\u00e9tain s&rsquo;y \u00e9tait oppos\u00e9. <\/span><span style=\"color: #777777; font-family: Arial;\">Mais \u00e0 Paris, tous les juifs devaient porter l&rsquo;\u00e9toile jaune sinon ils \u00e9taient d\u00e9port\u00e9s.<br \/>\n<\/span><\/p>\n<p><span style=\"color: #777777; font-family: Arial;\">Cordier vient juste d&rsquo;arriver \u00e0 Paris, il a rendez-vous avec ses camarades qui l&rsquo;ont pr\u00e9c\u00e9d\u00e9 \u00e0 Paris, dans un caf\u00e9 pr\u00e8s des Champs \u00c9lys\u00e9es et :<br \/>\n<\/span><\/p>\n<p style=\"margin-left: 28pt;\"><span style=\"color: #c00000; font-family: Arial;\">\u00ab\u00a0En approchant du caf\u00e9, je vois venir \u00e0 moi, serr\u00e9s l&rsquo;un contre l&rsquo;autre, un vieillard accompagn\u00e9 d&rsquo;un jeune enfant.<br \/>\nLeur pardessus est orn\u00e9 de l&rsquo;\u00e9toile jaune. Je n&rsquo;en ai jamais vu : elle n&rsquo;existe pas en zone sud.<br \/>\nCe que j&rsquo;ai pu lire en Angleterre ou en France sur son origine et son exploitation par les nazis ne m&rsquo;a rien appris de la fl\u00e9trissure que je ressens \u00e0 cet instant : le choc de cette vision me plonge dans une honte insupportable.<br \/>\n<\/span><\/p>\n<p style=\"margin-left: 28pt;\"><span style=\"color: #c00000; font-family: Arial;\">Ainsi les attaques contre les Juifs, auxquelles je participais avant la guerre, sont-elles l&rsquo;origine de ce spectacle d\u00e9gradant d&rsquo;\u00eatres humains marqu\u00e9s comme du b\u00e9tail, d\u00e9sign\u00e9s au m\u00e9pris de la foule.<br \/>\nSubitement, mon fanatisme aveugle m&rsquo;accable : c&rsquo;est donc \u00e7a l&rsquo;antis\u00e9mitisme !<br \/>\n<\/span><\/p>\n<p style=\"margin-left: 28pt;\"><span style=\"color: #c00000; font-family: Arial;\">Entre mes harangues d&rsquo;adolescent exalt\u00e9 \u2013 \u00ab fusiller Blum dans le dos \u00bb \u2013 et la r\u00e9alit\u00e9 d&rsquo;un meurtre, il n&rsquo;y avait dans mon esprit aucun lien.<br \/>\nJe comprends \u00e0 cet instant que ces formules peuvent tuer. Quelle folie m&rsquo;aveuglait donc pour que, depuis deux ans, la lecture de ces informations n&rsquo;ait \u00e9veill\u00e9 en moins le plus petit soup\u00e7on ni, dois-je l&rsquo;avouer, le moindre int\u00e9r\u00eat sur le crime dont j&rsquo;\u00e9tais complice ?<br \/>\n<\/span><\/p>\n<p style=\"margin-left: 28pt;\"><span style=\"color: #c00000; font-family: Arial;\">Une id\u00e9e folle me traverse l&rsquo;esprit : embrasser ce vieillard qui approche et lui demander pardon.<br \/>\nLe poids de mon pass\u00e9 m&rsquo;\u00e9crase ; que faire pour effacer l&rsquo;abjection dont j&rsquo;ai brusquement conscience d&rsquo;avoir \u00e9t\u00e9 le complice ?<br \/>\n<\/span><\/p>\n<p style=\"margin-left: 28pt;\"><span style=\"color: #c00000; font-family: Arial;\">A cet instant, j&rsquo;aper\u00e7ois Germain sortir du caf\u00e9 et s&rsquo;avancer vers moi en souriant\u00a0: Bonjour, patron.\u00a0\u00bb. il ajoute aussit\u00f4t\u00a0: \u00ab\u00a0Comme vous \u00eates p\u00e2le. Rien de grave, j&rsquo;esp\u00e8re\u00a0?\u00a0\u00bb<br \/>\n<\/span><\/p>\n<p style=\"margin-left: 28pt;\"><span style=\"color: #c00000; font-family: Arial;\">(\u2026) Sa pr\u00e9sence me ram\u00e8ne \u00e0 la r\u00e9alit\u00e9\u00a0: je ne suis pas \u00e0 Paris pour soigner mes \u00e9tats d&rsquo;\u00e2me. Rex arrive le 31, et tout doit \u00eatre pr\u00eat pour le recevoir.<br \/>\nAssur\u00e9ment, la R\u00e9sistance n&rsquo;est pas le lieu propice \u00e0 la culture des remords.\u00a0\u00bb<br \/>\n<em>Alias Caracalla pages 905 et 906<br \/>\n<\/em><\/span><\/p>\n<p><a href=\"http:\/\/www.gallimard.fr\/Catalogue\/GALLIMARD\/Temoins\/Alias-Caracalla\" data-wplink-edit=\"true\"><img loading=\"lazy\" decoding=\"async\" class=\"alignleft\" src=\"https:\/\/lemotdujour.fr\/wp-content\/uploads\/2020\/12\/113020_2330_Mardi1dcemb2.jpg\" alt=\"\" width=\"190\" height=\"284\" align=\"left\" border=\"0\" \/><\/a><span style=\"color: #777777; font-family: Arial;\">C&rsquo;est un instant de sid\u00e9ration.<br \/>\n<\/span><\/p>\n<p><span style=\"color: #777777; font-family: Arial;\">C&rsquo;est aussi une prise de conscience, Daniel Cordier abandonne imm\u00e9diatement son antis\u00e9mitisme.<br \/>\n<\/span><\/p>\n<p><span style=\"color: #777777; font-family: Arial;\">Il revient sur son \u00e9volution dans cette \u00e9mission de France Culture\u00a0: &lt;<span style=\"color: #0000ff;\"><a style=\"color: #0000ff;\" href=\"https:\/\/www.franceculture.fr\/emissions\/voix-nue\/les-vies-de-daniel-cordier-35\">Episode 3<\/a><\/span>&gt; et il dit dans cette \u00e9mission en revenant sur cet \u00e9pisode o\u00f9 la premi\u00e8re fois il a vu un homme portant une \u00e9toile jaune \u00e0 Paris :<br \/>\n<\/span><\/p>\n<p style=\"margin-left: 28pt;\"><span style=\"color: #c00000; font-family: Arial;\">\u00ab\u00a0En vrai, vous n&rsquo;imaginez pas ce que c&rsquo;est. [\u2026] avoir \u00e9t\u00e9 antis\u00e9mite, avoir \u00e9t\u00e9 contre [cette] race, tout d&rsquo;un coup j&rsquo;ai eu le sentiment que c&rsquo;\u00e9tait un crime, que c&rsquo;\u00e9tait quelque chose d&rsquo;inacceptable.\u00a0\u00bb<br \/>\n<\/span><\/p>\n<p><span style=\"color: #777777; font-family: Arial;\">Subitement il parvient \u00e0 cette connaissance que des \u00ab\u00a0<strong>formules peuvent tuer\u00a0!<\/strong> \u00bb. <\/span><\/p>\n<p><span style=\"color: #777777; font-family: Arial;\">Il \u00e9crit en 4\u00e8me page de couverture : <\/span><\/p>\n<p style=\"margin-left: 28pt;\"><span style=\"color: #c00000; font-family: Arial;\">\u00abJ&rsquo;ai consacr\u00e9 beaucoup de soins \u00e0 traquer la v\u00e9rit\u00e9 pour \u00e9voquer le parcours du jeune gar\u00e7on d&rsquo;extr\u00eame droite que j&rsquo;\u00e9tais, qui, sous l&rsquo;\u00e9treinte des circonstances, devient un homme de gauche. La v\u00e9rit\u00e9 est parfois atroce.\u00bb<br \/>\n<\/span><\/p>\n<p><span style=\"color: #c00000; font-family: Arial;\">&lt;1499&gt;<\/span><\/p>\n","protected":false},"excerpt":{"rendered":"<p>\u00ab\u00a0Subitement, mon fanatisme aveugle m\u2019accable : c\u2019est donc \u00e7a l\u2019antis\u00e9mitisme !\u00a0\u00bb Daniel Cordier, \u00ab\u00a0Alias Caracalla\u00a0\u00bb Apr\u00e8s la fameuse \u00e9mission \u00ables Dossiers de l&rsquo;\u00e9cran\u00bb, dans laquelle Daniel Cordier a eu le sentiment d&rsquo;avoir trahi Jean Moulin en ne parvenant pas \u00e0<\/p>\n","protected":false},"author":1,"featured_media":0,"comment_status":"open","ping_status":"closed","sticky":false,"template":"","format":"standard","meta":{"footnotes":""},"categories":[1],"tags":[134,17,111],"class_list":["post-10254","post","type-post","status-publish","format-standard","hentry","category-motdujour","tag-antisemitisme","tag-histoire","tag-resistance"],"_links":{"self":[{"href":"https:\/\/lemotdujour.fr\/index.php?rest_route=\/wp\/v2\/posts\/10254","targetHints":{"allow":["GET"]}}],"collection":[{"href":"https:\/\/lemotdujour.fr\/index.php?rest_route=\/wp\/v2\/posts"}],"about":[{"href":"https:\/\/lemotdujour.fr\/index.php?rest_route=\/wp\/v2\/types\/post"}],"author":[{"embeddable":true,"href":"https:\/\/lemotdujour.fr\/index.php?rest_route=\/wp\/v2\/users\/1"}],"replies":[{"embeddable":true,"href":"https:\/\/lemotdujour.fr\/index.php?rest_route=%2Fwp%2Fv2%2Fcomments&post=10254"}],"version-history":[{"count":7,"href":"https:\/\/lemotdujour.fr\/index.php?rest_route=\/wp\/v2\/posts\/10254\/revisions"}],"predecessor-version":[{"id":10262,"href":"https:\/\/lemotdujour.fr\/index.php?rest_route=\/wp\/v2\/posts\/10254\/revisions\/10262"}],"wp:attachment":[{"href":"https:\/\/lemotdujour.fr\/index.php?rest_route=%2Fwp%2Fv2%2Fmedia&parent=10254"}],"wp:term":[{"taxonomy":"category","embeddable":true,"href":"https:\/\/lemotdujour.fr\/index.php?rest_route=%2Fwp%2Fv2%2Fcategories&post=10254"},{"taxonomy":"post_tag","embeddable":true,"href":"https:\/\/lemotdujour.fr\/index.php?rest_route=%2Fwp%2Fv2%2Ftags&post=10254"}],"curies":[{"name":"wp","href":"https:\/\/api.w.org\/{rel}","templated":true}]}}