{"id":10248,"date":"2020-11-30T00:03:43","date_gmt":"2020-11-29T23:03:43","guid":{"rendered":"http:\/\/lemotdujour.fr\/?p=10248"},"modified":"2020-11-30T00:11:46","modified_gmt":"2020-11-29T23:11:46","slug":"lundi-30-novembre-2020","status":"publish","type":"post","link":"https:\/\/lemotdujour.fr\/?p=10248","title":{"rendered":"Lundi 30 novembre 2020"},"content":{"rendered":"<div class=\"mdjTexte\">\u00ab\u00a0Vous savez Daniel, c&rsquo;est quelqu&rsquo;un qui a toujours eu 20 ans, m\u00eame quand il en avait 100. Parce que ce sont les passionn\u00e9s qui vivent, les raisonnables, ils ne font que durer. \u00bb<\/div>\n<div class=\"mdjAuteur\">R\u00e9gis Debray \u00e0 propos de Daniel Cordier \u00e0 France Inter le 27 novembre 2020<\/div>\n<p><span style=\"color: #777777; font-family: Arial;\">Je n&rsquo;ai jamais consacr\u00e9 de mot du jour \u00e0 Daniel Cordier. Je l&rsquo;ai d\u00e9couvert et cit\u00e9 en 2013 apr\u00e8s avoir entendu une \u00e9mission, aujourd&rsquo;hui disparue : \u00ab <strong>La marche de l&rsquo;Histoire<\/strong> \u00bb.<br \/>\n<\/span><\/p>\n<p><span style=\"color: #777777; font-family: Arial;\">Il rapportait les propos d&rsquo;un grand r\u00e9sistant, Georges Bidault \u00ab<a href=\"https:\/\/lemotdujour.fr\/?p=2181\"><span style=\"color: #0000ff;\">Les r\u00e9sistants c&rsquo;est comme les trotskystes, avec un, tu fais un Parti, avec deux, tu fais un congr\u00e8s, avec trois, tu fais une scission<\/span><\/a>\u00bb.<br \/>\n<\/span><\/p>\n<p><span style=\"color: #777777; font-family: Arial;\">Par la suite, j&rsquo;ai lu des articles, j&rsquo;ai vu plusieurs \u00e9missions ou vid\u00e9o dans lesquelles il intervenait toujours avec mesure et intelligence.<br \/>\n<\/span><\/p>\n<p><span style=\"color: #777777; font-family: Arial;\">Et puis un jour, j&rsquo;ai entendu R\u00e9gis Debray dire lors d&rsquo;une \u00e9mission\u00a0:<br \/>\n<\/span><\/p>\n<p style=\"margin-left: 28pt;\"><span style=\"color: #c00000; font-family: Arial;\">\u00ab Il faut absolument lire <strong>Alias Caracalla<\/strong>\u00a0de Daniel Cordier\u00bb<br \/>\n<\/span><\/p>\n<p><a href=\"https:\/\/www.chez-mon-libraire.fr\/livre\/9782070440450-alias-caracalla-daniel-cordier\/\"><img loading=\"lazy\" decoding=\"async\" class=\"alignleft\" src=\"https:\/\/lemotdujour.fr\/wp-content\/uploads\/2020\/11\/112920_2242_Lundi30nove1.jpg\" alt=\"\" width=\"316\" height=\"521\" align=\"left\" border=\"0\" \/><\/a><span style=\"color: #777777; font-family: Arial;\">Alors, pendant l&rsquo;\u00e9t\u00e9 2016, j&rsquo;ai lu ou plut\u00f4t d\u00e9vor\u00e9 \u00ab <a href=\"https:\/\/www.chez-mon-libraire.fr\/livre\/9782070440450-alias-caracalla-daniel-cordier\/\"><strong><span style=\"color: #0000ff;\">Alias Caracalla<\/span><\/strong>\u00a0<\/a>\u00bb et depuis je voulais en faire un mot du jour.<br \/>\n<\/span><\/p>\n<p><span style=\"color: #777777; font-family: Arial;\">R\u00e9gis Debray est devenu l&rsquo;ami de Daniel Cordier .<br \/>\n<\/span><\/p>\n<p><span style=\"color: #777777; font-family: Arial;\">Il a d&rsquo;ailleurs r\u00e9alis\u00e9 un documentaire sur son action lors de la r\u00e9sistance\u00a0: <span style=\"color: #0000ff;\"><a style=\"color: #0000ff;\" href=\"https:\/\/www.france.tv\/documentaires\/histoire\/2119033-daniel-cordier-la-resistance-comme-un-roman.html\">&lt;Daniel Cordier la r\u00e9sistance comme un roman&gt;<\/a><\/span>. Ce documentaire peut \u00eatre vu jusqu&rsquo;au 23\/12\/2020 sur le site de France 5.<br \/>\n<\/span><\/p>\n<p><span style=\"color: #777777; font-family: Arial;\">R\u00e9gis Debray avait aussi organis\u00e9 une rencontre entre 4 anciens de la France Libre dont Daniel Cordier : <a href=\"https:\/\/www.arte.tv\/fr\/videos\/043457-000-A\/des-francais-libres-se-souviennent\/\"><span style=\"color: #0000ff;\">&lt;Des fran\u00e7ais libres se souviennent&gt;<\/span><\/a> .<br \/>\n<\/span><\/p>\n<p><span style=\"color: #777777; font-family: Arial;\">Alors, c&rsquo;est tout naturellement \u00e0 R\u00e9gis Debray qu&rsquo;il faut donner la parole pour d\u00e9crire le mieux cet homme admirable que fut Daniel Cordier mort le 20 novembre, apr\u00e8s qu&rsquo;il ait f\u00eat\u00e9 son anniversaire de 100 ans, le 10 ao\u00fbt 2020. <\/span><span style=\"color: #777777;\"><span style=\"font-family: Arial;\">R\u00e9gis Debray \u00e9tait l&rsquo;invit\u00e9 de France Inter lors du grand entretien du <\/span><a href=\"https:\/\/www.franceinter.fr\/emissions\/l-invite-de-8h20-le-grand-entretien\/l-invite-de-8h20-le-grand-entretien-&lt;27-novembre-2020\"><span style=\"font-family: Tahoma; font-size: 12pt;\"><span style=\"color: #0000ff;\">&lt;27 novembre 2020<\/span><span style=\"color: blue; text-decoration: underline;\"><span style=\"color: #0000ff; text-decoration: underline;\">&gt;.<\/span><\/span><\/span><\/a><\/span><span style=\"color: #777777; font-family: Arial;\"> Et voil\u00e0 ce qu&rsquo;il a dit :<\/span><\/p>\n<p><span style=\"color: #c00000; font-family: Arial;\">\u00ab\u00a0Vous savez Daniel, c&rsquo;est quelqu&rsquo;un qui a toujours eu 20 ans, m\u00eame quand il en avait 100.<br \/>\nParce que ce sont les passionn\u00e9s qui vivent, les raisonnables, ils ne font que durer.<br \/>\nEt Daniel avait gard\u00e9 cette passion.<br \/>\nD&rsquo;abord cette passion de savoir exactement ce qu&rsquo;il avait fait et pour qui il l&rsquo;avait fait : pour Jean Moulin et Jean Moulin pour qui : pour la R\u00e9sistance et la R\u00e9sistance pourquoi : pour la France.<br \/>\nIl a toujours voulu comprendre, expliquer. Il a trouv\u00e9 les documents.<br \/>\nEt puis j&rsquo;aimais en lui, ce c\u00f4t\u00e9 un peu enfantin, ce sourire narquois, il avait beaucoup d&rsquo;humour. Et surtout, il ne bombait pas le torse. \u00bb<br \/>\n<\/span><\/p>\n<p><span style=\"color: #777777; font-family: Arial;\">C&rsquo;est en effet un homme qui a refus\u00e9 d&rsquo;\u00eatre consid\u00e9r\u00e9 comme un h\u00e9ros.<br \/>\n<\/span><\/p>\n<p style=\"margin-left: 28pt;\"><span style=\"color: #c00000; font-family: Arial;\">\u00ab\u00a0Il y avait chez lui \u00e0 la fois un h\u00e9ros et un dandy. Ce n&rsquo;est pas contradictoire, il avait cette sorte de d\u00e9tachement, cet humour et surtout cette humilit\u00e9.\u00a0\u00bb<br \/>\n<\/span><\/p>\n<p><span style=\"color: #777777; font-family: Arial;\">Demain je tenterais de dire quelques mots d&rsquo;Alias Caracalla et surtout de citer un extrait qui m&rsquo;avait marqu\u00e9.<br \/>\n<\/span><\/p>\n<p><span style=\"color: #777777; font-family: Arial;\">Aujourd&rsquo;hui je voudrais simplement parler des quatre vies de Daniel Cordier.<br \/>\n<\/span><\/p>\n<p><span style=\"color: #777777; font-family: Arial;\"><strong>La premi\u00e8re vie<\/strong> d\u00e9bute \u00e0 Bordeaux o\u00f9 il est n\u00e9 dans une famille bourgeoise. Ses parents divorcent et sa m\u00e8re se remarie avec un autre bourgeois, Charles Cordier. Ce beau-p\u00e8re est d&rsquo;extr\u00eame droite, royaliste, partisan de Charles Maurras, et du mouvement de <a href=\"https:\/\/fr.wikipedia.org\/wiki\/Action_fran%C3%A7aise\"><span style=\"color: #0000ff;\">l&rsquo;Action fran\u00e7aise.<\/span><\/a><\/span><\/p>\n<p><span style=\"color: #777777; font-family: Arial;\">Ce milieu est violemment antis\u00e9mite. Tr\u00e8s influenc\u00e9 par son beau-p\u00e8re, Daniel Cordier adh\u00e8re \u00e0 cette id\u00e9ologie et devient membre de &lt;<span style=\"color: #0000ff;\"><a style=\"color: #0000ff;\" href=\"https:\/\/fr.wikipedia.org\/wiki\/Action_fran%C3%A7aise\">La F\u00e9d\u00e9ration nationale des Camelots du roi<\/a>&gt;<\/span> qui est un r\u00e9seau de vendeurs du journal L&rsquo;Action fran\u00e7aise et de militants royalistes qui constituent le service d&rsquo;ordre et de protection du mouvement de l&rsquo;Action fran\u00e7aise.<\/span><br \/>\n<span style=\"color: #777777; font-family: Arial;\">Il fonde \u00e0 Bordeaux le cercle Charles-Maurras. Et comme il le reconna\u00eet dans Alias Caracalla, en tant qu&rsquo;admirateur de Charles Maurras, il est, au d\u00e9but de la guerre, antis\u00e9mite, antisocialiste, anticommuniste, antid\u00e9mocrate et ultranationaliste.<br \/>\n<\/span><\/p>\n<p><span style=\"color: #777777; font-family: Arial;\">Mais en 1940, \u00e0 20 ans, son patriotisme lui interdit de se soumettre et d&rsquo;accepter le d\u00e9faitisme de P\u00e9tain que d\u00e8s lors il consid\u00e8re comme un traitre. Il se d\u00e9tache aussi de Charles Maurras qui soutient P\u00e9tain et se rallie \u00e0 la France libre.<br \/>\n<\/span><\/p>\n<p><span style=\"color: #777777; font-family: Arial;\">Imm\u00e9diatement, il cherche et parvient \u00e0 quitter la France sur un navire belge parti de Bayonne le 20 juin 1940. Son projet avec quelques amis est d&rsquo;aller en Afrique, dans l&#8217;empire fran\u00e7ais continuer la lutte, mais le bateau fait finalement route vers l&rsquo;Angleterre.<br \/>\n<\/span><\/p>\n<p><span style=\"color: #777777; font-family: Arial;\"><strong>La deuxi\u00e8me vie<\/strong> de Daniel Cordier commence en Angleterre, il s&rsquo;engage avec ses camarades dans les premi\u00e8res Forces fran\u00e7aises libres de la \u00ab L\u00e9gion de Gaulle \u00bb. Il rencontre Raymond Aron, St\u00e9phane Hessel et Georges Bidault, auxquels il restera li\u00e9. Il est aussi impressionn\u00e9 par le charisme de De Gaulle. Il poursuivra une formation militaire et obtiendra le grade de Lieutenant. Il faut bien comprendre qu&rsquo;il ne fait pas partie de ce qu&rsquo;on appelle \u00ab\u00a0 la R\u00e9sistance\u00a0\u00bb mais des \u00ab\u00a0Forces fran\u00e7aise libres\u00a0\u00bb et parmi les tous premiers. Et puis il rencontre la grande Histoire, parachut\u00e9 sur la France, le 26 juillet 1942, il va devenir le secr\u00e9taire de Jean Moulin, sans savoir qu&rsquo;il s&rsquo;agit de Jean Moulin, il ne le connait que sous le nom de \u00ab\u00a0Rex\u00a0\u00bb. Il n&rsquo;apprendra qu&rsquo;apr\u00e8s la guerre que cet homme qu&rsquo;il a servi \u00e9tait un ancien pr\u00e9fet et qu&rsquo;il avait pour nom Jean Moulin.<br \/>\n<\/span><\/p>\n<p><span style=\"color: #777777; font-family: Arial;\">Il se donnera corps et \u00e2me \u00e0 sa mission. Fascin\u00e9 par Rex, il le soutiendra jusqu&rsquo;au bout : son arrestation \u00e0 Caluire.<br \/>\n<\/span><\/p>\n<p><span style=\"color: #777777; font-family: Arial;\">Jean Moulin aura une influence d\u00e9terminante sur sa vision du monde, ses id\u00e9es politiques qui vont muter vers l&rsquo;humanisme et le socialisme.<br \/>\n<\/span><\/p>\n<p><span style=\"color: #777777; font-family: Arial;\">Jean Moulin aura une autre influence d\u00e9terminante pour la troisi\u00e8me partie de sa vie\u00a0:<br \/>\n<\/span><\/p>\n<p style=\"margin-left: 28pt;\"><span style=\"color: #c00000; font-family: Arial;\">\u00ab Jean Moulin fut mon initiateur \u00e0 l&rsquo;art moderne. Avant de le rencontrer, en 1942, j&rsquo;\u00e9tais ignorant de cet appendice vivant de l&rsquo;histoire de l&rsquo;art. Il m&rsquo;en r\u00e9v\u00e9la la vitalit\u00e9, l&rsquo;originalit\u00e9 et le plaisir. Surtout il m&rsquo;en communiqua le go\u00fbt et la curiosit\u00e9 \u00bb<br \/>\n<em>Daniel Cordier, en 1989, dans la pr\u00e9face du catalogue pr\u00e9sentant sa donation au Centre Pompidou<\/em><br \/>\n<\/span><\/p>\n<p><span style=\"color: #777777; font-family: Arial;\">Apr\u00e8s l&rsquo;arrestation de \u00ab Rex \u00bb il continuera le combat jusqu&rsquo;\u00e0 la victoire finale.<br \/>\n<\/span><\/p>\n<p><span style=\"color: #777777; font-family: Arial;\">Et il continuera m\u00eame apr\u00e8s la victoire, mais la d\u00e9mission de De Gaulle met un terme d\u00e9finitif \u00e0 son engagement public.<br \/>\n<\/span><\/p>\n<p><span style=\"color: #777777; font-family: Arial;\">Je l&rsquo;ai entendu dire dans une \u00e9mission qu&rsquo;il ne voulait surtout pas ressembler \u00e0 ces vieux combattants de 14-18 qui racontaient inlassablement \u00e0 la jeunesse le r\u00e9cit de leur drame et de leur courage.<br \/>\n<\/span><\/p>\n<p><span style=\"color: #777777; font-family: Arial;\">Et c&rsquo;est ainsi qu&rsquo;il ne parlera plus de la R\u00e9sistance en public pendant plus de trente ans.<br \/>\n<\/span><\/p>\n<p><img loading=\"lazy\" decoding=\"async\" class=\"alignright\" src=\"https:\/\/lemotdujour.fr\/wp-content\/uploads\/2020\/11\/112920_2242_Lundi30nove2.jpg\" alt=\"\" width=\"407\" height=\"232\" align=\"left\" \/><span style=\"color: #777777; font-family: Arial;\"><strong>La troisi\u00e8me vie<\/strong> est alors consacr\u00e9e \u00e0 l&rsquo;art. Il prend des cours de peinture, commence une carri\u00e8re de peintre et surtout il ach\u00e8te des \u0153uvres d&rsquo;art contemporain et commence une collection. Puis ouvre une galerie d&rsquo;art. Et il deviendra un des plus grands marchands d&rsquo;art et organisateur d&rsquo;expositions de la place de Paris.<br \/>\n<\/span><\/p>\n<p><span style=\"color: #777777; font-family: Arial;\">Et il deviendra aussi m\u00e9c\u00e8ne et il fera don d&rsquo;une partie de sa collection \u00e0 l&rsquo;\u00c9tat, en particulier au Centre Pompidou. J&rsquo;ai lu qu&rsquo;ainsi il a transmis 1000 \u0153uvres au Centre.<br \/>\n<\/span><\/p>\n<p><span style=\"color: #777777; font-family: Arial;\"><strong>La quatri\u00e8me vie<\/strong> sera une vie d&rsquo;Historien. J&rsquo;ai plusieurs fois entendu Daniel Cordier raconter ce qui s&rsquo;est pass\u00e9 sur le plateau de cette \u00e9mission de t\u00e9l\u00e9vision c\u00e9l\u00e8bre \u00e0 l&rsquo;\u00e9poque\u00a0: \u00ab\u00a0<strong>Les Dossiers de l&rsquo;\u00e9cran<\/strong> \u00bb, le 11 octobre 1977. Cette \u00e9mission \u00e9tait consacr\u00e9e \u00e0 Jean Moulin. On l&rsquo;avait invit\u00e9 puisqu&rsquo;il avait \u00e9t\u00e9 son secr\u00e9taire pendant la p\u00e9riode la plus importante\u00a0: celle au cours de laquelle jean Moulin a tent\u00e9 de r\u00e9unir l&rsquo;ensemble des forces de la R\u00e9sistance sous un commandement unique ralli\u00e9 \u00e0 De Gaulle.<br \/>\n<\/span><\/p>\n<p><span style=\"color: #777777; font-family: Arial;\">&lt;<a href=\"https:\/\/www.francetvinfo.fr\/culture\/patrimoine\/histoire\/hommage-national-a-daniel-cordier-le-jour-ou-l-ancien-resistant-a-decide-de-retablir-la-verite-sur-jean-moulin_4193853.html\"><span style=\"color: #0000ff;\">France Info<\/span><\/a>&gt; \u00e9crit\u00a0:<br \/>\n<\/span><\/p>\n<p style=\"margin-left: 28pt;\"><span style=\"color: #c00000; font-family: Arial;\">\u00ab\u00a0Le ton monte sur le plateau de la c\u00e9l\u00e8bre \u00e9mission \u00ab\u00a0Les Dossiers de l&rsquo;\u00e9cran\u00a0\u00bb, ce 11 octobre 1977. Install\u00e9s face \u00e0 face dans de grands fauteuils en cuir camel, Henri Frenay et Daniel Cordier ne s&rsquo;\u00e9taient plus crois\u00e9s depuis trente-cinq ans. Le premier est un habitu\u00e9 des plateaux t\u00e9l\u00e9, pr\u00e9sentant son dernier livre, L&rsquo;Enigme Jean Moulin (\u00e9d. Robert Laffont, 1977). A la t\u00eate du plus important mouvement de r\u00e9sistance non communiste, Combat, il d\u00e9fend la th\u00e8se selon laquelle Jean Moulin n&rsquo;est pas le r\u00e9sistant que le public conna\u00eet, mais plut\u00f4t un agent double des services secrets russes.<br \/>\n<\/span><\/p>\n<p style=\"margin-left: 28pt;\"><span style=\"color: #c00000; font-family: Arial;\">Face \u00e0 lui, Daniel Cordier, de 15 ans son cadet, ancien secr\u00e9taire de Jean Moulin, balbutie quelques mots avec un l\u00e9ger zozotement, pour d\u00e9fendre celui qui \u00e9tait son chef : \u00ab\u00a0Ce soir, je voulais apporter des documents, mais on m&rsquo;a dit que ce n&rsquo;\u00e9tait pas le lieu. Je pouvais apporter un paquet de documents, car&#8230; Enfin&#8230; C&rsquo;\u00e9tait mon poste, c&rsquo;\u00e9tait ma fonction.\u00a0\u00bb En quittant le plateau d&rsquo;Antenne 2, Daniel Cordier sait qu&rsquo;il n&rsquo;a pas convaincu. <\/span><span style=\"color: #c00000; font-family: Arial;\">[\u2026]<br \/>\n<\/span><\/p>\n<p style=\"margin-left: 28pt;\"><span style=\"color: #c00000; font-family: Arial;\">C&rsquo;est donc lors de cette fameuse soir\u00e9e d&rsquo;octobre 1977 que la vocation de Daniel Cordier est n\u00e9e. De r\u00e9sistant, il est devenu gardien de m\u00e9moire, passeur d&rsquo;histoire, en d\u00e9cidant de se plonger dans les documents qu&rsquo;il avait scrupuleusement gard\u00e9s, inconnus de beaucoup d&rsquo;historiens. Je <strong>me suis dit : Mais au fond, depuis la guerre, je vis tr\u00e8s heureux, je fais ce qui me pla\u00eet. Mais Jean Moulin, c&rsquo;\u00e9tait mon patron, c&rsquo;est lui qui m&rsquo;a appris la peinture et aujourd&rsquo;hui je suis incapable de le d\u00e9fendre. Je suis un salaud, confiait-il au micro de France Culture en 2013. <\/strong><\/span><span style=\"color: #c00000; font-family: Arial;\">[\u2026]<br \/>\n<\/span><\/p>\n<p style=\"margin-left: 28pt;\"><a href=\"https:\/\/www.chez-mon-libraire.fr\/livre\/9782070743124-jean-moulin-la-republique-des-catacombes-daniel-cordier\/\"><img decoding=\"async\" class=\"alignleft\" src=\"https:\/\/lemotdujour.fr\/wp-content\/uploads\/2020\/11\/112920_2242_Lundi30nove3.jpg\" alt=\"\" align=\"left\" border=\"0\" \/><\/a><span style=\"color: #c00000; font-family: Arial;\">Apr\u00e8s cette d\u00e9b\u00e2cle t\u00e9l\u00e9vis\u00e9e, la nouvelle carri\u00e8re d&rsquo;historien qu&rsquo;il embrasse le pousse \u00e0 retrouver pour la premi\u00e8re fois depuis trente-cinq ans ses compagnons de guerre. Pendant six ans, Daniel Cordier se plonge dans ses propres archives. Il constitue \u00e9galement une \u00e9quipe et se fait aider par un historien reconnu, Jean-Pierre Az\u00e9ma.<br \/>\n<\/span><\/p>\n<p style=\"margin-left: 28pt;\"><span style=\"color: #c00000; font-family: Arial;\">\u00ab\u00a0J&rsquo;ai tir\u00e9 au clair ces accusations [d&rsquo;espionnage]\u00a0\u00bb, disait alors Daniel Cordier, toujours dans \u00ab\u00a0Apostrophes\u00a0\u00bb. \u00ab\u00a0\u00c7&rsquo;aurait pu \u00eatre vrai. Je me suis mis au travail dans cette perspective. Comme je connaissais bien les archives de la R\u00e9sistance, je m&rsquo;\u00e9tais mis en t\u00eate de faire la preuve que Moulin \u00e9tait cryptocommuniste [dont les id\u00e9es sont proches de celles des communistes sans \u00eatre affirm\u00e9es]. Je me suis vite aper\u00e7u qu&rsquo;il n&rsquo;y avait absolument rien, aucun indice d&rsquo;aucune sorte, mais qu&rsquo;en plus, il existait des documents que j&rsquo;avais oubli\u00e9s qui prouvaient exactement le contraire.\u00a0\u00bb<br \/>\n<\/span><\/p>\n<p style=\"margin-left: 28pt;\"><span style=\"color: #c00000; font-family: Arial;\">L&rsquo;autodidacte recoupe toutes les preuves qu&rsquo;il peut, ne laisse rien au hasard. \u00ab\u00a0Il a une d\u00e9marche scientifique\u00a0\u00bb, salue Christine Levisse-Touz\u00e9, historienne sp\u00e9cialiste de la Seconde Guerre mondiale, pr\u00e9sidente du conseil scientifique du mus\u00e9e de l&rsquo;Ordre de la Lib\u00e9ration, contact\u00e9e par franceinfo. \u00ab\u00a0Il avait un respect absolu des preuves et des faits.\u00a0\u00bb Daniel Cordier a ainsi apport\u00e9 des r\u00e9cits pr\u00e9cieux pour comprendre le quotidien des r\u00e9sistants. \u00ab\u00a0Il a, pi\u00e8ces d&rsquo;archives \u00e0 l&rsquo;appui, expliqu\u00e9 pourquoi des dissensions existaient entre les chefs de la R\u00e9sistance, abonde Laurent Douzou, historien sp\u00e9cialiste de la R\u00e9sistance. Notamment entre Jean Moulin et Pierre Brossolette. Cela se savait avant 1983, mais Cordier a mis en \u00e9vidence cet affrontement, \u00e0 partir de pi\u00e8ces d&rsquo;archives et de rapports mentionnant des disputes pr\u00e9cises.\u00a0\u00bb<br \/>\n<\/span><\/p>\n<p><span style=\"color: #777777; font-family: Arial;\">Son travail immense va alors profond\u00e9ment renouveler l&rsquo;historiographie de la R\u00e9sistance.<br \/>\n<\/span><\/p>\n<p><span style=\"color: #777777; font-family: Arial;\">La figure de jean Moulin va en sortir grandie et h\u00e9las les mouvements de r\u00e9sistance sortiront de ce travail avec un certain nombre de r\u00e9alit\u00e9s peu glorieuses.<br \/>\n<\/span><\/p>\n<p><span style=\"color: #777777; font-family: Arial;\">Parce qu&rsquo;apr\u00e8s la guerre, bien des chefs de la R\u00e9sistance ont privil\u00e9gi\u00e9 une vision \u00e9dulcor\u00e9e et id\u00e9alis\u00e9e de leurs actions. Cordier montre leurs querelles, leurs rivalit\u00e9s, leurs divergences politiques et strat\u00e9giques qui les avaient oppos\u00e9s entre eux et aussi \u00e0 Londres. Il a toujours privil\u00e9gi\u00e9 l&rsquo;\u00e9crit \u00e0 l&rsquo;oral qui a toujours tendance \u00e0 r\u00e9inventer le pass\u00e9 selon les convictions pr\u00e9sentes.<br \/>\n<\/span><\/p>\n<p><span style=\"color: #777777; font-family: Arial;\">Vous pouvez \u00e9couter aussi l&rsquo;\u00e9mission de France Culture dans laquelle il parle de ce travail\u00a0: &lt;<a href=\"https:\/\/www.franceculture.fr\/emissions\/voix-nue\/les-vies-de-daniel-cordier-55\"><span style=\"color: #0000ff;\">La solitude a \u00e9t\u00e9 la compagne de ma vie<\/span><\/a>&gt;<br \/>\n<\/span><\/p>\n<p><span style=\"color: #777777; font-family: Arial;\">Aujourd&rsquo;hui son travail d&rsquo;Historien est reconnu pour sa qualit\u00e9 et sa grande valeur \u00e9thique.<br \/>\n<\/span><\/p>\n<p><span style=\"color: #777777; font-family: Arial;\">Je crois qu&rsquo;on peut reprendre pour Daniel Cordier cette phrase de Camus\u00a0: <strong>\u00ab\u00a0Il y a des \u00eatres qui justifient le monde, qui aident \u00e0 vivre par leur seule pr\u00e9sence.\u00a0\u00bb<\/strong><br \/>\n<\/span><\/p>\n<p><img decoding=\"async\" src=\"https:\/\/lemotdujour.fr\/wp-content\/uploads\/2020\/11\/112920_2242_Lundi30nove4.jpg\" alt=\"\" \/><span style=\"color: #c00000; font-family: Arial;\">&lt;1498&gt;<\/span><\/p>\n","protected":false},"excerpt":{"rendered":"<p>\u00ab\u00a0Vous savez Daniel, c&rsquo;est quelqu&rsquo;un qui a toujours eu 20 ans, m\u00eame quand il en avait 100. Parce que ce sont les passionn\u00e9s qui vivent, les raisonnables, ils ne font que durer. \u00bb R\u00e9gis Debray \u00e0 propos de Daniel Cordier<\/p>\n","protected":false},"author":1,"featured_media":0,"comment_status":"open","ping_status":"closed","sticky":false,"template":"","format":"standard","meta":{"footnotes":""},"categories":[1],"tags":[17,29,111],"class_list":["post-10248","post","type-post","status-publish","format-standard","hentry","category-motdujour","tag-histoire","tag-hommage","tag-resistance"],"_links":{"self":[{"href":"https:\/\/lemotdujour.fr\/index.php?rest_route=\/wp\/v2\/posts\/10248","targetHints":{"allow":["GET"]}}],"collection":[{"href":"https:\/\/lemotdujour.fr\/index.php?rest_route=\/wp\/v2\/posts"}],"about":[{"href":"https:\/\/lemotdujour.fr\/index.php?rest_route=\/wp\/v2\/types\/post"}],"author":[{"embeddable":true,"href":"https:\/\/lemotdujour.fr\/index.php?rest_route=\/wp\/v2\/users\/1"}],"replies":[{"embeddable":true,"href":"https:\/\/lemotdujour.fr\/index.php?rest_route=%2Fwp%2Fv2%2Fcomments&post=10248"}],"version-history":[{"count":3,"href":"https:\/\/lemotdujour.fr\/index.php?rest_route=\/wp\/v2\/posts\/10248\/revisions"}],"predecessor-version":[{"id":10251,"href":"https:\/\/lemotdujour.fr\/index.php?rest_route=\/wp\/v2\/posts\/10248\/revisions\/10251"}],"wp:attachment":[{"href":"https:\/\/lemotdujour.fr\/index.php?rest_route=%2Fwp%2Fv2%2Fmedia&parent=10248"}],"wp:term":[{"taxonomy":"category","embeddable":true,"href":"https:\/\/lemotdujour.fr\/index.php?rest_route=%2Fwp%2Fv2%2Fcategories&post=10248"},{"taxonomy":"post_tag","embeddable":true,"href":"https:\/\/lemotdujour.fr\/index.php?rest_route=%2Fwp%2Fv2%2Ftags&post=10248"}],"curies":[{"name":"wp","href":"https:\/\/api.w.org\/{rel}","templated":true}]}}