{"id":1024,"date":"2015-03-06T01:00:00","date_gmt":"2015-03-05T22:00:00","guid":{"rendered":"http:\/\/lemotdujour.fr\/?p=1024"},"modified":"2020-03-08T22:36:23","modified_gmt":"2020-03-08T21:36:23","slug":"vendredi-6-mars-2015","status":"publish","type":"post","link":"https:\/\/lemotdujour.fr\/?p=1024","title":{"rendered":"Vendredi 6 mars 2015"},"content":{"rendered":"<div class=\"mdjDate\">Vendredi 6 mars 2015<\/div>\n<div class=\"mdjTexte\">\u00abIl nait de moins en moins de femmes dans le monde \u00bb<\/div>\n<div class=\"mdjAuteur\">Atlas mondial des femmes<\/div>\n<p><span style=\"color: #777777; font-family: Arial;\">Dimanche le 8 mars, on c\u00e9l\u00e8brera la journ\u00e9e internationale de la femme.<br \/>\n<\/span><\/p>\n<p><span style=\"color: #777777; font-family: Arial;\">Une des origines de cette date du 8 mars nous vient de L\u00e9nine, qui d\u00e9cr\u00e8te la Journ\u00e9e internationale des femmes le 8 mars 1921, en honneur aux femmes qui manifest\u00e8rent les premi\u00e8res, le 8 mars 1917, \u00e0 Petrograd, lors du d\u00e9clenchement de la r\u00e9volution russe.<br \/>\n<\/span><\/p>\n<p><span style=\"color: #777777; font-family: Arial;\">J&rsquo;ai plusieurs fois \u00e9voqu\u00e9 la violence faite aux femmes dans le monde, notamment lors du mot du jour du 9 septembre 2014 : \u00ab <span style=\"color: #0000ff;\"><a style=\"color: #0000ff;\" href=\"https:\/\/lemotdujour.fr\/?p=814\">C&rsquo;est juste pas de chance d&rsquo;\u00eatre une femme dans la plupart des pays du Monde<\/a><\/span> \u00bb propos de la journaliste Annick Cojean.<br \/>\n<\/span><\/p>\n<p><img decoding=\"async\" class=\"alignleft\" src=\"https:\/\/lemotdujour.fr\/wp-content\/uploads\/2020\/03\/030820_2128_LundiXXfvri1.jpg\" alt=\"\" align=\"left\" \/><span style=\"color: #777777; font-family: Arial;\">En collaboration avec l&rsquo;INED, les Editions \u00ab\u00a0<strong>Autrement<\/strong>\u00a0\u00bb ont publi\u00e9 \u00ab\u00a0<a href=\"https:\/\/www.autrement.com\/media\/cache\/couverture_medium\/flammarion_img\/Couvertures\/9782746735842.jpg\"><span style=\"color: #0000ff;\"><strong>L&rsquo;Atlas mondial des femmes<\/strong><\/span>\u00a0<\/a>\u00bb<br \/>\n<\/span><\/p>\n<p><span style=\"color: #777777; font-family: Arial;\">Une des directrices de cet ouvrage, Isabelle Attan\u00e9 \u00e9tait l&rsquo;invit\u00e9 de l&rsquo;\u00e9mission de Christine Ockrent :<a href=\"http:\/\/www.franceculture.fr\/emission-affaires-etrangeres-planete-femmes-2015-01-31\"><br \/>\n<span style=\"color: #0000ff; text-decoration: underline;\">&lt;Plan\u00e8te femmes&gt;<\/span><\/a><br \/>\n<\/span><\/p>\n<p><span style=\"color: #777777; font-family: Arial;\">Et elle a parl\u00e9 d&rsquo;une autre violence faite aux femmes : <strong>le d\u00e9ni de na\u00eetre<\/strong>. Aid\u00e9 notamment par les techniques modernes de diagnostic pr\u00e9natal, des parents choisissent ouvertement de ne pas faire na\u00eetre les filles pour privil\u00e9gier les gar\u00e7ons.<br \/>\n<\/span><\/p>\n<p><a href=\"http:\/\/www.monde-diplomatique.fr\/2006\/07\/ATTANE\/13601\"><span style=\"color: blue; font-family: Arial; text-decoration: underline;\"><span style=\"color: #0000ff; text-decoration: underline;\">&lt;Un article&gt;<\/span><\/span><\/a><span style=\"color: #777777; font-family: Arial;\"> du Monde Diplomatique sur ce m\u00eame sujet explique\u00a0:<br \/>\n<\/span><\/p>\n<p style=\"margin-left: 28pt;\"><span style=\"color: #c00000; font-family: Arial;\">\u00ab Dans une population donn\u00e9e, quand hommes et femmes sont trait\u00e9s sur un pied d&rsquo;\u00e9galit\u00e9 et si les femmes n&rsquo;ont pas une propension \u00e0 migrer plus forte que celle des hommes, elles sont naturellement majoritaires. Si l&rsquo;Asie se pliait \u00e0 cette r\u00e8gle g\u00e9n\u00e9rale en enregistrant une l\u00e9g\u00e8re pr\u00e9pond\u00e9rance f\u00e9minine, elle compterait quelque quatre-vingt-dix millions de femmes suppl\u00e9mentaires, une fois et demie la population de la France.<br \/>\n<\/span><\/p>\n<p style=\"margin-left: 28pt;\"><span style=\"color: #c00000; font-family: Arial;\">La Chine, qui, il y a encore trente ans, s&rsquo;imposait comme l&rsquo;un des fleurons du communisme mondial, fervent d\u00e9fenseur de l&rsquo;\u00e9galit\u00e9 des sexes, est d\u00e9sormais l&rsquo;un des pays o\u00f9 les discriminations envers les femmes, sur un plan d\u00e9mographique, sont les plus aigu\u00ebs. Revers de la lib\u00e9ralisation \u00e9conomique et sociale dans ce pays, les rapports de pouvoir traditionnels, structurellement d\u00e9favorables aux femmes, resurgissent. L&rsquo;Inde, grande puissance \u00e9conomique \u00e9mergente \u2013 actuellement au septi\u00e8me rang des puissances industrielles mondiales \u2013, discrimine, elle aussi, ses femmes.<br \/>\n<\/span><\/p>\n<p style=\"margin-left: 28pt;\"><span style=\"color: #c00000; font-family: Arial;\">Avec ces deux g\u00e9ants, sont \u00e9galement touch\u00e9s le Pakistan, le Bangladesh, Ta\u00efwan, la Cor\u00e9e du Sud et, dans une moindre mesure, l&rsquo;Indon\u00e9sie \u2013 pays qui, \u00e0 eux seuls, regroupent trois des six milliards et demi d&rsquo;habitants de la plan\u00e8te. Elimination des filles par les avortements s\u00e9lectifs, traitements in\u00e9gaux des enfants selon qu&rsquo;il s&rsquo;agit d&rsquo;une fille ou d&rsquo;un gar\u00e7on, statut social secondaire et mauvaises conditions sanitaires \u00e0 l&rsquo;origine d&rsquo;une surmortalit\u00e9 f\u00e9minine dans l&rsquo;enfance et \u00e0 l&rsquo;\u00e2ge adulte repr\u00e9sentent autant de particularit\u00e9s qui concourent \u00e0 ce d\u00e9ficit.<br \/>\n<\/span><\/p>\n<p style=\"margin-left: 28pt;\"><span style=\"color: #c00000; font-family: Arial;\">La structure sexu\u00e9e d&rsquo;une population d\u00e9pend de la proportion de chaque sexe \u00e0 la naissance, d&rsquo;une part, et de la fr\u00e9quence des d\u00e9c\u00e8s des hommes et des femmes \u00e0 chaque \u00e2ge de la vie, d&rsquo;autre part. En temps ordinaire, c&rsquo;est-\u00e0-dire lorsqu&rsquo;aucune forme d&rsquo;intervention humaine ne vient perturber l&rsquo;effet de ces donn\u00e9es, on observe une proportion de gar\u00e7ons \u00e0 la naissance l\u00e9g\u00e8rement sup\u00e9rieure \u00e0 celle des filles et une surmortalit\u00e9 des hommes \u00e0 chaque \u00e2ge de la vie, laquelle vient compenser de mani\u00e8re naturelle l&rsquo;exc\u00e9dent de gar\u00e7ons \u00e0 la naissance. Or, dans nombre de pays asiatiques, l&rsquo;une ou l&rsquo;autre de ces lois \u2013 voire, parfois, l&rsquo;une et l&rsquo;autre \u2013 sont contrecarr\u00e9es par des pratiques sociales. Il na\u00eet donc moins de femmes qu&rsquo;il ne faudrait, et il en meurt plus qu&rsquo;il ne devrait, d&rsquo;o\u00f9 des proportions accrues d&rsquo;hommes.<br \/>\n<\/span><\/p>\n<p style=\"margin-left: 28pt;\"><span style=\"color: #c00000; font-family: Arial;\">Sur la plan\u00e8te, la norme biologique \u2013 environ 105 naissances de gar\u00e7ons pour 100 filles \u2013 s&rsquo;applique avec une r\u00e9gularit\u00e9 remarquable. Et les \u00e9carts demeurent faibles : le niveau le plus bas est observ\u00e9 au Rwanda, o\u00f9 il na\u00eet 101 gar\u00e7ons pour 100 filles, et le plus \u00e9lev\u00e9, hors pays asiatiques, au Surinam \u2013 108 gar\u00e7ons.<br \/>\n<\/span><\/p>\n<p style=\"margin-left: 28pt;\"><span style=\"color: #c00000; font-family: Arial;\">Dans plusieurs pays d&rsquo;Asie, la r\u00e9alit\u00e9 est tout autre. Si l&rsquo;influence des facteurs biologiques, g\u00e9n\u00e9tiques et environnementaux, habituellement avanc\u00e9e pour expliquer les \u00e9carts entre pays, n&rsquo;est bien s\u00fbr pas \u00e0 exclure, elle ne suffit en aucun cas \u00e0 expliquer l&rsquo;\u00e9volution observ\u00e9e depuis vingt \u00e0 vingt-cinq ans. En Chine, en Inde, en Cor\u00e9e du Sud et \u00e0 Ta\u00efwan, gar\u00e7ons et filles naissaient dans des proportions normales au d\u00e9but des ann\u00e9es 1980. Mais depuis, avec la baisse de la f\u00e9condit\u00e9, la pr\u00e9f\u00e9rence traditionnelle pour les fils s&rsquo;exacerbe et vient supplanter les lois biologiques, rompant ainsi l&rsquo;\u00e9quilibre naturel.<br \/>\n<\/span><\/p>\n<p style=\"margin-left: 28pt;\"><span style=\"color: #c00000; font-family: Arial;\">D\u00e9sormais, les progr\u00e8s technologiques permettent d&rsquo;intervenir sur le sexe de sa descendance : au bout de quelques mois de grossesse, la future m\u00e8re passe une \u00e9chographie ou une amniocent\u00e8se. Si c&rsquo;est un gar\u00e7on, on peut rentrer chez soi et attendre patiemment l&rsquo;heureux \u00e9v\u00e9nement. Mais en cas de fille, c&rsquo;est le dilemme : si on la garde, aura-t-on une nouvelle occasion d&rsquo;avoir un fils ? Et, le cas \u00e9ch\u00e9ant, sera-t-on en mesure de faire face \u00e0 l&rsquo;escalade des co\u00fbts d&rsquo;entretien des enfants ? Bien souvent, plut\u00f4t que de devoir renoncer \u00e0 un fils, on prend la d\u00e9cision de se d\u00e9barrasser de la fillette ind\u00e9sirable, et la femme avorte. Ainsi, en Chine, l&rsquo;exc\u00e9dent de gar\u00e7ons \u00e0 la naissance est de 12 % au-dessus du niveau normal ; en Inde, de 6 %. En Cor\u00e9e du Sud, apr\u00e8s le paroxysme du milieu de la d\u00e9cennie 1990 (115 gar\u00e7ons pour 100 filles), la situation s&rsquo;am\u00e9liore, avec 108 gar\u00e7ons en 2004.<br \/>\n<\/span><\/p>\n<p style=\"margin-left: 28pt;\"><span style=\"color: #c00000; font-family: Arial;\">Depuis peu, ce ph\u00e9nom\u00e8ne se propage \u00e0 d&rsquo;autres parties du continent. Ainsi, une province vietnamienne sur deux enregistre plus de 110 naissances de gar\u00e7ons pour 100 filles. Dans les pays du Caucase (Azerba\u00efdjan, G\u00e9orgie, Arm\u00e9nie), cette proportion s&rsquo;est brutalement accrue, \u00e0 partir du milieu des ann\u00e9es 1990, pour atteindre des niveaux comparables \u00e0 certaines r\u00e9gions de Chine et d&rsquo;Inde (voir \u00ab D\u00e9s\u00e9quilibres d\u00e9mographiques \u00bb). Pourtant, l&rsquo;\u00e9quilibre demeure dans les pays voisins que sont la Russie, l&rsquo;Ukraine, l&rsquo;Iran ou la Turquie.<br \/>\n<\/span><\/p>\n<p style=\"margin-left: 28pt;\"><span style=\"color: #c00000; font-family: Arial;\">En Indon\u00e9sie, la proportion de gar\u00e7ons parmi les enfants \u00e2g\u00e9s de moins de 1 an, encore normale en 1990, est pass\u00e9e \u00e0 106,3 dix ans plus tard. Une masculinisation rampante qui se manifeste par l&rsquo;apparition d&rsquo;un d\u00e9ficit de femmes auquel, outre une \u00e9migration f\u00e9minine massive, notamment vers l&rsquo;Arabie saoudite, le d\u00e9s\u00e9quilibre des sexes \u00e0 la naissance commence \u00e0 contribuer. \u00bb<br \/>\n<\/span><\/p>\n<p><span style=\"color: #777777; font-family: Arial;\">Un autre article du Monde sur ce sujet : <a href=\"http:\/\/www.lemonde.fr\/demographie\/article\/2015\/01\/12&lt;Une marche paradoxale vers l'emancipation des femmes_4554683_1652705.html\">&lt;<span style=\"color: #0000ff;\">Une marche paradoxale vers l&rsquo;\u00e9mancipation des femmes&gt;<\/span><\/a><span style=\"color: blue; text-decoration: underline;\"><br \/>\n<\/span><\/span><\/p>\n<p><span style=\"color: #777777; font-family: Arial;\">Donnant encore une fois la parole \u00e0 Ferrat qui d\u00e9clare avec Aragon que\u00a0: <span style=\"color: #0000ff;\"><a style=\"color: #0000ff;\" href=\"http:\/\/www.chartsinfrance.net\/Jean-Ferrat\/id-103152847.html\"><span style=\"text-decoration: underline;\">&lt;la femme est l&rsquo;avenir de l&rsquo;homme&gt;<\/span><\/a><\/span><br \/>\n<\/span><\/p>\n<p><span style=\"color: #777777; font-family: Arial;\">Le probl\u00e8me c&rsquo;est que dans ces pays, le peuple ne le sait pas.<br \/>\n<\/span><\/p>\n<p><span style=\"color: #c00000; font-family: Arial;\">&lt;<span style=\"color: #800000;\">449&gt;<\/span><br \/>\n<\/span><\/p>\n<p><span style=\"color: #777777; font-family: Arial;\">\u00a0<\/span><\/p>\n","protected":false},"excerpt":{"rendered":"<p>Vendredi 6 mars 2015 \u00abIl nait de moins en moins de femmes dans le monde \u00bb Atlas mondial des femmes Dimanche le 8 mars, on c\u00e9l\u00e8brera la journ\u00e9e internationale de la femme. Une des origines de cette date du 8<\/p>\n","protected":false},"author":1,"featured_media":0,"comment_status":"closed","ping_status":"closed","sticky":false,"template":"","format":"standard","meta":{"footnotes":""},"categories":[1],"tags":[80,178,36],"class_list":["post-1024","post","type-post","status-publish","format-standard","hentry","category-motdujour","tag-asie","tag-demographie","tag-feminisme"],"_links":{"self":[{"href":"https:\/\/lemotdujour.fr\/index.php?rest_route=\/wp\/v2\/posts\/1024","targetHints":{"allow":["GET"]}}],"collection":[{"href":"https:\/\/lemotdujour.fr\/index.php?rest_route=\/wp\/v2\/posts"}],"about":[{"href":"https:\/\/lemotdujour.fr\/index.php?rest_route=\/wp\/v2\/types\/post"}],"author":[{"embeddable":true,"href":"https:\/\/lemotdujour.fr\/index.php?rest_route=\/wp\/v2\/users\/1"}],"replies":[{"embeddable":true,"href":"https:\/\/lemotdujour.fr\/index.php?rest_route=%2Fwp%2Fv2%2Fcomments&post=1024"}],"version-history":[{"count":3,"href":"https:\/\/lemotdujour.fr\/index.php?rest_route=\/wp\/v2\/posts\/1024\/revisions"}],"predecessor-version":[{"id":8268,"href":"https:\/\/lemotdujour.fr\/index.php?rest_route=\/wp\/v2\/posts\/1024\/revisions\/8268"}],"wp:attachment":[{"href":"https:\/\/lemotdujour.fr\/index.php?rest_route=%2Fwp%2Fv2%2Fmedia&parent=1024"}],"wp:term":[{"taxonomy":"category","embeddable":true,"href":"https:\/\/lemotdujour.fr\/index.php?rest_route=%2Fwp%2Fv2%2Fcategories&post=1024"},{"taxonomy":"post_tag","embeddable":true,"href":"https:\/\/lemotdujour.fr\/index.php?rest_route=%2Fwp%2Fv2%2Ftags&post=1024"}],"curies":[{"name":"wp","href":"https:\/\/api.w.org\/{rel}","templated":true}]}}